{"id":17208,"date":"2025-08-12T14:40:22","date_gmt":"2025-08-12T12:40:22","guid":{"rendered":"https:\/\/www.buhl.de\/vermieter-web\/?p=17208"},"modified":"2025-11-03T10:04:34","modified_gmt":"2025-11-03T09:04:34","slug":"sie-muessen-sich-nicht-jede-belaestigung-gefallen-lassen","status":"publish","type":"post","link":"https:\/\/www.buhl.de\/vermieter-web\/sie-muessen-sich-nicht-jede-belaestigung-gefallen-lassen\/","title":{"rendered":"Sie m\u00fcssen sich nicht jede Bel\u00e4stigung gefallen lassen"},"content":{"rendered":"<p><strong>Vermieter und Mieter sind nat\u00fcrlich grunds\u00e4tzlich daran interessiert, dass es ein friedliches Miteinander und Nebeneinander mit den Nachbarn gibt. Leider kommt es hier aber auch oft zu Problemen, weil andere Anlieger \u00fcber die Str\u00e4nge schlagen und auch vor dem Eigentum anderer nicht Halt machen. Doch Sie m\u00fcssen sich nicht jede Bel\u00e4stigung gefallen lassen! Der Gesetzgeber hat eine ganze Reihe von Regelungen geschaffen, auf die sie zur\u00fcckgreifen k\u00f6nnen.<\/strong><\/p>\n<h5>Auch der Mieter ist gesch\u00fctzt<\/h5>\n<p>Sie m\u00fcssen nicht bei jeder Bel\u00e4stigung aktiv werden \u2013 in vielen F\u00e4llen kann der Mieter auch direkt eingreifen (<a href=\"https:\/\/www.gesetze-im-internet.de\/bgb\/__862.html\">\u00a7\u00a0862 BGB<\/a>). Hier sollten aber klare Absprachen zwischen Vermieter und Mieter getroffen werden, wer bei welchen Bel\u00e4stigungen eingreift. Je nach Sachlage ist es auf jeden Fall empfehlenswert, einen Fachanwalt hinzuzuziehen.<\/p>\n<h5>Bel\u00e4stigung wird als \u201eEinwirkung\u201c definiert<\/h5>\n<p>Grunds\u00e4tzlich gilt, dass der Grundst\u00fcckseigent\u00fcmer jede \u201eEinwirkung\u201c ausschlie\u00dfen darf (<a href=\"https:\/\/www.gesetze-im-internet.de\/bgb\/__903.html\">\u00a7\u00a0903 BGB<\/a>). Als Einwirkung gilt in diesem Zusammenhang nicht nur das Betreten des Grundst\u00fccks. Sie k\u00f6nnen sich auch andere Bel\u00e4stigungen (L\u00e4rm, Abfall, negative Ger\u00fcche, Blendung usw.) verbitten. Wird beispielsweise wieder einmal die Einfahrt zu ihrem Grundst\u00fcck zugeparkt oder das Grundst\u00fcck als \u201eWendehammer\u201c genutzt, k\u00f6nnen Sie gegen die Bel\u00e4stigung vorgehen.<\/p>\n<h5>Grenzen der zumutbaren Bel\u00e4stigung<\/h5>\n<p>\u201eDer Eigent\u00fcmer eines Grundst\u00fccks kann die Zuf\u00fchrung von Gasen, D\u00e4mpfen, Ger\u00fcchen, Rauch, Ru\u00df, W\u00e4rme, Ger\u00e4usch, Ersch\u00fctterungen und \u00e4hnlichen von einem anderen Grundst\u00fcck ausgehenden Einwirkungen insoweit nicht verbieten, als die Einwirkung die Benutzung seines Grundst\u00fccks nicht oder nur unwesentlich beeintr\u00e4chtigt.\u201c (<a href=\"https:\/\/www.gesetze-im-internet.de\/bgb\/__906.html\">\u00a7\u00a0906 BGB<\/a>). Wenn insbesondere gesetzliche Vorschriften oder DIN-Normen eingehalten werden, muss die Bel\u00e4stigung in den meisten F\u00e4llen hingenommen werden, solange sie sich nicht im \u00dcberma\u00df wiederholt. Es spielt auch eine Rolle, in welchem Umfeld es zu den Bel\u00e4stigungen kommt. Was in der N\u00e4he von Fabrikanlagen noch als zumutbar angesehen wird, kann im Wohngebiet von den Gerichten ganz anders bewertet werden.<\/p>\n<p>Findet in der N\u00e4he Ihres Grundst\u00fccks etwa eine j\u00e4hrliche Kirmes statt, k\u00f6nnen Sie unter Umst\u00e4nden erwirken, dass die Kirmes untersagt wird (\u00a7\u00a01004 BGB \u2013 Unterlassung von Einwirkungen). Sollte das Fest allerdings Tradition haben, d\u00fcrfte es schwer sein, sich hier durchzusetzen.<\/p>\n<h5>Bel\u00e4stigung nach allgemeinem Ma\u00dfstab<\/h5>\n<p>Allerdings spielt die pers\u00f6nliche Empfindlichkeit \u2013 zum Beispiel gegen\u00fcber L\u00e4rm \u2013 bei der Bewertung der Bel\u00e4stigung keine Rolle. Zur Einsch\u00e4tzung geht man von einem \u201edurchschnittlich empfindlichen Menschen\u201c aus. Auch hier kommt es im entscheidenden Fall auf das Gericht an, wie es diesen Menschen definiert.<\/p>\n<hr \/>\n<h5>Das k\u00f6nnte Sie auch interessieren:<\/h5>\n<p><a href=\"https:\/\/www.buhl.de\/vermieter-web\/baustellenlaerm-und-mietminderungsquote\/\">Baustellenl\u00e4rm und Mietminderungsquote<\/a><br \/>\n<a href=\"https:\/\/www.buhl.de\/vermieter-web\/photovoltaik-reinigung-einer-gemieteten-anlage\/\">Photovoltaik: Reinigung einer gemieteten Anlage<\/a><br \/>\n<a href=\"https:\/\/www.buhl.de\/vermieter-web\/fristlos-kuendigen-wegen-laermbelaestigung-auch-in-einem-hellhoerigen-haus\/\">Fristlos k\u00fcndigen wegen L\u00e4rmbel\u00e4stigung auch in einem hellh\u00f6rigen Haus<\/a><\/p>\n<hr \/>\n<p>&nbsp;<\/p>\n","protected":false},"excerpt":{"rendered":"<p>Vermieter und Mieter sind nat\u00fcrlich grunds\u00e4tzlich daran interessiert, dass es ein friedliches Miteinander und Nebeneinander mit den Nachbarn gibt. Leider kommt es hier aber auch oft zu Problemen, weil andere Anlieger \u00fcber die Str\u00e4nge schlagen und auch vor dem Eigentum anderer nicht Halt machen. Doch Sie m\u00fcssen sich nicht jede Bel\u00e4stigung gefallen lassen! Der Gesetzgeber &hellip; <\/p>\n<p class=\"link-more\"><a href=\"https:\/\/www.buhl.de\/vermieter-web\/sie-muessen-sich-nicht-jede-belaestigung-gefallen-lassen\/\" class=\"more-link\"><span class=\"screen-reader-text\">\u201eSie m\u00fcssen sich nicht jede Bel\u00e4stigung gefallen lassen\u201c<\/span> weiterlesen<\/a><\/p>\n","protected":false},"author":15,"featured_media":16416,"comment_status":"closed","ping_status":"open","sticky":false,"template":"","format":"standard","meta":{"footnotes":""},"categories":[1],"tags":[3572,1507,5930],"class_list":["post-17208","post","type-post","status-publish","format-standard","has-post-thumbnail","hentry","category-allgemein","tag-belaestigung","tag-laerm","tag-schmutz"],"yoast_head":"<!-- This site is optimized with the Yoast SEO Premium plugin v27.4 (Yoast SEO v27.5) - https:\/\/yoast.com\/product\/yoast-seo-premium-wordpress\/ -->\n<title>Bel\u00e4stigung? Das m\u00fcssen Sie nicht hinnehmen<\/title>\n<meta name=\"description\" content=\"Bel\u00e4stigung durch Nachbarn, Veranstaltungen usw. m\u00fcssen Sie nicht hinnehmen. Der Gesetzgeber hat Ihnen diverse Rechte einger\u00e4umt.\" \/>\n<meta name=\"robots\" content=\"noindex, nofollow\" \/>\n<meta property=\"og:locale\" content=\"de_DE\" \/>\n<meta property=\"og:type\" content=\"article\" \/>\n<meta property=\"og:title\" content=\"Sie m\u00fcssen sich nicht jede Bel\u00e4stigung gefallen lassen\" \/>\n<meta property=\"og:description\" content=\"Bel\u00e4stigung durch Nachbarn, Veranstaltungen usw. m\u00fcssen Sie nicht hinnehmen. Der Gesetzgeber hat Ihnen diverse Rechte einger\u00e4umt.\" \/>\n<meta property=\"og:url\" content=\"https:\/\/www.buhl.de\/vermieter-web\/sie-muessen-sich-nicht-jede-belaestigung-gefallen-lassen\/\" \/>\n<meta property=\"og:site_name\" content=\"Online-Nebenkostenabrechnung mit WISO Vermieter-Web\" \/>\n<meta property=\"article:published_time\" content=\"2025-08-12T12:40:22+00:00\" \/>\n<meta property=\"article:modified_time\" content=\"2025-11-03T09:04:34+00:00\" \/>\n<meta property=\"og:image\" content=\"https:\/\/www.buhl.de\/vermieter-web\/wp-content\/uploads\/sites\/33\/2024\/08\/Wuetender-Mann-okan-ekinci-vecteezy.jpg\" \/>\n\t<meta property=\"og:image:width\" content=\"1072\" \/>\n\t<meta property=\"og:image:height\" content=\"541\" \/>\n\t<meta property=\"og:image:type\" content=\"image\/jpeg\" \/>\n<meta name=\"author\" content=\"Hartmut Fischer\" \/>\n<meta name=\"twitter:card\" content=\"summary_large_image\" \/>\n<meta name=\"twitter:label1\" content=\"Verfasst von\" \/>\n\t<meta name=\"twitter:data1\" content=\"Hartmut Fischer\" \/>\n\t<meta name=\"twitter:label2\" content=\"Gesch\u00e4tzte Lesezeit\" \/>\n\t<meta name=\"twitter:data2\" content=\"3\u00a0Minuten\" \/>\n<script type=\"application\/ld+json\" class=\"yoast-schema-graph\">{\"@context\":\"https:\\\/\\\/schema.org\",\"@graph\":[{\"@type\":\"Article\",\"@id\":\"https:\\\/\\\/www.buhl.de\\\/vermieter-web\\\/sie-muessen-sich-nicht-jede-belaestigung-gefallen-lassen\\\/#article\",\"isPartOf\":{\"@id\":\"https:\\\/\\\/www.buhl.de\\\/vermieter-web\\\/sie-muessen-sich-nicht-jede-belaestigung-gefallen-lassen\\\/\"},\"author\":{\"name\":\"Hartmut Fischer\",\"@id\":\"https:\\\/\\\/www.buhl.de\\\/vermieter-web\\\/#\\\/schema\\\/person\\\/82903e1cb04eb553382702d503991b4f\"},\"headline\":\"Sie m\u00fcssen sich nicht jede Bel\u00e4stigung gefallen lassen\",\"datePublished\":\"2025-08-12T12:40:22+00:00\",\"dateModified\":\"2025-11-03T09:04:34+00:00\",\"mainEntityOfPage\":{\"@id\":\"https:\\\/\\\/www.buhl.de\\\/vermieter-web\\\/sie-muessen-sich-nicht-jede-belaestigung-gefallen-lassen\\\/\"},\"wordCount\":460,\"image\":{\"@id\":\"https:\\\/\\\/www.buhl.de\\\/vermieter-web\\\/sie-muessen-sich-nicht-jede-belaestigung-gefallen-lassen\\\/#primaryimage\"},\"thumbnailUrl\":\"https:\\\/\\\/www.buhl.de\\\/vermieter-web\\\/wp-content\\\/uploads\\\/sites\\\/33\\\/2024\\\/08\\\/Wuetender-Mann-okan-ekinci-vecteezy.jpg\",\"keywords\":[\"Bel\u00e4stigung\",\"L\u00e4rm\",\"Schmutz\"],\"inLanguage\":\"de\"},{\"@type\":\"WebPage\",\"@id\":\"https:\\\/\\\/www.buhl.de\\\/vermieter-web\\\/sie-muessen-sich-nicht-jede-belaestigung-gefallen-lassen\\\/\",\"url\":\"https:\\\/\\\/www.buhl.de\\\/vermieter-web\\\/sie-muessen-sich-nicht-jede-belaestigung-gefallen-lassen\\\/\",\"name\":\"Bel\u00e4stigung? Das m\u00fcssen Sie nicht hinnehmen\",\"isPartOf\":{\"@id\":\"https:\\\/\\\/www.buhl.de\\\/vermieter-web\\\/#website\"},\"primaryImageOfPage\":{\"@id\":\"https:\\\/\\\/www.buhl.de\\\/vermieter-web\\\/sie-muessen-sich-nicht-jede-belaestigung-gefallen-lassen\\\/#primaryimage\"},\"image\":{\"@id\":\"https:\\\/\\\/www.buhl.de\\\/vermieter-web\\\/sie-muessen-sich-nicht-jede-belaestigung-gefallen-lassen\\\/#primaryimage\"},\"thumbnailUrl\":\"https:\\\/\\\/www.buhl.de\\\/vermieter-web\\\/wp-content\\\/uploads\\\/sites\\\/33\\\/2024\\\/08\\\/Wuetender-Mann-okan-ekinci-vecteezy.jpg\",\"datePublished\":\"2025-08-12T12:40:22+00:00\",\"dateModified\":\"2025-11-03T09:04:34+00:00\",\"author\":{\"@id\":\"https:\\\/\\\/www.buhl.de\\\/vermieter-web\\\/#\\\/schema\\\/person\\\/82903e1cb04eb553382702d503991b4f\"},\"description\":\"Bel\u00e4stigung durch Nachbarn, Veranstaltungen usw. m\u00fcssen Sie nicht hinnehmen. Der Gesetzgeber hat Ihnen diverse Rechte einger\u00e4umt.\",\"breadcrumb\":{\"@id\":\"https:\\\/\\\/www.buhl.de\\\/vermieter-web\\\/sie-muessen-sich-nicht-jede-belaestigung-gefallen-lassen\\\/#breadcrumb\"},\"inLanguage\":\"de\",\"potentialAction\":[{\"@type\":\"ReadAction\",\"target\":[\"https:\\\/\\\/www.buhl.de\\\/vermieter-web\\\/sie-muessen-sich-nicht-jede-belaestigung-gefallen-lassen\\\/\"]}]},{\"@type\":\"ImageObject\",\"inLanguage\":\"de\",\"@id\":\"https:\\\/\\\/www.buhl.de\\\/vermieter-web\\\/sie-muessen-sich-nicht-jede-belaestigung-gefallen-lassen\\\/#primaryimage\",\"url\":\"https:\\\/\\\/www.buhl.de\\\/vermieter-web\\\/wp-content\\\/uploads\\\/sites\\\/33\\\/2024\\\/08\\\/Wuetender-Mann-okan-ekinci-vecteezy.jpg\",\"contentUrl\":\"https:\\\/\\\/www.buhl.de\\\/vermieter-web\\\/wp-content\\\/uploads\\\/sites\\\/33\\\/2024\\\/08\\\/Wuetender-Mann-okan-ekinci-vecteezy.jpg\",\"width\":1072,\"height\":541},{\"@type\":\"BreadcrumbList\",\"@id\":\"https:\\\/\\\/www.buhl.de\\\/vermieter-web\\\/sie-muessen-sich-nicht-jede-belaestigung-gefallen-lassen\\\/#breadcrumb\",\"itemListElement\":[{\"@type\":\"ListItem\",\"position\":1,\"name\":\"Startseite\",\"item\":\"https:\\\/\\\/www.buhl.de\\\/vermieter-web\\\/\"},{\"@type\":\"ListItem\",\"position\":2,\"name\":\"Sie m\u00fcssen sich nicht jede Bel\u00e4stigung gefallen lassen\"}]},{\"@type\":\"WebSite\",\"@id\":\"https:\\\/\\\/www.buhl.de\\\/vermieter-web\\\/#website\",\"url\":\"https:\\\/\\\/www.buhl.de\\\/vermieter-web\\\/\",\"name\":\"Online-Nebenkostenabrechnung mit WISO Vermieter-Web\",\"description\":\"\",\"potentialAction\":[{\"@type\":\"SearchAction\",\"target\":{\"@type\":\"EntryPoint\",\"urlTemplate\":\"https:\\\/\\\/www.buhl.de\\\/vermieter-web\\\/?s={search_term_string}\"},\"query-input\":{\"@type\":\"PropertyValueSpecification\",\"valueRequired\":true,\"valueName\":\"search_term_string\"}}],\"inLanguage\":\"de\"},{\"@type\":\"Person\",\"@id\":\"https:\\\/\\\/www.buhl.de\\\/vermieter-web\\\/#\\\/schema\\\/person\\\/82903e1cb04eb553382702d503991b4f\",\"name\":\"Hartmut Fischer\"}]}<\/script>\n<!-- \/ Yoast SEO Premium plugin. -->","yoast_head_json":{"title":"Bel\u00e4stigung? Das m\u00fcssen Sie nicht hinnehmen","description":"Bel\u00e4stigung durch Nachbarn, Veranstaltungen usw. m\u00fcssen Sie nicht hinnehmen. Der Gesetzgeber hat Ihnen diverse Rechte einger\u00e4umt.","robots":{"index":"noindex","follow":"nofollow"},"og_locale":"de_DE","og_type":"article","og_title":"Sie m\u00fcssen sich nicht jede Bel\u00e4stigung gefallen lassen","og_description":"Bel\u00e4stigung durch Nachbarn, Veranstaltungen usw. m\u00fcssen Sie nicht hinnehmen. Der Gesetzgeber hat Ihnen diverse Rechte einger\u00e4umt.","og_url":"https:\/\/www.buhl.de\/vermieter-web\/sie-muessen-sich-nicht-jede-belaestigung-gefallen-lassen\/","og_site_name":"Online-Nebenkostenabrechnung mit WISO Vermieter-Web","article_published_time":"2025-08-12T12:40:22+00:00","article_modified_time":"2025-11-03T09:04:34+00:00","og_image":[{"width":1072,"height":541,"url":"https:\/\/www.buhl.de\/vermieter-web\/wp-content\/uploads\/sites\/33\/2024\/08\/Wuetender-Mann-okan-ekinci-vecteezy.jpg","type":"image\/jpeg"}],"author":"Hartmut Fischer","twitter_card":"summary_large_image","twitter_misc":{"Verfasst von":"Hartmut Fischer","Gesch\u00e4tzte Lesezeit":"3\u00a0Minuten"},"schema":{"@context":"https:\/\/schema.org","@graph":[{"@type":"Article","@id":"https:\/\/www.buhl.de\/vermieter-web\/sie-muessen-sich-nicht-jede-belaestigung-gefallen-lassen\/#article","isPartOf":{"@id":"https:\/\/www.buhl.de\/vermieter-web\/sie-muessen-sich-nicht-jede-belaestigung-gefallen-lassen\/"},"author":{"name":"Hartmut Fischer","@id":"https:\/\/www.buhl.de\/vermieter-web\/#\/schema\/person\/82903e1cb04eb553382702d503991b4f"},"headline":"Sie m\u00fcssen sich nicht jede Bel\u00e4stigung gefallen lassen","datePublished":"2025-08-12T12:40:22+00:00","dateModified":"2025-11-03T09:04:34+00:00","mainEntityOfPage":{"@id":"https:\/\/www.buhl.de\/vermieter-web\/sie-muessen-sich-nicht-jede-belaestigung-gefallen-lassen\/"},"wordCount":460,"image":{"@id":"https:\/\/www.buhl.de\/vermieter-web\/sie-muessen-sich-nicht-jede-belaestigung-gefallen-lassen\/#primaryimage"},"thumbnailUrl":"https:\/\/www.buhl.de\/vermieter-web\/wp-content\/uploads\/sites\/33\/2024\/08\/Wuetender-Mann-okan-ekinci-vecteezy.jpg","keywords":["Bel\u00e4stigung","L\u00e4rm","Schmutz"],"inLanguage":"de"},{"@type":"WebPage","@id":"https:\/\/www.buhl.de\/vermieter-web\/sie-muessen-sich-nicht-jede-belaestigung-gefallen-lassen\/","url":"https:\/\/www.buhl.de\/vermieter-web\/sie-muessen-sich-nicht-jede-belaestigung-gefallen-lassen\/","name":"Bel\u00e4stigung? Das m\u00fcssen Sie nicht hinnehmen","isPartOf":{"@id":"https:\/\/www.buhl.de\/vermieter-web\/#website"},"primaryImageOfPage":{"@id":"https:\/\/www.buhl.de\/vermieter-web\/sie-muessen-sich-nicht-jede-belaestigung-gefallen-lassen\/#primaryimage"},"image":{"@id":"https:\/\/www.buhl.de\/vermieter-web\/sie-muessen-sich-nicht-jede-belaestigung-gefallen-lassen\/#primaryimage"},"thumbnailUrl":"https:\/\/www.buhl.de\/vermieter-web\/wp-content\/uploads\/sites\/33\/2024\/08\/Wuetender-Mann-okan-ekinci-vecteezy.jpg","datePublished":"2025-08-12T12:40:22+00:00","dateModified":"2025-11-03T09:04:34+00:00","author":{"@id":"https:\/\/www.buhl.de\/vermieter-web\/#\/schema\/person\/82903e1cb04eb553382702d503991b4f"},"description":"Bel\u00e4stigung durch Nachbarn, Veranstaltungen usw. m\u00fcssen Sie nicht hinnehmen. Der Gesetzgeber hat Ihnen diverse Rechte einger\u00e4umt.","breadcrumb":{"@id":"https:\/\/www.buhl.de\/vermieter-web\/sie-muessen-sich-nicht-jede-belaestigung-gefallen-lassen\/#breadcrumb"},"inLanguage":"de","potentialAction":[{"@type":"ReadAction","target":["https:\/\/www.buhl.de\/vermieter-web\/sie-muessen-sich-nicht-jede-belaestigung-gefallen-lassen\/"]}]},{"@type":"ImageObject","inLanguage":"de","@id":"https:\/\/www.buhl.de\/vermieter-web\/sie-muessen-sich-nicht-jede-belaestigung-gefallen-lassen\/#primaryimage","url":"https:\/\/www.buhl.de\/vermieter-web\/wp-content\/uploads\/sites\/33\/2024\/08\/Wuetender-Mann-okan-ekinci-vecteezy.jpg","contentUrl":"https:\/\/www.buhl.de\/vermieter-web\/wp-content\/uploads\/sites\/33\/2024\/08\/Wuetender-Mann-okan-ekinci-vecteezy.jpg","width":1072,"height":541},{"@type":"BreadcrumbList","@id":"https:\/\/www.buhl.de\/vermieter-web\/sie-muessen-sich-nicht-jede-belaestigung-gefallen-lassen\/#breadcrumb","itemListElement":[{"@type":"ListItem","position":1,"name":"Startseite","item":"https:\/\/www.buhl.de\/vermieter-web\/"},{"@type":"ListItem","position":2,"name":"Sie m\u00fcssen sich nicht jede Bel\u00e4stigung gefallen lassen"}]},{"@type":"WebSite","@id":"https:\/\/www.buhl.de\/vermieter-web\/#website","url":"https:\/\/www.buhl.de\/vermieter-web\/","name":"Online-Nebenkostenabrechnung mit WISO Vermieter-Web","description":"","potentialAction":[{"@type":"SearchAction","target":{"@type":"EntryPoint","urlTemplate":"https:\/\/www.buhl.de\/vermieter-web\/?s={search_term_string}"},"query-input":{"@type":"PropertyValueSpecification","valueRequired":true,"valueName":"search_term_string"}}],"inLanguage":"de"},{"@type":"Person","@id":"https:\/\/www.buhl.de\/vermieter-web\/#\/schema\/person\/82903e1cb04eb553382702d503991b4f","name":"Hartmut Fischer"}]}},"_links":{"self":[{"href":"https:\/\/www.buhl.de\/vermieter-web\/wp-json\/wp\/v2\/posts\/17208","targetHints":{"allow":["GET"]}}],"collection":[{"href":"https:\/\/www.buhl.de\/vermieter-web\/wp-json\/wp\/v2\/posts"}],"about":[{"href":"https:\/\/www.buhl.de\/vermieter-web\/wp-json\/wp\/v2\/types\/post"}],"author":[{"embeddable":true,"href":"https:\/\/www.buhl.de\/vermieter-web\/wp-json\/wp\/v2\/users\/15"}],"replies":[{"embeddable":true,"href":"https:\/\/www.buhl.de\/vermieter-web\/wp-json\/wp\/v2\/comments?post=17208"}],"version-history":[{"count":3,"href":"https:\/\/www.buhl.de\/vermieter-web\/wp-json\/wp\/v2\/posts\/17208\/revisions"}],"predecessor-version":[{"id":17414,"href":"https:\/\/www.buhl.de\/vermieter-web\/wp-json\/wp\/v2\/posts\/17208\/revisions\/17414"}],"wp:featuredmedia":[{"embeddable":true,"href":"https:\/\/www.buhl.de\/vermieter-web\/wp-json\/wp\/v2\/media\/16416"}],"wp:attachment":[{"href":"https:\/\/www.buhl.de\/vermieter-web\/wp-json\/wp\/v2\/media?parent=17208"}],"wp:term":[{"taxonomy":"category","embeddable":true,"href":"https:\/\/www.buhl.de\/vermieter-web\/wp-json\/wp\/v2\/categories?post=17208"},{"taxonomy":"post_tag","embeddable":true,"href":"https:\/\/www.buhl.de\/vermieter-web\/wp-json\/wp\/v2\/tags?post=17208"}],"curies":[{"name":"wp","href":"https:\/\/api.w.org\/{rel}","templated":true}]}}