{"id":17232,"date":"2025-08-27T16:15:52","date_gmt":"2025-08-27T14:15:52","guid":{"rendered":"https:\/\/www.buhl.de\/vermieter-web\/?p=17232"},"modified":"2025-11-03T10:04:34","modified_gmt":"2025-11-03T09:04:34","slug":"instandhaltungsruecklagen-stellen-noch-keine-werbungskosten","status":"publish","type":"post","link":"https:\/\/www.buhl.de\/vermieter-web\/instandhaltungsruecklagen-stellen-noch-keine-werbungskosten\/","title":{"rendered":"Instandhaltungsr\u00fccklagen sind noch keine Werbungskosten"},"content":{"rendered":"<p><strong>Kosten, die durch vermietetes Eigentum entstehen, k\u00f6nnen im Rahmen der Steuererkl\u00e4rung geltend gemacht werden. Eigent\u00fcmer einzelner Wohnungen in einem Mehrfamilienhaus m\u00fcssen f\u00fcr zu erwartende Erhaltungskosten Instandhaltungsr\u00fccklagen bilden. Die in die R\u00fccklagen eingezahlten Betr\u00e4ge werden jedoch nicht im Jahr ihrer Einzahlung steuerlich verrechnet. Erst, wenn die Instandhaltungsr\u00fccklagen real verbraucht werden, k\u00f6nnen die entstandenen Kosten als Werbungskosten geltend gemacht werden. Das ergibt sich aus einem Urteil des Bundesfinanzhofs (BFH) vom 14.01.2025 (Aktenzeichen IX R 19\/24).<\/strong><\/p>\n<hr \/>\n<p style=\"text-align: center\"><a href=\"https:\/\/www.bundesfinanzhof.de\/de\/entscheidung\/entscheidungen-online\/detail\/STRE202510025\/\">Hier k\u00f6nnen Sie das Originalurteil nachlesen<\/a><\/p>\n<hr \/>\n<h5>Instandhaltungsr\u00fccklagen steuerlich zu fr\u00fch abgesetzt<\/h5>\n<p>Der BFH hatte \u00fcber die Klage eines Ehepaars zu entscheiden, das seine Instandhaltungsr\u00fccklagen f\u00fcr das Jahr der Zahlung in seiner Steuererkl\u00e4rung geltend machte. Das Finanzamt erkannte die Kosten aber nicht an. Hiergegen klagte das Ehepaar. Aber auch vor dem BFH konnten sie sich nicht durchsetzen.<\/p>\n<h5>Bundesfinanzhof: Instandhaltungsr\u00fccklagen sind keine Werbungskosten<\/h5>\n<p>Das oberste Finanzgericht argumentierte, dass Wohnungseigent\u00fcmer von Einfamilienh\u00e4usern auch nicht f\u00fcr Erhaltungsma\u00dfnahmen angesparte Betr\u00e4ge steuerlich absetzen k\u00f6nnten. Erst f\u00fcr Erhaltungsma\u00dfnahmen ausgegebene R\u00fccklagen werden zu Werbungskosten.<\/p>\n<p>Wird die Immobilie verkauft, k\u00f6nnen nicht mehr verbrauchte R\u00fccklagen steuerlich geltend gemacht werden. Hier kann es sich um hohe Betr\u00e4ge handeln. Um hier keinen Verlust zu erleiden, sollte der Verk\u00e4ufer eine Abgeltung f\u00fcr die eingezahlten R\u00fccklagen verlangen.<\/p>\n<hr \/>\n<h5>Das k\u00f6nnte Sie auch interessieren:<\/h5>\n<p><a href=\"https:\/\/www.buhl.de\/vermieter-web\/kostenverteilung-bei-einer-weg\/\">Kostenverteilung bei einer WEG<\/a><br \/>\n<a href=\"https:\/\/www.buhl.de\/vermieter-web\/weg-mindert-instandhaltungsruecklage-die-grunderwerbsteuer\/\">WEG: Mindert Instandhaltungsr\u00fccklage die Grunderwerbsteuer?<\/a><br \/>\n<a href=\"https:\/\/www.buhl.de\/vermieter-web\/kosten-muessen-aus-weg-beschluss-hervorgehen\/\">Kosten m\u00fcssen aus WEG-Beschluss hervorgehen<\/a><\/p>\n<hr \/>\n","protected":false},"excerpt":{"rendered":"<p>Kosten, die durch vermietetes Eigentum entstehen, k\u00f6nnen im Rahmen der Steuererkl\u00e4rung geltend gemacht werden. Eigent\u00fcmer einzelner Wohnungen in einem Mehrfamilienhaus m\u00fcssen f\u00fcr zu erwartende Erhaltungskosten Instandhaltungsr\u00fccklagen bilden. Die in die R\u00fccklagen eingezahlten Betr\u00e4ge werden jedoch nicht im Jahr ihrer Einzahlung steuerlich verrechnet. Erst, wenn die Instandhaltungsr\u00fccklagen real verbraucht werden, k\u00f6nnen die entstandenen Kosten als Werbungskosten &hellip; <\/p>\n<p class=\"link-more\"><a href=\"https:\/\/www.buhl.de\/vermieter-web\/instandhaltungsruecklagen-stellen-noch-keine-werbungskosten\/\" class=\"more-link\"><span class=\"screen-reader-text\">\u201eInstandhaltungsr\u00fccklagen sind noch keine Werbungskosten\u201c<\/span> weiterlesen<\/a><\/p>\n","protected":false},"author":15,"featured_media":17234,"comment_status":"closed","ping_status":"open","sticky":false,"template":"","format":"standard","meta":{"footnotes":""},"categories":[1],"tags":[5540,5457],"class_list":["post-17232","post","type-post","status-publish","format-standard","has-post-thumbnail","hentry","category-allgemein","tag-instandhaltungsruecklage","tag-werbungskosten"],"yoast_head":"<!-- This site is optimized with the Yoast SEO Premium plugin v27.4 (Yoast SEO v27.5) - https:\/\/yoast.com\/product\/yoast-seo-premium-wordpress\/ -->\n<title>Instandhaltungsr\u00fccklagen zun\u00e4chst nicht absetzbar<\/title>\n<meta name=\"description\" content=\"Instandhaltungskosten k\u00f6nnen nicht als Werbungskosten abgesetzt werden. Die ist erst bei Verbrauch der R\u00fccklagen m\u00f6glich.\" \/>\n<meta name=\"robots\" content=\"noindex, nofollow\" \/>\n<meta property=\"og:locale\" content=\"de_DE\" \/>\n<meta property=\"og:type\" content=\"article\" \/>\n<meta property=\"og:title\" content=\"Instandhaltungsr\u00fccklagen sind noch keine Werbungskosten\" \/>\n<meta property=\"og:description\" content=\"Instandhaltungskosten k\u00f6nnen nicht als Werbungskosten abgesetzt werden. Die ist erst bei Verbrauch der R\u00fccklagen m\u00f6glich.\" \/>\n<meta property=\"og:url\" content=\"https:\/\/www.buhl.de\/vermieter-web\/instandhaltungsruecklagen-stellen-noch-keine-werbungskosten\/\" \/>\n<meta property=\"og:site_name\" content=\"Online-Nebenkostenabrechnung mit WISO Vermieter-Web\" \/>\n<meta property=\"article:published_time\" content=\"2025-08-27T14:15:52+00:00\" \/>\n<meta property=\"article:modified_time\" content=\"2025-11-03T09:04:34+00:00\" \/>\n<meta property=\"og:image\" content=\"https:\/\/www.buhl.de\/vermieter-web\/wp-content\/uploads\/sites\/33\/2025\/08\/Mykhailo-Polenok-steuer.jpg\" \/>\n\t<meta property=\"og:image:width\" content=\"1063\" \/>\n\t<meta property=\"og:image:height\" content=\"532\" \/>\n\t<meta property=\"og:image:type\" content=\"image\/jpeg\" \/>\n<meta name=\"author\" content=\"Hartmut Fischer\" \/>\n<meta name=\"twitter:card\" content=\"summary_large_image\" \/>\n<meta name=\"twitter:label1\" content=\"Verfasst von\" \/>\n\t<meta name=\"twitter:data1\" content=\"Hartmut Fischer\" \/>\n\t<meta name=\"twitter:label2\" content=\"Gesch\u00e4tzte Lesezeit\" \/>\n\t<meta name=\"twitter:data2\" content=\"2\u00a0Minuten\" \/>\n<script type=\"application\/ld+json\" class=\"yoast-schema-graph\">{\"@context\":\"https:\\\/\\\/schema.org\",\"@graph\":[{\"@type\":\"Article\",\"@id\":\"https:\\\/\\\/www.buhl.de\\\/vermieter-web\\\/instandhaltungsruecklagen-stellen-noch-keine-werbungskosten\\\/#article\",\"isPartOf\":{\"@id\":\"https:\\\/\\\/www.buhl.de\\\/vermieter-web\\\/instandhaltungsruecklagen-stellen-noch-keine-werbungskosten\\\/\"},\"author\":{\"name\":\"Hartmut Fischer\",\"@id\":\"https:\\\/\\\/www.buhl.de\\\/vermieter-web\\\/#\\\/schema\\\/person\\\/82903e1cb04eb553382702d503991b4f\"},\"headline\":\"Instandhaltungsr\u00fccklagen sind noch keine Werbungskosten\",\"datePublished\":\"2025-08-27T14:15:52+00:00\",\"dateModified\":\"2025-11-03T09:04:34+00:00\",\"mainEntityOfPage\":{\"@id\":\"https:\\\/\\\/www.buhl.de\\\/vermieter-web\\\/instandhaltungsruecklagen-stellen-noch-keine-werbungskosten\\\/\"},\"wordCount\":254,\"image\":{\"@id\":\"https:\\\/\\\/www.buhl.de\\\/vermieter-web\\\/instandhaltungsruecklagen-stellen-noch-keine-werbungskosten\\\/#primaryimage\"},\"thumbnailUrl\":\"https:\\\/\\\/www.buhl.de\\\/vermieter-web\\\/wp-content\\\/uploads\\\/sites\\\/33\\\/2025\\\/08\\\/Mykhailo-Polenok-steuer.jpg\",\"keywords\":[\"Instandhaltungsr\u00fccklage\",\"Werbungskosten\"],\"inLanguage\":\"de\"},{\"@type\":\"WebPage\",\"@id\":\"https:\\\/\\\/www.buhl.de\\\/vermieter-web\\\/instandhaltungsruecklagen-stellen-noch-keine-werbungskosten\\\/\",\"url\":\"https:\\\/\\\/www.buhl.de\\\/vermieter-web\\\/instandhaltungsruecklagen-stellen-noch-keine-werbungskosten\\\/\",\"name\":\"Instandhaltungsr\u00fccklagen zun\u00e4chst nicht absetzbar\",\"isPartOf\":{\"@id\":\"https:\\\/\\\/www.buhl.de\\\/vermieter-web\\\/#website\"},\"primaryImageOfPage\":{\"@id\":\"https:\\\/\\\/www.buhl.de\\\/vermieter-web\\\/instandhaltungsruecklagen-stellen-noch-keine-werbungskosten\\\/#primaryimage\"},\"image\":{\"@id\":\"https:\\\/\\\/www.buhl.de\\\/vermieter-web\\\/instandhaltungsruecklagen-stellen-noch-keine-werbungskosten\\\/#primaryimage\"},\"thumbnailUrl\":\"https:\\\/\\\/www.buhl.de\\\/vermieter-web\\\/wp-content\\\/uploads\\\/sites\\\/33\\\/2025\\\/08\\\/Mykhailo-Polenok-steuer.jpg\",\"datePublished\":\"2025-08-27T14:15:52+00:00\",\"dateModified\":\"2025-11-03T09:04:34+00:00\",\"author\":{\"@id\":\"https:\\\/\\\/www.buhl.de\\\/vermieter-web\\\/#\\\/schema\\\/person\\\/82903e1cb04eb553382702d503991b4f\"},\"description\":\"Instandhaltungskosten k\u00f6nnen nicht als Werbungskosten abgesetzt werden. Die ist erst bei Verbrauch der R\u00fccklagen m\u00f6glich.\",\"breadcrumb\":{\"@id\":\"https:\\\/\\\/www.buhl.de\\\/vermieter-web\\\/instandhaltungsruecklagen-stellen-noch-keine-werbungskosten\\\/#breadcrumb\"},\"inLanguage\":\"de\",\"potentialAction\":[{\"@type\":\"ReadAction\",\"target\":[\"https:\\\/\\\/www.buhl.de\\\/vermieter-web\\\/instandhaltungsruecklagen-stellen-noch-keine-werbungskosten\\\/\"]}]},{\"@type\":\"ImageObject\",\"inLanguage\":\"de\",\"@id\":\"https:\\\/\\\/www.buhl.de\\\/vermieter-web\\\/instandhaltungsruecklagen-stellen-noch-keine-werbungskosten\\\/#primaryimage\",\"url\":\"https:\\\/\\\/www.buhl.de\\\/vermieter-web\\\/wp-content\\\/uploads\\\/sites\\\/33\\\/2025\\\/08\\\/Mykhailo-Polenok-steuer.jpg\",\"contentUrl\":\"https:\\\/\\\/www.buhl.de\\\/vermieter-web\\\/wp-content\\\/uploads\\\/sites\\\/33\\\/2025\\\/08\\\/Mykhailo-Polenok-steuer.jpg\",\"width\":1063,\"height\":532},{\"@type\":\"BreadcrumbList\",\"@id\":\"https:\\\/\\\/www.buhl.de\\\/vermieter-web\\\/instandhaltungsruecklagen-stellen-noch-keine-werbungskosten\\\/#breadcrumb\",\"itemListElement\":[{\"@type\":\"ListItem\",\"position\":1,\"name\":\"Startseite\",\"item\":\"https:\\\/\\\/www.buhl.de\\\/vermieter-web\\\/\"},{\"@type\":\"ListItem\",\"position\":2,\"name\":\"Instandhaltungsr\u00fccklagen sind noch keine Werbungskosten\"}]},{\"@type\":\"WebSite\",\"@id\":\"https:\\\/\\\/www.buhl.de\\\/vermieter-web\\\/#website\",\"url\":\"https:\\\/\\\/www.buhl.de\\\/vermieter-web\\\/\",\"name\":\"Online-Nebenkostenabrechnung mit WISO Vermieter-Web\",\"description\":\"\",\"potentialAction\":[{\"@type\":\"SearchAction\",\"target\":{\"@type\":\"EntryPoint\",\"urlTemplate\":\"https:\\\/\\\/www.buhl.de\\\/vermieter-web\\\/?s={search_term_string}\"},\"query-input\":{\"@type\":\"PropertyValueSpecification\",\"valueRequired\":true,\"valueName\":\"search_term_string\"}}],\"inLanguage\":\"de\"},{\"@type\":\"Person\",\"@id\":\"https:\\\/\\\/www.buhl.de\\\/vermieter-web\\\/#\\\/schema\\\/person\\\/82903e1cb04eb553382702d503991b4f\",\"name\":\"Hartmut Fischer\"}]}<\/script>\n<!-- \/ Yoast SEO Premium plugin. -->","yoast_head_json":{"title":"Instandhaltungsr\u00fccklagen zun\u00e4chst nicht absetzbar","description":"Instandhaltungskosten k\u00f6nnen nicht als Werbungskosten abgesetzt werden. Die ist erst bei Verbrauch der R\u00fccklagen m\u00f6glich.","robots":{"index":"noindex","follow":"nofollow"},"og_locale":"de_DE","og_type":"article","og_title":"Instandhaltungsr\u00fccklagen sind noch keine Werbungskosten","og_description":"Instandhaltungskosten k\u00f6nnen nicht als Werbungskosten abgesetzt werden. Die ist erst bei Verbrauch der R\u00fccklagen m\u00f6glich.","og_url":"https:\/\/www.buhl.de\/vermieter-web\/instandhaltungsruecklagen-stellen-noch-keine-werbungskosten\/","og_site_name":"Online-Nebenkostenabrechnung mit WISO Vermieter-Web","article_published_time":"2025-08-27T14:15:52+00:00","article_modified_time":"2025-11-03T09:04:34+00:00","og_image":[{"width":1063,"height":532,"url":"https:\/\/www.buhl.de\/vermieter-web\/wp-content\/uploads\/sites\/33\/2025\/08\/Mykhailo-Polenok-steuer.jpg","type":"image\/jpeg"}],"author":"Hartmut Fischer","twitter_card":"summary_large_image","twitter_misc":{"Verfasst von":"Hartmut Fischer","Gesch\u00e4tzte Lesezeit":"2\u00a0Minuten"},"schema":{"@context":"https:\/\/schema.org","@graph":[{"@type":"Article","@id":"https:\/\/www.buhl.de\/vermieter-web\/instandhaltungsruecklagen-stellen-noch-keine-werbungskosten\/#article","isPartOf":{"@id":"https:\/\/www.buhl.de\/vermieter-web\/instandhaltungsruecklagen-stellen-noch-keine-werbungskosten\/"},"author":{"name":"Hartmut Fischer","@id":"https:\/\/www.buhl.de\/vermieter-web\/#\/schema\/person\/82903e1cb04eb553382702d503991b4f"},"headline":"Instandhaltungsr\u00fccklagen sind noch keine Werbungskosten","datePublished":"2025-08-27T14:15:52+00:00","dateModified":"2025-11-03T09:04:34+00:00","mainEntityOfPage":{"@id":"https:\/\/www.buhl.de\/vermieter-web\/instandhaltungsruecklagen-stellen-noch-keine-werbungskosten\/"},"wordCount":254,"image":{"@id":"https:\/\/www.buhl.de\/vermieter-web\/instandhaltungsruecklagen-stellen-noch-keine-werbungskosten\/#primaryimage"},"thumbnailUrl":"https:\/\/www.buhl.de\/vermieter-web\/wp-content\/uploads\/sites\/33\/2025\/08\/Mykhailo-Polenok-steuer.jpg","keywords":["Instandhaltungsr\u00fccklage","Werbungskosten"],"inLanguage":"de"},{"@type":"WebPage","@id":"https:\/\/www.buhl.de\/vermieter-web\/instandhaltungsruecklagen-stellen-noch-keine-werbungskosten\/","url":"https:\/\/www.buhl.de\/vermieter-web\/instandhaltungsruecklagen-stellen-noch-keine-werbungskosten\/","name":"Instandhaltungsr\u00fccklagen zun\u00e4chst nicht absetzbar","isPartOf":{"@id":"https:\/\/www.buhl.de\/vermieter-web\/#website"},"primaryImageOfPage":{"@id":"https:\/\/www.buhl.de\/vermieter-web\/instandhaltungsruecklagen-stellen-noch-keine-werbungskosten\/#primaryimage"},"image":{"@id":"https:\/\/www.buhl.de\/vermieter-web\/instandhaltungsruecklagen-stellen-noch-keine-werbungskosten\/#primaryimage"},"thumbnailUrl":"https:\/\/www.buhl.de\/vermieter-web\/wp-content\/uploads\/sites\/33\/2025\/08\/Mykhailo-Polenok-steuer.jpg","datePublished":"2025-08-27T14:15:52+00:00","dateModified":"2025-11-03T09:04:34+00:00","author":{"@id":"https:\/\/www.buhl.de\/vermieter-web\/#\/schema\/person\/82903e1cb04eb553382702d503991b4f"},"description":"Instandhaltungskosten k\u00f6nnen nicht als Werbungskosten abgesetzt werden. Die ist erst bei Verbrauch der R\u00fccklagen m\u00f6glich.","breadcrumb":{"@id":"https:\/\/www.buhl.de\/vermieter-web\/instandhaltungsruecklagen-stellen-noch-keine-werbungskosten\/#breadcrumb"},"inLanguage":"de","potentialAction":[{"@type":"ReadAction","target":["https:\/\/www.buhl.de\/vermieter-web\/instandhaltungsruecklagen-stellen-noch-keine-werbungskosten\/"]}]},{"@type":"ImageObject","inLanguage":"de","@id":"https:\/\/www.buhl.de\/vermieter-web\/instandhaltungsruecklagen-stellen-noch-keine-werbungskosten\/#primaryimage","url":"https:\/\/www.buhl.de\/vermieter-web\/wp-content\/uploads\/sites\/33\/2025\/08\/Mykhailo-Polenok-steuer.jpg","contentUrl":"https:\/\/www.buhl.de\/vermieter-web\/wp-content\/uploads\/sites\/33\/2025\/08\/Mykhailo-Polenok-steuer.jpg","width":1063,"height":532},{"@type":"BreadcrumbList","@id":"https:\/\/www.buhl.de\/vermieter-web\/instandhaltungsruecklagen-stellen-noch-keine-werbungskosten\/#breadcrumb","itemListElement":[{"@type":"ListItem","position":1,"name":"Startseite","item":"https:\/\/www.buhl.de\/vermieter-web\/"},{"@type":"ListItem","position":2,"name":"Instandhaltungsr\u00fccklagen sind noch keine Werbungskosten"}]},{"@type":"WebSite","@id":"https:\/\/www.buhl.de\/vermieter-web\/#website","url":"https:\/\/www.buhl.de\/vermieter-web\/","name":"Online-Nebenkostenabrechnung mit WISO Vermieter-Web","description":"","potentialAction":[{"@type":"SearchAction","target":{"@type":"EntryPoint","urlTemplate":"https:\/\/www.buhl.de\/vermieter-web\/?s={search_term_string}"},"query-input":{"@type":"PropertyValueSpecification","valueRequired":true,"valueName":"search_term_string"}}],"inLanguage":"de"},{"@type":"Person","@id":"https:\/\/www.buhl.de\/vermieter-web\/#\/schema\/person\/82903e1cb04eb553382702d503991b4f","name":"Hartmut Fischer"}]}},"_links":{"self":[{"href":"https:\/\/www.buhl.de\/vermieter-web\/wp-json\/wp\/v2\/posts\/17232","targetHints":{"allow":["GET"]}}],"collection":[{"href":"https:\/\/www.buhl.de\/vermieter-web\/wp-json\/wp\/v2\/posts"}],"about":[{"href":"https:\/\/www.buhl.de\/vermieter-web\/wp-json\/wp\/v2\/types\/post"}],"author":[{"embeddable":true,"href":"https:\/\/www.buhl.de\/vermieter-web\/wp-json\/wp\/v2\/users\/15"}],"replies":[{"embeddable":true,"href":"https:\/\/www.buhl.de\/vermieter-web\/wp-json\/wp\/v2\/comments?post=17232"}],"version-history":[{"count":6,"href":"https:\/\/www.buhl.de\/vermieter-web\/wp-json\/wp\/v2\/posts\/17232\/revisions"}],"predecessor-version":[{"id":17408,"href":"https:\/\/www.buhl.de\/vermieter-web\/wp-json\/wp\/v2\/posts\/17232\/revisions\/17408"}],"wp:featuredmedia":[{"embeddable":true,"href":"https:\/\/www.buhl.de\/vermieter-web\/wp-json\/wp\/v2\/media\/17234"}],"wp:attachment":[{"href":"https:\/\/www.buhl.de\/vermieter-web\/wp-json\/wp\/v2\/media?parent=17232"}],"wp:term":[{"taxonomy":"category","embeddable":true,"href":"https:\/\/www.buhl.de\/vermieter-web\/wp-json\/wp\/v2\/categories?post=17232"},{"taxonomy":"post_tag","embeddable":true,"href":"https:\/\/www.buhl.de\/vermieter-web\/wp-json\/wp\/v2\/tags?post=17232"}],"curies":[{"name":"wp","href":"https:\/\/api.w.org\/{rel}","templated":true}]}}