{"id":17308,"date":"2025-09-26T10:08:32","date_gmt":"2025-09-26T08:08:32","guid":{"rendered":"https:\/\/www.buhl.de\/vermieter-web\/?p=17308"},"modified":"2025-11-03T10:04:33","modified_gmt":"2025-11-03T09:04:33","slug":"foerderprogramm-erkennt-kuechen-und-wohnkuechen-als-aufenthaltsraeume-an","status":"publish","type":"post","link":"https:\/\/www.buhl.de\/vermieter-web\/foerderprogramm-erkennt-kuechen-und-wohnkuechen-als-aufenthaltsraeume-an\/","title":{"rendered":"F\u00f6rderprogramm erkennt K\u00fcchen und Wohnk\u00fcchen als Aufenthaltsr\u00e4ume an"},"content":{"rendered":"<p><strong>Seit dem 01.09.2025 gelten f\u00fcr das F\u00f6rderprogramm \u201e<a href=\"https:\/\/www.kfw.de\/inlandsfoerderung\/Privatpersonen\/Neubau\/F%C3%B6rderprodukte\/Klimafreundlicher-Neubau-im-Niedrigpreissegment-(296)\/\">Klimafreundlicher Neubau im Niedrigpreissegment (KNN)<\/a>\u201c neue Regelungen, mit denen der Bau von bezahlbarem, klimafreundlichem Wohnraum gef\u00f6rdert werden soll. <\/strong><\/p>\n<h5>Neu im F\u00f6rderprogramm: Auch die K\u00fcche wird zum Aufenthaltsraum<\/h5>\n<p>Das F\u00f6rderprogramm stuft jetzt auch K\u00fcchen und Wohnk\u00fcchen als Aufenthaltsr\u00e4ume ein. Um ein g\u00fcnstiges Darlehen zu bekommen, verlangt das F\u00f6rderprogramm eine Mindestanzahl von Aufenthaltsr\u00e4umen (R\u00e4ume ab 10 m\u00b2 f\u00fcr maximal zwei Personen). Die Anzahl der R\u00e4ume richtet sich nach der Wohnfl\u00e4che der Immobilie:<\/p>\n<table>\n<tbody>\n<tr>\n<td width=\"201\">\n<p>Anzahl R\u00e4ume<\/p>\n<\/td>\n<td colspan=\"2\" width=\"403\">\n<p>Wohnfl\u00e4che in m\u00b2<\/p>\n<\/td>\n<\/tr>\n<tr>\n<td width=\"201\"><\/td>\n<td width=\"201\">\n<p>Standard<\/p>\n<\/td>\n<td width=\"201\">\n<p>Rollstuhlgerecht<\/p>\n<\/td>\n<\/tr>\n<tr>\n<td width=\"201\">\n<p>1 x<\/p>\n<\/td>\n<td width=\"201\">\n<p>bis 40<\/p>\n<\/td>\n<td width=\"201\">\n<p>bis 55<\/p>\n<\/td>\n<\/tr>\n<tr>\n<td width=\"201\">\n<p>2 x<\/p>\n<\/td>\n<td width=\"201\">\n<p>bis 55<\/p>\n<\/td>\n<td width=\"201\">\n<p>bis 70<\/p>\n<\/td>\n<\/tr>\n<tr>\n<td width=\"201\">\n<p>3 x<\/p>\n<\/td>\n<td width=\"201\">\n<p>bis 70<\/p>\n<\/td>\n<td width=\"201\">\n<p>bis 85<\/p>\n<\/td>\n<\/tr>\n<tr>\n<td width=\"201\">\n<p>4 x<\/p>\n<\/td>\n<td width=\"201\">\n<p>bis 85<\/p>\n<\/td>\n<td width=\"201\">\n<p>bis 100<\/p>\n<\/td>\n<\/tr>\n<tr>\n<td width=\"201\">\n<p>Weiterer Raum<\/p>\n<\/td>\n<td width=\"201\">\n<p>bis 15<\/p>\n<\/td>\n<td width=\"201\">\n<p>bis 15<\/p>\n<\/td>\n<\/tr>\n<\/tbody>\n<\/table>\n<h5>Baukostenvergleichswert im F\u00f6rderprogramm angehoben<\/h5>\n<p>Um das Programm attraktiver zu gestalten, wurde der Baukostenvergleichswert um 18 % angehoben. Bei diesem Wert handelt es sich um einen Referenzwert f\u00fcr die Baukosten eines Geb\u00e4udes in Standardausf\u00fchrung. Mit dem Baukostenvergleichswert soll verhindert werden, dass die F\u00f6rdermittel f\u00fcr \u00fcberh\u00f6hte oder unrealistische Kosten in Anspruch genommen wird.<\/p>\n<p>F\u00fcr den Nachweis der Einhaltung des Kostengrenzwerts stellt das Bundesbauministerium ein <a href=\"https:\/\/www.bmwsb.bund.de\/SharedDocs\/downloads\/DE\/veroeffentlichungen\/knn-berechnungstools\/KNN-Berechnungstool.html?nn=43060\">Berechnungstool <\/a>zur Verf\u00fcgung.<\/p>\n<hr \/>\n<h5>Das k\u00f6nnte Sie auch interessieren:<\/h5>\n<p><a href=\"https:\/\/www.buhl.de\/vermieter-web\/foerdermittel-fuer-heizung-kreis-der-antragsberechtigten-erweitert\/\">F\u00f6rderprogramm f\u00fcr Heizung: Kreis der Antragsberechtigten erweitert<\/a><\/p>\n<hr \/>\n<p>&nbsp;<\/p>\n","protected":false},"excerpt":{"rendered":"<p>Seit dem 01.09.2025 gelten f\u00fcr das F\u00f6rderprogramm \u201eKlimafreundlicher Neubau im Niedrigpreissegment (KNN)\u201c neue Regelungen, mit denen der Bau von bezahlbarem, klimafreundlichem Wohnraum gef\u00f6rdert werden soll. Neu im F\u00f6rderprogramm: Auch die K\u00fcche wird zum Aufenthaltsraum Das F\u00f6rderprogramm stuft jetzt auch K\u00fcchen und Wohnk\u00fcchen als Aufenthaltsr\u00e4ume ein. Um ein g\u00fcnstiges Darlehen zu bekommen, verlangt das F\u00f6rderprogramm eine &hellip; <\/p>\n<p class=\"link-more\"><a href=\"https:\/\/www.buhl.de\/vermieter-web\/foerderprogramm-erkennt-kuechen-und-wohnkuechen-als-aufenthaltsraeume-an\/\" class=\"more-link\"><span class=\"screen-reader-text\">\u201eF\u00f6rderprogramm erkennt K\u00fcchen und Wohnk\u00fcchen als Aufenthaltsr\u00e4ume an\u201c<\/span> weiterlesen<\/a><\/p>\n","protected":false},"author":15,"featured_media":16610,"comment_status":"closed","ping_status":"open","sticky":false,"template":"","format":"standard","meta":{"footnotes":""},"categories":[1],"tags":[4605,544,6456],"class_list":["post-17308","post","type-post","status-publish","format-standard","has-post-thumbnail","hentry","category-allgemein","tag-foerdermittel","tag-neubau","tag-niedripreis"],"yoast_head":"<!-- This site is optimized with the Yoast SEO Premium plugin v27.4 (Yoast SEO v27.5) - https:\/\/yoast.com\/product\/yoast-seo-premium-wordpress\/ -->\n<title>F\u00f6rderprogramm mit verbesserten Konditionen<\/title>\n<meta name=\"description\" content=\"Das F\u00f6rderprogramm \u201eKlimafreundlicher Neubau im Niedrigpreissegment (KNN)\u201c der KfW wartet seit dem 01.09.2025 mit besseren Konditionen auf.\" \/>\n<meta name=\"robots\" content=\"noindex, nofollow\" \/>\n<meta property=\"og:locale\" content=\"de_DE\" \/>\n<meta property=\"og:type\" content=\"article\" \/>\n<meta property=\"og:title\" content=\"F\u00f6rderprogramm erkennt K\u00fcchen und Wohnk\u00fcchen als Aufenthaltsr\u00e4ume an\" \/>\n<meta property=\"og:description\" content=\"Das F\u00f6rderprogramm \u201eKlimafreundlicher Neubau im Niedrigpreissegment (KNN)\u201c der KfW wartet seit dem 01.09.2025 mit besseren Konditionen auf.\" \/>\n<meta property=\"og:url\" content=\"https:\/\/www.buhl.de\/vermieter-web\/foerderprogramm-erkennt-kuechen-und-wohnkuechen-als-aufenthaltsraeume-an\/\" \/>\n<meta property=\"og:site_name\" content=\"Online-Nebenkostenabrechnung mit WISO Vermieter-Web\" \/>\n<meta property=\"article:published_time\" content=\"2025-09-26T08:08:32+00:00\" \/>\n<meta property=\"article:modified_time\" content=\"2025-11-03T09:04:33+00:00\" \/>\n<meta property=\"og:image\" content=\"https:\/\/www.buhl.de\/vermieter-web\/wp-content\/uploads\/sites\/33\/2024\/11\/Marian-Vejcik-Geldscheinbuendel.jpg\" \/>\n\t<meta property=\"og:image:width\" content=\"1069\" \/>\n\t<meta property=\"og:image:height\" content=\"541\" \/>\n\t<meta property=\"og:image:type\" content=\"image\/jpeg\" \/>\n<meta name=\"author\" content=\"Hartmut Fischer\" \/>\n<meta name=\"twitter:card\" content=\"summary_large_image\" \/>\n<meta name=\"twitter:label1\" content=\"Verfasst von\" \/>\n\t<meta name=\"twitter:data1\" content=\"Hartmut Fischer\" \/>\n\t<meta name=\"twitter:label2\" content=\"Gesch\u00e4tzte Lesezeit\" \/>\n\t<meta name=\"twitter:data2\" content=\"2\u00a0Minuten\" \/>\n<script type=\"application\/ld+json\" class=\"yoast-schema-graph\">{\"@context\":\"https:\\\/\\\/schema.org\",\"@graph\":[{\"@type\":\"Article\",\"@id\":\"https:\\\/\\\/www.buhl.de\\\/vermieter-web\\\/foerderprogramm-erkennt-kuechen-und-wohnkuechen-als-aufenthaltsraeume-an\\\/#article\",\"isPartOf\":{\"@id\":\"https:\\\/\\\/www.buhl.de\\\/vermieter-web\\\/foerderprogramm-erkennt-kuechen-und-wohnkuechen-als-aufenthaltsraeume-an\\\/\"},\"author\":{\"name\":\"Hartmut Fischer\",\"@id\":\"https:\\\/\\\/www.buhl.de\\\/vermieter-web\\\/#\\\/schema\\\/person\\\/82903e1cb04eb553382702d503991b4f\"},\"headline\":\"F\u00f6rderprogramm erkennt K\u00fcchen und Wohnk\u00fcchen als Aufenthaltsr\u00e4ume an\",\"datePublished\":\"2025-09-26T08:08:32+00:00\",\"dateModified\":\"2025-11-03T09:04:33+00:00\",\"mainEntityOfPage\":{\"@id\":\"https:\\\/\\\/www.buhl.de\\\/vermieter-web\\\/foerderprogramm-erkennt-kuechen-und-wohnkuechen-als-aufenthaltsraeume-an\\\/\"},\"wordCount\":216,\"image\":{\"@id\":\"https:\\\/\\\/www.buhl.de\\\/vermieter-web\\\/foerderprogramm-erkennt-kuechen-und-wohnkuechen-als-aufenthaltsraeume-an\\\/#primaryimage\"},\"thumbnailUrl\":\"https:\\\/\\\/www.buhl.de\\\/vermieter-web\\\/wp-content\\\/uploads\\\/sites\\\/33\\\/2024\\\/11\\\/Marian-Vejcik-Geldscheinbuendel.jpg\",\"keywords\":[\"F\u00f6rdermittel\",\"Neubau\",\"Niedripreis\"],\"inLanguage\":\"de\"},{\"@type\":\"WebPage\",\"@id\":\"https:\\\/\\\/www.buhl.de\\\/vermieter-web\\\/foerderprogramm-erkennt-kuechen-und-wohnkuechen-als-aufenthaltsraeume-an\\\/\",\"url\":\"https:\\\/\\\/www.buhl.de\\\/vermieter-web\\\/foerderprogramm-erkennt-kuechen-und-wohnkuechen-als-aufenthaltsraeume-an\\\/\",\"name\":\"F\u00f6rderprogramm mit verbesserten Konditionen\",\"isPartOf\":{\"@id\":\"https:\\\/\\\/www.buhl.de\\\/vermieter-web\\\/#website\"},\"primaryImageOfPage\":{\"@id\":\"https:\\\/\\\/www.buhl.de\\\/vermieter-web\\\/foerderprogramm-erkennt-kuechen-und-wohnkuechen-als-aufenthaltsraeume-an\\\/#primaryimage\"},\"image\":{\"@id\":\"https:\\\/\\\/www.buhl.de\\\/vermieter-web\\\/foerderprogramm-erkennt-kuechen-und-wohnkuechen-als-aufenthaltsraeume-an\\\/#primaryimage\"},\"thumbnailUrl\":\"https:\\\/\\\/www.buhl.de\\\/vermieter-web\\\/wp-content\\\/uploads\\\/sites\\\/33\\\/2024\\\/11\\\/Marian-Vejcik-Geldscheinbuendel.jpg\",\"datePublished\":\"2025-09-26T08:08:32+00:00\",\"dateModified\":\"2025-11-03T09:04:33+00:00\",\"author\":{\"@id\":\"https:\\\/\\\/www.buhl.de\\\/vermieter-web\\\/#\\\/schema\\\/person\\\/82903e1cb04eb553382702d503991b4f\"},\"description\":\"Das F\u00f6rderprogramm \u201eKlimafreundlicher Neubau im Niedrigpreissegment (KNN)\u201c der KfW wartet seit dem 01.09.2025 mit besseren Konditionen auf.\",\"breadcrumb\":{\"@id\":\"https:\\\/\\\/www.buhl.de\\\/vermieter-web\\\/foerderprogramm-erkennt-kuechen-und-wohnkuechen-als-aufenthaltsraeume-an\\\/#breadcrumb\"},\"inLanguage\":\"de\",\"potentialAction\":[{\"@type\":\"ReadAction\",\"target\":[\"https:\\\/\\\/www.buhl.de\\\/vermieter-web\\\/foerderprogramm-erkennt-kuechen-und-wohnkuechen-als-aufenthaltsraeume-an\\\/\"]}]},{\"@type\":\"ImageObject\",\"inLanguage\":\"de\",\"@id\":\"https:\\\/\\\/www.buhl.de\\\/vermieter-web\\\/foerderprogramm-erkennt-kuechen-und-wohnkuechen-als-aufenthaltsraeume-an\\\/#primaryimage\",\"url\":\"https:\\\/\\\/www.buhl.de\\\/vermieter-web\\\/wp-content\\\/uploads\\\/sites\\\/33\\\/2024\\\/11\\\/Marian-Vejcik-Geldscheinbuendel.jpg\",\"contentUrl\":\"https:\\\/\\\/www.buhl.de\\\/vermieter-web\\\/wp-content\\\/uploads\\\/sites\\\/33\\\/2024\\\/11\\\/Marian-Vejcik-Geldscheinbuendel.jpg\",\"width\":1069,\"height\":541},{\"@type\":\"BreadcrumbList\",\"@id\":\"https:\\\/\\\/www.buhl.de\\\/vermieter-web\\\/foerderprogramm-erkennt-kuechen-und-wohnkuechen-als-aufenthaltsraeume-an\\\/#breadcrumb\",\"itemListElement\":[{\"@type\":\"ListItem\",\"position\":1,\"name\":\"Startseite\",\"item\":\"https:\\\/\\\/www.buhl.de\\\/vermieter-web\\\/\"},{\"@type\":\"ListItem\",\"position\":2,\"name\":\"F\u00f6rderprogramm erkennt K\u00fcchen und Wohnk\u00fcchen als Aufenthaltsr\u00e4ume an\"}]},{\"@type\":\"WebSite\",\"@id\":\"https:\\\/\\\/www.buhl.de\\\/vermieter-web\\\/#website\",\"url\":\"https:\\\/\\\/www.buhl.de\\\/vermieter-web\\\/\",\"name\":\"Online-Nebenkostenabrechnung mit WISO Vermieter-Web\",\"description\":\"\",\"potentialAction\":[{\"@type\":\"SearchAction\",\"target\":{\"@type\":\"EntryPoint\",\"urlTemplate\":\"https:\\\/\\\/www.buhl.de\\\/vermieter-web\\\/?s={search_term_string}\"},\"query-input\":{\"@type\":\"PropertyValueSpecification\",\"valueRequired\":true,\"valueName\":\"search_term_string\"}}],\"inLanguage\":\"de\"},{\"@type\":\"Person\",\"@id\":\"https:\\\/\\\/www.buhl.de\\\/vermieter-web\\\/#\\\/schema\\\/person\\\/82903e1cb04eb553382702d503991b4f\",\"name\":\"Hartmut Fischer\"}]}<\/script>\n<!-- \/ Yoast SEO Premium plugin. -->","yoast_head_json":{"title":"F\u00f6rderprogramm mit verbesserten Konditionen","description":"Das F\u00f6rderprogramm \u201eKlimafreundlicher Neubau im Niedrigpreissegment (KNN)\u201c der KfW wartet seit dem 01.09.2025 mit besseren Konditionen auf.","robots":{"index":"noindex","follow":"nofollow"},"og_locale":"de_DE","og_type":"article","og_title":"F\u00f6rderprogramm erkennt K\u00fcchen und Wohnk\u00fcchen als Aufenthaltsr\u00e4ume an","og_description":"Das F\u00f6rderprogramm \u201eKlimafreundlicher Neubau im Niedrigpreissegment (KNN)\u201c der KfW wartet seit dem 01.09.2025 mit besseren Konditionen auf.","og_url":"https:\/\/www.buhl.de\/vermieter-web\/foerderprogramm-erkennt-kuechen-und-wohnkuechen-als-aufenthaltsraeume-an\/","og_site_name":"Online-Nebenkostenabrechnung mit WISO Vermieter-Web","article_published_time":"2025-09-26T08:08:32+00:00","article_modified_time":"2025-11-03T09:04:33+00:00","og_image":[{"width":1069,"height":541,"url":"https:\/\/www.buhl.de\/vermieter-web\/wp-content\/uploads\/sites\/33\/2024\/11\/Marian-Vejcik-Geldscheinbuendel.jpg","type":"image\/jpeg"}],"author":"Hartmut Fischer","twitter_card":"summary_large_image","twitter_misc":{"Verfasst von":"Hartmut Fischer","Gesch\u00e4tzte Lesezeit":"2\u00a0Minuten"},"schema":{"@context":"https:\/\/schema.org","@graph":[{"@type":"Article","@id":"https:\/\/www.buhl.de\/vermieter-web\/foerderprogramm-erkennt-kuechen-und-wohnkuechen-als-aufenthaltsraeume-an\/#article","isPartOf":{"@id":"https:\/\/www.buhl.de\/vermieter-web\/foerderprogramm-erkennt-kuechen-und-wohnkuechen-als-aufenthaltsraeume-an\/"},"author":{"name":"Hartmut Fischer","@id":"https:\/\/www.buhl.de\/vermieter-web\/#\/schema\/person\/82903e1cb04eb553382702d503991b4f"},"headline":"F\u00f6rderprogramm erkennt K\u00fcchen und Wohnk\u00fcchen als Aufenthaltsr\u00e4ume an","datePublished":"2025-09-26T08:08:32+00:00","dateModified":"2025-11-03T09:04:33+00:00","mainEntityOfPage":{"@id":"https:\/\/www.buhl.de\/vermieter-web\/foerderprogramm-erkennt-kuechen-und-wohnkuechen-als-aufenthaltsraeume-an\/"},"wordCount":216,"image":{"@id":"https:\/\/www.buhl.de\/vermieter-web\/foerderprogramm-erkennt-kuechen-und-wohnkuechen-als-aufenthaltsraeume-an\/#primaryimage"},"thumbnailUrl":"https:\/\/www.buhl.de\/vermieter-web\/wp-content\/uploads\/sites\/33\/2024\/11\/Marian-Vejcik-Geldscheinbuendel.jpg","keywords":["F\u00f6rdermittel","Neubau","Niedripreis"],"inLanguage":"de"},{"@type":"WebPage","@id":"https:\/\/www.buhl.de\/vermieter-web\/foerderprogramm-erkennt-kuechen-und-wohnkuechen-als-aufenthaltsraeume-an\/","url":"https:\/\/www.buhl.de\/vermieter-web\/foerderprogramm-erkennt-kuechen-und-wohnkuechen-als-aufenthaltsraeume-an\/","name":"F\u00f6rderprogramm mit verbesserten Konditionen","isPartOf":{"@id":"https:\/\/www.buhl.de\/vermieter-web\/#website"},"primaryImageOfPage":{"@id":"https:\/\/www.buhl.de\/vermieter-web\/foerderprogramm-erkennt-kuechen-und-wohnkuechen-als-aufenthaltsraeume-an\/#primaryimage"},"image":{"@id":"https:\/\/www.buhl.de\/vermieter-web\/foerderprogramm-erkennt-kuechen-und-wohnkuechen-als-aufenthaltsraeume-an\/#primaryimage"},"thumbnailUrl":"https:\/\/www.buhl.de\/vermieter-web\/wp-content\/uploads\/sites\/33\/2024\/11\/Marian-Vejcik-Geldscheinbuendel.jpg","datePublished":"2025-09-26T08:08:32+00:00","dateModified":"2025-11-03T09:04:33+00:00","author":{"@id":"https:\/\/www.buhl.de\/vermieter-web\/#\/schema\/person\/82903e1cb04eb553382702d503991b4f"},"description":"Das F\u00f6rderprogramm \u201eKlimafreundlicher Neubau im Niedrigpreissegment (KNN)\u201c der KfW wartet seit dem 01.09.2025 mit besseren Konditionen auf.","breadcrumb":{"@id":"https:\/\/www.buhl.de\/vermieter-web\/foerderprogramm-erkennt-kuechen-und-wohnkuechen-als-aufenthaltsraeume-an\/#breadcrumb"},"inLanguage":"de","potentialAction":[{"@type":"ReadAction","target":["https:\/\/www.buhl.de\/vermieter-web\/foerderprogramm-erkennt-kuechen-und-wohnkuechen-als-aufenthaltsraeume-an\/"]}]},{"@type":"ImageObject","inLanguage":"de","@id":"https:\/\/www.buhl.de\/vermieter-web\/foerderprogramm-erkennt-kuechen-und-wohnkuechen-als-aufenthaltsraeume-an\/#primaryimage","url":"https:\/\/www.buhl.de\/vermieter-web\/wp-content\/uploads\/sites\/33\/2024\/11\/Marian-Vejcik-Geldscheinbuendel.jpg","contentUrl":"https:\/\/www.buhl.de\/vermieter-web\/wp-content\/uploads\/sites\/33\/2024\/11\/Marian-Vejcik-Geldscheinbuendel.jpg","width":1069,"height":541},{"@type":"BreadcrumbList","@id":"https:\/\/www.buhl.de\/vermieter-web\/foerderprogramm-erkennt-kuechen-und-wohnkuechen-als-aufenthaltsraeume-an\/#breadcrumb","itemListElement":[{"@type":"ListItem","position":1,"name":"Startseite","item":"https:\/\/www.buhl.de\/vermieter-web\/"},{"@type":"ListItem","position":2,"name":"F\u00f6rderprogramm erkennt K\u00fcchen und Wohnk\u00fcchen als Aufenthaltsr\u00e4ume an"}]},{"@type":"WebSite","@id":"https:\/\/www.buhl.de\/vermieter-web\/#website","url":"https:\/\/www.buhl.de\/vermieter-web\/","name":"Online-Nebenkostenabrechnung mit WISO Vermieter-Web","description":"","potentialAction":[{"@type":"SearchAction","target":{"@type":"EntryPoint","urlTemplate":"https:\/\/www.buhl.de\/vermieter-web\/?s={search_term_string}"},"query-input":{"@type":"PropertyValueSpecification","valueRequired":true,"valueName":"search_term_string"}}],"inLanguage":"de"},{"@type":"Person","@id":"https:\/\/www.buhl.de\/vermieter-web\/#\/schema\/person\/82903e1cb04eb553382702d503991b4f","name":"Hartmut Fischer"}]}},"_links":{"self":[{"href":"https:\/\/www.buhl.de\/vermieter-web\/wp-json\/wp\/v2\/posts\/17308","targetHints":{"allow":["GET"]}}],"collection":[{"href":"https:\/\/www.buhl.de\/vermieter-web\/wp-json\/wp\/v2\/posts"}],"about":[{"href":"https:\/\/www.buhl.de\/vermieter-web\/wp-json\/wp\/v2\/types\/post"}],"author":[{"embeddable":true,"href":"https:\/\/www.buhl.de\/vermieter-web\/wp-json\/wp\/v2\/users\/15"}],"replies":[{"embeddable":true,"href":"https:\/\/www.buhl.de\/vermieter-web\/wp-json\/wp\/v2\/comments?post=17308"}],"version-history":[{"count":4,"href":"https:\/\/www.buhl.de\/vermieter-web\/wp-json\/wp\/v2\/posts\/17308\/revisions"}],"predecessor-version":[{"id":17395,"href":"https:\/\/www.buhl.de\/vermieter-web\/wp-json\/wp\/v2\/posts\/17308\/revisions\/17395"}],"wp:featuredmedia":[{"embeddable":true,"href":"https:\/\/www.buhl.de\/vermieter-web\/wp-json\/wp\/v2\/media\/16610"}],"wp:attachment":[{"href":"https:\/\/www.buhl.de\/vermieter-web\/wp-json\/wp\/v2\/media?parent=17308"}],"wp:term":[{"taxonomy":"category","embeddable":true,"href":"https:\/\/www.buhl.de\/vermieter-web\/wp-json\/wp\/v2\/categories?post=17308"},{"taxonomy":"post_tag","embeddable":true,"href":"https:\/\/www.buhl.de\/vermieter-web\/wp-json\/wp\/v2\/tags?post=17308"}],"curies":[{"name":"wp","href":"https:\/\/api.w.org\/{rel}","templated":true}]}}