{"id":17313,"date":"2025-09-29T11:30:17","date_gmt":"2025-09-29T09:30:17","guid":{"rendered":"https:\/\/www.buhl.de\/vermieter-web\/?p=17313"},"modified":"2025-11-03T10:04:33","modified_gmt":"2025-11-03T09:04:33","slug":"heizung-fuehrt-zu-hitzigen-debatten","status":"publish","type":"post","link":"https:\/\/www.buhl.de\/vermieter-web\/heizung-fuehrt-zu-hitzigen-debatten\/","title":{"rendered":"Heizung f\u00fchrt zu hitzigen Debatten"},"content":{"rendered":"<p><strong>Wenn die Au\u00dfentemperaturen sinken, beginnt regelm\u00e4\u00dfig die Phase, in der Mieter und Vermieter \u00fcber den Einsatz der Heizung streiten. Doch gibt es eine gesetzlich festgelegte \u201eHeizperiode\u201c? Kann ein Mieter zu einer bestimmten Raumtemperatur verpflichtet werden? Was geschieht, wenn durch falsches Heizen Sch\u00e4den entstehen? Fragen, die wir in diesem Beitrag kl\u00e4ren wollen. <\/strong><\/p>\n<h5>Es gibt keine gesetzliche \u201eHeizperiode\u201c<\/h5>\n<p>Eine \u201eHeizperiode\u201c wird gesetzlich nicht vorgeschrieben. Allerdings kann die Verpflichtung, dem Mieter das Heizen zu erm\u00f6glichen, aus <a href=\"https:\/\/www.gesetze-im-internet.de\/bgb\/__535.html\">\u00a7\u00a0535 BGB<\/a> abgeleitet werden. Aus verschiedenen Urteilen ergibt sich der Rahmen von Oktober bis April, in dem die Heizung in Betrieb sein muss. Au\u00dferhalb dieser Zeitspanne sollte dem Mieter die Heizung zur Verf\u00fcgung stehen, wenn die Raumtemperatur dauernd unter 18 \u00b0C sinkt.<\/p>\n<h5>Mindesttemperaturen<\/h5>\n<p>Auch bez\u00fcglich der Mindesttemperatur in der Mietwohnung gibt es keine gesetzliche Regelung. Aus der Rechtsprechung l\u00e4sst sich ableiten, dass in Wohnr\u00e4umen tags\u00fcber (von 06:00 Uhr bis 23:00 Uhr) eine Temperatur von 20 Grad und in Nebenr\u00e4umen 18 Grad erreicht werden sollte. Nachts kann nach Ansicht der Gerichte die Temperatur in den Wohnr\u00e4umen auch auf 18 Grad abgesenkt werden.<\/p>\n<h5>Wenn die Heizung zu kalt bleibt<\/h5>\n<p>Sollten die vorgenannten Temperaturen nicht erreicht werden, kann dies vom Mieter als Mangel angesehen werden. Wird der Vermieter davon unterrichtet, muss er den Mangel an der Heizung beseitigen. Unter Umst\u00e4nden kann der Mieter f\u00fcr die Zeit von der Information des Vermieters bis zur Reparatur der Heizung eine Mietminderung vornehmen.<\/p>\n<p>Nach einem Urteil des Amtsgerichts K\u00f6ln vom 09.04.2008 muss eine Heizung auch nutzbar sein, wenn die Au\u00dfentemperatur an drei aufeinanderfolgenden Tagen unter 12 Grad f\u00e4llt (Aktenzeichen 220 C 152\/07).<\/p>\n<p>Allerdings f\u00fchrt eine kurzfristige St\u00f6rung der Heizung oder eine minimale Temperaturabsenkung (rund einem Grad) zu keinem Anspruch auf Mietminderung (Urteil des Bundesgerichtshofs vom 30.06.2004 \u2013 Aktenzeichen XII ZR 251\/02).<\/p>\n<h5>Mieteranspruch auf warmes Wasser<\/h5>\n<p>Auch in der Frage der Warmwasserversorgung muss man sich auf Entscheidungen der Gerichte st\u00fctzen. Faustregeln lassen sich aus einem Urteil des Landgerichts Berlin vom 12.11.1991 (Aktenzeichen 64 S 99\/91) ableiten. Danach ergeben sich folgende Regeln:<\/p>\n<ul>\n<li>Die Warmwasserversorgung muss rund um die Uhr gew\u00e4hrleistet sein.<\/li>\n<li>Die Temperatur des Warmwassers muss auch nachts gleichbleibend hoch sein.<\/li>\n<li>Die Wassertemperatur sollte zwischen 40 und 60 \u00b0C liegen.<\/li>\n<li>Werden die vorgenannten Voraussetzungen nicht erf\u00fcllt, kann es sich um einen Mietmangel handeln, der zur Mietminderung berechtigt.<\/li>\n<\/ul>\n<p>Das Urteil des Landgerichts Berlin vom 12.11.1991 (Az. 64 S 99\/91) stellt fest, dass der Vermieter eine Versorgung mit warmem Wasser rund um die Uhr gew\u00e4hrleisten muss und die Temperatur in den Nachtstunden nicht absenken darf, da dies einen Mangel der Mietsache darstellt. Die Warmwassertemperatur sollte dabei stets bei mindestens 40 \u00b0C bis 60 \u00b0C liegen.<\/p>\n<p>Ein gewisser Kaltwasservorlauf ist unvermeidlich. Die Gerichte beurteilen das Zumutbare allerdings unterschiedlich:<\/p>\n<table>\n<tbody>\n<tr>\n<td width=\"208\">\n<p>Gericht \u2013 Aktenzeichen<\/p>\n<\/td>\n<td width=\"195\">\n<p>Sachverhalt<\/p>\n<\/td>\n<td width=\"201\">\n<p>Entscheidung<\/p>\n<\/td>\n<\/tr>\n<tr>\n<td width=\"208\">\n<p>Landgericht Berlin<br \/>\n67 S 26\/07 vom 02.06.2008<\/p>\n<\/td>\n<td width=\"195\">\n<p>Warmwasser von 55 \u00b0C nach 3 Liter Vorlauf<\/p>\n<\/td>\n<td width=\"201\">\n<p>Mietminderung von 3,5 %<\/p>\n<\/td>\n<\/tr>\n<tr>\n<td width=\"208\">\n<p>Amtsgericht K\u00f6penick<br \/>\n12 C 214\/00 vom 15.11.2000<\/p>\n<\/td>\n<td width=\"195\">\n<p>Kaltwasservorlauf ca. 10 Liter<\/p>\n<\/td>\n<td width=\"201\">\n<p>Mietminderung von 10 %<\/p>\n<\/td>\n<\/tr>\n<tr>\n<td width=\"208\">\n<p>Landgericht Berlin<br \/>\n64 S 108\/01 vom 28.08.2001<\/p>\n<\/td>\n<td width=\"195\">\n<p>Warmwasser von 35 \u00b0C nach 70 Liter Vorlauf<\/p>\n<\/td>\n<td width=\"201\">\n<p>Mietminderung von 5 %<\/p>\n<\/td>\n<\/tr>\n<\/tbody>\n<\/table>\n<hr \/>\n<h5>Das k\u00f6nnte Sie auch interessieren:<\/h5>\n<p><a href=\"https:\/\/www.buhl.de\/vermieter-web\/ueber-die-heizung-entscheidet-der-vermieter\/\">\u00dcber die Heizung entscheidet der Vermieter<\/a><br \/>\n<a href=\"https:\/\/www.buhl.de\/vermieter-web\/warmwasserkosten-wenn-wohnungen-leer-stehen\/\">Warmwasserkosten: Wenn Wohnungen\u00a0<\/a>leer stehen<br \/>\n<a href=\"https:\/\/www.buhl.de\/vermieter-web\/heizkosten-mit-kleinen-tricks-senken\/\">Heizkosten mit kleinen Tricks\u00a0<\/a>senken<\/p>\n<hr \/>\n","protected":false},"excerpt":{"rendered":"<p>Wenn die Au\u00dfentemperaturen sinken, beginnt regelm\u00e4\u00dfig die Phase, in der Mieter und Vermieter \u00fcber den Einsatz der Heizung streiten. Doch gibt es eine gesetzlich festgelegte \u201eHeizperiode\u201c? Kann ein Mieter zu einer bestimmten Raumtemperatur verpflichtet werden? Was geschieht, wenn durch falsches Heizen Sch\u00e4den entstehen? Fragen, die wir in diesem Beitrag kl\u00e4ren wollen. Es gibt keine gesetzliche &hellip; <\/p>\n<p class=\"link-more\"><a href=\"https:\/\/www.buhl.de\/vermieter-web\/heizung-fuehrt-zu-hitzigen-debatten\/\" class=\"more-link\"><span class=\"screen-reader-text\">\u201eHeizung f\u00fchrt zu hitzigen Debatten\u201c<\/span> weiterlesen<\/a><\/p>\n","protected":false},"author":15,"featured_media":16473,"comment_status":"closed","ping_status":"open","sticky":false,"template":"","format":"standard","meta":{"footnotes":""},"categories":[1],"tags":[6458,1179,6457],"class_list":["post-17313","post","type-post","status-publish","format-standard","has-post-thumbnail","hentry","category-allgemein","tag-heizperiode","tag-heizung","tag-warmwaser"],"yoast_head":"<!-- This site is optimized with the Yoast SEO Premium plugin v27.0 (Yoast SEO v27.0) - https:\/\/yoast.com\/product\/yoast-seo-premium-wordpress\/ -->\n<title>Heizung f\u00fchrt zu hitzigen Diskussionen<\/title>\n<meta name=\"description\" content=\"Die Heizung f\u00fchrt bei Vermieter und Mieter oft zu Auseinandersetzungen. Die wichtigsten Streitpunkte werden hier zusammengefasst.\" \/>\n<meta name=\"robots\" content=\"noindex, nofollow\" \/>\n<meta property=\"og:locale\" content=\"de_DE\" \/>\n<meta property=\"og:type\" content=\"article\" \/>\n<meta property=\"og:title\" content=\"Heizung f\u00fchrt zu hitzigen Debatten\" \/>\n<meta property=\"og:description\" content=\"Die Heizung f\u00fchrt bei Vermieter und Mieter oft zu Auseinandersetzungen. Die wichtigsten Streitpunkte werden hier zusammengefasst.\" \/>\n<meta property=\"og:url\" content=\"https:\/\/www.buhl.de\/vermieter-web\/heizung-fuehrt-zu-hitzigen-debatten\/\" \/>\n<meta property=\"og:site_name\" content=\"Online-Nebenkostenabrechnung mit WISO Vermieter-Web\" \/>\n<meta property=\"article:published_time\" content=\"2025-09-29T09:30:17+00:00\" \/>\n<meta property=\"article:modified_time\" content=\"2025-11-03T09:04:33+00:00\" \/>\n<meta property=\"og:image\" content=\"https:\/\/www.buhl.de\/vermieter-web\/wp-content\/uploads\/sites\/33\/2024\/08\/Andrii-Synenkyi-Heizung-Kosten-vecteezy.jpg\" \/>\n\t<meta property=\"og:image:width\" content=\"1069\" \/>\n\t<meta property=\"og:image:height\" content=\"541\" \/>\n\t<meta property=\"og:image:type\" content=\"image\/jpeg\" \/>\n<meta name=\"author\" content=\"Hartmut Fischer\" \/>\n<meta name=\"twitter:card\" content=\"summary_large_image\" \/>\n<meta name=\"twitter:label1\" content=\"Verfasst von\" \/>\n\t<meta name=\"twitter:data1\" content=\"Hartmut Fischer\" \/>\n\t<meta name=\"twitter:label2\" content=\"Gesch\u00e4tzte Lesezeit\" \/>\n\t<meta name=\"twitter:data2\" content=\"4\u00a0Minuten\" \/>\n<script type=\"application\/ld+json\" class=\"yoast-schema-graph\">{\"@context\":\"https:\/\/schema.org\",\"@graph\":[{\"@type\":\"Article\",\"@id\":\"https:\/\/www.buhl.de\/vermieter-web\/heizung-fuehrt-zu-hitzigen-debatten\/#article\",\"isPartOf\":{\"@id\":\"https:\/\/www.buhl.de\/vermieter-web\/heizung-fuehrt-zu-hitzigen-debatten\/\"},\"author\":{\"name\":\"Hartmut Fischer\",\"@id\":\"https:\/\/www.buhl.de\/vermieter-web\/#\/schema\/person\/82903e1cb04eb553382702d503991b4f\"},\"headline\":\"Heizung f\u00fchrt zu hitzigen Debatten\",\"datePublished\":\"2025-09-29T09:30:17+00:00\",\"dateModified\":\"2025-11-03T09:04:33+00:00\",\"mainEntityOfPage\":{\"@id\":\"https:\/\/www.buhl.de\/vermieter-web\/heizung-fuehrt-zu-hitzigen-debatten\/\"},\"wordCount\":505,\"image\":{\"@id\":\"https:\/\/www.buhl.de\/vermieter-web\/heizung-fuehrt-zu-hitzigen-debatten\/#primaryimage\"},\"thumbnailUrl\":\"https:\/\/www.buhl.de\/vermieter-web\/wp-content\/uploads\/sites\/33\/2024\/08\/Andrii-Synenkyi-Heizung-Kosten-vecteezy.jpg\",\"keywords\":[\"Heizperiode\",\"Heizung\",\"Warmwaser\"],\"inLanguage\":\"de\"},{\"@type\":\"WebPage\",\"@id\":\"https:\/\/www.buhl.de\/vermieter-web\/heizung-fuehrt-zu-hitzigen-debatten\/\",\"url\":\"https:\/\/www.buhl.de\/vermieter-web\/heizung-fuehrt-zu-hitzigen-debatten\/\",\"name\":\"Heizung f\u00fchrt zu hitzigen Diskussionen\",\"isPartOf\":{\"@id\":\"https:\/\/www.buhl.de\/vermieter-web\/#website\"},\"primaryImageOfPage\":{\"@id\":\"https:\/\/www.buhl.de\/vermieter-web\/heizung-fuehrt-zu-hitzigen-debatten\/#primaryimage\"},\"image\":{\"@id\":\"https:\/\/www.buhl.de\/vermieter-web\/heizung-fuehrt-zu-hitzigen-debatten\/#primaryimage\"},\"thumbnailUrl\":\"https:\/\/www.buhl.de\/vermieter-web\/wp-content\/uploads\/sites\/33\/2024\/08\/Andrii-Synenkyi-Heizung-Kosten-vecteezy.jpg\",\"datePublished\":\"2025-09-29T09:30:17+00:00\",\"dateModified\":\"2025-11-03T09:04:33+00:00\",\"author\":{\"@id\":\"https:\/\/www.buhl.de\/vermieter-web\/#\/schema\/person\/82903e1cb04eb553382702d503991b4f\"},\"description\":\"Die Heizung f\u00fchrt bei Vermieter und Mieter oft zu Auseinandersetzungen. Die wichtigsten Streitpunkte werden hier zusammengefasst.\",\"breadcrumb\":{\"@id\":\"https:\/\/www.buhl.de\/vermieter-web\/heizung-fuehrt-zu-hitzigen-debatten\/#breadcrumb\"},\"inLanguage\":\"de\",\"potentialAction\":[{\"@type\":\"ReadAction\",\"target\":[\"https:\/\/www.buhl.de\/vermieter-web\/heizung-fuehrt-zu-hitzigen-debatten\/\"]}]},{\"@type\":\"ImageObject\",\"inLanguage\":\"de\",\"@id\":\"https:\/\/www.buhl.de\/vermieter-web\/heizung-fuehrt-zu-hitzigen-debatten\/#primaryimage\",\"url\":\"https:\/\/www.buhl.de\/vermieter-web\/wp-content\/uploads\/sites\/33\/2024\/08\/Andrii-Synenkyi-Heizung-Kosten-vecteezy.jpg\",\"contentUrl\":\"https:\/\/www.buhl.de\/vermieter-web\/wp-content\/uploads\/sites\/33\/2024\/08\/Andrii-Synenkyi-Heizung-Kosten-vecteezy.jpg\",\"width\":1069,\"height\":541},{\"@type\":\"BreadcrumbList\",\"@id\":\"https:\/\/www.buhl.de\/vermieter-web\/heizung-fuehrt-zu-hitzigen-debatten\/#breadcrumb\",\"itemListElement\":[{\"@type\":\"ListItem\",\"position\":1,\"name\":\"Startseite\",\"item\":\"https:\/\/www.buhl.de\/vermieter-web\/\"},{\"@type\":\"ListItem\",\"position\":2,\"name\":\"Heizung f\u00fchrt zu hitzigen Debatten\"}]},{\"@type\":\"WebSite\",\"@id\":\"https:\/\/www.buhl.de\/vermieter-web\/#website\",\"url\":\"https:\/\/www.buhl.de\/vermieter-web\/\",\"name\":\"Online-Nebenkostenabrechnung mit WISO Vermieter-Web\",\"description\":\"\",\"potentialAction\":[{\"@type\":\"SearchAction\",\"target\":{\"@type\":\"EntryPoint\",\"urlTemplate\":\"https:\/\/www.buhl.de\/vermieter-web\/?s={search_term_string}\"},\"query-input\":{\"@type\":\"PropertyValueSpecification\",\"valueRequired\":true,\"valueName\":\"search_term_string\"}}],\"inLanguage\":\"de\"},{\"@type\":\"Person\",\"@id\":\"https:\/\/www.buhl.de\/vermieter-web\/#\/schema\/person\/82903e1cb04eb553382702d503991b4f\",\"name\":\"Hartmut Fischer\"}]}<\/script>\n<!-- \/ Yoast SEO Premium plugin. -->","yoast_head_json":{"title":"Heizung f\u00fchrt zu hitzigen Diskussionen","description":"Die Heizung f\u00fchrt bei Vermieter und Mieter oft zu Auseinandersetzungen. Die wichtigsten Streitpunkte werden hier zusammengefasst.","robots":{"index":"noindex","follow":"nofollow"},"og_locale":"de_DE","og_type":"article","og_title":"Heizung f\u00fchrt zu hitzigen Debatten","og_description":"Die Heizung f\u00fchrt bei Vermieter und Mieter oft zu Auseinandersetzungen. Die wichtigsten Streitpunkte werden hier zusammengefasst.","og_url":"https:\/\/www.buhl.de\/vermieter-web\/heizung-fuehrt-zu-hitzigen-debatten\/","og_site_name":"Online-Nebenkostenabrechnung mit WISO Vermieter-Web","article_published_time":"2025-09-29T09:30:17+00:00","article_modified_time":"2025-11-03T09:04:33+00:00","og_image":[{"width":1069,"height":541,"url":"https:\/\/www.buhl.de\/vermieter-web\/wp-content\/uploads\/sites\/33\/2024\/08\/Andrii-Synenkyi-Heizung-Kosten-vecteezy.jpg","type":"image\/jpeg"}],"author":"Hartmut Fischer","twitter_card":"summary_large_image","twitter_misc":{"Verfasst von":"Hartmut Fischer","Gesch\u00e4tzte Lesezeit":"4\u00a0Minuten"},"schema":{"@context":"https:\/\/schema.org","@graph":[{"@type":"Article","@id":"https:\/\/www.buhl.de\/vermieter-web\/heizung-fuehrt-zu-hitzigen-debatten\/#article","isPartOf":{"@id":"https:\/\/www.buhl.de\/vermieter-web\/heizung-fuehrt-zu-hitzigen-debatten\/"},"author":{"name":"Hartmut Fischer","@id":"https:\/\/www.buhl.de\/vermieter-web\/#\/schema\/person\/82903e1cb04eb553382702d503991b4f"},"headline":"Heizung f\u00fchrt zu hitzigen Debatten","datePublished":"2025-09-29T09:30:17+00:00","dateModified":"2025-11-03T09:04:33+00:00","mainEntityOfPage":{"@id":"https:\/\/www.buhl.de\/vermieter-web\/heizung-fuehrt-zu-hitzigen-debatten\/"},"wordCount":505,"image":{"@id":"https:\/\/www.buhl.de\/vermieter-web\/heizung-fuehrt-zu-hitzigen-debatten\/#primaryimage"},"thumbnailUrl":"https:\/\/www.buhl.de\/vermieter-web\/wp-content\/uploads\/sites\/33\/2024\/08\/Andrii-Synenkyi-Heizung-Kosten-vecteezy.jpg","keywords":["Heizperiode","Heizung","Warmwaser"],"inLanguage":"de"},{"@type":"WebPage","@id":"https:\/\/www.buhl.de\/vermieter-web\/heizung-fuehrt-zu-hitzigen-debatten\/","url":"https:\/\/www.buhl.de\/vermieter-web\/heizung-fuehrt-zu-hitzigen-debatten\/","name":"Heizung f\u00fchrt zu hitzigen Diskussionen","isPartOf":{"@id":"https:\/\/www.buhl.de\/vermieter-web\/#website"},"primaryImageOfPage":{"@id":"https:\/\/www.buhl.de\/vermieter-web\/heizung-fuehrt-zu-hitzigen-debatten\/#primaryimage"},"image":{"@id":"https:\/\/www.buhl.de\/vermieter-web\/heizung-fuehrt-zu-hitzigen-debatten\/#primaryimage"},"thumbnailUrl":"https:\/\/www.buhl.de\/vermieter-web\/wp-content\/uploads\/sites\/33\/2024\/08\/Andrii-Synenkyi-Heizung-Kosten-vecteezy.jpg","datePublished":"2025-09-29T09:30:17+00:00","dateModified":"2025-11-03T09:04:33+00:00","author":{"@id":"https:\/\/www.buhl.de\/vermieter-web\/#\/schema\/person\/82903e1cb04eb553382702d503991b4f"},"description":"Die Heizung f\u00fchrt bei Vermieter und Mieter oft zu Auseinandersetzungen. Die wichtigsten Streitpunkte werden hier zusammengefasst.","breadcrumb":{"@id":"https:\/\/www.buhl.de\/vermieter-web\/heizung-fuehrt-zu-hitzigen-debatten\/#breadcrumb"},"inLanguage":"de","potentialAction":[{"@type":"ReadAction","target":["https:\/\/www.buhl.de\/vermieter-web\/heizung-fuehrt-zu-hitzigen-debatten\/"]}]},{"@type":"ImageObject","inLanguage":"de","@id":"https:\/\/www.buhl.de\/vermieter-web\/heizung-fuehrt-zu-hitzigen-debatten\/#primaryimage","url":"https:\/\/www.buhl.de\/vermieter-web\/wp-content\/uploads\/sites\/33\/2024\/08\/Andrii-Synenkyi-Heizung-Kosten-vecteezy.jpg","contentUrl":"https:\/\/www.buhl.de\/vermieter-web\/wp-content\/uploads\/sites\/33\/2024\/08\/Andrii-Synenkyi-Heizung-Kosten-vecteezy.jpg","width":1069,"height":541},{"@type":"BreadcrumbList","@id":"https:\/\/www.buhl.de\/vermieter-web\/heizung-fuehrt-zu-hitzigen-debatten\/#breadcrumb","itemListElement":[{"@type":"ListItem","position":1,"name":"Startseite","item":"https:\/\/www.buhl.de\/vermieter-web\/"},{"@type":"ListItem","position":2,"name":"Heizung f\u00fchrt zu hitzigen Debatten"}]},{"@type":"WebSite","@id":"https:\/\/www.buhl.de\/vermieter-web\/#website","url":"https:\/\/www.buhl.de\/vermieter-web\/","name":"Online-Nebenkostenabrechnung mit WISO Vermieter-Web","description":"","potentialAction":[{"@type":"SearchAction","target":{"@type":"EntryPoint","urlTemplate":"https:\/\/www.buhl.de\/vermieter-web\/?s={search_term_string}"},"query-input":{"@type":"PropertyValueSpecification","valueRequired":true,"valueName":"search_term_string"}}],"inLanguage":"de"},{"@type":"Person","@id":"https:\/\/www.buhl.de\/vermieter-web\/#\/schema\/person\/82903e1cb04eb553382702d503991b4f","name":"Hartmut Fischer"}]}},"_links":{"self":[{"href":"https:\/\/www.buhl.de\/vermieter-web\/wp-json\/wp\/v2\/posts\/17313","targetHints":{"allow":["GET"]}}],"collection":[{"href":"https:\/\/www.buhl.de\/vermieter-web\/wp-json\/wp\/v2\/posts"}],"about":[{"href":"https:\/\/www.buhl.de\/vermieter-web\/wp-json\/wp\/v2\/types\/post"}],"author":[{"embeddable":true,"href":"https:\/\/www.buhl.de\/vermieter-web\/wp-json\/wp\/v2\/users\/15"}],"replies":[{"embeddable":true,"href":"https:\/\/www.buhl.de\/vermieter-web\/wp-json\/wp\/v2\/comments?post=17313"}],"version-history":[{"count":2,"href":"https:\/\/www.buhl.de\/vermieter-web\/wp-json\/wp\/v2\/posts\/17313\/revisions"}],"predecessor-version":[{"id":17394,"href":"https:\/\/www.buhl.de\/vermieter-web\/wp-json\/wp\/v2\/posts\/17313\/revisions\/17394"}],"wp:featuredmedia":[{"embeddable":true,"href":"https:\/\/www.buhl.de\/vermieter-web\/wp-json\/wp\/v2\/media\/16473"}],"wp:attachment":[{"href":"https:\/\/www.buhl.de\/vermieter-web\/wp-json\/wp\/v2\/media?parent=17313"}],"wp:term":[{"taxonomy":"category","embeddable":true,"href":"https:\/\/www.buhl.de\/vermieter-web\/wp-json\/wp\/v2\/categories?post=17313"},{"taxonomy":"post_tag","embeddable":true,"href":"https:\/\/www.buhl.de\/vermieter-web\/wp-json\/wp\/v2\/tags?post=17313"}],"curies":[{"name":"wp","href":"https:\/\/api.w.org\/{rel}","templated":true}]}}