{"id":17341,"date":"2025-10-14T10:40:35","date_gmt":"2025-10-14T08:40:35","guid":{"rendered":"https:\/\/www.buhl.de\/vermieter-web\/?p=17341"},"modified":"2025-11-03T10:04:33","modified_gmt":"2025-11-03T09:04:33","slug":"co2-preis-steigt-gas-und-oelheizung-werden-teurer","status":"publish","type":"post","link":"https:\/\/www.buhl.de\/vermieter-web\/co2-preis-steigt-gas-und-oelheizung-werden-teurer\/","title":{"rendered":"CO2-Preis steigt \u2013 Gas- und \u00d6lheizung werden teurer"},"content":{"rendered":"<p><strong>Ab 2026 steigen die Kosten vorrangig f\u00fcr Gas- und \u00d6lheizungen betr\u00e4chtlich. Denn ab dann gilt ein h\u00f6herer CO2-Preis f\u00fcr fossile Brennstoffe. Laut Bundesumweltministerium wird der Preis auf bis zu 65,00 \u20ac pro Tonne Kohlendioxid-Aussto\u00df steigen. Das w\u00e4ren circa 18 % mehr gegen\u00fcber den Kosten in diesem Jahr. <\/strong><\/p>\n<h5>CO2-Preis wurde 2021 eingef\u00fchrt<\/h5>\n<p>Um den Um- und Einbau klimafreundlicher Heizungen zu f\u00f6rdern, wurde der Preis 2021 mithilfe des <a href=\"https:\/\/www.gesetze-im-internet.de\/behg\/index.html\">BEHG<\/a> (Gesetz \u00fcber einen nationalen Zertifikatehandel f\u00fcr Brennstoffemissionen <span style=\"font-size: 1rem\">eingef\u00fchrt. Seitdem wurde der Preis festgelegt und stieg von 25,00 \u20ac im Jahr 2021 auf 55,00 \u20ac in 2025 und voraussichtlich auf bis zu 65,00 \u20ac in 2026.<\/span><\/p>\n<p>Ab 2027 ist geplant, dass der CO2-Preis marktabh\u00e4ngig \u00fcber den europ\u00e4ischen Emissionshandel (ETS II) gebildet wird. Dann d\u00fcrften die Preise weiter steigen.<\/p>\n<p>Die Einnahmen aus dem CO2-Preis flie\u00dfen aktuell in den Klima- und Transformationsfonds. Der Fonds f\u00f6rdert unter anderem den Heizungstausch, die Geb\u00e4udesanierungen, die Elektromobilit\u00e4t usw.<\/p>\n<h5>Wer zahlt den CO2-Preis?<\/h5>\n<p>Den Preis teilen sich Vermieter und Mieter. Der jeweilige Anteil richtet sich nach dem energetischen Zustand des Mietobjektes. Es gelten die folgenden Schl\u00fcssel.<\/p>\n<table>\n<tbody>\n<tr>\n<td width=\"123\">\n<p>Verbrauch pro Quadratmeter<\/p>\n<\/td>\n<td width=\"104\">\n<p>Anteil Mieter in Prozent<\/p>\n<\/td>\n<td width=\"123\">\n<p>Anteil Vermieter in Prozent<\/p>\n<\/td>\n<\/tr>\n<tr>\n<td width=\"123\">\n<p>&lt; 12 kg<\/p>\n<\/td>\n<td width=\"104\">\n<p>100<\/p>\n<\/td>\n<td width=\"123\">\n<p>0<\/p>\n<\/td>\n<\/tr>\n<tr>\n<td width=\"123\">\n<p>12 \u2013 17 kg<\/p>\n<\/td>\n<td width=\"104\">\n<p>90<\/p>\n<\/td>\n<td width=\"123\">\n<p>10<\/p>\n<\/td>\n<\/tr>\n<tr>\n<td width=\"123\">\n<p>bis 22 kg<\/p>\n<\/td>\n<td width=\"104\">\n<p>80<\/p>\n<\/td>\n<td width=\"123\">\n<p>20<\/p>\n<\/td>\n<\/tr>\n<tr>\n<td width=\"123\">\n<p>bis 27 kg<\/p>\n<\/td>\n<td width=\"104\">\n<p>70<\/p>\n<\/td>\n<td width=\"123\">\n<p>30<\/p>\n<\/td>\n<\/tr>\n<tr>\n<td width=\"123\">\n<p>bis 32 kg<\/p>\n<\/td>\n<td width=\"104\">\n<p>60<\/p>\n<\/td>\n<td width=\"123\">\n<p>40<\/p>\n<\/td>\n<\/tr>\n<tr>\n<td width=\"123\">\n<p>bis 37 kg<\/p>\n<\/td>\n<td width=\"104\">\n<p>50<\/p>\n<\/td>\n<td width=\"123\">\n<p>50<\/p>\n<\/td>\n<\/tr>\n<tr>\n<td width=\"123\">\n<p>bis 42 kg<\/p>\n<\/td>\n<td width=\"104\">\n<p>40<\/p>\n<\/td>\n<td width=\"123\">\n<p>60<\/p>\n<\/td>\n<\/tr>\n<tr>\n<td width=\"123\">\n<p>bis 47 kg<\/p>\n<\/td>\n<td width=\"104\">\n<p>30<\/p>\n<\/td>\n<td width=\"123\">\n<p>70<\/p>\n<\/td>\n<\/tr>\n<tr>\n<td width=\"123\">\n<p>bis 52 kg<\/p>\n<\/td>\n<td width=\"104\">\n<p>20<\/p>\n<\/td>\n<td width=\"123\">\n<p>80<\/p>\n<\/td>\n<\/tr>\n<tr>\n<td width=\"123\">\n<p>\u00fcber 52 kg<\/p>\n<\/td>\n<td width=\"104\">\n<p>10<\/p>\n<\/td>\n<td width=\"123\">\n<p>90<\/p>\n<\/td>\n<\/tr>\n<\/tbody>\n<\/table>\n<h5><strong><br \/>\n<\/strong>CO2-Preis berechnen \u2013 so geht\u2019s<\/h5>\n<p>Zur Berechnung der jeweiligen Anteile am CO2-Preis m\u00fcssen der Brennstoff- und der CO2-Verbrauch ermittelt und dann durch die Gesamtwohnfl\u00e4chen geteilt werden. Danach muss der Anteil aus der Tabelle abgelesen werden.<\/p>\n<p>Allerdings kann die Berechnung schwierig werden, wenn f\u00fcr eine Nebenkostenabrechnung mehrere Abrechnungen ber\u00fccksichtigt werden m\u00fcssen. Dann muss aufgeteilt und verteilt abgerechnet werden.<\/p>\n<hr \/>\n<h5>Das k\u00f6nnte Sie auch interessieren:<\/h5>\n<p><a href=\"https:\/\/www.buhl.de\/vermieter-web\/entlueftung-der-herizung-so-wirds-gemacht\/\">Entl\u00fcftung der Heizung: so wird&#8217;s gemacht <\/a><br \/>\n<a href=\"https:\/\/www.buhl.de\/vermieter-web\/heizung-fuehrt-zu-hitzigen-debatten\/\">Heizung f\u00fchrt zu hitzigen Debatten<\/a><\/p>\n<hr \/>\n","protected":false},"excerpt":{"rendered":"<p>Ab 2026 steigen die Kosten vorrangig f\u00fcr Gas- und \u00d6lheizungen betr\u00e4chtlich. Denn ab dann gilt ein h\u00f6herer CO2-Preis f\u00fcr fossile Brennstoffe. Laut Bundesumweltministerium wird der Preis auf bis zu 65,00 \u20ac pro Tonne Kohlendioxid-Aussto\u00df steigen. Das w\u00e4ren circa 18 % mehr gegen\u00fcber den Kosten in diesem Jahr. CO2-Preis wurde 2021 eingef\u00fchrt Um den Um- und &hellip; <\/p>\n<p class=\"link-more\"><a href=\"https:\/\/www.buhl.de\/vermieter-web\/co2-preis-steigt-gas-und-oelheizung-werden-teurer\/\" class=\"more-link\"><span class=\"screen-reader-text\">\u201eCO2-Preis steigt \u2013 Gas- und \u00d6lheizung werden teurer\u201c<\/span> weiterlesen<\/a><\/p>\n","protected":false},"author":15,"featured_media":17305,"comment_status":"closed","ping_status":"open","sticky":false,"template":"","format":"standard","meta":{"footnotes":""},"categories":[1],"tags":[5528,3672,1179,5812],"class_list":["post-17341","post","type-post","status-publish","format-standard","has-post-thumbnail","hentry","category-allgemein","tag-co2","tag-gas","tag-heizung","tag-oel"],"yoast_head":"<!-- This site is optimized with the Yoast SEO Premium plugin v27.0 (Yoast SEO v27.0) - https:\/\/yoast.com\/product\/yoast-seo-premium-wordpress\/ -->\n<title>CO2-Preis steigt \u2013 Gas- und \u00d6lheizung werden teurer<\/title>\n<meta name=\"description\" content=\"Der CO2-Preis wird 2026 letztmalig vom Staat festgelegt. Ab 2027 wird er \u00fcber den Europ\u00e4ischen Emissionshandel (ETS II) festgelegt.\" \/>\n<meta name=\"robots\" content=\"noindex, nofollow\" \/>\n<meta property=\"og:locale\" content=\"de_DE\" \/>\n<meta property=\"og:type\" content=\"article\" \/>\n<meta property=\"og:title\" content=\"CO2-Preis steigt \u2013 Gas- und \u00d6lheizung werden teurer\" \/>\n<meta property=\"og:description\" content=\"Der CO2-Preis wird 2026 letztmalig vom Staat festgelegt. Ab 2027 wird er \u00fcber den Europ\u00e4ischen Emissionshandel (ETS II) festgelegt.\" \/>\n<meta property=\"og:url\" content=\"https:\/\/www.buhl.de\/vermieter-web\/co2-preis-steigt-gas-und-oelheizung-werden-teurer\/\" \/>\n<meta property=\"og:site_name\" content=\"Online-Nebenkostenabrechnung mit WISO Vermieter-Web\" \/>\n<meta property=\"article:published_time\" content=\"2025-10-14T08:40:35+00:00\" \/>\n<meta property=\"article:modified_time\" content=\"2025-11-03T09:04:33+00:00\" \/>\n<meta property=\"og:image\" content=\"https:\/\/www.buhl.de\/vermieter-web\/wp-content\/uploads\/sites\/33\/2025\/09\/Andrii-Synenkyi-Heizung-Sparschwein.jpg\" \/>\n\t<meta property=\"og:image:width\" content=\"1063\" \/>\n\t<meta property=\"og:image:height\" content=\"532\" \/>\n\t<meta property=\"og:image:type\" content=\"image\/jpeg\" \/>\n<meta name=\"author\" content=\"Hartmut Fischer\" \/>\n<meta name=\"twitter:card\" content=\"summary_large_image\" \/>\n<meta name=\"twitter:label1\" content=\"Verfasst von\" \/>\n\t<meta name=\"twitter:data1\" content=\"Hartmut Fischer\" \/>\n\t<meta name=\"twitter:label2\" content=\"Gesch\u00e4tzte Lesezeit\" \/>\n\t<meta name=\"twitter:data2\" content=\"2\u00a0Minuten\" \/>\n<script type=\"application\/ld+json\" class=\"yoast-schema-graph\">{\"@context\":\"https:\/\/schema.org\",\"@graph\":[{\"@type\":\"Article\",\"@id\":\"https:\/\/www.buhl.de\/vermieter-web\/co2-preis-steigt-gas-und-oelheizung-werden-teurer\/#article\",\"isPartOf\":{\"@id\":\"https:\/\/www.buhl.de\/vermieter-web\/co2-preis-steigt-gas-und-oelheizung-werden-teurer\/\"},\"author\":{\"name\":\"Hartmut Fischer\",\"@id\":\"https:\/\/www.buhl.de\/vermieter-web\/#\/schema\/person\/82903e1cb04eb553382702d503991b4f\"},\"headline\":\"CO2-Preis steigt \u2013 Gas- und \u00d6lheizung werden teurer\",\"datePublished\":\"2025-10-14T08:40:35+00:00\",\"dateModified\":\"2025-11-03T09:04:33+00:00\",\"mainEntityOfPage\":{\"@id\":\"https:\/\/www.buhl.de\/vermieter-web\/co2-preis-steigt-gas-und-oelheizung-werden-teurer\/\"},\"wordCount\":304,\"image\":{\"@id\":\"https:\/\/www.buhl.de\/vermieter-web\/co2-preis-steigt-gas-und-oelheizung-werden-teurer\/#primaryimage\"},\"thumbnailUrl\":\"https:\/\/www.buhl.de\/vermieter-web\/wp-content\/uploads\/sites\/33\/2025\/09\/Andrii-Synenkyi-Heizung-Sparschwein.jpg\",\"keywords\":[\"CO2\",\"Gas\",\"Heizung\",\"\u00d6l\"],\"inLanguage\":\"de\"},{\"@type\":\"WebPage\",\"@id\":\"https:\/\/www.buhl.de\/vermieter-web\/co2-preis-steigt-gas-und-oelheizung-werden-teurer\/\",\"url\":\"https:\/\/www.buhl.de\/vermieter-web\/co2-preis-steigt-gas-und-oelheizung-werden-teurer\/\",\"name\":\"CO2-Preis steigt \u2013 Gas- und \u00d6lheizung werden teurer\",\"isPartOf\":{\"@id\":\"https:\/\/www.buhl.de\/vermieter-web\/#website\"},\"primaryImageOfPage\":{\"@id\":\"https:\/\/www.buhl.de\/vermieter-web\/co2-preis-steigt-gas-und-oelheizung-werden-teurer\/#primaryimage\"},\"image\":{\"@id\":\"https:\/\/www.buhl.de\/vermieter-web\/co2-preis-steigt-gas-und-oelheizung-werden-teurer\/#primaryimage\"},\"thumbnailUrl\":\"https:\/\/www.buhl.de\/vermieter-web\/wp-content\/uploads\/sites\/33\/2025\/09\/Andrii-Synenkyi-Heizung-Sparschwein.jpg\",\"datePublished\":\"2025-10-14T08:40:35+00:00\",\"dateModified\":\"2025-11-03T09:04:33+00:00\",\"author\":{\"@id\":\"https:\/\/www.buhl.de\/vermieter-web\/#\/schema\/person\/82903e1cb04eb553382702d503991b4f\"},\"description\":\"Der CO2-Preis wird 2026 letztmalig vom Staat festgelegt. Ab 2027 wird er \u00fcber den Europ\u00e4ischen Emissionshandel (ETS II) festgelegt.\",\"breadcrumb\":{\"@id\":\"https:\/\/www.buhl.de\/vermieter-web\/co2-preis-steigt-gas-und-oelheizung-werden-teurer\/#breadcrumb\"},\"inLanguage\":\"de\",\"potentialAction\":[{\"@type\":\"ReadAction\",\"target\":[\"https:\/\/www.buhl.de\/vermieter-web\/co2-preis-steigt-gas-und-oelheizung-werden-teurer\/\"]}]},{\"@type\":\"ImageObject\",\"inLanguage\":\"de\",\"@id\":\"https:\/\/www.buhl.de\/vermieter-web\/co2-preis-steigt-gas-und-oelheizung-werden-teurer\/#primaryimage\",\"url\":\"https:\/\/www.buhl.de\/vermieter-web\/wp-content\/uploads\/sites\/33\/2025\/09\/Andrii-Synenkyi-Heizung-Sparschwein.jpg\",\"contentUrl\":\"https:\/\/www.buhl.de\/vermieter-web\/wp-content\/uploads\/sites\/33\/2025\/09\/Andrii-Synenkyi-Heizung-Sparschwein.jpg\",\"width\":1063,\"height\":532},{\"@type\":\"BreadcrumbList\",\"@id\":\"https:\/\/www.buhl.de\/vermieter-web\/co2-preis-steigt-gas-und-oelheizung-werden-teurer\/#breadcrumb\",\"itemListElement\":[{\"@type\":\"ListItem\",\"position\":1,\"name\":\"Startseite\",\"item\":\"https:\/\/www.buhl.de\/vermieter-web\/\"},{\"@type\":\"ListItem\",\"position\":2,\"name\":\"CO2-Preis steigt \u2013 Gas- und \u00d6lheizung werden teurer\"}]},{\"@type\":\"WebSite\",\"@id\":\"https:\/\/www.buhl.de\/vermieter-web\/#website\",\"url\":\"https:\/\/www.buhl.de\/vermieter-web\/\",\"name\":\"Online-Nebenkostenabrechnung mit WISO Vermieter-Web\",\"description\":\"\",\"potentialAction\":[{\"@type\":\"SearchAction\",\"target\":{\"@type\":\"EntryPoint\",\"urlTemplate\":\"https:\/\/www.buhl.de\/vermieter-web\/?s={search_term_string}\"},\"query-input\":{\"@type\":\"PropertyValueSpecification\",\"valueRequired\":true,\"valueName\":\"search_term_string\"}}],\"inLanguage\":\"de\"},{\"@type\":\"Person\",\"@id\":\"https:\/\/www.buhl.de\/vermieter-web\/#\/schema\/person\/82903e1cb04eb553382702d503991b4f\",\"name\":\"Hartmut Fischer\"}]}<\/script>\n<!-- \/ Yoast SEO Premium plugin. -->","yoast_head_json":{"title":"CO2-Preis steigt \u2013 Gas- und \u00d6lheizung werden teurer","description":"Der CO2-Preis wird 2026 letztmalig vom Staat festgelegt. Ab 2027 wird er \u00fcber den Europ\u00e4ischen Emissionshandel (ETS II) festgelegt.","robots":{"index":"noindex","follow":"nofollow"},"og_locale":"de_DE","og_type":"article","og_title":"CO2-Preis steigt \u2013 Gas- und \u00d6lheizung werden teurer","og_description":"Der CO2-Preis wird 2026 letztmalig vom Staat festgelegt. Ab 2027 wird er \u00fcber den Europ\u00e4ischen Emissionshandel (ETS II) festgelegt.","og_url":"https:\/\/www.buhl.de\/vermieter-web\/co2-preis-steigt-gas-und-oelheizung-werden-teurer\/","og_site_name":"Online-Nebenkostenabrechnung mit WISO Vermieter-Web","article_published_time":"2025-10-14T08:40:35+00:00","article_modified_time":"2025-11-03T09:04:33+00:00","og_image":[{"width":1063,"height":532,"url":"https:\/\/www.buhl.de\/vermieter-web\/wp-content\/uploads\/sites\/33\/2025\/09\/Andrii-Synenkyi-Heizung-Sparschwein.jpg","type":"image\/jpeg"}],"author":"Hartmut Fischer","twitter_card":"summary_large_image","twitter_misc":{"Verfasst von":"Hartmut Fischer","Gesch\u00e4tzte Lesezeit":"2\u00a0Minuten"},"schema":{"@context":"https:\/\/schema.org","@graph":[{"@type":"Article","@id":"https:\/\/www.buhl.de\/vermieter-web\/co2-preis-steigt-gas-und-oelheizung-werden-teurer\/#article","isPartOf":{"@id":"https:\/\/www.buhl.de\/vermieter-web\/co2-preis-steigt-gas-und-oelheizung-werden-teurer\/"},"author":{"name":"Hartmut Fischer","@id":"https:\/\/www.buhl.de\/vermieter-web\/#\/schema\/person\/82903e1cb04eb553382702d503991b4f"},"headline":"CO2-Preis steigt \u2013 Gas- und \u00d6lheizung werden teurer","datePublished":"2025-10-14T08:40:35+00:00","dateModified":"2025-11-03T09:04:33+00:00","mainEntityOfPage":{"@id":"https:\/\/www.buhl.de\/vermieter-web\/co2-preis-steigt-gas-und-oelheizung-werden-teurer\/"},"wordCount":304,"image":{"@id":"https:\/\/www.buhl.de\/vermieter-web\/co2-preis-steigt-gas-und-oelheizung-werden-teurer\/#primaryimage"},"thumbnailUrl":"https:\/\/www.buhl.de\/vermieter-web\/wp-content\/uploads\/sites\/33\/2025\/09\/Andrii-Synenkyi-Heizung-Sparschwein.jpg","keywords":["CO2","Gas","Heizung","\u00d6l"],"inLanguage":"de"},{"@type":"WebPage","@id":"https:\/\/www.buhl.de\/vermieter-web\/co2-preis-steigt-gas-und-oelheizung-werden-teurer\/","url":"https:\/\/www.buhl.de\/vermieter-web\/co2-preis-steigt-gas-und-oelheizung-werden-teurer\/","name":"CO2-Preis steigt \u2013 Gas- und \u00d6lheizung werden teurer","isPartOf":{"@id":"https:\/\/www.buhl.de\/vermieter-web\/#website"},"primaryImageOfPage":{"@id":"https:\/\/www.buhl.de\/vermieter-web\/co2-preis-steigt-gas-und-oelheizung-werden-teurer\/#primaryimage"},"image":{"@id":"https:\/\/www.buhl.de\/vermieter-web\/co2-preis-steigt-gas-und-oelheizung-werden-teurer\/#primaryimage"},"thumbnailUrl":"https:\/\/www.buhl.de\/vermieter-web\/wp-content\/uploads\/sites\/33\/2025\/09\/Andrii-Synenkyi-Heizung-Sparschwein.jpg","datePublished":"2025-10-14T08:40:35+00:00","dateModified":"2025-11-03T09:04:33+00:00","author":{"@id":"https:\/\/www.buhl.de\/vermieter-web\/#\/schema\/person\/82903e1cb04eb553382702d503991b4f"},"description":"Der CO2-Preis wird 2026 letztmalig vom Staat festgelegt. Ab 2027 wird er \u00fcber den Europ\u00e4ischen Emissionshandel (ETS II) festgelegt.","breadcrumb":{"@id":"https:\/\/www.buhl.de\/vermieter-web\/co2-preis-steigt-gas-und-oelheizung-werden-teurer\/#breadcrumb"},"inLanguage":"de","potentialAction":[{"@type":"ReadAction","target":["https:\/\/www.buhl.de\/vermieter-web\/co2-preis-steigt-gas-und-oelheizung-werden-teurer\/"]}]},{"@type":"ImageObject","inLanguage":"de","@id":"https:\/\/www.buhl.de\/vermieter-web\/co2-preis-steigt-gas-und-oelheizung-werden-teurer\/#primaryimage","url":"https:\/\/www.buhl.de\/vermieter-web\/wp-content\/uploads\/sites\/33\/2025\/09\/Andrii-Synenkyi-Heizung-Sparschwein.jpg","contentUrl":"https:\/\/www.buhl.de\/vermieter-web\/wp-content\/uploads\/sites\/33\/2025\/09\/Andrii-Synenkyi-Heizung-Sparschwein.jpg","width":1063,"height":532},{"@type":"BreadcrumbList","@id":"https:\/\/www.buhl.de\/vermieter-web\/co2-preis-steigt-gas-und-oelheizung-werden-teurer\/#breadcrumb","itemListElement":[{"@type":"ListItem","position":1,"name":"Startseite","item":"https:\/\/www.buhl.de\/vermieter-web\/"},{"@type":"ListItem","position":2,"name":"CO2-Preis steigt \u2013 Gas- und \u00d6lheizung werden teurer"}]},{"@type":"WebSite","@id":"https:\/\/www.buhl.de\/vermieter-web\/#website","url":"https:\/\/www.buhl.de\/vermieter-web\/","name":"Online-Nebenkostenabrechnung mit WISO Vermieter-Web","description":"","potentialAction":[{"@type":"SearchAction","target":{"@type":"EntryPoint","urlTemplate":"https:\/\/www.buhl.de\/vermieter-web\/?s={search_term_string}"},"query-input":{"@type":"PropertyValueSpecification","valueRequired":true,"valueName":"search_term_string"}}],"inLanguage":"de"},{"@type":"Person","@id":"https:\/\/www.buhl.de\/vermieter-web\/#\/schema\/person\/82903e1cb04eb553382702d503991b4f","name":"Hartmut Fischer"}]}},"_links":{"self":[{"href":"https:\/\/www.buhl.de\/vermieter-web\/wp-json\/wp\/v2\/posts\/17341","targetHints":{"allow":["GET"]}}],"collection":[{"href":"https:\/\/www.buhl.de\/vermieter-web\/wp-json\/wp\/v2\/posts"}],"about":[{"href":"https:\/\/www.buhl.de\/vermieter-web\/wp-json\/wp\/v2\/types\/post"}],"author":[{"embeddable":true,"href":"https:\/\/www.buhl.de\/vermieter-web\/wp-json\/wp\/v2\/users\/15"}],"replies":[{"embeddable":true,"href":"https:\/\/www.buhl.de\/vermieter-web\/wp-json\/wp\/v2\/comments?post=17341"}],"version-history":[{"count":2,"href":"https:\/\/www.buhl.de\/vermieter-web\/wp-json\/wp\/v2\/posts\/17341\/revisions"}],"predecessor-version":[{"id":17388,"href":"https:\/\/www.buhl.de\/vermieter-web\/wp-json\/wp\/v2\/posts\/17341\/revisions\/17388"}],"wp:featuredmedia":[{"embeddable":true,"href":"https:\/\/www.buhl.de\/vermieter-web\/wp-json\/wp\/v2\/media\/17305"}],"wp:attachment":[{"href":"https:\/\/www.buhl.de\/vermieter-web\/wp-json\/wp\/v2\/media?parent=17341"}],"wp:term":[{"taxonomy":"category","embeddable":true,"href":"https:\/\/www.buhl.de\/vermieter-web\/wp-json\/wp\/v2\/categories?post=17341"},{"taxonomy":"post_tag","embeddable":true,"href":"https:\/\/www.buhl.de\/vermieter-web\/wp-json\/wp\/v2\/tags?post=17341"}],"curies":[{"name":"wp","href":"https:\/\/api.w.org\/{rel}","templated":true}]}}