{"id":17349,"date":"2025-10-22T18:22:05","date_gmt":"2025-10-22T16:22:05","guid":{"rendered":"https:\/\/www.buhl.de\/vermieter-web\/?p=17349"},"modified":"2025-11-03T10:04:32","modified_gmt":"2025-11-03T09:04:32","slug":"versicherung-gegen-mietausfall","status":"publish","type":"post","link":"https:\/\/www.buhl.de\/vermieter-web\/versicherung-gegen-mietausfall\/","title":{"rendered":"Versicherung gegen Mietausfall?"},"content":{"rendered":"<p><strong>Gerade dann, wenn die Mieteinnahmen beispielsweise zur Finanzierung des Neubaus gebraucht werden, ist ein Mietausfall nur schwer zu verkraften. Nahezu alle Versicherungsgesellschaften bieten inzwischen Mietausfallversicherungen an. Doch ist solch eine Versicherung gegen Mietausfall wirklich sinnvoll?<\/strong><\/p>\n<h5>Mietausfall \u2013 eine Ausnahme?<\/h5>\n<p>Zun\u00e4chst stellt sich die Frage, ob eine Mietausfall-Versicherung \u00fcberhaupt notwendig ist. Nat\u00fcrlich werden Sie schon bei der Auswahl des Mieters darauf achten, dass der potenzielle Mieter auch in der Lage ist, seine Verpflichtungen zu erf\u00fcllen. Dennoch kann es vorkommen, dass der Mieter \u2013 beispielsweise durch Erwerbslosigkeit \u2013 in eine finanzielle Zwangslage kommt und seine Miete nicht mehr zahlen kann.<\/p>\n<p>Kommt es durch solche H\u00e4rtef\u00e4lle zum Mietausfall, hat sich das Gespr\u00e4ch mit dem Mieter bew\u00e4hrt. Wenn ein Mieter die Miete nicht zahlen kann, ist ein Gespr\u00e4ch m\u00f6glich. Will er aber nicht zahlen, bringen auch Gespr\u00e4che nichts.<\/p>\n<p>Insgesamt gesehen kommen Mietausf\u00e4lle in Deutschland in einem \u00fcberschaubaren Ma\u00dfe vor. Dennoch kann man den Mietausfall nicht ausschlie\u00dfen.<\/p>\n<h5>Wie hilft eine Mietausfall-Versicherung?<\/h5>\n<p>Eine Mietausfall-Versicherung springt ein, wenn der Mieter seinen finanziellen Verpflichtungen nicht nachkommt. In welchem Umfang und unter welchen Voraussetzungen die Versicherung einspringt, ergibt sich aus einem Vertrag, den Sie genau lesen sollten. Meist haftet die Versicherung f\u00fcr den Mietausfall bis zu einem halben oder auch ganzen Jahr. Je nachdem, wie der Vertrag ausgestaltet ist, kann es auch sein, dass die Versicherung bei Leerstand eintritt. Entscheidend ist, was Sie im Vertrag vereinbaren.<\/p>\n<h5>Was kostet eine Mietausfall-Versicherung?<\/h5>\n<p>Die H\u00f6he der Versicherungspr\u00e4mie richtet sich nach dem vereinbarten Leistungsumfang und bel\u00e4uft sich normalerweise auf 2 bis 3 % der Miete. \u00dcblicherweise werden Betriebskosten von der Versicherung nicht \u00fcbernommen. Bei einer monatlichen Miete von 800,00 \u20ac k\u00f6nnten also monatlich zwischen 16 und 24 EUR anfallen.<\/p>\n<p>Einige Versicherungen bieten auch an, die Pr\u00e4mie f\u00fcr ein Jahr zu zahlen, was dann etwas g\u00fcnstiger wird, als die monatliche Zahlung.<\/p>\n<p>Sie k\u00f6nnen h\u00e4ufig auch zus\u00e4tzliche Leistungen mitversichern: Kosten eines Rechtsstreits mit dem Mieter, \u00dcbernahme der Sch\u00e4den an der Mietwohnung, Ausgaben f\u00fcr die Suche nach einem neuen Mieter und \u00c4hnliches. Dann ist die Versicherungspr\u00e4mie allerdings h\u00f6her.<\/p>\n<h5>Ist eine Mietausfall-Versicherung sinnvoll?<\/h5>\n<p>Eine Mietausfallversicherung d\u00fcrfte in den meisten F\u00e4llen nicht zwingend notwendig sein. Sinnvoll wird sie, wenn Sie ein h\u00f6heres Risiko absichern wollen. Die w\u00e4re etwa der Fall, wenn \u00fcber die Miete Kreditraten abgetragen werden sollen. Insgesamt gesehen d\u00fcrfte aber die Mietausfallversicherung bei einem Vermieter einer Wohneinheit nur wenig Sinn ergeben.<\/p>\n<hr \/>\n<h5>Das k\u00f6nnte Sie auch interessieren:<\/h5>\n<p><a href=\"https:\/\/www.buhl.de\/vermieter-web\/der-richtige-weg-zur-mieterhoehung\/\">Der richtige Weg zur Mieterh\u00f6hung<\/a><br \/>\n<a href=\"https:\/\/www.buhl.de\/vermieter-web\/rueckforderung-bei-zu-viel-gezahlter-miete\/\">R\u00fcckforderung bei zu viel gezahlter Miete<\/a><br \/>\n<a href=\"https:\/\/www.buhl.de\/vermieter-web\/zahlung-in-der-schonfrist-hebt-ordentliche-kuendigung-nicht-auf\/\">Zahlung in der Schonfrist hebt ordentliche K\u00fcndigung nicht auf<\/a><\/p>\n<hr \/>\n","protected":false},"excerpt":{"rendered":"<p>Gerade dann, wenn die Mieteinnahmen beispielsweise zur Finanzierung des Neubaus gebraucht werden, ist ein Mietausfall nur schwer zu verkraften. Nahezu alle Versicherungsgesellschaften bieten inzwischen Mietausfallversicherungen an. Doch ist solch eine Versicherung gegen Mietausfall wirklich sinnvoll? Mietausfall \u2013 eine Ausnahme? Zun\u00e4chst stellt sich die Frage, ob eine Mietausfall-Versicherung \u00fcberhaupt notwendig ist. Nat\u00fcrlich werden Sie schon bei &hellip; <\/p>\n<p class=\"link-more\"><a href=\"https:\/\/www.buhl.de\/vermieter-web\/versicherung-gegen-mietausfall\/\" class=\"more-link\"><span class=\"screen-reader-text\">\u201eVersicherung gegen Mietausfall?\u201c<\/span> weiterlesen<\/a><\/p>\n","protected":false},"author":15,"featured_media":17351,"comment_status":"closed","ping_status":"open","sticky":false,"template":"","format":"standard","meta":{"footnotes":""},"categories":[1],"tags":[4558,5623],"class_list":["post-17349","post","type-post","status-publish","format-standard","has-post-thumbnail","hentry","category-allgemein","tag-mietausfall","tag-versicherung"],"yoast_head":"<!-- This site is optimized with the Yoast SEO Premium plugin v27.4 (Yoast SEO v27.5) - https:\/\/yoast.com\/product\/yoast-seo-premium-wordpress\/ -->\n<title>Versicherung gegen Mietausfall<\/title>\n<meta name=\"description\" content=\"Kommt der Mieter seinen Verpflichtungen nicht mehr nach, kann eine Mietausfall-Versicherung einspringen\u00a0\u2013 doch lohnen sich die Kosten?\" \/>\n<meta name=\"robots\" content=\"noindex, nofollow\" \/>\n<meta property=\"og:locale\" content=\"de_DE\" \/>\n<meta property=\"og:type\" content=\"article\" \/>\n<meta property=\"og:title\" content=\"Versicherung gegen Mietausfall?\" \/>\n<meta property=\"og:description\" content=\"Kommt der Mieter seinen Verpflichtungen nicht mehr nach, kann eine Mietausfall-Versicherung einspringen\u00a0\u2013 doch lohnen sich die Kosten?\" \/>\n<meta property=\"og:url\" content=\"https:\/\/www.buhl.de\/vermieter-web\/versicherung-gegen-mietausfall\/\" \/>\n<meta property=\"og:site_name\" content=\"Online-Nebenkostenabrechnung mit WISO Vermieter-Web\" \/>\n<meta property=\"article:published_time\" content=\"2025-10-22T16:22:05+00:00\" \/>\n<meta property=\"article:modified_time\" content=\"2025-11-03T09:04:32+00:00\" \/>\n<meta property=\"og:image\" content=\"https:\/\/www.buhl.de\/vermieter-web\/wp-content\/uploads\/sites\/33\/2025\/10\/Pleite-Sanhanat-Pimpa-Veccteezy.jpg\" \/>\n\t<meta property=\"og:image:width\" content=\"1063\" \/>\n\t<meta property=\"og:image:height\" content=\"543\" \/>\n\t<meta property=\"og:image:type\" content=\"image\/jpeg\" \/>\n<meta name=\"author\" content=\"Hartmut Fischer\" \/>\n<meta name=\"twitter:card\" content=\"summary_large_image\" \/>\n<meta name=\"twitter:label1\" content=\"Verfasst von\" \/>\n\t<meta name=\"twitter:data1\" content=\"Hartmut Fischer\" \/>\n\t<meta name=\"twitter:label2\" content=\"Gesch\u00e4tzte Lesezeit\" \/>\n\t<meta name=\"twitter:data2\" content=\"3\u00a0Minuten\" \/>\n<script type=\"application\/ld+json\" class=\"yoast-schema-graph\">{\"@context\":\"https:\\\/\\\/schema.org\",\"@graph\":[{\"@type\":\"Article\",\"@id\":\"https:\\\/\\\/www.buhl.de\\\/vermieter-web\\\/versicherung-gegen-mietausfall\\\/#article\",\"isPartOf\":{\"@id\":\"https:\\\/\\\/www.buhl.de\\\/vermieter-web\\\/versicherung-gegen-mietausfall\\\/\"},\"author\":{\"name\":\"Hartmut Fischer\",\"@id\":\"https:\\\/\\\/www.buhl.de\\\/vermieter-web\\\/#\\\/schema\\\/person\\\/82903e1cb04eb553382702d503991b4f\"},\"headline\":\"Versicherung gegen Mietausfall?\",\"datePublished\":\"2025-10-22T16:22:05+00:00\",\"dateModified\":\"2025-11-03T09:04:32+00:00\",\"mainEntityOfPage\":{\"@id\":\"https:\\\/\\\/www.buhl.de\\\/vermieter-web\\\/versicherung-gegen-mietausfall\\\/\"},\"wordCount\":440,\"image\":{\"@id\":\"https:\\\/\\\/www.buhl.de\\\/vermieter-web\\\/versicherung-gegen-mietausfall\\\/#primaryimage\"},\"thumbnailUrl\":\"https:\\\/\\\/www.buhl.de\\\/vermieter-web\\\/wp-content\\\/uploads\\\/sites\\\/33\\\/2025\\\/10\\\/Pleite-Sanhanat-Pimpa-Veccteezy.jpg\",\"keywords\":[\"Mietausfall\",\"Versicherung\"],\"inLanguage\":\"de\"},{\"@type\":\"WebPage\",\"@id\":\"https:\\\/\\\/www.buhl.de\\\/vermieter-web\\\/versicherung-gegen-mietausfall\\\/\",\"url\":\"https:\\\/\\\/www.buhl.de\\\/vermieter-web\\\/versicherung-gegen-mietausfall\\\/\",\"name\":\"Versicherung gegen Mietausfall\",\"isPartOf\":{\"@id\":\"https:\\\/\\\/www.buhl.de\\\/vermieter-web\\\/#website\"},\"primaryImageOfPage\":{\"@id\":\"https:\\\/\\\/www.buhl.de\\\/vermieter-web\\\/versicherung-gegen-mietausfall\\\/#primaryimage\"},\"image\":{\"@id\":\"https:\\\/\\\/www.buhl.de\\\/vermieter-web\\\/versicherung-gegen-mietausfall\\\/#primaryimage\"},\"thumbnailUrl\":\"https:\\\/\\\/www.buhl.de\\\/vermieter-web\\\/wp-content\\\/uploads\\\/sites\\\/33\\\/2025\\\/10\\\/Pleite-Sanhanat-Pimpa-Veccteezy.jpg\",\"datePublished\":\"2025-10-22T16:22:05+00:00\",\"dateModified\":\"2025-11-03T09:04:32+00:00\",\"author\":{\"@id\":\"https:\\\/\\\/www.buhl.de\\\/vermieter-web\\\/#\\\/schema\\\/person\\\/82903e1cb04eb553382702d503991b4f\"},\"description\":\"Kommt der Mieter seinen Verpflichtungen nicht mehr nach, kann eine Mietausfall-Versicherung einspringen\u00a0\u2013 doch lohnen sich die Kosten?\",\"breadcrumb\":{\"@id\":\"https:\\\/\\\/www.buhl.de\\\/vermieter-web\\\/versicherung-gegen-mietausfall\\\/#breadcrumb\"},\"inLanguage\":\"de\",\"potentialAction\":[{\"@type\":\"ReadAction\",\"target\":[\"https:\\\/\\\/www.buhl.de\\\/vermieter-web\\\/versicherung-gegen-mietausfall\\\/\"]}]},{\"@type\":\"ImageObject\",\"inLanguage\":\"de\",\"@id\":\"https:\\\/\\\/www.buhl.de\\\/vermieter-web\\\/versicherung-gegen-mietausfall\\\/#primaryimage\",\"url\":\"https:\\\/\\\/www.buhl.de\\\/vermieter-web\\\/wp-content\\\/uploads\\\/sites\\\/33\\\/2025\\\/10\\\/Pleite-Sanhanat-Pimpa-Veccteezy.jpg\",\"contentUrl\":\"https:\\\/\\\/www.buhl.de\\\/vermieter-web\\\/wp-content\\\/uploads\\\/sites\\\/33\\\/2025\\\/10\\\/Pleite-Sanhanat-Pimpa-Veccteezy.jpg\",\"width\":1063,\"height\":543},{\"@type\":\"BreadcrumbList\",\"@id\":\"https:\\\/\\\/www.buhl.de\\\/vermieter-web\\\/versicherung-gegen-mietausfall\\\/#breadcrumb\",\"itemListElement\":[{\"@type\":\"ListItem\",\"position\":1,\"name\":\"Startseite\",\"item\":\"https:\\\/\\\/www.buhl.de\\\/vermieter-web\\\/\"},{\"@type\":\"ListItem\",\"position\":2,\"name\":\"Versicherung gegen Mietausfall?\"}]},{\"@type\":\"WebSite\",\"@id\":\"https:\\\/\\\/www.buhl.de\\\/vermieter-web\\\/#website\",\"url\":\"https:\\\/\\\/www.buhl.de\\\/vermieter-web\\\/\",\"name\":\"Online-Nebenkostenabrechnung mit WISO Vermieter-Web\",\"description\":\"\",\"potentialAction\":[{\"@type\":\"SearchAction\",\"target\":{\"@type\":\"EntryPoint\",\"urlTemplate\":\"https:\\\/\\\/www.buhl.de\\\/vermieter-web\\\/?s={search_term_string}\"},\"query-input\":{\"@type\":\"PropertyValueSpecification\",\"valueRequired\":true,\"valueName\":\"search_term_string\"}}],\"inLanguage\":\"de\"},{\"@type\":\"Person\",\"@id\":\"https:\\\/\\\/www.buhl.de\\\/vermieter-web\\\/#\\\/schema\\\/person\\\/82903e1cb04eb553382702d503991b4f\",\"name\":\"Hartmut Fischer\"}]}<\/script>\n<!-- \/ Yoast SEO Premium plugin. -->","yoast_head_json":{"title":"Versicherung gegen Mietausfall","description":"Kommt der Mieter seinen Verpflichtungen nicht mehr nach, kann eine Mietausfall-Versicherung einspringen\u00a0\u2013 doch lohnen sich die Kosten?","robots":{"index":"noindex","follow":"nofollow"},"og_locale":"de_DE","og_type":"article","og_title":"Versicherung gegen Mietausfall?","og_description":"Kommt der Mieter seinen Verpflichtungen nicht mehr nach, kann eine Mietausfall-Versicherung einspringen\u00a0\u2013 doch lohnen sich die Kosten?","og_url":"https:\/\/www.buhl.de\/vermieter-web\/versicherung-gegen-mietausfall\/","og_site_name":"Online-Nebenkostenabrechnung mit WISO Vermieter-Web","article_published_time":"2025-10-22T16:22:05+00:00","article_modified_time":"2025-11-03T09:04:32+00:00","og_image":[{"width":1063,"height":543,"url":"https:\/\/www.buhl.de\/vermieter-web\/wp-content\/uploads\/sites\/33\/2025\/10\/Pleite-Sanhanat-Pimpa-Veccteezy.jpg","type":"image\/jpeg"}],"author":"Hartmut Fischer","twitter_card":"summary_large_image","twitter_misc":{"Verfasst von":"Hartmut Fischer","Gesch\u00e4tzte Lesezeit":"3\u00a0Minuten"},"schema":{"@context":"https:\/\/schema.org","@graph":[{"@type":"Article","@id":"https:\/\/www.buhl.de\/vermieter-web\/versicherung-gegen-mietausfall\/#article","isPartOf":{"@id":"https:\/\/www.buhl.de\/vermieter-web\/versicherung-gegen-mietausfall\/"},"author":{"name":"Hartmut Fischer","@id":"https:\/\/www.buhl.de\/vermieter-web\/#\/schema\/person\/82903e1cb04eb553382702d503991b4f"},"headline":"Versicherung gegen Mietausfall?","datePublished":"2025-10-22T16:22:05+00:00","dateModified":"2025-11-03T09:04:32+00:00","mainEntityOfPage":{"@id":"https:\/\/www.buhl.de\/vermieter-web\/versicherung-gegen-mietausfall\/"},"wordCount":440,"image":{"@id":"https:\/\/www.buhl.de\/vermieter-web\/versicherung-gegen-mietausfall\/#primaryimage"},"thumbnailUrl":"https:\/\/www.buhl.de\/vermieter-web\/wp-content\/uploads\/sites\/33\/2025\/10\/Pleite-Sanhanat-Pimpa-Veccteezy.jpg","keywords":["Mietausfall","Versicherung"],"inLanguage":"de"},{"@type":"WebPage","@id":"https:\/\/www.buhl.de\/vermieter-web\/versicherung-gegen-mietausfall\/","url":"https:\/\/www.buhl.de\/vermieter-web\/versicherung-gegen-mietausfall\/","name":"Versicherung gegen Mietausfall","isPartOf":{"@id":"https:\/\/www.buhl.de\/vermieter-web\/#website"},"primaryImageOfPage":{"@id":"https:\/\/www.buhl.de\/vermieter-web\/versicherung-gegen-mietausfall\/#primaryimage"},"image":{"@id":"https:\/\/www.buhl.de\/vermieter-web\/versicherung-gegen-mietausfall\/#primaryimage"},"thumbnailUrl":"https:\/\/www.buhl.de\/vermieter-web\/wp-content\/uploads\/sites\/33\/2025\/10\/Pleite-Sanhanat-Pimpa-Veccteezy.jpg","datePublished":"2025-10-22T16:22:05+00:00","dateModified":"2025-11-03T09:04:32+00:00","author":{"@id":"https:\/\/www.buhl.de\/vermieter-web\/#\/schema\/person\/82903e1cb04eb553382702d503991b4f"},"description":"Kommt der Mieter seinen Verpflichtungen nicht mehr nach, kann eine Mietausfall-Versicherung einspringen\u00a0\u2013 doch lohnen sich die Kosten?","breadcrumb":{"@id":"https:\/\/www.buhl.de\/vermieter-web\/versicherung-gegen-mietausfall\/#breadcrumb"},"inLanguage":"de","potentialAction":[{"@type":"ReadAction","target":["https:\/\/www.buhl.de\/vermieter-web\/versicherung-gegen-mietausfall\/"]}]},{"@type":"ImageObject","inLanguage":"de","@id":"https:\/\/www.buhl.de\/vermieter-web\/versicherung-gegen-mietausfall\/#primaryimage","url":"https:\/\/www.buhl.de\/vermieter-web\/wp-content\/uploads\/sites\/33\/2025\/10\/Pleite-Sanhanat-Pimpa-Veccteezy.jpg","contentUrl":"https:\/\/www.buhl.de\/vermieter-web\/wp-content\/uploads\/sites\/33\/2025\/10\/Pleite-Sanhanat-Pimpa-Veccteezy.jpg","width":1063,"height":543},{"@type":"BreadcrumbList","@id":"https:\/\/www.buhl.de\/vermieter-web\/versicherung-gegen-mietausfall\/#breadcrumb","itemListElement":[{"@type":"ListItem","position":1,"name":"Startseite","item":"https:\/\/www.buhl.de\/vermieter-web\/"},{"@type":"ListItem","position":2,"name":"Versicherung gegen Mietausfall?"}]},{"@type":"WebSite","@id":"https:\/\/www.buhl.de\/vermieter-web\/#website","url":"https:\/\/www.buhl.de\/vermieter-web\/","name":"Online-Nebenkostenabrechnung mit WISO Vermieter-Web","description":"","potentialAction":[{"@type":"SearchAction","target":{"@type":"EntryPoint","urlTemplate":"https:\/\/www.buhl.de\/vermieter-web\/?s={search_term_string}"},"query-input":{"@type":"PropertyValueSpecification","valueRequired":true,"valueName":"search_term_string"}}],"inLanguage":"de"},{"@type":"Person","@id":"https:\/\/www.buhl.de\/vermieter-web\/#\/schema\/person\/82903e1cb04eb553382702d503991b4f","name":"Hartmut Fischer"}]}},"_links":{"self":[{"href":"https:\/\/www.buhl.de\/vermieter-web\/wp-json\/wp\/v2\/posts\/17349","targetHints":{"allow":["GET"]}}],"collection":[{"href":"https:\/\/www.buhl.de\/vermieter-web\/wp-json\/wp\/v2\/posts"}],"about":[{"href":"https:\/\/www.buhl.de\/vermieter-web\/wp-json\/wp\/v2\/types\/post"}],"author":[{"embeddable":true,"href":"https:\/\/www.buhl.de\/vermieter-web\/wp-json\/wp\/v2\/users\/15"}],"replies":[{"embeddable":true,"href":"https:\/\/www.buhl.de\/vermieter-web\/wp-json\/wp\/v2\/comments?post=17349"}],"version-history":[{"count":2,"href":"https:\/\/www.buhl.de\/vermieter-web\/wp-json\/wp\/v2\/posts\/17349\/revisions"}],"predecessor-version":[{"id":17386,"href":"https:\/\/www.buhl.de\/vermieter-web\/wp-json\/wp\/v2\/posts\/17349\/revisions\/17386"}],"wp:featuredmedia":[{"embeddable":true,"href":"https:\/\/www.buhl.de\/vermieter-web\/wp-json\/wp\/v2\/media\/17351"}],"wp:attachment":[{"href":"https:\/\/www.buhl.de\/vermieter-web\/wp-json\/wp\/v2\/media?parent=17349"}],"wp:term":[{"taxonomy":"category","embeddable":true,"href":"https:\/\/www.buhl.de\/vermieter-web\/wp-json\/wp\/v2\/categories?post=17349"},{"taxonomy":"post_tag","embeddable":true,"href":"https:\/\/www.buhl.de\/vermieter-web\/wp-json\/wp\/v2\/tags?post=17349"}],"curies":[{"name":"wp","href":"https:\/\/api.w.org\/{rel}","templated":true}]}}