{"id":17459,"date":"2025-11-14T09:38:52","date_gmt":"2025-11-14T08:38:52","guid":{"rendered":"https:\/\/www.buhl.de\/vermieter-web\/?p=17459"},"modified":"2025-11-26T11:27:01","modified_gmt":"2025-11-26T10:27:01","slug":"eigenleistungen-in-der-nebenkostenabrechnung","status":"publish","type":"post","link":"https:\/\/www.buhl.de\/vermieter-web\/eigenleistungen-in-der-nebenkostenabrechnung\/","title":{"rendered":"Eigenleistungen in der Nebenkostenabrechnung?"},"content":{"rendered":"<p><strong>Die steigenden Kosten wirken sich nat\u00fcrlich auf die Nebenkostenabrechnung aus. Entsprechend genau pr\u00fcfen die Mieter, die ihnen vorgelegte Abrechnung. Dabei kommt es in vielen F\u00e4llen zu Kontroversen, wenn der Vermieter Eigenleistungen in Rechnung stellt. Grunds\u00e4tzlich gilt, dass Eigenleistungen des Vermieters in der Nebenkostenabrechnung abgerechnet werden k\u00f6nnen. Das hat der Bundesgerichtshof (BGH) bereits am 14.11.2012 entschieden (<a href=\"https:\/\/juris.bundesgerichtshof.de\/cgi-bin\/rechtsprechung\/document.py?Gericht=bgh&amp;Art=en&amp;nr=27838&amp;pos=0&amp;anz=1\">Aktenzeichen VIII ZR 41<\/a>).<\/strong><\/p>\n<h5>Mieter will Eigenleistungen nicht anerkennen<\/h5>\n<p>In dem Verfahren stritten Vermieter und Mieter \u00fcber die Abrechnung der Kosten f\u00fcr Hausmeister und Gartenpflege. Die abgerechneten Kosten waren vom Vermieter f\u00fcr die in diesen Bereichen erbrachte Eigenleistungen abgerechnet worden. Hierf\u00fcr hatte er die Nettokosten eines gewerblichen Anbieters zugrunde gelegt. Hierzu lag ein Angebot eines gewerblichen Anbieters vor. Die Abrechnung der Eigenleistungen wurden vom Mieter bestritten.<\/p>\n<h5>Bundesgerichtshof (BGH): Vermieter darf Eigenleistungen abrechnen<\/h5>\n<p>Der BGH entschied zugunsten des Vermieters. In der Urteilsbegr\u00fcndung f\u00fchrte er aus, dass der Vermieter grunds\u00e4tzlich nur die ihm tats\u00e4chlich entstandenen Kosten abrechnen darf. Aber Sie k\u00f6nnen \u201eeigene Sach- und Arbeitsleistungen mit dem Betrag berechnen, der f\u00fcr eine gleichwertige Leistung eines Dritten, insbesondere eines Unternehmens, angesetzt werden k\u00f6nnte\u201c. (<a href=\"https:\/\/www.gesetze-im-internet.de\/betrkv\/__1.html\">\u00a7\u00a01 Abs. 1 BetrK<\/a> \u2013 Betriebskostenverordnung).<\/p>\n<h5>Wann sind Eigenleistungen abrechenbare Nebenkosten?<\/h5>\n<p>Eigenleistungen sind nur umlagef\u00e4hig, wenn die Arbeiten tats\u00e4chlich ausgef\u00fchrt wurden und als Betriebskostenposition in der Betriebskostenverordnung aufgef\u00fchrt sind. Machen Sie die folgenden Angaben in der Nebenkostenabrechnung:<\/p>\n<ul>\n<li>die ausgef\u00fchrte T\u00e4tigkeit,<\/li>\n<li>Zeit der ausge\u00fcbten T\u00e4tigkeit<\/li>\n<li>Anzahl der geleisteten Arbeitsstunden,<\/li>\n<li>der zugrunde gelegte, ort\u00fcbliche Stundenlohn (ohne Umsatzsteuer),<\/li>\n<li>Gesamtsumme der Eigenleistung<\/li>\n<\/ul>\n<p>Etwaige Materialkosten f\u00fcr die Arbeiten f\u00fchren Sie getrennt auf.<\/p>\n<h5>Diese Eigenleistungen k\u00f6nnen Sie nicht abrechnen<\/h5>\n<p>Bei Eigenleistungsabrechnungen ist es wichtig, dass ein &#8222;orts\u00fcblicher&#8220;\u00a0 Stundenlohn zugrunde liegt. Au\u00dferdem rechnen Sie bitte nur Eigenleistungen ab, die durch die Betriebskostenverordnung abgedeckt sind. Nicht abrechenbar sind deshalb Verwaltungskosten, Kosten der Instandhaltung, Werkzeugkosten und alle T\u00e4tigkeiten, die keine Betriebskosten sind (unter anderem Modernisierung).<\/p>\n<hr \/>\n<h5>Das k\u00f6nnte Sie auch interessieren:<\/h5>\n<p><a href=\"https:\/\/www.buhl.de\/vermieter-web\/betriebskosten-aenderung-des-verteilungsschluessel\/\">Betriebskosten: \u00c4nderung des Verteilungsschl\u00fcssel<\/a><br \/>\n<a href=\"https:\/\/www.buhl.de\/vermieter-web\/belegeinsicht-zur-betriebskostenabrechnung\/\">Belegeinsicht zur Betriebskostenabrechnung<\/a><br \/>\n<a href=\"https:\/\/www.buhl.de\/vermieter-web\/wirtschaftlichkeitsgebot-und-berliner-betriebskostenuebersicht\/\">Wirt\u00adschaftlich\u00adkeits\u00adgebot und Berliner Betriebs\u00adkosten\u00ad\u00fcbersicht<\/a><\/p>\n<hr \/>\n<p>&nbsp;<\/p>\n","protected":false},"excerpt":{"rendered":"<p>Die steigenden Kosten wirken sich nat\u00fcrlich auf die Nebenkostenabrechnung aus. Entsprechend genau pr\u00fcfen die Mieter, die ihnen vorgelegte Abrechnung. Dabei kommt es in vielen F\u00e4llen zu Kontroversen, wenn der Vermieter Eigenleistungen in Rechnung stellt. Grunds\u00e4tzlich gilt, dass Eigenleistungen des Vermieters in der Nebenkostenabrechnung abgerechnet werden k\u00f6nnen. Das hat der Bundesgerichtshof (BGH) bereits am 14.11.2012 entschieden &hellip; <\/p>\n<p class=\"link-more\"><a href=\"https:\/\/www.buhl.de\/vermieter-web\/eigenleistungen-in-der-nebenkostenabrechnung\/\" class=\"more-link\"><span class=\"screen-reader-text\">\u201eEigenleistungen in der Nebenkostenabrechnung?\u201c<\/span> weiterlesen<\/a><\/p>\n","protected":false},"author":15,"featured_media":17461,"comment_status":"closed","ping_status":"open","sticky":false,"template":"","format":"standard","meta":{"footnotes":""},"categories":[1],"tags":[705,457,6468,436],"class_list":["post-17459","post","type-post","status-publish","format-standard","has-post-thumbnail","hentry","category-allgemein","tag-abrechnung","tag-betriebskostenabrechnung","tag-eigenleistung","tag-nebenkostenabrechnung"],"yoast_head":"<!-- This site is optimized with the Yoast SEO Premium plugin v27.0 (Yoast SEO v27.0) - https:\/\/yoast.com\/product\/yoast-seo-premium-wordpress\/ -->\n<title>Eigeneleistungen in der Nebenkostenabrechnung<\/title>\n<meta name=\"description\" content=\"Eigenleistungen kann der Vermieter in der Nebenkostenabrechnung abrechnen, wenn es sich bei den Arbeiten um echte Nebenkosten handelt.\" \/>\n<meta name=\"robots\" content=\"noindex, nofollow\" \/>\n<meta property=\"og:locale\" content=\"de_DE\" \/>\n<meta property=\"og:type\" content=\"article\" \/>\n<meta property=\"og:title\" content=\"Eigenleistungen in der Nebenkostenabrechnung?\" \/>\n<meta property=\"og:description\" content=\"Eigenleistungen kann der Vermieter in der Nebenkostenabrechnung abrechnen, wenn es sich bei den Arbeiten um echte Nebenkosten handelt.\" \/>\n<meta property=\"og:url\" content=\"https:\/\/www.buhl.de\/vermieter-web\/eigenleistungen-in-der-nebenkostenabrechnung\/\" \/>\n<meta property=\"og:site_name\" content=\"Online-Nebenkostenabrechnung mit WISO Vermieter-Web\" \/>\n<meta property=\"article:published_time\" content=\"2025-11-14T08:38:52+00:00\" \/>\n<meta property=\"article:modified_time\" content=\"2025-11-26T10:27:01+00:00\" \/>\n<meta property=\"og:image\" content=\"https:\/\/www.buhl.de\/vermieter-web\/wp-content\/uploads\/sites\/33\/2025\/11\/Andrii-Synenkyi-Geld-Hausanhaenger.jpg\" \/>\n\t<meta property=\"og:image:width\" content=\"1063\" \/>\n\t<meta property=\"og:image:height\" content=\"543\" \/>\n\t<meta property=\"og:image:type\" content=\"image\/jpeg\" \/>\n<meta name=\"author\" content=\"Hartmut Fischer\" \/>\n<meta name=\"twitter:card\" content=\"summary_large_image\" \/>\n<meta name=\"twitter:label1\" content=\"Verfasst von\" \/>\n\t<meta name=\"twitter:data1\" content=\"Hartmut Fischer\" \/>\n\t<meta name=\"twitter:label2\" content=\"Gesch\u00e4tzte Lesezeit\" \/>\n\t<meta name=\"twitter:data2\" content=\"2\u00a0Minuten\" \/>\n<script type=\"application\/ld+json\" class=\"yoast-schema-graph\">{\"@context\":\"https:\/\/schema.org\",\"@graph\":[{\"@type\":\"Article\",\"@id\":\"https:\/\/www.buhl.de\/vermieter-web\/eigenleistungen-in-der-nebenkostenabrechnung\/#article\",\"isPartOf\":{\"@id\":\"https:\/\/www.buhl.de\/vermieter-web\/eigenleistungen-in-der-nebenkostenabrechnung\/\"},\"author\":{\"name\":\"Hartmut Fischer\",\"@id\":\"https:\/\/www.buhl.de\/vermieter-web\/#\/schema\/person\/82903e1cb04eb553382702d503991b4f\"},\"headline\":\"Eigenleistungen in der Nebenkostenabrechnung?\",\"datePublished\":\"2025-11-14T08:38:52+00:00\",\"dateModified\":\"2025-11-26T10:27:01+00:00\",\"mainEntityOfPage\":{\"@id\":\"https:\/\/www.buhl.de\/vermieter-web\/eigenleistungen-in-der-nebenkostenabrechnung\/\"},\"wordCount\":344,\"image\":{\"@id\":\"https:\/\/www.buhl.de\/vermieter-web\/eigenleistungen-in-der-nebenkostenabrechnung\/#primaryimage\"},\"thumbnailUrl\":\"https:\/\/www.buhl.de\/vermieter-web\/wp-content\/uploads\/sites\/33\/2025\/11\/Andrii-Synenkyi-Geld-Hausanhaenger.jpg\",\"keywords\":[\"Abrechnung\",\"Betriebskostenabrechnung\",\"Eigenleistung\",\"Nebenkostenabrechnung\"],\"inLanguage\":\"de\"},{\"@type\":\"WebPage\",\"@id\":\"https:\/\/www.buhl.de\/vermieter-web\/eigenleistungen-in-der-nebenkostenabrechnung\/\",\"url\":\"https:\/\/www.buhl.de\/vermieter-web\/eigenleistungen-in-der-nebenkostenabrechnung\/\",\"name\":\"Eigeneleistungen in der Nebenkostenabrechnung\",\"isPartOf\":{\"@id\":\"https:\/\/www.buhl.de\/vermieter-web\/#website\"},\"primaryImageOfPage\":{\"@id\":\"https:\/\/www.buhl.de\/vermieter-web\/eigenleistungen-in-der-nebenkostenabrechnung\/#primaryimage\"},\"image\":{\"@id\":\"https:\/\/www.buhl.de\/vermieter-web\/eigenleistungen-in-der-nebenkostenabrechnung\/#primaryimage\"},\"thumbnailUrl\":\"https:\/\/www.buhl.de\/vermieter-web\/wp-content\/uploads\/sites\/33\/2025\/11\/Andrii-Synenkyi-Geld-Hausanhaenger.jpg\",\"datePublished\":\"2025-11-14T08:38:52+00:00\",\"dateModified\":\"2025-11-26T10:27:01+00:00\",\"author\":{\"@id\":\"https:\/\/www.buhl.de\/vermieter-web\/#\/schema\/person\/82903e1cb04eb553382702d503991b4f\"},\"description\":\"Eigenleistungen kann der Vermieter in der Nebenkostenabrechnung abrechnen, wenn es sich bei den Arbeiten um echte Nebenkosten handelt.\",\"breadcrumb\":{\"@id\":\"https:\/\/www.buhl.de\/vermieter-web\/eigenleistungen-in-der-nebenkostenabrechnung\/#breadcrumb\"},\"inLanguage\":\"de\",\"potentialAction\":[{\"@type\":\"ReadAction\",\"target\":[\"https:\/\/www.buhl.de\/vermieter-web\/eigenleistungen-in-der-nebenkostenabrechnung\/\"]}]},{\"@type\":\"ImageObject\",\"inLanguage\":\"de\",\"@id\":\"https:\/\/www.buhl.de\/vermieter-web\/eigenleistungen-in-der-nebenkostenabrechnung\/#primaryimage\",\"url\":\"https:\/\/www.buhl.de\/vermieter-web\/wp-content\/uploads\/sites\/33\/2025\/11\/Andrii-Synenkyi-Geld-Hausanhaenger.jpg\",\"contentUrl\":\"https:\/\/www.buhl.de\/vermieter-web\/wp-content\/uploads\/sites\/33\/2025\/11\/Andrii-Synenkyi-Geld-Hausanhaenger.jpg\",\"width\":1063,\"height\":543},{\"@type\":\"BreadcrumbList\",\"@id\":\"https:\/\/www.buhl.de\/vermieter-web\/eigenleistungen-in-der-nebenkostenabrechnung\/#breadcrumb\",\"itemListElement\":[{\"@type\":\"ListItem\",\"position\":1,\"name\":\"Startseite\",\"item\":\"https:\/\/www.buhl.de\/vermieter-web\/\"},{\"@type\":\"ListItem\",\"position\":2,\"name\":\"Eigenleistungen in der Nebenkostenabrechnung?\"}]},{\"@type\":\"WebSite\",\"@id\":\"https:\/\/www.buhl.de\/vermieter-web\/#website\",\"url\":\"https:\/\/www.buhl.de\/vermieter-web\/\",\"name\":\"Online-Nebenkostenabrechnung mit WISO Vermieter-Web\",\"description\":\"\",\"potentialAction\":[{\"@type\":\"SearchAction\",\"target\":{\"@type\":\"EntryPoint\",\"urlTemplate\":\"https:\/\/www.buhl.de\/vermieter-web\/?s={search_term_string}\"},\"query-input\":{\"@type\":\"PropertyValueSpecification\",\"valueRequired\":true,\"valueName\":\"search_term_string\"}}],\"inLanguage\":\"de\"},{\"@type\":\"Person\",\"@id\":\"https:\/\/www.buhl.de\/vermieter-web\/#\/schema\/person\/82903e1cb04eb553382702d503991b4f\",\"name\":\"Hartmut Fischer\"}]}<\/script>\n<!-- \/ Yoast SEO Premium plugin. -->","yoast_head_json":{"title":"Eigeneleistungen in der Nebenkostenabrechnung","description":"Eigenleistungen kann der Vermieter in der Nebenkostenabrechnung abrechnen, wenn es sich bei den Arbeiten um echte Nebenkosten handelt.","robots":{"index":"noindex","follow":"nofollow"},"og_locale":"de_DE","og_type":"article","og_title":"Eigenleistungen in der Nebenkostenabrechnung?","og_description":"Eigenleistungen kann der Vermieter in der Nebenkostenabrechnung abrechnen, wenn es sich bei den Arbeiten um echte Nebenkosten handelt.","og_url":"https:\/\/www.buhl.de\/vermieter-web\/eigenleistungen-in-der-nebenkostenabrechnung\/","og_site_name":"Online-Nebenkostenabrechnung mit WISO Vermieter-Web","article_published_time":"2025-11-14T08:38:52+00:00","article_modified_time":"2025-11-26T10:27:01+00:00","og_image":[{"width":1063,"height":543,"url":"https:\/\/www.buhl.de\/vermieter-web\/wp-content\/uploads\/sites\/33\/2025\/11\/Andrii-Synenkyi-Geld-Hausanhaenger.jpg","type":"image\/jpeg"}],"author":"Hartmut Fischer","twitter_card":"summary_large_image","twitter_misc":{"Verfasst von":"Hartmut Fischer","Gesch\u00e4tzte Lesezeit":"2\u00a0Minuten"},"schema":{"@context":"https:\/\/schema.org","@graph":[{"@type":"Article","@id":"https:\/\/www.buhl.de\/vermieter-web\/eigenleistungen-in-der-nebenkostenabrechnung\/#article","isPartOf":{"@id":"https:\/\/www.buhl.de\/vermieter-web\/eigenleistungen-in-der-nebenkostenabrechnung\/"},"author":{"name":"Hartmut Fischer","@id":"https:\/\/www.buhl.de\/vermieter-web\/#\/schema\/person\/82903e1cb04eb553382702d503991b4f"},"headline":"Eigenleistungen in der Nebenkostenabrechnung?","datePublished":"2025-11-14T08:38:52+00:00","dateModified":"2025-11-26T10:27:01+00:00","mainEntityOfPage":{"@id":"https:\/\/www.buhl.de\/vermieter-web\/eigenleistungen-in-der-nebenkostenabrechnung\/"},"wordCount":344,"image":{"@id":"https:\/\/www.buhl.de\/vermieter-web\/eigenleistungen-in-der-nebenkostenabrechnung\/#primaryimage"},"thumbnailUrl":"https:\/\/www.buhl.de\/vermieter-web\/wp-content\/uploads\/sites\/33\/2025\/11\/Andrii-Synenkyi-Geld-Hausanhaenger.jpg","keywords":["Abrechnung","Betriebskostenabrechnung","Eigenleistung","Nebenkostenabrechnung"],"inLanguage":"de"},{"@type":"WebPage","@id":"https:\/\/www.buhl.de\/vermieter-web\/eigenleistungen-in-der-nebenkostenabrechnung\/","url":"https:\/\/www.buhl.de\/vermieter-web\/eigenleistungen-in-der-nebenkostenabrechnung\/","name":"Eigeneleistungen in der Nebenkostenabrechnung","isPartOf":{"@id":"https:\/\/www.buhl.de\/vermieter-web\/#website"},"primaryImageOfPage":{"@id":"https:\/\/www.buhl.de\/vermieter-web\/eigenleistungen-in-der-nebenkostenabrechnung\/#primaryimage"},"image":{"@id":"https:\/\/www.buhl.de\/vermieter-web\/eigenleistungen-in-der-nebenkostenabrechnung\/#primaryimage"},"thumbnailUrl":"https:\/\/www.buhl.de\/vermieter-web\/wp-content\/uploads\/sites\/33\/2025\/11\/Andrii-Synenkyi-Geld-Hausanhaenger.jpg","datePublished":"2025-11-14T08:38:52+00:00","dateModified":"2025-11-26T10:27:01+00:00","author":{"@id":"https:\/\/www.buhl.de\/vermieter-web\/#\/schema\/person\/82903e1cb04eb553382702d503991b4f"},"description":"Eigenleistungen kann der Vermieter in der Nebenkostenabrechnung abrechnen, wenn es sich bei den Arbeiten um echte Nebenkosten handelt.","breadcrumb":{"@id":"https:\/\/www.buhl.de\/vermieter-web\/eigenleistungen-in-der-nebenkostenabrechnung\/#breadcrumb"},"inLanguage":"de","potentialAction":[{"@type":"ReadAction","target":["https:\/\/www.buhl.de\/vermieter-web\/eigenleistungen-in-der-nebenkostenabrechnung\/"]}]},{"@type":"ImageObject","inLanguage":"de","@id":"https:\/\/www.buhl.de\/vermieter-web\/eigenleistungen-in-der-nebenkostenabrechnung\/#primaryimage","url":"https:\/\/www.buhl.de\/vermieter-web\/wp-content\/uploads\/sites\/33\/2025\/11\/Andrii-Synenkyi-Geld-Hausanhaenger.jpg","contentUrl":"https:\/\/www.buhl.de\/vermieter-web\/wp-content\/uploads\/sites\/33\/2025\/11\/Andrii-Synenkyi-Geld-Hausanhaenger.jpg","width":1063,"height":543},{"@type":"BreadcrumbList","@id":"https:\/\/www.buhl.de\/vermieter-web\/eigenleistungen-in-der-nebenkostenabrechnung\/#breadcrumb","itemListElement":[{"@type":"ListItem","position":1,"name":"Startseite","item":"https:\/\/www.buhl.de\/vermieter-web\/"},{"@type":"ListItem","position":2,"name":"Eigenleistungen in der Nebenkostenabrechnung?"}]},{"@type":"WebSite","@id":"https:\/\/www.buhl.de\/vermieter-web\/#website","url":"https:\/\/www.buhl.de\/vermieter-web\/","name":"Online-Nebenkostenabrechnung mit WISO Vermieter-Web","description":"","potentialAction":[{"@type":"SearchAction","target":{"@type":"EntryPoint","urlTemplate":"https:\/\/www.buhl.de\/vermieter-web\/?s={search_term_string}"},"query-input":{"@type":"PropertyValueSpecification","valueRequired":true,"valueName":"search_term_string"}}],"inLanguage":"de"},{"@type":"Person","@id":"https:\/\/www.buhl.de\/vermieter-web\/#\/schema\/person\/82903e1cb04eb553382702d503991b4f","name":"Hartmut Fischer"}]}},"_links":{"self":[{"href":"https:\/\/www.buhl.de\/vermieter-web\/wp-json\/wp\/v2\/posts\/17459","targetHints":{"allow":["GET"]}}],"collection":[{"href":"https:\/\/www.buhl.de\/vermieter-web\/wp-json\/wp\/v2\/posts"}],"about":[{"href":"https:\/\/www.buhl.de\/vermieter-web\/wp-json\/wp\/v2\/types\/post"}],"author":[{"embeddable":true,"href":"https:\/\/www.buhl.de\/vermieter-web\/wp-json\/wp\/v2\/users\/15"}],"replies":[{"embeddable":true,"href":"https:\/\/www.buhl.de\/vermieter-web\/wp-json\/wp\/v2\/comments?post=17459"}],"version-history":[{"count":2,"href":"https:\/\/www.buhl.de\/vermieter-web\/wp-json\/wp\/v2\/posts\/17459\/revisions"}],"predecessor-version":[{"id":17493,"href":"https:\/\/www.buhl.de\/vermieter-web\/wp-json\/wp\/v2\/posts\/17459\/revisions\/17493"}],"wp:featuredmedia":[{"embeddable":true,"href":"https:\/\/www.buhl.de\/vermieter-web\/wp-json\/wp\/v2\/media\/17461"}],"wp:attachment":[{"href":"https:\/\/www.buhl.de\/vermieter-web\/wp-json\/wp\/v2\/media?parent=17459"}],"wp:term":[{"taxonomy":"category","embeddable":true,"href":"https:\/\/www.buhl.de\/vermieter-web\/wp-json\/wp\/v2\/categories?post=17459"},{"taxonomy":"post_tag","embeddable":true,"href":"https:\/\/www.buhl.de\/vermieter-web\/wp-json\/wp\/v2\/tags?post=17459"}],"curies":[{"name":"wp","href":"https:\/\/api.w.org\/{rel}","templated":true}]}}