{"id":17463,"date":"2025-11-18T12:14:05","date_gmt":"2025-11-18T11:14:05","guid":{"rendered":"https:\/\/www.buhl.de\/vermieter-web\/?p=17463"},"modified":"2025-11-18T12:14:05","modified_gmt":"2025-11-18T11:14:05","slug":"leitfaden-fuer-energetische-sanierungen-bei-einer-weg","status":"publish","type":"post","link":"https:\/\/www.buhl.de\/vermieter-web\/leitfaden-fuer-energetische-sanierungen-bei-einer-weg\/","title":{"rendered":"Leitfaden f\u00fcr energetische Sanierungen bei einer WEG"},"content":{"rendered":"<p>Zwangsl\u00e4ufig m\u00fcssen sich auch Wohnungseigent\u00fcmergemeinschaften (WEG) mit der energetischen Sanierung ihrer Geb\u00e4ude besch\u00e4ftigen. Doch wie so oft, sind die Betroffenen verunsichert. Es geht um hohe Investitionen, die auf die Wohnungseigent\u00fcmergemeinschaft zukommen. Man fragt sich nat\u00fcrlich, ob die geplanten Ma\u00dfnahmen auch sinnvoll sind. Antworten zu den sich hier ergebenden Fragen gibt jetzt die DENA mit einem neuen Leitfaden.<\/p>\n<h5>Praxisguide f\u00fcr die Wohneigent\u00fcmergemeinschaft<\/h5>\n<p>Der WEG-Praxisguide der Deutschen Energie-Agentur (dena) wurde speziell entwickelt, um die Mitglieder einer Wohnungseigent\u00fcmergemeinschaft Schritt f\u00fcr Schritt durch den Prozess der energetischen Modernisierung zu f\u00fchren \u2013 vom ersten Informationsbedarf bis zur Umsetzung konkreter Ma\u00dfnahmen.<\/p>\n<h5>Praxiswerkzeug f\u00fcr die Wohnungseigent\u00fcmergemeinschaft<\/h5>\n<p>Der Guide ist kein theoretisches Handbuch, sondern ein echtes Praxiswerkzeug. Man findet dort nicht nur Checklisten, Entscheidungshilfen und leicht verst\u00e4ndliche Informationen. Auch Unterlagen, die speziell f\u00fcr eine Wohneigent\u00fcmergemeinschaft notwendig sind, findet man hier (z. B. Vorlagen f\u00fcr Pr\u00e4sentationen und Versammlungen).\u00a0 Im Guide werden Themen wie Energieberatung, rechtliche Grundlagen, Finanzierung und F\u00f6rderprogramme behandelt.<\/p>\n<h5>Guide wird st\u00e4ndig weiterentwickelt<\/h5>\n<p>Der Guide wird kontinuierlich weiterentwickelt und mit Fachleuten aus der Praxis abgestimmt. Er ist Teil eines vom Bundesministerium f\u00fcr Wirtschaft und Energie beauftragten Projekts zur Unterst\u00fctzung von Wohnungseigent\u00fcmergemeinschaften. Man kann also sicher sein, dass die Inhalte aktuell, fundiert und zuverl\u00e4ssig sind und bleiben.<\/p>\n<h5>Wohnungseigent\u00fcmergemeinschaft will energetisch sanieren<\/h5>\n<p>Eine Umfrage im Auftrag der DENA ergab, dass \u00fcber die H\u00e4lfte der befragten WEG-Mitglieder (52 %) energetische Sanierungen f\u00fcr wichtig oder dringend notwendig halten. 43 % haben bereits begonnen, R\u00fccklagen f\u00fcr zuk\u00fcnftige Investitionen zu bilden. Aber 60 % der Befragten f\u00fchlten sich schlecht oder nur teilweise informiert.<\/p>\n<p>Die DENA will mit ihrem Praxisguide den Wohnungseigent\u00fcmern ein Werkzeug an die Hand geben, das Orientierung gibt und die Wohnungseigent\u00fcmergemeinschaft unterst\u00fctzt, die richtigen Schritte Richtung energieeffiziente Zukunft zu gehen.<\/p>\n<hr \/>\n<p style=\"text-align: center\"><a href=\"https:\/\/www.gebaeudeforum.de\/wissen\/weg-praxisguide\/\">Hier kommen Sie zum WEG-Praxisguide<\/a><\/p>\n<hr \/>\n<p>&nbsp;<\/p>\n<p>&nbsp;<\/p>\n","protected":false},"excerpt":{"rendered":"<p>Zwangsl\u00e4ufig m\u00fcssen sich auch Wohnungseigent\u00fcmergemeinschaften (WEG) mit der energetischen Sanierung ihrer Geb\u00e4ude besch\u00e4ftigen. Doch wie so oft, sind die Betroffenen verunsichert. Es geht um hohe Investitionen, die auf die Wohnungseigent\u00fcmergemeinschaft zukommen. Man fragt sich nat\u00fcrlich, ob die geplanten Ma\u00dfnahmen auch sinnvoll sind. Antworten zu den sich hier ergebenden Fragen gibt jetzt die DENA mit einem &hellip; <\/p>\n<p class=\"link-more\"><a href=\"https:\/\/www.buhl.de\/vermieter-web\/leitfaden-fuer-energetische-sanierungen-bei-einer-weg\/\" class=\"more-link\"><span class=\"screen-reader-text\">\u201eLeitfaden f\u00fcr energetische Sanierungen bei einer WEG\u201c<\/span> weiterlesen<\/a><\/p>\n","protected":false},"author":15,"featured_media":17467,"comment_status":"closed","ping_status":"open","sticky":false,"template":"","format":"standard","meta":{"footnotes":""},"categories":[1],"tags":[5627,4094,392],"class_list":["post-17463","post","type-post","status-publish","format-standard","has-post-thumbnail","hentry","category-allgemein","tag-energetisch","tag-sanierung","tag-weg"],"yoast_head":"<!-- This site is optimized with the Yoast SEO Premium plugin v27.0 (Yoast SEO v27.0) - https:\/\/yoast.com\/product\/yoast-seo-premium-wordpress\/ -->\n<title>Wohnungseigent\u00fcmergemeinschaft und energetische Sanierung<\/title>\n<meta name=\"description\" content=\"Auch eine Wohnungseigent\u00fcmergemeinschaft muss sich Gedanken \u00fcber energetische Sanierungen machen. Ein Praxisguide der DENA hilft dabei.\" \/>\n<meta name=\"robots\" content=\"noindex, nofollow\" \/>\n<meta property=\"og:locale\" content=\"de_DE\" \/>\n<meta property=\"og:type\" content=\"article\" \/>\n<meta property=\"og:title\" content=\"Leitfaden f\u00fcr energetische Sanierungen bei einer WEG\" \/>\n<meta property=\"og:description\" content=\"Auch eine Wohnungseigent\u00fcmergemeinschaft muss sich Gedanken \u00fcber energetische Sanierungen machen. Ein Praxisguide der DENA hilft dabei.\" \/>\n<meta property=\"og:url\" content=\"https:\/\/www.buhl.de\/vermieter-web\/leitfaden-fuer-energetische-sanierungen-bei-einer-weg\/\" \/>\n<meta property=\"og:site_name\" content=\"Online-Nebenkostenabrechnung mit WISO Vermieter-Web\" \/>\n<meta property=\"article:published_time\" content=\"2025-11-18T11:14:05+00:00\" \/>\n<meta property=\"og:image\" content=\"https:\/\/www.buhl.de\/vermieter-web\/wp-content\/uploads\/sites\/33\/2025\/11\/Benis-Arapovic-Baustelle.jpg\" \/>\n\t<meta property=\"og:image:width\" content=\"1063\" \/>\n\t<meta property=\"og:image:height\" content=\"543\" \/>\n\t<meta property=\"og:image:type\" content=\"image\/jpeg\" \/>\n<meta name=\"author\" content=\"Hartmut Fischer\" \/>\n<meta name=\"twitter:card\" content=\"summary_large_image\" \/>\n<meta name=\"twitter:label1\" content=\"Verfasst von\" \/>\n\t<meta name=\"twitter:data1\" content=\"Hartmut Fischer\" \/>\n\t<meta name=\"twitter:label2\" content=\"Gesch\u00e4tzte Lesezeit\" \/>\n\t<meta name=\"twitter:data2\" content=\"2\u00a0Minuten\" \/>\n<script type=\"application\/ld+json\" class=\"yoast-schema-graph\">{\"@context\":\"https:\/\/schema.org\",\"@graph\":[{\"@type\":\"Article\",\"@id\":\"https:\/\/www.buhl.de\/vermieter-web\/leitfaden-fuer-energetische-sanierungen-bei-einer-weg\/#article\",\"isPartOf\":{\"@id\":\"https:\/\/www.buhl.de\/vermieter-web\/leitfaden-fuer-energetische-sanierungen-bei-einer-weg\/\"},\"author\":{\"name\":\"Hartmut Fischer\",\"@id\":\"https:\/\/www.buhl.de\/vermieter-web\/#\/schema\/person\/82903e1cb04eb553382702d503991b4f\"},\"headline\":\"Leitfaden f\u00fcr energetische Sanierungen bei einer WEG\",\"datePublished\":\"2025-11-18T11:14:05+00:00\",\"mainEntityOfPage\":{\"@id\":\"https:\/\/www.buhl.de\/vermieter-web\/leitfaden-fuer-energetische-sanierungen-bei-einer-weg\/\"},\"wordCount\":323,\"image\":{\"@id\":\"https:\/\/www.buhl.de\/vermieter-web\/leitfaden-fuer-energetische-sanierungen-bei-einer-weg\/#primaryimage\"},\"thumbnailUrl\":\"https:\/\/www.buhl.de\/vermieter-web\/wp-content\/uploads\/sites\/33\/2025\/11\/Benis-Arapovic-Baustelle.jpg\",\"keywords\":[\"energetisch\",\"Sanierung\",\"WEG\"],\"inLanguage\":\"de\"},{\"@type\":\"WebPage\",\"@id\":\"https:\/\/www.buhl.de\/vermieter-web\/leitfaden-fuer-energetische-sanierungen-bei-einer-weg\/\",\"url\":\"https:\/\/www.buhl.de\/vermieter-web\/leitfaden-fuer-energetische-sanierungen-bei-einer-weg\/\",\"name\":\"Wohnungseigent\u00fcmergemeinschaft und energetische Sanierung\",\"isPartOf\":{\"@id\":\"https:\/\/www.buhl.de\/vermieter-web\/#website\"},\"primaryImageOfPage\":{\"@id\":\"https:\/\/www.buhl.de\/vermieter-web\/leitfaden-fuer-energetische-sanierungen-bei-einer-weg\/#primaryimage\"},\"image\":{\"@id\":\"https:\/\/www.buhl.de\/vermieter-web\/leitfaden-fuer-energetische-sanierungen-bei-einer-weg\/#primaryimage\"},\"thumbnailUrl\":\"https:\/\/www.buhl.de\/vermieter-web\/wp-content\/uploads\/sites\/33\/2025\/11\/Benis-Arapovic-Baustelle.jpg\",\"datePublished\":\"2025-11-18T11:14:05+00:00\",\"author\":{\"@id\":\"https:\/\/www.buhl.de\/vermieter-web\/#\/schema\/person\/82903e1cb04eb553382702d503991b4f\"},\"description\":\"Auch eine Wohnungseigent\u00fcmergemeinschaft muss sich Gedanken \u00fcber energetische Sanierungen machen. Ein Praxisguide der DENA hilft dabei.\",\"breadcrumb\":{\"@id\":\"https:\/\/www.buhl.de\/vermieter-web\/leitfaden-fuer-energetische-sanierungen-bei-einer-weg\/#breadcrumb\"},\"inLanguage\":\"de\",\"potentialAction\":[{\"@type\":\"ReadAction\",\"target\":[\"https:\/\/www.buhl.de\/vermieter-web\/leitfaden-fuer-energetische-sanierungen-bei-einer-weg\/\"]}]},{\"@type\":\"ImageObject\",\"inLanguage\":\"de\",\"@id\":\"https:\/\/www.buhl.de\/vermieter-web\/leitfaden-fuer-energetische-sanierungen-bei-einer-weg\/#primaryimage\",\"url\":\"https:\/\/www.buhl.de\/vermieter-web\/wp-content\/uploads\/sites\/33\/2025\/11\/Benis-Arapovic-Baustelle.jpg\",\"contentUrl\":\"https:\/\/www.buhl.de\/vermieter-web\/wp-content\/uploads\/sites\/33\/2025\/11\/Benis-Arapovic-Baustelle.jpg\",\"width\":1063,\"height\":543},{\"@type\":\"BreadcrumbList\",\"@id\":\"https:\/\/www.buhl.de\/vermieter-web\/leitfaden-fuer-energetische-sanierungen-bei-einer-weg\/#breadcrumb\",\"itemListElement\":[{\"@type\":\"ListItem\",\"position\":1,\"name\":\"Startseite\",\"item\":\"https:\/\/www.buhl.de\/vermieter-web\/\"},{\"@type\":\"ListItem\",\"position\":2,\"name\":\"Leitfaden f\u00fcr energetische Sanierungen bei einer WEG\"}]},{\"@type\":\"WebSite\",\"@id\":\"https:\/\/www.buhl.de\/vermieter-web\/#website\",\"url\":\"https:\/\/www.buhl.de\/vermieter-web\/\",\"name\":\"Online-Nebenkostenabrechnung mit WISO Vermieter-Web\",\"description\":\"\",\"potentialAction\":[{\"@type\":\"SearchAction\",\"target\":{\"@type\":\"EntryPoint\",\"urlTemplate\":\"https:\/\/www.buhl.de\/vermieter-web\/?s={search_term_string}\"},\"query-input\":{\"@type\":\"PropertyValueSpecification\",\"valueRequired\":true,\"valueName\":\"search_term_string\"}}],\"inLanguage\":\"de\"},{\"@type\":\"Person\",\"@id\":\"https:\/\/www.buhl.de\/vermieter-web\/#\/schema\/person\/82903e1cb04eb553382702d503991b4f\",\"name\":\"Hartmut Fischer\"}]}<\/script>\n<!-- \/ Yoast SEO Premium plugin. -->","yoast_head_json":{"title":"Wohnungseigent\u00fcmergemeinschaft und energetische Sanierung","description":"Auch eine Wohnungseigent\u00fcmergemeinschaft muss sich Gedanken \u00fcber energetische Sanierungen machen. Ein Praxisguide der DENA hilft dabei.","robots":{"index":"noindex","follow":"nofollow"},"og_locale":"de_DE","og_type":"article","og_title":"Leitfaden f\u00fcr energetische Sanierungen bei einer WEG","og_description":"Auch eine Wohnungseigent\u00fcmergemeinschaft muss sich Gedanken \u00fcber energetische Sanierungen machen. Ein Praxisguide der DENA hilft dabei.","og_url":"https:\/\/www.buhl.de\/vermieter-web\/leitfaden-fuer-energetische-sanierungen-bei-einer-weg\/","og_site_name":"Online-Nebenkostenabrechnung mit WISO Vermieter-Web","article_published_time":"2025-11-18T11:14:05+00:00","og_image":[{"width":1063,"height":543,"url":"https:\/\/www.buhl.de\/vermieter-web\/wp-content\/uploads\/sites\/33\/2025\/11\/Benis-Arapovic-Baustelle.jpg","type":"image\/jpeg"}],"author":"Hartmut Fischer","twitter_card":"summary_large_image","twitter_misc":{"Verfasst von":"Hartmut Fischer","Gesch\u00e4tzte Lesezeit":"2\u00a0Minuten"},"schema":{"@context":"https:\/\/schema.org","@graph":[{"@type":"Article","@id":"https:\/\/www.buhl.de\/vermieter-web\/leitfaden-fuer-energetische-sanierungen-bei-einer-weg\/#article","isPartOf":{"@id":"https:\/\/www.buhl.de\/vermieter-web\/leitfaden-fuer-energetische-sanierungen-bei-einer-weg\/"},"author":{"name":"Hartmut Fischer","@id":"https:\/\/www.buhl.de\/vermieter-web\/#\/schema\/person\/82903e1cb04eb553382702d503991b4f"},"headline":"Leitfaden f\u00fcr energetische Sanierungen bei einer WEG","datePublished":"2025-11-18T11:14:05+00:00","mainEntityOfPage":{"@id":"https:\/\/www.buhl.de\/vermieter-web\/leitfaden-fuer-energetische-sanierungen-bei-einer-weg\/"},"wordCount":323,"image":{"@id":"https:\/\/www.buhl.de\/vermieter-web\/leitfaden-fuer-energetische-sanierungen-bei-einer-weg\/#primaryimage"},"thumbnailUrl":"https:\/\/www.buhl.de\/vermieter-web\/wp-content\/uploads\/sites\/33\/2025\/11\/Benis-Arapovic-Baustelle.jpg","keywords":["energetisch","Sanierung","WEG"],"inLanguage":"de"},{"@type":"WebPage","@id":"https:\/\/www.buhl.de\/vermieter-web\/leitfaden-fuer-energetische-sanierungen-bei-einer-weg\/","url":"https:\/\/www.buhl.de\/vermieter-web\/leitfaden-fuer-energetische-sanierungen-bei-einer-weg\/","name":"Wohnungseigent\u00fcmergemeinschaft und energetische Sanierung","isPartOf":{"@id":"https:\/\/www.buhl.de\/vermieter-web\/#website"},"primaryImageOfPage":{"@id":"https:\/\/www.buhl.de\/vermieter-web\/leitfaden-fuer-energetische-sanierungen-bei-einer-weg\/#primaryimage"},"image":{"@id":"https:\/\/www.buhl.de\/vermieter-web\/leitfaden-fuer-energetische-sanierungen-bei-einer-weg\/#primaryimage"},"thumbnailUrl":"https:\/\/www.buhl.de\/vermieter-web\/wp-content\/uploads\/sites\/33\/2025\/11\/Benis-Arapovic-Baustelle.jpg","datePublished":"2025-11-18T11:14:05+00:00","author":{"@id":"https:\/\/www.buhl.de\/vermieter-web\/#\/schema\/person\/82903e1cb04eb553382702d503991b4f"},"description":"Auch eine Wohnungseigent\u00fcmergemeinschaft muss sich Gedanken \u00fcber energetische Sanierungen machen. Ein Praxisguide der DENA hilft dabei.","breadcrumb":{"@id":"https:\/\/www.buhl.de\/vermieter-web\/leitfaden-fuer-energetische-sanierungen-bei-einer-weg\/#breadcrumb"},"inLanguage":"de","potentialAction":[{"@type":"ReadAction","target":["https:\/\/www.buhl.de\/vermieter-web\/leitfaden-fuer-energetische-sanierungen-bei-einer-weg\/"]}]},{"@type":"ImageObject","inLanguage":"de","@id":"https:\/\/www.buhl.de\/vermieter-web\/leitfaden-fuer-energetische-sanierungen-bei-einer-weg\/#primaryimage","url":"https:\/\/www.buhl.de\/vermieter-web\/wp-content\/uploads\/sites\/33\/2025\/11\/Benis-Arapovic-Baustelle.jpg","contentUrl":"https:\/\/www.buhl.de\/vermieter-web\/wp-content\/uploads\/sites\/33\/2025\/11\/Benis-Arapovic-Baustelle.jpg","width":1063,"height":543},{"@type":"BreadcrumbList","@id":"https:\/\/www.buhl.de\/vermieter-web\/leitfaden-fuer-energetische-sanierungen-bei-einer-weg\/#breadcrumb","itemListElement":[{"@type":"ListItem","position":1,"name":"Startseite","item":"https:\/\/www.buhl.de\/vermieter-web\/"},{"@type":"ListItem","position":2,"name":"Leitfaden f\u00fcr energetische Sanierungen bei einer WEG"}]},{"@type":"WebSite","@id":"https:\/\/www.buhl.de\/vermieter-web\/#website","url":"https:\/\/www.buhl.de\/vermieter-web\/","name":"Online-Nebenkostenabrechnung mit WISO Vermieter-Web","description":"","potentialAction":[{"@type":"SearchAction","target":{"@type":"EntryPoint","urlTemplate":"https:\/\/www.buhl.de\/vermieter-web\/?s={search_term_string}"},"query-input":{"@type":"PropertyValueSpecification","valueRequired":true,"valueName":"search_term_string"}}],"inLanguage":"de"},{"@type":"Person","@id":"https:\/\/www.buhl.de\/vermieter-web\/#\/schema\/person\/82903e1cb04eb553382702d503991b4f","name":"Hartmut Fischer"}]}},"_links":{"self":[{"href":"https:\/\/www.buhl.de\/vermieter-web\/wp-json\/wp\/v2\/posts\/17463","targetHints":{"allow":["GET"]}}],"collection":[{"href":"https:\/\/www.buhl.de\/vermieter-web\/wp-json\/wp\/v2\/posts"}],"about":[{"href":"https:\/\/www.buhl.de\/vermieter-web\/wp-json\/wp\/v2\/types\/post"}],"author":[{"embeddable":true,"href":"https:\/\/www.buhl.de\/vermieter-web\/wp-json\/wp\/v2\/users\/15"}],"replies":[{"embeddable":true,"href":"https:\/\/www.buhl.de\/vermieter-web\/wp-json\/wp\/v2\/comments?post=17463"}],"version-history":[{"count":1,"href":"https:\/\/www.buhl.de\/vermieter-web\/wp-json\/wp\/v2\/posts\/17463\/revisions"}],"predecessor-version":[{"id":17466,"href":"https:\/\/www.buhl.de\/vermieter-web\/wp-json\/wp\/v2\/posts\/17463\/revisions\/17466"}],"wp:featuredmedia":[{"embeddable":true,"href":"https:\/\/www.buhl.de\/vermieter-web\/wp-json\/wp\/v2\/media\/17467"}],"wp:attachment":[{"href":"https:\/\/www.buhl.de\/vermieter-web\/wp-json\/wp\/v2\/media?parent=17463"}],"wp:term":[{"taxonomy":"category","embeddable":true,"href":"https:\/\/www.buhl.de\/vermieter-web\/wp-json\/wp\/v2\/categories?post=17463"},{"taxonomy":"post_tag","embeddable":true,"href":"https:\/\/www.buhl.de\/vermieter-web\/wp-json\/wp\/v2\/tags?post=17463"}],"curies":[{"name":"wp","href":"https:\/\/api.w.org\/{rel}","templated":true}]}}