{"id":17473,"date":"2025-11-22T13:37:05","date_gmt":"2025-11-22T12:37:05","guid":{"rendered":"https:\/\/www.buhl.de\/vermieter-web\/?p=17473"},"modified":"2025-11-22T13:38:19","modified_gmt":"2025-11-22T12:38:19","slug":"kuendigung-durch-den-mieter","status":"publish","type":"post","link":"https:\/\/www.buhl.de\/vermieter-web\/kuendigung-durch-den-mieter\/","title":{"rendered":"Wenn der Mieter k\u00fcndigt"},"content":{"rendered":"<p><strong>\u00a0Im Gegensatz zur K\u00fcndigung durch den Vermieter ist die K\u00fcndigung durch den Mieter einfacher. Es gibt nur wenige Vorschriften, die der Mieter einhalten muss.\u00a0<\/strong><\/p>\n<h5><strong>D<\/strong>ie K\u00fcndigung durch den Mieter<\/h5>\n<p>Der Mieter muss seine K\u00fcndigung nicht begr\u00fcnden. Sie muss in \u201eSchriftform\u201c \u2013 mit Originalunterschrift \u2013 erfolgen. Eine m\u00fcndliche K\u00fcndigung oder die K\u00fcndigung auf elektronischem Weg ist nicht zul\u00e4ssig. Wenn der Mietvertrag von mehreren Personen unterschrieben wurde, m\u00fcssen auch alle das K\u00fcndigungsschreiben unterzeichnen.<\/p>\n<p>Wenn der Mietvertrag mit mehreren Vermietern geschlossen wurde, m\u00fcssen diese auch alle \u00fcber die K\u00fcndigung informiert werden. Das bedeutet:<\/p>\n<ol>\n<li>Jeder Vermieter muss im K\u00fcndigungsschreiben genannt werden (\u201eAn Herrn Mustermann, Frau Testerich und Herrn Alternativius\u201c).<\/li>\n<li>Wenn alle Vermieter im K\u00fcndigungsschreiben genannt sind, kann das Schreiben an alle Vermieter versandt werden. Haben alle Vermieter dieselbe Adresse, reicht ein Schreiben. Sonst muss das Schreiben an alle Vermieter versandt werden.<\/li>\n<li>Bei mehreren Schreiben m\u00fcssen alle von dem\/den Mieter\/n unterschrieben werden. Eine Kopie reicht nicht aus.<\/li>\n<li>Wurde ein Vermieter im Mietvertrag oder sp\u00e4ter schriftlich als Verwalter eingesetzt, reicht es, wenn dieser Verwalter das Schreiben erh\u00e4lt.<\/li>\n<\/ol>\n<p>Kommt es zu einem Rechtsstreit, muss der Mieter beweisen, dass der Vermieter die K\u00fcndigung erhalten hat.<\/p>\n<h5>K\u00fcndigungsfrist<\/h5>\n<p>Auch f\u00fcr den Mieter gilt f\u00fcr die K\u00fcndigung eine gesetzliche K\u00fcndigungsfrist von drei Monaten <a href=\"https:\/\/www.gesetze-im-internet.de\/bgb\/__573c.html\">(\u00a7\u00a0573c BGB<\/a>). Das K\u00fcndigungsschreiben muss bei dem\/den Vermieter\/n sp\u00e4testens am dritten Werktag eines Monats vorliegen. Trifft es sp\u00e4ter ein, beginnt die Frist einen Monat sp\u00e4ter. Die K\u00fcndigungsfrist l\u00e4uft immer bis zum Ende eines Monats.<\/p>\n<p>Beispiel:<\/p>\n<table>\n<tbody>\n<tr>\n<td width=\"201\">Eintreffen des K\u00fcndigungsschreibens<\/td>\n<td width=\"201\">K\u00fcndigungsfrist beginnt am<\/td>\n<td width=\"201\">K\u00fcndigungsfrist endet am<\/td>\n<\/tr>\n<tr>\n<td width=\"201\">Dienstag, 03.02.2026<\/td>\n<td width=\"201\">01.02.2026<\/td>\n<td width=\"201\">30.04.2026<\/td>\n<\/tr>\n<tr>\n<td width=\"201\">Donnerstag, 05.02.2026<br \/>\n(4. Werktag im Februar!)<\/td>\n<td width=\"201\">01.03.2026<\/td>\n<td width=\"201\">31.05.2026<\/td>\n<\/tr>\n<\/tbody>\n<\/table>\n<h5>Nach der K\u00fcndigung bis zum Auszug<\/h5>\n<p>Das Mietverh\u00e4ltnis endet\u00a0 mit dem im K\u00fcndigungsschreiben angegebenen Termin (wenn die vorgenannten Voraussetzungen erf\u00fcllt wurden). Bis dahin muss der Mieter die Miete und Nebenkostenvorauszahlungen oder -pauschalen weiterhin bezahlen.<\/p>\n<p>Au\u00dferdem muss der Mieter im zumutbaren Umfang erlauben, dass unter anderem Mietinteressenten die Wohnung besichtigen.<\/p>\n<p>Welche Renovierungen der Mieter \u00fcbernehmen muss, ergibt sich aus dem Mietvertrag. Leider hat die Rechtsprechung eine ganze Reihe von Formulierungen inzwischen \u201egekippt\u201c.<\/p>\n<h5>R\u00fcckgabe der Wohnung<\/h5>\n<p>Der Mieter muss die Wohnung besenrein und komplett ger\u00e4umt \u00fcbergeben. Mieter und Vermieter protokollieren gemeinsam die Wohnungs\u00fcbergabe.\u00a0 \u00a0Das Protokoll wird vom Mieter und vom Vermieter unterschrieben.<\/p>\n<p>&nbsp;<\/p>\n","protected":false},"excerpt":{"rendered":"<p>\u00a0Im Gegensatz zur K\u00fcndigung durch den Vermieter ist die K\u00fcndigung durch den Mieter einfacher. Es gibt nur wenige Vorschriften, die der Mieter einhalten muss.\u00a0 Die K\u00fcndigung durch den Mieter Der Mieter muss seine K\u00fcndigung nicht begr\u00fcnden. Sie muss in \u201eSchriftform\u201c \u2013 mit Originalunterschrift \u2013 erfolgen. Eine m\u00fcndliche K\u00fcndigung oder die K\u00fcndigung auf elektronischem Weg ist &hellip; <\/p>\n<p class=\"link-more\"><a href=\"https:\/\/www.buhl.de\/vermieter-web\/kuendigung-durch-den-mieter\/\" class=\"more-link\"><span class=\"screen-reader-text\">\u201eWenn der Mieter k\u00fcndigt\u201c<\/span> weiterlesen<\/a><\/p>\n","protected":false},"author":15,"featured_media":17477,"comment_status":"closed","ping_status":"open","sticky":false,"template":"","format":"standard","meta":{"footnotes":""},"categories":[1],"tags":[],"class_list":["post-17473","post","type-post","status-publish","format-standard","has-post-thumbnail","hentry","category-allgemein"],"yoast_head":"<!-- This site is optimized with the Yoast SEO Premium plugin v27.0 (Yoast SEO v27.0) - https:\/\/yoast.com\/product\/yoast-seo-premium-wordpress\/ -->\n<title>K\u00fcndigung der Wohnung durch den Mieter<\/title>\n<meta name=\"description\" content=\"Die K\u00fcndigung einer Wohnung ist f\u00fcr den Mieter leichter, als f\u00fcr den Vermieter,. Aber auch der Mieter muss einige Punkte beachten.\" \/>\n<meta name=\"robots\" content=\"noindex, nofollow\" \/>\n<meta property=\"og:locale\" content=\"de_DE\" \/>\n<meta property=\"og:type\" content=\"article\" \/>\n<meta property=\"og:title\" content=\"Wenn der Mieter k\u00fcndigt\" \/>\n<meta property=\"og:description\" content=\"Die K\u00fcndigung einer Wohnung ist f\u00fcr den Mieter leichter, als f\u00fcr den Vermieter,. Aber auch der Mieter muss einige Punkte beachten.\" \/>\n<meta property=\"og:url\" content=\"https:\/\/www.buhl.de\/vermieter-web\/kuendigung-durch-den-mieter\/\" \/>\n<meta property=\"og:site_name\" content=\"Online-Nebenkostenabrechnung mit WISO Vermieter-Web\" \/>\n<meta property=\"article:published_time\" content=\"2025-11-22T12:37:05+00:00\" \/>\n<meta property=\"article:modified_time\" content=\"2025-11-22T12:38:19+00:00\" \/>\n<meta property=\"og:image\" content=\"https:\/\/www.buhl.de\/vermieter-web\/wp-content\/uploads\/sites\/33\/2025\/11\/nuttawan-jayawan-umzug.jpg\" \/>\n\t<meta property=\"og:image:width\" content=\"1063\" \/>\n\t<meta property=\"og:image:height\" content=\"543\" \/>\n\t<meta property=\"og:image:type\" content=\"image\/jpeg\" \/>\n<meta name=\"author\" content=\"Hartmut Fischer\" \/>\n<meta name=\"twitter:card\" content=\"summary_large_image\" \/>\n<meta name=\"twitter:label1\" content=\"Verfasst von\" \/>\n\t<meta name=\"twitter:data1\" content=\"Hartmut Fischer\" \/>\n\t<meta name=\"twitter:label2\" content=\"Gesch\u00e4tzte Lesezeit\" \/>\n\t<meta name=\"twitter:data2\" content=\"3\u00a0Minuten\" \/>\n<script type=\"application\/ld+json\" class=\"yoast-schema-graph\">{\"@context\":\"https:\/\/schema.org\",\"@graph\":[{\"@type\":\"Article\",\"@id\":\"https:\/\/www.buhl.de\/vermieter-web\/kuendigung-durch-den-mieter\/#article\",\"isPartOf\":{\"@id\":\"https:\/\/www.buhl.de\/vermieter-web\/kuendigung-durch-den-mieter\/\"},\"author\":{\"name\":\"Hartmut Fischer\",\"@id\":\"https:\/\/www.buhl.de\/vermieter-web\/#\/schema\/person\/82903e1cb04eb553382702d503991b4f\"},\"headline\":\"Wenn der Mieter k\u00fcndigt\",\"datePublished\":\"2025-11-22T12:37:05+00:00\",\"dateModified\":\"2025-11-22T12:38:19+00:00\",\"mainEntityOfPage\":{\"@id\":\"https:\/\/www.buhl.de\/vermieter-web\/kuendigung-durch-den-mieter\/\"},\"wordCount\":400,\"image\":{\"@id\":\"https:\/\/www.buhl.de\/vermieter-web\/kuendigung-durch-den-mieter\/#primaryimage\"},\"thumbnailUrl\":\"https:\/\/www.buhl.de\/vermieter-web\/wp-content\/uploads\/sites\/33\/2025\/11\/nuttawan-jayawan-umzug.jpg\",\"inLanguage\":\"de\"},{\"@type\":\"WebPage\",\"@id\":\"https:\/\/www.buhl.de\/vermieter-web\/kuendigung-durch-den-mieter\/\",\"url\":\"https:\/\/www.buhl.de\/vermieter-web\/kuendigung-durch-den-mieter\/\",\"name\":\"K\u00fcndigung der Wohnung durch den Mieter\",\"isPartOf\":{\"@id\":\"https:\/\/www.buhl.de\/vermieter-web\/#website\"},\"primaryImageOfPage\":{\"@id\":\"https:\/\/www.buhl.de\/vermieter-web\/kuendigung-durch-den-mieter\/#primaryimage\"},\"image\":{\"@id\":\"https:\/\/www.buhl.de\/vermieter-web\/kuendigung-durch-den-mieter\/#primaryimage\"},\"thumbnailUrl\":\"https:\/\/www.buhl.de\/vermieter-web\/wp-content\/uploads\/sites\/33\/2025\/11\/nuttawan-jayawan-umzug.jpg\",\"datePublished\":\"2025-11-22T12:37:05+00:00\",\"dateModified\":\"2025-11-22T12:38:19+00:00\",\"author\":{\"@id\":\"https:\/\/www.buhl.de\/vermieter-web\/#\/schema\/person\/82903e1cb04eb553382702d503991b4f\"},\"description\":\"Die K\u00fcndigung einer Wohnung ist f\u00fcr den Mieter leichter, als f\u00fcr den Vermieter,. Aber auch der Mieter muss einige Punkte beachten.\",\"breadcrumb\":{\"@id\":\"https:\/\/www.buhl.de\/vermieter-web\/kuendigung-durch-den-mieter\/#breadcrumb\"},\"inLanguage\":\"de\",\"potentialAction\":[{\"@type\":\"ReadAction\",\"target\":[\"https:\/\/www.buhl.de\/vermieter-web\/kuendigung-durch-den-mieter\/\"]}]},{\"@type\":\"ImageObject\",\"inLanguage\":\"de\",\"@id\":\"https:\/\/www.buhl.de\/vermieter-web\/kuendigung-durch-den-mieter\/#primaryimage\",\"url\":\"https:\/\/www.buhl.de\/vermieter-web\/wp-content\/uploads\/sites\/33\/2025\/11\/nuttawan-jayawan-umzug.jpg\",\"contentUrl\":\"https:\/\/www.buhl.de\/vermieter-web\/wp-content\/uploads\/sites\/33\/2025\/11\/nuttawan-jayawan-umzug.jpg\",\"width\":1063,\"height\":543},{\"@type\":\"BreadcrumbList\",\"@id\":\"https:\/\/www.buhl.de\/vermieter-web\/kuendigung-durch-den-mieter\/#breadcrumb\",\"itemListElement\":[{\"@type\":\"ListItem\",\"position\":1,\"name\":\"Startseite\",\"item\":\"https:\/\/www.buhl.de\/vermieter-web\/\"},{\"@type\":\"ListItem\",\"position\":2,\"name\":\"Wenn der Mieter k\u00fcndigt\"}]},{\"@type\":\"WebSite\",\"@id\":\"https:\/\/www.buhl.de\/vermieter-web\/#website\",\"url\":\"https:\/\/www.buhl.de\/vermieter-web\/\",\"name\":\"Online-Nebenkostenabrechnung mit WISO Vermieter-Web\",\"description\":\"\",\"potentialAction\":[{\"@type\":\"SearchAction\",\"target\":{\"@type\":\"EntryPoint\",\"urlTemplate\":\"https:\/\/www.buhl.de\/vermieter-web\/?s={search_term_string}\"},\"query-input\":{\"@type\":\"PropertyValueSpecification\",\"valueRequired\":true,\"valueName\":\"search_term_string\"}}],\"inLanguage\":\"de\"},{\"@type\":\"Person\",\"@id\":\"https:\/\/www.buhl.de\/vermieter-web\/#\/schema\/person\/82903e1cb04eb553382702d503991b4f\",\"name\":\"Hartmut Fischer\"}]}<\/script>\n<!-- \/ Yoast SEO Premium plugin. -->","yoast_head_json":{"title":"K\u00fcndigung der Wohnung durch den Mieter","description":"Die K\u00fcndigung einer Wohnung ist f\u00fcr den Mieter leichter, als f\u00fcr den Vermieter,. Aber auch der Mieter muss einige Punkte beachten.","robots":{"index":"noindex","follow":"nofollow"},"og_locale":"de_DE","og_type":"article","og_title":"Wenn der Mieter k\u00fcndigt","og_description":"Die K\u00fcndigung einer Wohnung ist f\u00fcr den Mieter leichter, als f\u00fcr den Vermieter,. Aber auch der Mieter muss einige Punkte beachten.","og_url":"https:\/\/www.buhl.de\/vermieter-web\/kuendigung-durch-den-mieter\/","og_site_name":"Online-Nebenkostenabrechnung mit WISO Vermieter-Web","article_published_time":"2025-11-22T12:37:05+00:00","article_modified_time":"2025-11-22T12:38:19+00:00","og_image":[{"width":1063,"height":543,"url":"https:\/\/www.buhl.de\/vermieter-web\/wp-content\/uploads\/sites\/33\/2025\/11\/nuttawan-jayawan-umzug.jpg","type":"image\/jpeg"}],"author":"Hartmut Fischer","twitter_card":"summary_large_image","twitter_misc":{"Verfasst von":"Hartmut Fischer","Gesch\u00e4tzte Lesezeit":"3\u00a0Minuten"},"schema":{"@context":"https:\/\/schema.org","@graph":[{"@type":"Article","@id":"https:\/\/www.buhl.de\/vermieter-web\/kuendigung-durch-den-mieter\/#article","isPartOf":{"@id":"https:\/\/www.buhl.de\/vermieter-web\/kuendigung-durch-den-mieter\/"},"author":{"name":"Hartmut Fischer","@id":"https:\/\/www.buhl.de\/vermieter-web\/#\/schema\/person\/82903e1cb04eb553382702d503991b4f"},"headline":"Wenn der Mieter k\u00fcndigt","datePublished":"2025-11-22T12:37:05+00:00","dateModified":"2025-11-22T12:38:19+00:00","mainEntityOfPage":{"@id":"https:\/\/www.buhl.de\/vermieter-web\/kuendigung-durch-den-mieter\/"},"wordCount":400,"image":{"@id":"https:\/\/www.buhl.de\/vermieter-web\/kuendigung-durch-den-mieter\/#primaryimage"},"thumbnailUrl":"https:\/\/www.buhl.de\/vermieter-web\/wp-content\/uploads\/sites\/33\/2025\/11\/nuttawan-jayawan-umzug.jpg","inLanguage":"de"},{"@type":"WebPage","@id":"https:\/\/www.buhl.de\/vermieter-web\/kuendigung-durch-den-mieter\/","url":"https:\/\/www.buhl.de\/vermieter-web\/kuendigung-durch-den-mieter\/","name":"K\u00fcndigung der Wohnung durch den Mieter","isPartOf":{"@id":"https:\/\/www.buhl.de\/vermieter-web\/#website"},"primaryImageOfPage":{"@id":"https:\/\/www.buhl.de\/vermieter-web\/kuendigung-durch-den-mieter\/#primaryimage"},"image":{"@id":"https:\/\/www.buhl.de\/vermieter-web\/kuendigung-durch-den-mieter\/#primaryimage"},"thumbnailUrl":"https:\/\/www.buhl.de\/vermieter-web\/wp-content\/uploads\/sites\/33\/2025\/11\/nuttawan-jayawan-umzug.jpg","datePublished":"2025-11-22T12:37:05+00:00","dateModified":"2025-11-22T12:38:19+00:00","author":{"@id":"https:\/\/www.buhl.de\/vermieter-web\/#\/schema\/person\/82903e1cb04eb553382702d503991b4f"},"description":"Die K\u00fcndigung einer Wohnung ist f\u00fcr den Mieter leichter, als f\u00fcr den Vermieter,. Aber auch der Mieter muss einige Punkte beachten.","breadcrumb":{"@id":"https:\/\/www.buhl.de\/vermieter-web\/kuendigung-durch-den-mieter\/#breadcrumb"},"inLanguage":"de","potentialAction":[{"@type":"ReadAction","target":["https:\/\/www.buhl.de\/vermieter-web\/kuendigung-durch-den-mieter\/"]}]},{"@type":"ImageObject","inLanguage":"de","@id":"https:\/\/www.buhl.de\/vermieter-web\/kuendigung-durch-den-mieter\/#primaryimage","url":"https:\/\/www.buhl.de\/vermieter-web\/wp-content\/uploads\/sites\/33\/2025\/11\/nuttawan-jayawan-umzug.jpg","contentUrl":"https:\/\/www.buhl.de\/vermieter-web\/wp-content\/uploads\/sites\/33\/2025\/11\/nuttawan-jayawan-umzug.jpg","width":1063,"height":543},{"@type":"BreadcrumbList","@id":"https:\/\/www.buhl.de\/vermieter-web\/kuendigung-durch-den-mieter\/#breadcrumb","itemListElement":[{"@type":"ListItem","position":1,"name":"Startseite","item":"https:\/\/www.buhl.de\/vermieter-web\/"},{"@type":"ListItem","position":2,"name":"Wenn der Mieter k\u00fcndigt"}]},{"@type":"WebSite","@id":"https:\/\/www.buhl.de\/vermieter-web\/#website","url":"https:\/\/www.buhl.de\/vermieter-web\/","name":"Online-Nebenkostenabrechnung mit WISO Vermieter-Web","description":"","potentialAction":[{"@type":"SearchAction","target":{"@type":"EntryPoint","urlTemplate":"https:\/\/www.buhl.de\/vermieter-web\/?s={search_term_string}"},"query-input":{"@type":"PropertyValueSpecification","valueRequired":true,"valueName":"search_term_string"}}],"inLanguage":"de"},{"@type":"Person","@id":"https:\/\/www.buhl.de\/vermieter-web\/#\/schema\/person\/82903e1cb04eb553382702d503991b4f","name":"Hartmut Fischer"}]}},"_links":{"self":[{"href":"https:\/\/www.buhl.de\/vermieter-web\/wp-json\/wp\/v2\/posts\/17473","targetHints":{"allow":["GET"]}}],"collection":[{"href":"https:\/\/www.buhl.de\/vermieter-web\/wp-json\/wp\/v2\/posts"}],"about":[{"href":"https:\/\/www.buhl.de\/vermieter-web\/wp-json\/wp\/v2\/types\/post"}],"author":[{"embeddable":true,"href":"https:\/\/www.buhl.de\/vermieter-web\/wp-json\/wp\/v2\/users\/15"}],"replies":[{"embeddable":true,"href":"https:\/\/www.buhl.de\/vermieter-web\/wp-json\/wp\/v2\/comments?post=17473"}],"version-history":[{"count":5,"href":"https:\/\/www.buhl.de\/vermieter-web\/wp-json\/wp\/v2\/posts\/17473\/revisions"}],"predecessor-version":[{"id":17480,"href":"https:\/\/www.buhl.de\/vermieter-web\/wp-json\/wp\/v2\/posts\/17473\/revisions\/17480"}],"wp:featuredmedia":[{"embeddable":true,"href":"https:\/\/www.buhl.de\/vermieter-web\/wp-json\/wp\/v2\/media\/17477"}],"wp:attachment":[{"href":"https:\/\/www.buhl.de\/vermieter-web\/wp-json\/wp\/v2\/media?parent=17473"}],"wp:term":[{"taxonomy":"category","embeddable":true,"href":"https:\/\/www.buhl.de\/vermieter-web\/wp-json\/wp\/v2\/categories?post=17473"},{"taxonomy":"post_tag","embeddable":true,"href":"https:\/\/www.buhl.de\/vermieter-web\/wp-json\/wp\/v2\/tags?post=17473"}],"curies":[{"name":"wp","href":"https:\/\/api.w.org\/{rel}","templated":true}]}}