{"id":17482,"date":"2025-11-24T14:23:37","date_gmt":"2025-11-24T13:23:37","guid":{"rendered":"https:\/\/www.buhl.de\/vermieter-web\/?p=17482"},"modified":"2025-11-24T14:23:37","modified_gmt":"2025-11-24T13:23:37","slug":"gasetagenheizung-fuer-die-zukunft-planen","status":"publish","type":"post","link":"https:\/\/www.buhl.de\/vermieter-web\/gasetagenheizung-fuer-die-zukunft-planen\/","title":{"rendered":"Gasetagenheizung &#8211; f\u00fcr die Zukunft planen"},"content":{"rendered":"<p><strong>In vielen Mietobjekten werden die Wohnungen mit einer Gasetagenheizung beheizt. Allerdings ergibt sich hier ein Problem, da die Heizungen ausschlie\u00dflich mit Erdgas betrieben werden. Doch die fossilen Brennstoffe sollen ab 2045 nicht mehr erlaubt sein.<\/strong><\/p>\n<h5>Was wird aus dem Geb\u00e4udeenergiegesetz?<\/h5>\n<p>Das Ende der Gasetagenheizung ergibt sich aus dem Geb\u00e4udeenergiegesetz (GEG), dass den Betrieb von Heizkesseln mit fossilen Brennstoffen nur noch bis 31.12.2044 erlaubt <a href=\"https:\/\/www.gesetze-im-internet.de\/geg\/__72.html\">(\u00a7\u00a072 Abs. 4 GEG<\/a>). Allerdings hat die aktuelle Koalition in ihrem Koalitionsvertrag vereinbart: \u201eWir werden das Heizungsgesetz abschaffen. Das neue GEG machen wir technologieoffener, flexibler und einfacher.\u201c Im Klartext wird das Geb\u00e4udeenergiegesetz also nicht komplett abgeschafft und durch ein anderes ersetzt.<\/p>\n<h5>Politik diskutiert \u00c4nderungen<\/h5>\n<p>Die \u00c4nderungen am bestehenden Geb\u00e4udeenergiegesetz werden derzeit in der Politik hei\u00df diskutiert. Allerdings wird hierbei die Abschaffung der fossilbetriebenen Heizkessel derzeit nicht er\u00f6rtert. Wenn Sie also eine Gasetagenheizung modernisieren wollen, sollten Sie die Regelung im Auge behalten, dass ein fossiler Betrieb ab 2045 nicht mehr m\u00f6glich ist.<\/p>\n<h5>Alternative zur Gasetagenheizung<\/h5>\n<p>Als Alternative zur Gasetagenheizung bieten sich folgende L\u00f6sungen an:<\/p>\n<table>\n<tbody>\n<tr>\n<td width=\"151\">Alternative<\/td>\n<td width=\"151\">\u00d6kolog. Bewertung<\/td>\n<td width=\"151\">\u00d6konom. Bewertung<\/td>\n<td width=\"151\">Hinweise<\/td>\n<\/tr>\n<tr>\n<td width=\"151\">Luft-Wasser-W\u00e4rmepumpe (zentral)<\/td>\n<td width=\"151\">Gute CO<sup>2 <\/sup>Bilanz. Keine lokalen Emissionen.<\/td>\n<td width=\"151\">Hohe Investition, geringe laufende Kosten, F\u00f6rderm\u00f6glichk.<\/td>\n<td width=\"151\">Voller Nutzen erst bei guter D\u00e4mmung des Geb\u00e4udes<\/td>\n<\/tr>\n<tr>\n<td width=\"151\">Luft-Luft-W\u00e4rmepumpen \/ dezentrale W\u00e4rmepumpen<\/td>\n<td width=\"151\">Hoher Wirkungsgrad, emissionsfreier Betrieb, gut bei fehlender zentraler Heizungsinfragstruktur<\/td>\n<td width=\"151\">G\u00fcnstige Investition pro Wohnung, g\u00fcnstiger Betrieb \u2013 im Sommer auch K\u00fchlung m\u00f6glich<\/td>\n<td width=\"151\">Gerade f\u00fcr Gasetagenwohnungen attraktiv (dezentrale Funktion, keine Heizk\u00f6rperhydraulik). Warmwasser muss separat gel\u00f6st werden (z.\u00a0B. Boiler\/WP-Boiler).<\/td>\n<\/tr>\n<tr>\n<td width=\"151\">W\u00e4rmepumpenboiler (f\u00fcr Warmwasser) in Verbindung mit vorigem Vorschlag)<\/td>\n<td width=\"151\">\u00c4u\u00dferst effizient \u2013 gute CO\u2082-Bilanz<sup>2 <\/sup>, kein fossiler Brennstoff<\/td>\n<td width=\"151\">G\u00fcnstige Anschaffungskosten und geringe Unterhaltskosten.<\/td>\n<td width=\"151\">&nbsp;<\/td>\n<\/tr>\n<tr>\n<td width=\"151\">Fernw\u00e4rme (nicht immer verf\u00fcgbar)<\/td>\n<td width=\"151\">Unterschiedlicher CO\u2082\u2011Abdruck\u00a0\u2013<sup>2-<\/sup>\u00a0je nach Anbieter. Derzeit werden viele Netze auf erneuerbare W\u00e4rme oder Abw\u00e4rme umgestellt.<\/td>\n<td width=\"151\">Mittlere bis hohe Anschluss-\/Umr\u00fcstungskosten. Stabile Versorgung. Langfristig abh\u00e4ngig von einem Anbieter (Preisgestaltung!).<\/p>\n<p>&nbsp;<\/td>\n<td width=\"151\">Besonders geeignet f\u00fcr Mehrfamilienh\u00e4user.<\/td>\n<\/tr>\n<tr>\n<td width=\"151\">Pelletheizung<br \/>\n(zentral)<\/td>\n<td width=\"151\">CO\u2082-neutral im Bilanzansatz. Feinstaubemissionen! Nachhaltigkeit h\u00e4ngt von der Pellet-Herkunft ab.<\/td>\n<td width=\"151\">Hohe Investition, schwankende Brennstoffpreise, h\u00f6herer Wartungsaufwand<\/td>\n<td width=\"151\">F\u00fcr Etagenwohnungen eher ungeeignet. Es wird Platz f\u00fcr die Pelletlagerung ben\u00f6tigt.<\/td>\n<\/tr>\n<\/tbody>\n<\/table>\n<p>F\u00fcr den \u00dcbergang kommt auch eine Hybridanlage (W\u00e4rmepumpe + Gas, sp\u00e4ter Umstieg auf Biogas\/Synthetik) infrage. \u00d6kologisch ist diese L\u00f6sung schwer einsch\u00e4tzbar, da die Emissionen vom Anteil der W\u00e4rmepumpe an der Gesamtleistung je nach L\u00f6sung variieren. \u00d6konomisch ist Vorsicht geboten. Die Kosten liegen zwar im mittleren Bereich, doch Gas wird immer teurer und ein Verbrennungsverbot kann nicht ausgeschlossen werden (siehe oben).<\/p>\n<hr \/>\n<h5>Das k\u00f6nnte Sie auch interessieren:<\/h5>\n<p><a href=\"https:\/\/www.buhl.de\/vermieter-web\/co2-preis-steigt-gas-und-oelheizung-werden-teurer\/\">CO2-Preis steigt \u2013 Gas- und \u00d6lheizung werden teurer<\/a><br \/>\n<a href=\"https:\/\/www.buhl.de\/vermieter-web\/entlueftung-der-herizung-so-wirds-gemacht\/\">Entl\u00fcftung der Heizung: so wird&#8217;s gemacht<\/a><br \/>\n<a href=\"https:\/\/www.buhl.de\/vermieter-web\/heizung-fuehrt-zu-hitzigen-debatten\/\">Heizung f\u00fchrt zu hitzigen Debatten<\/a><\/p>\n<hr \/>\n<p>&nbsp;<\/p>\n<p><strong>\u00a0<\/strong><\/p>\n<p>&nbsp;<\/p>\n","protected":false},"excerpt":{"rendered":"<p>In vielen Mietobjekten werden die Wohnungen mit einer Gasetagenheizung beheizt. Allerdings ergibt sich hier ein Problem, da die Heizungen ausschlie\u00dflich mit Erdgas betrieben werden. Doch die fossilen Brennstoffe sollen ab 2045 nicht mehr erlaubt sein. Was wird aus dem Geb\u00e4udeenergiegesetz? Das Ende der Gasetagenheizung ergibt sich aus dem Geb\u00e4udeenergiegesetz (GEG), dass den Betrieb von Heizkesseln &hellip; <\/p>\n<p class=\"link-more\"><a href=\"https:\/\/www.buhl.de\/vermieter-web\/gasetagenheizung-fuer-die-zukunft-planen\/\" class=\"more-link\"><span class=\"screen-reader-text\">\u201eGasetagenheizung &#8211; f\u00fcr die Zukunft planen\u201c<\/span> weiterlesen<\/a><\/p>\n","protected":false},"author":15,"featured_media":17484,"comment_status":"closed","ping_status":"open","sticky":false,"template":"","format":"standard","meta":{"footnotes":""},"categories":[1],"tags":[6099,6469,1179],"class_list":["post-17482","post","type-post","status-publish","format-standard","has-post-thumbnail","hentry","category-allgemein","tag-alternative","tag-gasetagenheitzung","tag-heizung"],"yoast_head":"<!-- This site is optimized with the Yoast SEO Premium plugin v27.0 (Yoast SEO v27.0) - https:\/\/yoast.com\/product\/yoast-seo-premium-wordpress\/ -->\n<title>Gasetagenheizung\u00a0\u2013 f\u00fcr die Zukunft planen<\/title>\n<meta name=\"description\" content=\"Die Gasetagenheizung ist h\u00e4ufig eine g\u00fcnstige Heizalternative\u00a0\u2013 doch ihre Tage scheinen gez\u00e4hlt. Welche Alternativen gibt es?\" \/>\n<meta name=\"robots\" content=\"noindex, nofollow\" \/>\n<meta property=\"og:locale\" content=\"de_DE\" \/>\n<meta property=\"og:type\" content=\"article\" \/>\n<meta property=\"og:title\" content=\"Gasetagenheizung - f\u00fcr die Zukunft planen\" \/>\n<meta property=\"og:description\" content=\"Die Gasetagenheizung ist h\u00e4ufig eine g\u00fcnstige Heizalternative\u00a0\u2013 doch ihre Tage scheinen gez\u00e4hlt. Welche Alternativen gibt es?\" \/>\n<meta property=\"og:url\" content=\"https:\/\/www.buhl.de\/vermieter-web\/gasetagenheizung-fuer-die-zukunft-planen\/\" \/>\n<meta property=\"og:site_name\" content=\"Online-Nebenkostenabrechnung mit WISO Vermieter-Web\" \/>\n<meta property=\"article:published_time\" content=\"2025-11-24T13:23:37+00:00\" \/>\n<meta property=\"og:image\" content=\"https:\/\/www.buhl.de\/vermieter-web\/wp-content\/uploads\/sites\/33\/2025\/11\/Gennadiy-Pechan-Heizkoerper.jpg\" \/>\n\t<meta property=\"og:image:width\" content=\"1063\" \/>\n\t<meta property=\"og:image:height\" content=\"543\" \/>\n\t<meta property=\"og:image:type\" content=\"image\/jpeg\" \/>\n<meta name=\"author\" content=\"Hartmut Fischer\" \/>\n<meta name=\"twitter:card\" content=\"summary_large_image\" \/>\n<meta name=\"twitter:label1\" content=\"Verfasst von\" \/>\n\t<meta name=\"twitter:data1\" content=\"Hartmut Fischer\" \/>\n\t<meta name=\"twitter:label2\" content=\"Gesch\u00e4tzte Lesezeit\" \/>\n\t<meta name=\"twitter:data2\" content=\"3\u00a0Minuten\" \/>\n<script type=\"application\/ld+json\" class=\"yoast-schema-graph\">{\"@context\":\"https:\/\/schema.org\",\"@graph\":[{\"@type\":\"Article\",\"@id\":\"https:\/\/www.buhl.de\/vermieter-web\/gasetagenheizung-fuer-die-zukunft-planen\/#article\",\"isPartOf\":{\"@id\":\"https:\/\/www.buhl.de\/vermieter-web\/gasetagenheizung-fuer-die-zukunft-planen\/\"},\"author\":{\"name\":\"Hartmut Fischer\",\"@id\":\"https:\/\/www.buhl.de\/vermieter-web\/#\/schema\/person\/82903e1cb04eb553382702d503991b4f\"},\"headline\":\"Gasetagenheizung &#8211; f\u00fcr die Zukunft planen\",\"datePublished\":\"2025-11-24T13:23:37+00:00\",\"mainEntityOfPage\":{\"@id\":\"https:\/\/www.buhl.de\/vermieter-web\/gasetagenheizung-fuer-die-zukunft-planen\/\"},\"wordCount\":463,\"image\":{\"@id\":\"https:\/\/www.buhl.de\/vermieter-web\/gasetagenheizung-fuer-die-zukunft-planen\/#primaryimage\"},\"thumbnailUrl\":\"https:\/\/www.buhl.de\/vermieter-web\/wp-content\/uploads\/sites\/33\/2025\/11\/Gennadiy-Pechan-Heizkoerper.jpg\",\"keywords\":[\"Alternative\",\"Gasetagenheitzung\",\"Heizung\"],\"inLanguage\":\"de\"},{\"@type\":\"WebPage\",\"@id\":\"https:\/\/www.buhl.de\/vermieter-web\/gasetagenheizung-fuer-die-zukunft-planen\/\",\"url\":\"https:\/\/www.buhl.de\/vermieter-web\/gasetagenheizung-fuer-die-zukunft-planen\/\",\"name\":\"Gasetagenheizung\u00a0\u2013 f\u00fcr die Zukunft planen\",\"isPartOf\":{\"@id\":\"https:\/\/www.buhl.de\/vermieter-web\/#website\"},\"primaryImageOfPage\":{\"@id\":\"https:\/\/www.buhl.de\/vermieter-web\/gasetagenheizung-fuer-die-zukunft-planen\/#primaryimage\"},\"image\":{\"@id\":\"https:\/\/www.buhl.de\/vermieter-web\/gasetagenheizung-fuer-die-zukunft-planen\/#primaryimage\"},\"thumbnailUrl\":\"https:\/\/www.buhl.de\/vermieter-web\/wp-content\/uploads\/sites\/33\/2025\/11\/Gennadiy-Pechan-Heizkoerper.jpg\",\"datePublished\":\"2025-11-24T13:23:37+00:00\",\"author\":{\"@id\":\"https:\/\/www.buhl.de\/vermieter-web\/#\/schema\/person\/82903e1cb04eb553382702d503991b4f\"},\"description\":\"Die Gasetagenheizung ist h\u00e4ufig eine g\u00fcnstige Heizalternative\u00a0\u2013 doch ihre Tage scheinen gez\u00e4hlt. Welche Alternativen gibt es?\",\"breadcrumb\":{\"@id\":\"https:\/\/www.buhl.de\/vermieter-web\/gasetagenheizung-fuer-die-zukunft-planen\/#breadcrumb\"},\"inLanguage\":\"de\",\"potentialAction\":[{\"@type\":\"ReadAction\",\"target\":[\"https:\/\/www.buhl.de\/vermieter-web\/gasetagenheizung-fuer-die-zukunft-planen\/\"]}]},{\"@type\":\"ImageObject\",\"inLanguage\":\"de\",\"@id\":\"https:\/\/www.buhl.de\/vermieter-web\/gasetagenheizung-fuer-die-zukunft-planen\/#primaryimage\",\"url\":\"https:\/\/www.buhl.de\/vermieter-web\/wp-content\/uploads\/sites\/33\/2025\/11\/Gennadiy-Pechan-Heizkoerper.jpg\",\"contentUrl\":\"https:\/\/www.buhl.de\/vermieter-web\/wp-content\/uploads\/sites\/33\/2025\/11\/Gennadiy-Pechan-Heizkoerper.jpg\",\"width\":1063,\"height\":543},{\"@type\":\"BreadcrumbList\",\"@id\":\"https:\/\/www.buhl.de\/vermieter-web\/gasetagenheizung-fuer-die-zukunft-planen\/#breadcrumb\",\"itemListElement\":[{\"@type\":\"ListItem\",\"position\":1,\"name\":\"Startseite\",\"item\":\"https:\/\/www.buhl.de\/vermieter-web\/\"},{\"@type\":\"ListItem\",\"position\":2,\"name\":\"Gasetagenheizung &#8211; f\u00fcr die Zukunft planen\"}]},{\"@type\":\"WebSite\",\"@id\":\"https:\/\/www.buhl.de\/vermieter-web\/#website\",\"url\":\"https:\/\/www.buhl.de\/vermieter-web\/\",\"name\":\"Online-Nebenkostenabrechnung mit WISO Vermieter-Web\",\"description\":\"\",\"potentialAction\":[{\"@type\":\"SearchAction\",\"target\":{\"@type\":\"EntryPoint\",\"urlTemplate\":\"https:\/\/www.buhl.de\/vermieter-web\/?s={search_term_string}\"},\"query-input\":{\"@type\":\"PropertyValueSpecification\",\"valueRequired\":true,\"valueName\":\"search_term_string\"}}],\"inLanguage\":\"de\"},{\"@type\":\"Person\",\"@id\":\"https:\/\/www.buhl.de\/vermieter-web\/#\/schema\/person\/82903e1cb04eb553382702d503991b4f\",\"name\":\"Hartmut Fischer\"}]}<\/script>\n<!-- \/ Yoast SEO Premium plugin. -->","yoast_head_json":{"title":"Gasetagenheizung\u00a0\u2013 f\u00fcr die Zukunft planen","description":"Die Gasetagenheizung ist h\u00e4ufig eine g\u00fcnstige Heizalternative\u00a0\u2013 doch ihre Tage scheinen gez\u00e4hlt. Welche Alternativen gibt es?","robots":{"index":"noindex","follow":"nofollow"},"og_locale":"de_DE","og_type":"article","og_title":"Gasetagenheizung - f\u00fcr die Zukunft planen","og_description":"Die Gasetagenheizung ist h\u00e4ufig eine g\u00fcnstige Heizalternative\u00a0\u2013 doch ihre Tage scheinen gez\u00e4hlt. Welche Alternativen gibt es?","og_url":"https:\/\/www.buhl.de\/vermieter-web\/gasetagenheizung-fuer-die-zukunft-planen\/","og_site_name":"Online-Nebenkostenabrechnung mit WISO Vermieter-Web","article_published_time":"2025-11-24T13:23:37+00:00","og_image":[{"width":1063,"height":543,"url":"https:\/\/www.buhl.de\/vermieter-web\/wp-content\/uploads\/sites\/33\/2025\/11\/Gennadiy-Pechan-Heizkoerper.jpg","type":"image\/jpeg"}],"author":"Hartmut Fischer","twitter_card":"summary_large_image","twitter_misc":{"Verfasst von":"Hartmut Fischer","Gesch\u00e4tzte Lesezeit":"3\u00a0Minuten"},"schema":{"@context":"https:\/\/schema.org","@graph":[{"@type":"Article","@id":"https:\/\/www.buhl.de\/vermieter-web\/gasetagenheizung-fuer-die-zukunft-planen\/#article","isPartOf":{"@id":"https:\/\/www.buhl.de\/vermieter-web\/gasetagenheizung-fuer-die-zukunft-planen\/"},"author":{"name":"Hartmut Fischer","@id":"https:\/\/www.buhl.de\/vermieter-web\/#\/schema\/person\/82903e1cb04eb553382702d503991b4f"},"headline":"Gasetagenheizung &#8211; f\u00fcr die Zukunft planen","datePublished":"2025-11-24T13:23:37+00:00","mainEntityOfPage":{"@id":"https:\/\/www.buhl.de\/vermieter-web\/gasetagenheizung-fuer-die-zukunft-planen\/"},"wordCount":463,"image":{"@id":"https:\/\/www.buhl.de\/vermieter-web\/gasetagenheizung-fuer-die-zukunft-planen\/#primaryimage"},"thumbnailUrl":"https:\/\/www.buhl.de\/vermieter-web\/wp-content\/uploads\/sites\/33\/2025\/11\/Gennadiy-Pechan-Heizkoerper.jpg","keywords":["Alternative","Gasetagenheitzung","Heizung"],"inLanguage":"de"},{"@type":"WebPage","@id":"https:\/\/www.buhl.de\/vermieter-web\/gasetagenheizung-fuer-die-zukunft-planen\/","url":"https:\/\/www.buhl.de\/vermieter-web\/gasetagenheizung-fuer-die-zukunft-planen\/","name":"Gasetagenheizung\u00a0\u2013 f\u00fcr die Zukunft planen","isPartOf":{"@id":"https:\/\/www.buhl.de\/vermieter-web\/#website"},"primaryImageOfPage":{"@id":"https:\/\/www.buhl.de\/vermieter-web\/gasetagenheizung-fuer-die-zukunft-planen\/#primaryimage"},"image":{"@id":"https:\/\/www.buhl.de\/vermieter-web\/gasetagenheizung-fuer-die-zukunft-planen\/#primaryimage"},"thumbnailUrl":"https:\/\/www.buhl.de\/vermieter-web\/wp-content\/uploads\/sites\/33\/2025\/11\/Gennadiy-Pechan-Heizkoerper.jpg","datePublished":"2025-11-24T13:23:37+00:00","author":{"@id":"https:\/\/www.buhl.de\/vermieter-web\/#\/schema\/person\/82903e1cb04eb553382702d503991b4f"},"description":"Die Gasetagenheizung ist h\u00e4ufig eine g\u00fcnstige Heizalternative\u00a0\u2013 doch ihre Tage scheinen gez\u00e4hlt. Welche Alternativen gibt es?","breadcrumb":{"@id":"https:\/\/www.buhl.de\/vermieter-web\/gasetagenheizung-fuer-die-zukunft-planen\/#breadcrumb"},"inLanguage":"de","potentialAction":[{"@type":"ReadAction","target":["https:\/\/www.buhl.de\/vermieter-web\/gasetagenheizung-fuer-die-zukunft-planen\/"]}]},{"@type":"ImageObject","inLanguage":"de","@id":"https:\/\/www.buhl.de\/vermieter-web\/gasetagenheizung-fuer-die-zukunft-planen\/#primaryimage","url":"https:\/\/www.buhl.de\/vermieter-web\/wp-content\/uploads\/sites\/33\/2025\/11\/Gennadiy-Pechan-Heizkoerper.jpg","contentUrl":"https:\/\/www.buhl.de\/vermieter-web\/wp-content\/uploads\/sites\/33\/2025\/11\/Gennadiy-Pechan-Heizkoerper.jpg","width":1063,"height":543},{"@type":"BreadcrumbList","@id":"https:\/\/www.buhl.de\/vermieter-web\/gasetagenheizung-fuer-die-zukunft-planen\/#breadcrumb","itemListElement":[{"@type":"ListItem","position":1,"name":"Startseite","item":"https:\/\/www.buhl.de\/vermieter-web\/"},{"@type":"ListItem","position":2,"name":"Gasetagenheizung &#8211; f\u00fcr die Zukunft planen"}]},{"@type":"WebSite","@id":"https:\/\/www.buhl.de\/vermieter-web\/#website","url":"https:\/\/www.buhl.de\/vermieter-web\/","name":"Online-Nebenkostenabrechnung mit WISO Vermieter-Web","description":"","potentialAction":[{"@type":"SearchAction","target":{"@type":"EntryPoint","urlTemplate":"https:\/\/www.buhl.de\/vermieter-web\/?s={search_term_string}"},"query-input":{"@type":"PropertyValueSpecification","valueRequired":true,"valueName":"search_term_string"}}],"inLanguage":"de"},{"@type":"Person","@id":"https:\/\/www.buhl.de\/vermieter-web\/#\/schema\/person\/82903e1cb04eb553382702d503991b4f","name":"Hartmut Fischer"}]}},"_links":{"self":[{"href":"https:\/\/www.buhl.de\/vermieter-web\/wp-json\/wp\/v2\/posts\/17482","targetHints":{"allow":["GET"]}}],"collection":[{"href":"https:\/\/www.buhl.de\/vermieter-web\/wp-json\/wp\/v2\/posts"}],"about":[{"href":"https:\/\/www.buhl.de\/vermieter-web\/wp-json\/wp\/v2\/types\/post"}],"author":[{"embeddable":true,"href":"https:\/\/www.buhl.de\/vermieter-web\/wp-json\/wp\/v2\/users\/15"}],"replies":[{"embeddable":true,"href":"https:\/\/www.buhl.de\/vermieter-web\/wp-json\/wp\/v2\/comments?post=17482"}],"version-history":[{"count":2,"href":"https:\/\/www.buhl.de\/vermieter-web\/wp-json\/wp\/v2\/posts\/17482\/revisions"}],"predecessor-version":[{"id":17486,"href":"https:\/\/www.buhl.de\/vermieter-web\/wp-json\/wp\/v2\/posts\/17482\/revisions\/17486"}],"wp:featuredmedia":[{"embeddable":true,"href":"https:\/\/www.buhl.de\/vermieter-web\/wp-json\/wp\/v2\/media\/17484"}],"wp:attachment":[{"href":"https:\/\/www.buhl.de\/vermieter-web\/wp-json\/wp\/v2\/media?parent=17482"}],"wp:term":[{"taxonomy":"category","embeddable":true,"href":"https:\/\/www.buhl.de\/vermieter-web\/wp-json\/wp\/v2\/categories?post=17482"},{"taxonomy":"post_tag","embeddable":true,"href":"https:\/\/www.buhl.de\/vermieter-web\/wp-json\/wp\/v2\/tags?post=17482"}],"curies":[{"name":"wp","href":"https:\/\/api.w.org\/{rel}","templated":true}]}}