{"id":17487,"date":"2025-11-26T08:42:35","date_gmt":"2025-11-26T07:42:35","guid":{"rendered":"https:\/\/www.buhl.de\/vermieter-web\/?p=17487"},"modified":"2025-11-26T08:42:35","modified_gmt":"2025-11-26T07:42:35","slug":"preisbindung-bei-energielieferungsvertraegen","status":"publish","type":"post","link":"https:\/\/www.buhl.de\/vermieter-web\/preisbindung-bei-energielieferungsvertraegen\/","title":{"rendered":"Preisbindung bei Energielieferungsvertr\u00e4gen"},"content":{"rendered":"<p><strong>Wird in einem Vertrag \u00fcber Strom- und Gaslieferungen eine Preisbindung vereinbart, gilt diese normalerweise ab Vertragsabschluss und nicht ab Lieferung. Zu diesem Ergebnis kommt das Amtsgericht M\u00fcnchen in einem Urteil vom 12.04.2024 (Aktenzeichen 172 C 17424\/23).<\/strong><\/p>\n<h5>Im Liefervertrag wurde Preisbindung vereinbart<\/h5>\n<p>In dem Verfahren klagte ein Empf\u00e4nger von Strom und Gas gegen seinen Lieferanten. Die Liefervertr\u00e4ge wurden am 23. und 24.09.2021 abgeschlossen. Lieferbeginn war der 01.02.2022. Die Vertragsparteien vereinbarten eine Preisbindung f\u00fcr 12 Monate.<\/p>\n<h5>Lieferant: Preisbindung l\u00e4uft ab Vertragsabschluss<\/h5>\n<p>Dennoch erh\u00f6hte der Energielieferant den Strompreis im Januar 2022 zum 28.02.2022. Auch den Gaspreis hob er im M\u00e4rz zum 01.05.2022 an. Da der Energiebezieher auf die vereinbarte Preisbindung verwies und die Preiserh\u00f6hungen nicht anerkannte, k\u00fcndigte das Unternehmen die Vertr\u00e4ge. Dadurch wurde der ehemalige Kunde gezwungen, neue Vertr\u00e4ge bei einem anderen Lieferanten abzuschlie\u00dfen. Durch den Anbieterwechsel entstanden Mehrkosten, die der Energiebezieher von seinem Ex-Lieferanten zur\u00fcckverlangte. Da sich das Unternehmen weigerte, zu zahlen, klagte der ehemalige Kunde vor dem Amtsgericht M\u00fcnchen.<\/p>\n<h5>Gericht: Lieferant verstie\u00df gegen Preisbindung<\/h5>\n<p>Das Amtsgericht M\u00fcnchen entschied zugunsten des Kl\u00e4gers. Der ehemalige Energielieferant musste dem Ex-Kunden knapp 516 \u20ac erstatten. In seiner Urteilsbegr\u00fcndung stellte das Gericht fest, dass aus der Auftragsbest\u00e4tigung eindeutig hervorging, dass sich die Parteien eine Preisbindung f\u00fcr 12 Monate ab Vertragsschluss vereinbart hatten.<\/p>\n<p>Nach Auffassung des Gerichts ist eine Auslegung oder Umdeutung nicht zul\u00e4ssig, dass eine Preisbindung f\u00fcr 12 Monate \u201eab Lieferbeginn\u201c zugesichert wurde. Als \u201eKompensation\u201c f\u00fcr die ab Vertragsschluss (und nicht ab Lieferbeginn) geltende Preisbindung erh\u00e4lt der Kunde auch eine korrespondierende feste Vertragslaufzeit \u201eab Vertragsschluss\u201c, sodass er sich gegebenenfalls auch unmittelbar ab Beendigung der zw\u00f6lfmonatigen Preisbindung 12 Monate nach Vertragsschluss und nicht 12 Monate nach Lieferbeginn wieder vom Vertrag h\u00e4tte l\u00f6sen k\u00f6nnen.<\/p>\n<hr \/>\n<h5><em>Das k\u00f6nnte Sie auch interessieren:<\/p>\n<p><\/em><\/h5>\n<p><a href=\"https:\/\/www.buhl.de\/vermieter-web\/stromverbrauch-beweispflicht-des-lieferanten\/\">Stromverbrauch: Beweispflicht des Lieferanten<\/a><br \/>\n<a href=\"https:\/\/www.buhl.de\/vermieter-web\/co2-preis-steigt-gas-und-oelheizung-werden-teurer\/\">CO2-Preis steigt \u2013 Gas- und \u00d6lheizung werden teurer<\/a><br \/>\n<a href=\"https:\/\/www.buhl.de\/vermieter-web\/mieterstrom-studie-zeigt-auch-vorteile-fuer-vermieter\/\">Mieterstrom: Studie zeigt auch Vorteile f\u00fcr Vermieter<\/a><\/p>\n<hr \/>\n<p>&nbsp;<\/p>\n<p>&nbsp;<\/p>\n","protected":false},"excerpt":{"rendered":"<p>Wird in einem Vertrag \u00fcber Strom- und Gaslieferungen eine Preisbindung vereinbart, gilt diese normalerweise ab Vertragsabschluss und nicht ab Lieferung. Zu diesem Ergebnis kommt das Amtsgericht M\u00fcnchen in einem Urteil vom 12.04.2024 (Aktenzeichen 172 C 17424\/23). Im Liefervertrag wurde Preisbindung vereinbart In dem Verfahren klagte ein Empf\u00e4nger von Strom und Gas gegen seinen Lieferanten. Die &hellip; <\/p>\n<p class=\"link-more\"><a href=\"https:\/\/www.buhl.de\/vermieter-web\/preisbindung-bei-energielieferungsvertraegen\/\" class=\"more-link\"><span class=\"screen-reader-text\">\u201ePreisbindung bei Energielieferungsvertr\u00e4gen\u201c<\/span> weiterlesen<\/a><\/p>\n","protected":false},"author":15,"featured_media":17489,"comment_status":"closed","ping_status":"open","sticky":false,"template":"","format":"standard","meta":{"footnotes":""},"categories":[1],"tags":[6470,6472,6471],"class_list":["post-17487","post","type-post","status-publish","format-standard","has-post-thumbnail","hentry","category-allgemein","tag-gaslieferung","tag-preisbindung","tag-stromliefereung"],"yoast_head":"<!-- This site is optimized with the Yoast SEO Premium plugin v27.0 (Yoast SEO v27.0) - https:\/\/yoast.com\/product\/yoast-seo-premium-wordpress\/ -->\n<title>Preisbindung bei Energielieferungsvertr\u00e4gen<\/title>\n<meta name=\"description\" content=\"Wird eine Preisbindung f\u00fcr die Energieliefeerung vereinbart, gilt diese normalerweise immer erst ab dem Datum der Lieferung.\" \/>\n<meta name=\"robots\" content=\"noindex, nofollow\" \/>\n<meta property=\"og:locale\" content=\"de_DE\" \/>\n<meta property=\"og:type\" content=\"article\" \/>\n<meta property=\"og:title\" content=\"Preisbindung bei Energielieferungsvertr\u00e4gen\" \/>\n<meta property=\"og:description\" content=\"Wird eine Preisbindung f\u00fcr die Energieliefeerung vereinbart, gilt diese normalerweise immer erst ab dem Datum der Lieferung.\" \/>\n<meta property=\"og:url\" content=\"https:\/\/www.buhl.de\/vermieter-web\/preisbindung-bei-energielieferungsvertraegen\/\" \/>\n<meta property=\"og:site_name\" content=\"Online-Nebenkostenabrechnung mit WISO Vermieter-Web\" \/>\n<meta property=\"article:published_time\" content=\"2025-11-26T07:42:35+00:00\" \/>\n<meta property=\"og:image\" content=\"https:\/\/www.buhl.de\/vermieter-web\/wp-content\/uploads\/sites\/33\/2025\/11\/Kiryl-Balbatunou-Gasleitung.jpg\" \/>\n\t<meta property=\"og:image:width\" content=\"1063\" \/>\n\t<meta property=\"og:image:height\" content=\"543\" \/>\n\t<meta property=\"og:image:type\" content=\"image\/jpeg\" \/>\n<meta name=\"author\" content=\"Hartmut Fischer\" \/>\n<meta name=\"twitter:card\" content=\"summary_large_image\" \/>\n<meta name=\"twitter:label1\" content=\"Verfasst von\" \/>\n\t<meta name=\"twitter:data1\" content=\"Hartmut Fischer\" \/>\n\t<meta name=\"twitter:label2\" content=\"Gesch\u00e4tzte Lesezeit\" \/>\n\t<meta name=\"twitter:data2\" content=\"2\u00a0Minuten\" \/>\n<script type=\"application\/ld+json\" class=\"yoast-schema-graph\">{\"@context\":\"https:\/\/schema.org\",\"@graph\":[{\"@type\":\"Article\",\"@id\":\"https:\/\/www.buhl.de\/vermieter-web\/preisbindung-bei-energielieferungsvertraegen\/#article\",\"isPartOf\":{\"@id\":\"https:\/\/www.buhl.de\/vermieter-web\/preisbindung-bei-energielieferungsvertraegen\/\"},\"author\":{\"name\":\"Hartmut Fischer\",\"@id\":\"https:\/\/www.buhl.de\/vermieter-web\/#\/schema\/person\/82903e1cb04eb553382702d503991b4f\"},\"headline\":\"Preisbindung bei Energielieferungsvertr\u00e4gen\",\"datePublished\":\"2025-11-26T07:42:35+00:00\",\"mainEntityOfPage\":{\"@id\":\"https:\/\/www.buhl.de\/vermieter-web\/preisbindung-bei-energielieferungsvertraegen\/\"},\"wordCount\":319,\"image\":{\"@id\":\"https:\/\/www.buhl.de\/vermieter-web\/preisbindung-bei-energielieferungsvertraegen\/#primaryimage\"},\"thumbnailUrl\":\"https:\/\/www.buhl.de\/vermieter-web\/wp-content\/uploads\/sites\/33\/2025\/11\/Kiryl-Balbatunou-Gasleitung.jpg\",\"keywords\":[\"Gaslieferung\",\"Preisbindung\",\"Stromliefereung\"],\"inLanguage\":\"de\"},{\"@type\":\"WebPage\",\"@id\":\"https:\/\/www.buhl.de\/vermieter-web\/preisbindung-bei-energielieferungsvertraegen\/\",\"url\":\"https:\/\/www.buhl.de\/vermieter-web\/preisbindung-bei-energielieferungsvertraegen\/\",\"name\":\"Preisbindung bei Energielieferungsvertr\u00e4gen\",\"isPartOf\":{\"@id\":\"https:\/\/www.buhl.de\/vermieter-web\/#website\"},\"primaryImageOfPage\":{\"@id\":\"https:\/\/www.buhl.de\/vermieter-web\/preisbindung-bei-energielieferungsvertraegen\/#primaryimage\"},\"image\":{\"@id\":\"https:\/\/www.buhl.de\/vermieter-web\/preisbindung-bei-energielieferungsvertraegen\/#primaryimage\"},\"thumbnailUrl\":\"https:\/\/www.buhl.de\/vermieter-web\/wp-content\/uploads\/sites\/33\/2025\/11\/Kiryl-Balbatunou-Gasleitung.jpg\",\"datePublished\":\"2025-11-26T07:42:35+00:00\",\"author\":{\"@id\":\"https:\/\/www.buhl.de\/vermieter-web\/#\/schema\/person\/82903e1cb04eb553382702d503991b4f\"},\"description\":\"Wird eine Preisbindung f\u00fcr die Energieliefeerung vereinbart, gilt diese normalerweise immer erst ab dem Datum der Lieferung.\",\"breadcrumb\":{\"@id\":\"https:\/\/www.buhl.de\/vermieter-web\/preisbindung-bei-energielieferungsvertraegen\/#breadcrumb\"},\"inLanguage\":\"de\",\"potentialAction\":[{\"@type\":\"ReadAction\",\"target\":[\"https:\/\/www.buhl.de\/vermieter-web\/preisbindung-bei-energielieferungsvertraegen\/\"]}]},{\"@type\":\"ImageObject\",\"inLanguage\":\"de\",\"@id\":\"https:\/\/www.buhl.de\/vermieter-web\/preisbindung-bei-energielieferungsvertraegen\/#primaryimage\",\"url\":\"https:\/\/www.buhl.de\/vermieter-web\/wp-content\/uploads\/sites\/33\/2025\/11\/Kiryl-Balbatunou-Gasleitung.jpg\",\"contentUrl\":\"https:\/\/www.buhl.de\/vermieter-web\/wp-content\/uploads\/sites\/33\/2025\/11\/Kiryl-Balbatunou-Gasleitung.jpg\",\"width\":1063,\"height\":543},{\"@type\":\"BreadcrumbList\",\"@id\":\"https:\/\/www.buhl.de\/vermieter-web\/preisbindung-bei-energielieferungsvertraegen\/#breadcrumb\",\"itemListElement\":[{\"@type\":\"ListItem\",\"position\":1,\"name\":\"Startseite\",\"item\":\"https:\/\/www.buhl.de\/vermieter-web\/\"},{\"@type\":\"ListItem\",\"position\":2,\"name\":\"Preisbindung bei Energielieferungsvertr\u00e4gen\"}]},{\"@type\":\"WebSite\",\"@id\":\"https:\/\/www.buhl.de\/vermieter-web\/#website\",\"url\":\"https:\/\/www.buhl.de\/vermieter-web\/\",\"name\":\"Online-Nebenkostenabrechnung mit WISO Vermieter-Web\",\"description\":\"\",\"potentialAction\":[{\"@type\":\"SearchAction\",\"target\":{\"@type\":\"EntryPoint\",\"urlTemplate\":\"https:\/\/www.buhl.de\/vermieter-web\/?s={search_term_string}\"},\"query-input\":{\"@type\":\"PropertyValueSpecification\",\"valueRequired\":true,\"valueName\":\"search_term_string\"}}],\"inLanguage\":\"de\"},{\"@type\":\"Person\",\"@id\":\"https:\/\/www.buhl.de\/vermieter-web\/#\/schema\/person\/82903e1cb04eb553382702d503991b4f\",\"name\":\"Hartmut Fischer\"}]}<\/script>\n<!-- \/ Yoast SEO Premium plugin. -->","yoast_head_json":{"title":"Preisbindung bei Energielieferungsvertr\u00e4gen","description":"Wird eine Preisbindung f\u00fcr die Energieliefeerung vereinbart, gilt diese normalerweise immer erst ab dem Datum der Lieferung.","robots":{"index":"noindex","follow":"nofollow"},"og_locale":"de_DE","og_type":"article","og_title":"Preisbindung bei Energielieferungsvertr\u00e4gen","og_description":"Wird eine Preisbindung f\u00fcr die Energieliefeerung vereinbart, gilt diese normalerweise immer erst ab dem Datum der Lieferung.","og_url":"https:\/\/www.buhl.de\/vermieter-web\/preisbindung-bei-energielieferungsvertraegen\/","og_site_name":"Online-Nebenkostenabrechnung mit WISO Vermieter-Web","article_published_time":"2025-11-26T07:42:35+00:00","og_image":[{"width":1063,"height":543,"url":"https:\/\/www.buhl.de\/vermieter-web\/wp-content\/uploads\/sites\/33\/2025\/11\/Kiryl-Balbatunou-Gasleitung.jpg","type":"image\/jpeg"}],"author":"Hartmut Fischer","twitter_card":"summary_large_image","twitter_misc":{"Verfasst von":"Hartmut Fischer","Gesch\u00e4tzte Lesezeit":"2\u00a0Minuten"},"schema":{"@context":"https:\/\/schema.org","@graph":[{"@type":"Article","@id":"https:\/\/www.buhl.de\/vermieter-web\/preisbindung-bei-energielieferungsvertraegen\/#article","isPartOf":{"@id":"https:\/\/www.buhl.de\/vermieter-web\/preisbindung-bei-energielieferungsvertraegen\/"},"author":{"name":"Hartmut Fischer","@id":"https:\/\/www.buhl.de\/vermieter-web\/#\/schema\/person\/82903e1cb04eb553382702d503991b4f"},"headline":"Preisbindung bei Energielieferungsvertr\u00e4gen","datePublished":"2025-11-26T07:42:35+00:00","mainEntityOfPage":{"@id":"https:\/\/www.buhl.de\/vermieter-web\/preisbindung-bei-energielieferungsvertraegen\/"},"wordCount":319,"image":{"@id":"https:\/\/www.buhl.de\/vermieter-web\/preisbindung-bei-energielieferungsvertraegen\/#primaryimage"},"thumbnailUrl":"https:\/\/www.buhl.de\/vermieter-web\/wp-content\/uploads\/sites\/33\/2025\/11\/Kiryl-Balbatunou-Gasleitung.jpg","keywords":["Gaslieferung","Preisbindung","Stromliefereung"],"inLanguage":"de"},{"@type":"WebPage","@id":"https:\/\/www.buhl.de\/vermieter-web\/preisbindung-bei-energielieferungsvertraegen\/","url":"https:\/\/www.buhl.de\/vermieter-web\/preisbindung-bei-energielieferungsvertraegen\/","name":"Preisbindung bei Energielieferungsvertr\u00e4gen","isPartOf":{"@id":"https:\/\/www.buhl.de\/vermieter-web\/#website"},"primaryImageOfPage":{"@id":"https:\/\/www.buhl.de\/vermieter-web\/preisbindung-bei-energielieferungsvertraegen\/#primaryimage"},"image":{"@id":"https:\/\/www.buhl.de\/vermieter-web\/preisbindung-bei-energielieferungsvertraegen\/#primaryimage"},"thumbnailUrl":"https:\/\/www.buhl.de\/vermieter-web\/wp-content\/uploads\/sites\/33\/2025\/11\/Kiryl-Balbatunou-Gasleitung.jpg","datePublished":"2025-11-26T07:42:35+00:00","author":{"@id":"https:\/\/www.buhl.de\/vermieter-web\/#\/schema\/person\/82903e1cb04eb553382702d503991b4f"},"description":"Wird eine Preisbindung f\u00fcr die Energieliefeerung vereinbart, gilt diese normalerweise immer erst ab dem Datum der Lieferung.","breadcrumb":{"@id":"https:\/\/www.buhl.de\/vermieter-web\/preisbindung-bei-energielieferungsvertraegen\/#breadcrumb"},"inLanguage":"de","potentialAction":[{"@type":"ReadAction","target":["https:\/\/www.buhl.de\/vermieter-web\/preisbindung-bei-energielieferungsvertraegen\/"]}]},{"@type":"ImageObject","inLanguage":"de","@id":"https:\/\/www.buhl.de\/vermieter-web\/preisbindung-bei-energielieferungsvertraegen\/#primaryimage","url":"https:\/\/www.buhl.de\/vermieter-web\/wp-content\/uploads\/sites\/33\/2025\/11\/Kiryl-Balbatunou-Gasleitung.jpg","contentUrl":"https:\/\/www.buhl.de\/vermieter-web\/wp-content\/uploads\/sites\/33\/2025\/11\/Kiryl-Balbatunou-Gasleitung.jpg","width":1063,"height":543},{"@type":"BreadcrumbList","@id":"https:\/\/www.buhl.de\/vermieter-web\/preisbindung-bei-energielieferungsvertraegen\/#breadcrumb","itemListElement":[{"@type":"ListItem","position":1,"name":"Startseite","item":"https:\/\/www.buhl.de\/vermieter-web\/"},{"@type":"ListItem","position":2,"name":"Preisbindung bei Energielieferungsvertr\u00e4gen"}]},{"@type":"WebSite","@id":"https:\/\/www.buhl.de\/vermieter-web\/#website","url":"https:\/\/www.buhl.de\/vermieter-web\/","name":"Online-Nebenkostenabrechnung mit WISO Vermieter-Web","description":"","potentialAction":[{"@type":"SearchAction","target":{"@type":"EntryPoint","urlTemplate":"https:\/\/www.buhl.de\/vermieter-web\/?s={search_term_string}"},"query-input":{"@type":"PropertyValueSpecification","valueRequired":true,"valueName":"search_term_string"}}],"inLanguage":"de"},{"@type":"Person","@id":"https:\/\/www.buhl.de\/vermieter-web\/#\/schema\/person\/82903e1cb04eb553382702d503991b4f","name":"Hartmut Fischer"}]}},"_links":{"self":[{"href":"https:\/\/www.buhl.de\/vermieter-web\/wp-json\/wp\/v2\/posts\/17487","targetHints":{"allow":["GET"]}}],"collection":[{"href":"https:\/\/www.buhl.de\/vermieter-web\/wp-json\/wp\/v2\/posts"}],"about":[{"href":"https:\/\/www.buhl.de\/vermieter-web\/wp-json\/wp\/v2\/types\/post"}],"author":[{"embeddable":true,"href":"https:\/\/www.buhl.de\/vermieter-web\/wp-json\/wp\/v2\/users\/15"}],"replies":[{"embeddable":true,"href":"https:\/\/www.buhl.de\/vermieter-web\/wp-json\/wp\/v2\/comments?post=17487"}],"version-history":[{"count":1,"href":"https:\/\/www.buhl.de\/vermieter-web\/wp-json\/wp\/v2\/posts\/17487\/revisions"}],"predecessor-version":[{"id":17490,"href":"https:\/\/www.buhl.de\/vermieter-web\/wp-json\/wp\/v2\/posts\/17487\/revisions\/17490"}],"wp:featuredmedia":[{"embeddable":true,"href":"https:\/\/www.buhl.de\/vermieter-web\/wp-json\/wp\/v2\/media\/17489"}],"wp:attachment":[{"href":"https:\/\/www.buhl.de\/vermieter-web\/wp-json\/wp\/v2\/media?parent=17487"}],"wp:term":[{"taxonomy":"category","embeddable":true,"href":"https:\/\/www.buhl.de\/vermieter-web\/wp-json\/wp\/v2\/categories?post=17487"},{"taxonomy":"post_tag","embeddable":true,"href":"https:\/\/www.buhl.de\/vermieter-web\/wp-json\/wp\/v2\/tags?post=17487"}],"curies":[{"name":"wp","href":"https:\/\/api.w.org\/{rel}","templated":true}]}}