{"id":17496,"date":"2025-12-02T16:55:30","date_gmt":"2025-12-02T15:55:30","guid":{"rendered":"https:\/\/www.buhl.de\/vermieter-web\/?p=17496"},"modified":"2025-12-02T16:55:30","modified_gmt":"2025-12-02T15:55:30","slug":"kuendigungssperrfrist-beginn-der-laufzeit","status":"publish","type":"post","link":"https:\/\/www.buhl.de\/vermieter-web\/kuendigungssperrfrist-beginn-der-laufzeit\/","title":{"rendered":"K\u00fcndigungssperrfrist: Beginn der Laufzeit"},"content":{"rendered":"<p><strong>Wird ein Geb\u00e4ude in einzelne Eigentumswohnungen aufgeteilt und sp\u00e4ter verkauft, greift die sogenannte K\u00fcndigungssperrfrist. Danach kann einem Mieter erst nach Ablauf der K\u00fcndigungssperrfrist gek\u00fcndigt werden. Die Sperrfrist bel\u00e4uft sich auf drei Jahre \u2013 in Gebieten mit anerkannt angespanntem Wohnungsmarkt sogar zehn Jahre. In einem Urteil vom 06.08.2025 stellte der BGH klar, wann diese K\u00fcndigungssperrfrist beginnt (Aktenzeichen VIII ZR 161\/24).<\/strong><\/p>\n<h5>Mietshaus gekauft und Eigentumswohnungen aufgeteilt<\/h5>\n<p>Im entschiedenen Fall wurde ein Mietshaus in M\u00fcnchen Ende 2011 an eine GmbH &amp; Co. KG verkauft. Die K\u00fcndigungssperrfrist betr\u00e4gt in M\u00fcnchen zehn Jahre. Bereits 2012 wurde das Geb\u00e4ude in Eigentumswohnungen aufgeteilt. In dem Verfahren ging es um eine Wohnung, die 2016 verkauft wurde. Der neue Eigent\u00fcmer wurde 2017 ins Grundbuch eingetragen. Der Eigent\u00fcmer k\u00fcndigte dem Mieter 2022. Er ging davon aus, dass die K\u00fcndigungssperrfrist abgelaufen war, da die Begr\u00fcndung der Eigentumswohnungen 2012 erfolgte.<\/p>\n<h5>Gerichte uneinig, wann K\u00fcndigungssperrfrist beginnt<\/h5>\n<p>Da der Mieter sich weigerte, auszuziehen, kam es zur gerichtlichen Auseinandersetzung. Das Amtsgericht M\u00fcnchen entschied zugunsten des Vermieters. Dieses Urteil wurde jedoch vom Landgericht M\u00fcnchen wieder aufgehoben.<\/p>\n<h5>BGH: K\u00fcndigungssperrfrist beginnt mit Grundbucheintrag<\/h5>\n<p>Der BGH entschied nun, dass die K\u00fcndigungssperrfrist erst beginnt, wenn der neue Eigent\u00fcmer tats\u00e4chlich im Grundbuch eingetragen wird \u2013 also derjenige, der sp\u00e4ter k\u00fcndigen m\u00f6chte. Nicht ausreichend ist, dass ein fr\u00fcherer Eigent\u00fcmer das Haus bereits Jahre zuvor in Eigentumswohnungen umgewandelt hat. Die zehnj\u00e4hrige Sperrfrist begann deshalb nicht 2012, sondern erst 2017 mit dem Eigentumserwerb durch den sp\u00e4ter k\u00fcndigenden Vermieter. Das bedeutet: Eine Eigenbedarfsk\u00fcndigung w\u00e4re fr\u00fchestens 2027 zul\u00e4ssig.<\/p>\n<hr \/>\n<h5>Das k\u00f6nnte Sie auch interessieren:<\/h5>\n<p><a href=\"https:\/\/www.buhl.de\/vermieter-web\/einsichtsrecht-der-wohnungseigentuemer\/\">Einsichtsrecht der Wohnungseigent\u00fcmer<\/a><br \/>\n<a href=\"https:\/\/www.buhl.de\/vermieter-web\/gbr-muss-3-jahres-sperrfrist-einhalten\/\">GbR muss 3-Jahres-Sperrfrist einhalten<\/a><\/p>\n<hr \/>\n<p>&nbsp;<\/p>\n","protected":false},"excerpt":{"rendered":"<p>Wird ein Geb\u00e4ude in einzelne Eigentumswohnungen aufgeteilt und sp\u00e4ter verkauft, greift die sogenannte K\u00fcndigungssperrfrist. Danach kann einem Mieter erst nach Ablauf der K\u00fcndigungssperrfrist gek\u00fcndigt werden. Die Sperrfrist bel\u00e4uft sich auf drei Jahre \u2013 in Gebieten mit anerkannt angespanntem Wohnungsmarkt sogar zehn Jahre. In einem Urteil vom 06.08.2025 stellte der BGH klar, wann diese K\u00fcndigungssperrfrist beginnt &hellip; <\/p>\n<p class=\"link-more\"><a href=\"https:\/\/www.buhl.de\/vermieter-web\/kuendigungssperrfrist-beginn-der-laufzeit\/\" class=\"more-link\"><span class=\"screen-reader-text\">\u201eK\u00fcndigungssperrfrist: Beginn der Laufzeit\u201c<\/span> weiterlesen<\/a><\/p>\n","protected":false},"author":15,"featured_media":17498,"comment_status":"closed","ping_status":"open","sticky":false,"template":"","format":"standard","meta":{"footnotes":""},"categories":[1],"tags":[581,380,414,392],"class_list":["post-17496","post","type-post","status-publish","format-standard","has-post-thumbnail","hentry","category-allgemein","tag-eigentumswohnung","tag-kuendigung","tag-sperrfrist","tag-weg"],"yoast_head":"<!-- This site is optimized with the Yoast SEO Premium plugin v27.0 (Yoast SEO v27.0) - https:\/\/yoast.com\/product\/yoast-seo-premium-wordpress\/ -->\n<title>Beginn der K\u00fcndigungssperrfrist bei Eigentumswohnungen<\/title>\n<meta name=\"description\" content=\"Wurde eine Wohnung in eine Eigentumswohnung umgewandelt, kann einem Mieter erst nach Ablauf der K\u00fcndigungssperrfrist gek\u00fcndigt werden.\" \/>\n<meta name=\"robots\" content=\"noindex, nofollow\" \/>\n<meta property=\"og:locale\" content=\"de_DE\" \/>\n<meta property=\"og:type\" content=\"article\" \/>\n<meta property=\"og:title\" content=\"K\u00fcndigungssperrfrist: Beginn der Laufzeit\" \/>\n<meta property=\"og:description\" content=\"Wurde eine Wohnung in eine Eigentumswohnung umgewandelt, kann einem Mieter erst nach Ablauf der K\u00fcndigungssperrfrist gek\u00fcndigt werden.\" \/>\n<meta property=\"og:url\" content=\"https:\/\/www.buhl.de\/vermieter-web\/kuendigungssperrfrist-beginn-der-laufzeit\/\" \/>\n<meta property=\"og:site_name\" content=\"Online-Nebenkostenabrechnung mit WISO Vermieter-Web\" \/>\n<meta property=\"article:published_time\" content=\"2025-12-02T15:55:30+00:00\" \/>\n<meta property=\"og:image\" content=\"https:\/\/www.buhl.de\/vermieter-web\/wp-content\/uploads\/sites\/33\/2025\/12\/Piman-Khrutmuang-Kalenderblatt.jpg\" \/>\n\t<meta property=\"og:image:width\" content=\"1063\" \/>\n\t<meta property=\"og:image:height\" content=\"543\" \/>\n\t<meta property=\"og:image:type\" content=\"image\/jpeg\" \/>\n<meta name=\"author\" content=\"Hartmut Fischer\" \/>\n<meta name=\"twitter:card\" content=\"summary_large_image\" \/>\n<meta name=\"twitter:label1\" content=\"Verfasst von\" \/>\n\t<meta name=\"twitter:data1\" content=\"Hartmut Fischer\" \/>\n\t<meta name=\"twitter:label2\" content=\"Gesch\u00e4tzte Lesezeit\" \/>\n\t<meta name=\"twitter:data2\" content=\"2\u00a0Minuten\" \/>\n<script type=\"application\/ld+json\" class=\"yoast-schema-graph\">{\"@context\":\"https:\/\/schema.org\",\"@graph\":[{\"@type\":\"Article\",\"@id\":\"https:\/\/www.buhl.de\/vermieter-web\/kuendigungssperrfrist-beginn-der-laufzeit\/#article\",\"isPartOf\":{\"@id\":\"https:\/\/www.buhl.de\/vermieter-web\/kuendigungssperrfrist-beginn-der-laufzeit\/\"},\"author\":{\"name\":\"Hartmut Fischer\",\"@id\":\"https:\/\/www.buhl.de\/vermieter-web\/#\/schema\/person\/82903e1cb04eb553382702d503991b4f\"},\"headline\":\"K\u00fcndigungssperrfrist: Beginn der Laufzeit\",\"datePublished\":\"2025-12-02T15:55:30+00:00\",\"mainEntityOfPage\":{\"@id\":\"https:\/\/www.buhl.de\/vermieter-web\/kuendigungssperrfrist-beginn-der-laufzeit\/\"},\"wordCount\":285,\"image\":{\"@id\":\"https:\/\/www.buhl.de\/vermieter-web\/kuendigungssperrfrist-beginn-der-laufzeit\/#primaryimage\"},\"thumbnailUrl\":\"https:\/\/www.buhl.de\/vermieter-web\/wp-content\/uploads\/sites\/33\/2025\/12\/Piman-Khrutmuang-Kalenderblatt.jpg\",\"keywords\":[\"Eigentumswohnung\",\"K\u00fcndigung\",\"Sperrfrist\",\"WEG\"],\"inLanguage\":\"de\"},{\"@type\":\"WebPage\",\"@id\":\"https:\/\/www.buhl.de\/vermieter-web\/kuendigungssperrfrist-beginn-der-laufzeit\/\",\"url\":\"https:\/\/www.buhl.de\/vermieter-web\/kuendigungssperrfrist-beginn-der-laufzeit\/\",\"name\":\"Beginn der K\u00fcndigungssperrfrist bei Eigentumswohnungen\",\"isPartOf\":{\"@id\":\"https:\/\/www.buhl.de\/vermieter-web\/#website\"},\"primaryImageOfPage\":{\"@id\":\"https:\/\/www.buhl.de\/vermieter-web\/kuendigungssperrfrist-beginn-der-laufzeit\/#primaryimage\"},\"image\":{\"@id\":\"https:\/\/www.buhl.de\/vermieter-web\/kuendigungssperrfrist-beginn-der-laufzeit\/#primaryimage\"},\"thumbnailUrl\":\"https:\/\/www.buhl.de\/vermieter-web\/wp-content\/uploads\/sites\/33\/2025\/12\/Piman-Khrutmuang-Kalenderblatt.jpg\",\"datePublished\":\"2025-12-02T15:55:30+00:00\",\"author\":{\"@id\":\"https:\/\/www.buhl.de\/vermieter-web\/#\/schema\/person\/82903e1cb04eb553382702d503991b4f\"},\"description\":\"Wurde eine Wohnung in eine Eigentumswohnung umgewandelt, kann einem Mieter erst nach Ablauf der K\u00fcndigungssperrfrist gek\u00fcndigt werden.\",\"breadcrumb\":{\"@id\":\"https:\/\/www.buhl.de\/vermieter-web\/kuendigungssperrfrist-beginn-der-laufzeit\/#breadcrumb\"},\"inLanguage\":\"de\",\"potentialAction\":[{\"@type\":\"ReadAction\",\"target\":[\"https:\/\/www.buhl.de\/vermieter-web\/kuendigungssperrfrist-beginn-der-laufzeit\/\"]}]},{\"@type\":\"ImageObject\",\"inLanguage\":\"de\",\"@id\":\"https:\/\/www.buhl.de\/vermieter-web\/kuendigungssperrfrist-beginn-der-laufzeit\/#primaryimage\",\"url\":\"https:\/\/www.buhl.de\/vermieter-web\/wp-content\/uploads\/sites\/33\/2025\/12\/Piman-Khrutmuang-Kalenderblatt.jpg\",\"contentUrl\":\"https:\/\/www.buhl.de\/vermieter-web\/wp-content\/uploads\/sites\/33\/2025\/12\/Piman-Khrutmuang-Kalenderblatt.jpg\",\"width\":1063,\"height\":543},{\"@type\":\"BreadcrumbList\",\"@id\":\"https:\/\/www.buhl.de\/vermieter-web\/kuendigungssperrfrist-beginn-der-laufzeit\/#breadcrumb\",\"itemListElement\":[{\"@type\":\"ListItem\",\"position\":1,\"name\":\"Startseite\",\"item\":\"https:\/\/www.buhl.de\/vermieter-web\/\"},{\"@type\":\"ListItem\",\"position\":2,\"name\":\"K\u00fcndigungssperrfrist: Beginn der Laufzeit\"}]},{\"@type\":\"WebSite\",\"@id\":\"https:\/\/www.buhl.de\/vermieter-web\/#website\",\"url\":\"https:\/\/www.buhl.de\/vermieter-web\/\",\"name\":\"Online-Nebenkostenabrechnung mit WISO Vermieter-Web\",\"description\":\"\",\"potentialAction\":[{\"@type\":\"SearchAction\",\"target\":{\"@type\":\"EntryPoint\",\"urlTemplate\":\"https:\/\/www.buhl.de\/vermieter-web\/?s={search_term_string}\"},\"query-input\":{\"@type\":\"PropertyValueSpecification\",\"valueRequired\":true,\"valueName\":\"search_term_string\"}}],\"inLanguage\":\"de\"},{\"@type\":\"Person\",\"@id\":\"https:\/\/www.buhl.de\/vermieter-web\/#\/schema\/person\/82903e1cb04eb553382702d503991b4f\",\"name\":\"Hartmut Fischer\"}]}<\/script>\n<!-- \/ Yoast SEO Premium plugin. -->","yoast_head_json":{"title":"Beginn der K\u00fcndigungssperrfrist bei Eigentumswohnungen","description":"Wurde eine Wohnung in eine Eigentumswohnung umgewandelt, kann einem Mieter erst nach Ablauf der K\u00fcndigungssperrfrist gek\u00fcndigt werden.","robots":{"index":"noindex","follow":"nofollow"},"og_locale":"de_DE","og_type":"article","og_title":"K\u00fcndigungssperrfrist: Beginn der Laufzeit","og_description":"Wurde eine Wohnung in eine Eigentumswohnung umgewandelt, kann einem Mieter erst nach Ablauf der K\u00fcndigungssperrfrist gek\u00fcndigt werden.","og_url":"https:\/\/www.buhl.de\/vermieter-web\/kuendigungssperrfrist-beginn-der-laufzeit\/","og_site_name":"Online-Nebenkostenabrechnung mit WISO Vermieter-Web","article_published_time":"2025-12-02T15:55:30+00:00","og_image":[{"width":1063,"height":543,"url":"https:\/\/www.buhl.de\/vermieter-web\/wp-content\/uploads\/sites\/33\/2025\/12\/Piman-Khrutmuang-Kalenderblatt.jpg","type":"image\/jpeg"}],"author":"Hartmut Fischer","twitter_card":"summary_large_image","twitter_misc":{"Verfasst von":"Hartmut Fischer","Gesch\u00e4tzte Lesezeit":"2\u00a0Minuten"},"schema":{"@context":"https:\/\/schema.org","@graph":[{"@type":"Article","@id":"https:\/\/www.buhl.de\/vermieter-web\/kuendigungssperrfrist-beginn-der-laufzeit\/#article","isPartOf":{"@id":"https:\/\/www.buhl.de\/vermieter-web\/kuendigungssperrfrist-beginn-der-laufzeit\/"},"author":{"name":"Hartmut Fischer","@id":"https:\/\/www.buhl.de\/vermieter-web\/#\/schema\/person\/82903e1cb04eb553382702d503991b4f"},"headline":"K\u00fcndigungssperrfrist: Beginn der Laufzeit","datePublished":"2025-12-02T15:55:30+00:00","mainEntityOfPage":{"@id":"https:\/\/www.buhl.de\/vermieter-web\/kuendigungssperrfrist-beginn-der-laufzeit\/"},"wordCount":285,"image":{"@id":"https:\/\/www.buhl.de\/vermieter-web\/kuendigungssperrfrist-beginn-der-laufzeit\/#primaryimage"},"thumbnailUrl":"https:\/\/www.buhl.de\/vermieter-web\/wp-content\/uploads\/sites\/33\/2025\/12\/Piman-Khrutmuang-Kalenderblatt.jpg","keywords":["Eigentumswohnung","K\u00fcndigung","Sperrfrist","WEG"],"inLanguage":"de"},{"@type":"WebPage","@id":"https:\/\/www.buhl.de\/vermieter-web\/kuendigungssperrfrist-beginn-der-laufzeit\/","url":"https:\/\/www.buhl.de\/vermieter-web\/kuendigungssperrfrist-beginn-der-laufzeit\/","name":"Beginn der K\u00fcndigungssperrfrist bei Eigentumswohnungen","isPartOf":{"@id":"https:\/\/www.buhl.de\/vermieter-web\/#website"},"primaryImageOfPage":{"@id":"https:\/\/www.buhl.de\/vermieter-web\/kuendigungssperrfrist-beginn-der-laufzeit\/#primaryimage"},"image":{"@id":"https:\/\/www.buhl.de\/vermieter-web\/kuendigungssperrfrist-beginn-der-laufzeit\/#primaryimage"},"thumbnailUrl":"https:\/\/www.buhl.de\/vermieter-web\/wp-content\/uploads\/sites\/33\/2025\/12\/Piman-Khrutmuang-Kalenderblatt.jpg","datePublished":"2025-12-02T15:55:30+00:00","author":{"@id":"https:\/\/www.buhl.de\/vermieter-web\/#\/schema\/person\/82903e1cb04eb553382702d503991b4f"},"description":"Wurde eine Wohnung in eine Eigentumswohnung umgewandelt, kann einem Mieter erst nach Ablauf der K\u00fcndigungssperrfrist gek\u00fcndigt werden.","breadcrumb":{"@id":"https:\/\/www.buhl.de\/vermieter-web\/kuendigungssperrfrist-beginn-der-laufzeit\/#breadcrumb"},"inLanguage":"de","potentialAction":[{"@type":"ReadAction","target":["https:\/\/www.buhl.de\/vermieter-web\/kuendigungssperrfrist-beginn-der-laufzeit\/"]}]},{"@type":"ImageObject","inLanguage":"de","@id":"https:\/\/www.buhl.de\/vermieter-web\/kuendigungssperrfrist-beginn-der-laufzeit\/#primaryimage","url":"https:\/\/www.buhl.de\/vermieter-web\/wp-content\/uploads\/sites\/33\/2025\/12\/Piman-Khrutmuang-Kalenderblatt.jpg","contentUrl":"https:\/\/www.buhl.de\/vermieter-web\/wp-content\/uploads\/sites\/33\/2025\/12\/Piman-Khrutmuang-Kalenderblatt.jpg","width":1063,"height":543},{"@type":"BreadcrumbList","@id":"https:\/\/www.buhl.de\/vermieter-web\/kuendigungssperrfrist-beginn-der-laufzeit\/#breadcrumb","itemListElement":[{"@type":"ListItem","position":1,"name":"Startseite","item":"https:\/\/www.buhl.de\/vermieter-web\/"},{"@type":"ListItem","position":2,"name":"K\u00fcndigungssperrfrist: Beginn der Laufzeit"}]},{"@type":"WebSite","@id":"https:\/\/www.buhl.de\/vermieter-web\/#website","url":"https:\/\/www.buhl.de\/vermieter-web\/","name":"Online-Nebenkostenabrechnung mit WISO Vermieter-Web","description":"","potentialAction":[{"@type":"SearchAction","target":{"@type":"EntryPoint","urlTemplate":"https:\/\/www.buhl.de\/vermieter-web\/?s={search_term_string}"},"query-input":{"@type":"PropertyValueSpecification","valueRequired":true,"valueName":"search_term_string"}}],"inLanguage":"de"},{"@type":"Person","@id":"https:\/\/www.buhl.de\/vermieter-web\/#\/schema\/person\/82903e1cb04eb553382702d503991b4f","name":"Hartmut Fischer"}]}},"_links":{"self":[{"href":"https:\/\/www.buhl.de\/vermieter-web\/wp-json\/wp\/v2\/posts\/17496","targetHints":{"allow":["GET"]}}],"collection":[{"href":"https:\/\/www.buhl.de\/vermieter-web\/wp-json\/wp\/v2\/posts"}],"about":[{"href":"https:\/\/www.buhl.de\/vermieter-web\/wp-json\/wp\/v2\/types\/post"}],"author":[{"embeddable":true,"href":"https:\/\/www.buhl.de\/vermieter-web\/wp-json\/wp\/v2\/users\/15"}],"replies":[{"embeddable":true,"href":"https:\/\/www.buhl.de\/vermieter-web\/wp-json\/wp\/v2\/comments?post=17496"}],"version-history":[{"count":1,"href":"https:\/\/www.buhl.de\/vermieter-web\/wp-json\/wp\/v2\/posts\/17496\/revisions"}],"predecessor-version":[{"id":17499,"href":"https:\/\/www.buhl.de\/vermieter-web\/wp-json\/wp\/v2\/posts\/17496\/revisions\/17499"}],"wp:featuredmedia":[{"embeddable":true,"href":"https:\/\/www.buhl.de\/vermieter-web\/wp-json\/wp\/v2\/media\/17498"}],"wp:attachment":[{"href":"https:\/\/www.buhl.de\/vermieter-web\/wp-json\/wp\/v2\/media?parent=17496"}],"wp:term":[{"taxonomy":"category","embeddable":true,"href":"https:\/\/www.buhl.de\/vermieter-web\/wp-json\/wp\/v2\/categories?post=17496"},{"taxonomy":"post_tag","embeddable":true,"href":"https:\/\/www.buhl.de\/vermieter-web\/wp-json\/wp\/v2\/tags?post=17496"}],"curies":[{"name":"wp","href":"https:\/\/api.w.org\/{rel}","templated":true}]}}