{"id":17500,"date":"2025-12-02T17:15:46","date_gmt":"2025-12-02T16:15:46","guid":{"rendered":"https:\/\/www.buhl.de\/vermieter-web\/?p=17500"},"modified":"2025-12-02T17:15:46","modified_gmt":"2025-12-02T16:15:46","slug":"weg-jahresabrechnung-bei-verwalterwechsel","status":"publish","type":"post","link":"https:\/\/www.buhl.de\/vermieter-web\/weg-jahresabrechnung-bei-verwalterwechsel\/","title":{"rendered":"WEG: Jahresabrechnung bei Verwalterwechsel"},"content":{"rendered":"<p><strong>F\u00fcr die Jahresabrechnung einer Wohneigent\u00fcmergemeinschaft ist die Gemeinschaft verantwortlich, wobei die Erstellung auf den Verwalter \u00fcbertragen wird. Kommt es zum Jahresende zu einem Verwalterwechsel, stellt sich die Frage, ob der neue Verwalter die Jahresabrechnung f\u00fcr das vergangene Jahr \u00fcbernehmen muss oder der ehemalige Verwalter hier noch in der Verantwortung ist. Zu dieser Frage hat der Bundesgerichtshof (BGH) mit einem Urteil vom 26.09.2025 Stellung bezogen (Aktenzeichen V ZR 206\/24).<\/strong><\/p>\n<h5>Verwalter wechselt zum 1. Januar<\/h5>\n<p>In dem Verfahren ging es um die Klage einer Wohneigent\u00fcmergemeinschaft, die vom ehemaligen Verwalter verlangte, eine Jahresabrechnung zu erstellen. In der Wohneigent\u00fcmerversammlung im Dezember 2022 hatte man einen neuen Verwalter mit Wirkung zum 01.01.2023 gew\u00e4hlt. Die Gemeinschaft verlangte nun, dass der ehemalige Verwalter noch die Jahresabrechnung f\u00fcr das Jahr 2022 erstellt, was dieser ablehnte. Mit ihrer Klage konnten sich die Wohnungseigent\u00fcmer weder vor dem Amts- noch vor dem Landgericht durchsetzen.<\/p>\n<h5>BGH: Ehemaliger Verwalter muss Jahresabrechnung nicht erstellen<\/h5>\n<p>Auch vor dem BGH konnte sich die Gemeinschaft nicht durchsetzen. Die Erstellung der Jahresabrechnung f\u00fcr 2022 sei Sache des Verwalters, der zum 01.01.2023 berufen wurde. Nach Ansicht der Richter konnte man aus <a href=\"https:\/\/www.gesetze-im-internet.de\/woeigg\/__28.html\">\u00a7\u00a028 Wohnungseigentumsgesetz<\/a> keine Verpflichtung des Ex-Verwalters ableiten.<\/p>\n<p>Seit Dezember 2020 ist die Verwaltung des gemeinschaftlichen Eigentums ausschlie\u00dflich Sache der Gemeinschaft. Der Verwalter fungiert hier lediglich als ausf\u00fchrendes Organ. Kommt es zu einem Verwalterwechsel, ist der neue Verwalter auch f\u00fcr die Erstellung der Jahresabrechnung f\u00fcr das Vorjahr zust\u00e4ndig.<\/p>\n<h5>BGH: Pflicht zur Jahresabrechnung entsteht am 1. Januar<\/h5>\n<p>Bisher wurde von einigen Juristen die Ansicht vertreten, dass die Pflicht zur Erstellung einer Jahresabrechnung mit dem Ablauf des 31.12. entsteht. Der BGH entschied in seiner Urteilsbegr\u00fcndung, dass die Erstellungspflicht erst am 1. Januar des folgenden Jahres entsteht. Endet die Amtszeit eines Verwalters aber zum 31.12. eines Jahres, ist er nicht mehr in der Verpflichtung, die Jahresabrechnung des abgelaufenen Jahres zu erstellen.<\/p>\n<h5>Verwalter haftet f\u00fcr seine Arbeit<\/h5>\n<p>Der ehemalige Verwalter bleibt aber f\u00fcr seine Arbeit im abgelaufenen Jahr in der Verantwortung. Er muss daf\u00fcr geradestehen, dass in seiner Amtszeit alle Einnahmen und Ausgaben vollst\u00e4ndig und korrekt erfasst wurden. Unter Umst\u00e4nden muss er beeiden, dass die Angaben korrekt sind.<\/p>\n<hr \/>\n<h5>Das k\u00f6nnte Sie auch interessieren<\/h5>\n<p><a href=\"https:\/\/www.buhl.de\/vermieter-web\/jahresabrechnung-der-weg-bei-ungueltiger-kostenverteilung\/\">Jahresabrechnung der WEG bei ung\u00fcltiger Kostenverteilung<\/a><br \/>\n<a href=\"https:\/\/www.buhl.de\/vermieter-web\/schadenersatzanspruch-gegenueber-weg-verwalter\/\">Schadenersatzanspruch gegen\u00fcber WEG-Verwalter?<\/a><br \/>\n<a href=\"https:\/\/www.buhl.de\/vermieter-web\/delegation-auf-den-weg-verwalter\/\">Delegation auf den WEG-Verwalter<\/a><\/p>\n<hr \/>\n<p>&nbsp;<\/p>\n","protected":false},"excerpt":{"rendered":"<p>F\u00fcr die Jahresabrechnung einer Wohneigent\u00fcmergemeinschaft ist die Gemeinschaft verantwortlich, wobei die Erstellung auf den Verwalter \u00fcbertragen wird. Kommt es zum Jahresende zu einem Verwalterwechsel, stellt sich die Frage, ob der neue Verwalter die Jahresabrechnung f\u00fcr das vergangene Jahr \u00fcbernehmen muss oder der ehemalige Verwalter hier noch in der Verantwortung ist. Zu dieser Frage hat der &hellip; <\/p>\n<p class=\"link-more\"><a href=\"https:\/\/www.buhl.de\/vermieter-web\/weg-jahresabrechnung-bei-verwalterwechsel\/\" class=\"more-link\"><span class=\"screen-reader-text\">\u201eWEG: Jahresabrechnung bei Verwalterwechsel\u201c<\/span> weiterlesen<\/a><\/p>\n","protected":false},"author":15,"featured_media":17502,"comment_status":"closed","ping_status":"open","sticky":false,"template":"","format":"standard","meta":{"footnotes":""},"categories":[1],"tags":[6474,607,6473,392],"class_list":["post-17500","post","type-post","status-publish","format-standard","has-post-thumbnail","hentry","category-allgemein","tag-jahresabrechnung","tag-verwalter","tag-verwalterwechsel","tag-weg"],"yoast_head":"<!-- This site is optimized with the Yoast SEO Premium plugin v27.0 (Yoast SEO v27.0) - https:\/\/yoast.com\/product\/yoast-seo-premium-wordpress\/ -->\n<title>WEG: Jahresabrechnung bei Verwalterwechsel - Online-Nebenkostenabrechnung mit WISO Vermieter-Web<\/title>\n<meta name=\"robots\" content=\"noindex, nofollow\" \/>\n<meta property=\"og:locale\" content=\"de_DE\" \/>\n<meta property=\"og:type\" content=\"article\" \/>\n<meta property=\"og:title\" content=\"WEG: Jahresabrechnung bei Verwalterwechsel\" \/>\n<meta property=\"og:description\" content=\"F\u00fcr die Jahresabrechnung einer Wohneigent\u00fcmergemeinschaft ist die Gemeinschaft verantwortlich, wobei die Erstellung auf den Verwalter \u00fcbertragen wird. Kommt es zum Jahresende zu einem Verwalterwechsel, stellt sich die Frage, ob der neue Verwalter die Jahresabrechnung f\u00fcr das vergangene Jahr \u00fcbernehmen muss oder der ehemalige Verwalter hier noch in der Verantwortung ist. Zu dieser Frage hat der &hellip; \u201eWEG: Jahresabrechnung bei Verwalterwechsel\u201c weiterlesen\" \/>\n<meta property=\"og:url\" content=\"https:\/\/www.buhl.de\/vermieter-web\/weg-jahresabrechnung-bei-verwalterwechsel\/\" \/>\n<meta property=\"og:site_name\" content=\"Online-Nebenkostenabrechnung mit WISO Vermieter-Web\" \/>\n<meta property=\"article:published_time\" content=\"2025-12-02T16:15:46+00:00\" \/>\n<meta property=\"og:image\" content=\"https:\/\/www.buhl.de\/vermieter-web\/wp-content\/uploads\/sites\/33\/2025\/12\/Benis-Arapovic-Besprechung.jpg\" \/>\n\t<meta property=\"og:image:width\" content=\"1063\" \/>\n\t<meta property=\"og:image:height\" content=\"543\" \/>\n\t<meta property=\"og:image:type\" content=\"image\/jpeg\" \/>\n<meta name=\"author\" content=\"Hartmut Fischer\" \/>\n<meta name=\"twitter:card\" content=\"summary_large_image\" \/>\n<meta name=\"twitter:label1\" content=\"Verfasst von\" \/>\n\t<meta name=\"twitter:data1\" content=\"Hartmut Fischer\" \/>\n\t<meta name=\"twitter:label2\" content=\"Gesch\u00e4tzte Lesezeit\" \/>\n\t<meta name=\"twitter:data2\" content=\"3\u00a0Minuten\" \/>\n<script type=\"application\/ld+json\" class=\"yoast-schema-graph\">{\"@context\":\"https:\/\/schema.org\",\"@graph\":[{\"@type\":\"Article\",\"@id\":\"https:\/\/www.buhl.de\/vermieter-web\/weg-jahresabrechnung-bei-verwalterwechsel\/#article\",\"isPartOf\":{\"@id\":\"https:\/\/www.buhl.de\/vermieter-web\/weg-jahresabrechnung-bei-verwalterwechsel\/\"},\"author\":{\"name\":\"Hartmut Fischer\",\"@id\":\"https:\/\/www.buhl.de\/vermieter-web\/#\/schema\/person\/82903e1cb04eb553382702d503991b4f\"},\"headline\":\"WEG: Jahresabrechnung bei Verwalterwechsel\",\"datePublished\":\"2025-12-02T16:15:46+00:00\",\"mainEntityOfPage\":{\"@id\":\"https:\/\/www.buhl.de\/vermieter-web\/weg-jahresabrechnung-bei-verwalterwechsel\/\"},\"wordCount\":377,\"image\":{\"@id\":\"https:\/\/www.buhl.de\/vermieter-web\/weg-jahresabrechnung-bei-verwalterwechsel\/#primaryimage\"},\"thumbnailUrl\":\"https:\/\/www.buhl.de\/vermieter-web\/wp-content\/uploads\/sites\/33\/2025\/12\/Benis-Arapovic-Besprechung.jpg\",\"keywords\":[\"Jahresabrechnung\",\"Verwalter\",\"Verwalterwechsel\",\"WEG\"],\"inLanguage\":\"de\"},{\"@type\":\"WebPage\",\"@id\":\"https:\/\/www.buhl.de\/vermieter-web\/weg-jahresabrechnung-bei-verwalterwechsel\/\",\"url\":\"https:\/\/www.buhl.de\/vermieter-web\/weg-jahresabrechnung-bei-verwalterwechsel\/\",\"name\":\"WEG: Jahresabrechnung bei Verwalterwechsel - Online-Nebenkostenabrechnung mit WISO Vermieter-Web\",\"isPartOf\":{\"@id\":\"https:\/\/www.buhl.de\/vermieter-web\/#website\"},\"primaryImageOfPage\":{\"@id\":\"https:\/\/www.buhl.de\/vermieter-web\/weg-jahresabrechnung-bei-verwalterwechsel\/#primaryimage\"},\"image\":{\"@id\":\"https:\/\/www.buhl.de\/vermieter-web\/weg-jahresabrechnung-bei-verwalterwechsel\/#primaryimage\"},\"thumbnailUrl\":\"https:\/\/www.buhl.de\/vermieter-web\/wp-content\/uploads\/sites\/33\/2025\/12\/Benis-Arapovic-Besprechung.jpg\",\"datePublished\":\"2025-12-02T16:15:46+00:00\",\"author\":{\"@id\":\"https:\/\/www.buhl.de\/vermieter-web\/#\/schema\/person\/82903e1cb04eb553382702d503991b4f\"},\"breadcrumb\":{\"@id\":\"https:\/\/www.buhl.de\/vermieter-web\/weg-jahresabrechnung-bei-verwalterwechsel\/#breadcrumb\"},\"inLanguage\":\"de\",\"potentialAction\":[{\"@type\":\"ReadAction\",\"target\":[\"https:\/\/www.buhl.de\/vermieter-web\/weg-jahresabrechnung-bei-verwalterwechsel\/\"]}]},{\"@type\":\"ImageObject\",\"inLanguage\":\"de\",\"@id\":\"https:\/\/www.buhl.de\/vermieter-web\/weg-jahresabrechnung-bei-verwalterwechsel\/#primaryimage\",\"url\":\"https:\/\/www.buhl.de\/vermieter-web\/wp-content\/uploads\/sites\/33\/2025\/12\/Benis-Arapovic-Besprechung.jpg\",\"contentUrl\":\"https:\/\/www.buhl.de\/vermieter-web\/wp-content\/uploads\/sites\/33\/2025\/12\/Benis-Arapovic-Besprechung.jpg\",\"width\":1063,\"height\":543},{\"@type\":\"BreadcrumbList\",\"@id\":\"https:\/\/www.buhl.de\/vermieter-web\/weg-jahresabrechnung-bei-verwalterwechsel\/#breadcrumb\",\"itemListElement\":[{\"@type\":\"ListItem\",\"position\":1,\"name\":\"Startseite\",\"item\":\"https:\/\/www.buhl.de\/vermieter-web\/\"},{\"@type\":\"ListItem\",\"position\":2,\"name\":\"WEG: Jahresabrechnung bei Verwalterwechsel\"}]},{\"@type\":\"WebSite\",\"@id\":\"https:\/\/www.buhl.de\/vermieter-web\/#website\",\"url\":\"https:\/\/www.buhl.de\/vermieter-web\/\",\"name\":\"Online-Nebenkostenabrechnung mit WISO Vermieter-Web\",\"description\":\"\",\"potentialAction\":[{\"@type\":\"SearchAction\",\"target\":{\"@type\":\"EntryPoint\",\"urlTemplate\":\"https:\/\/www.buhl.de\/vermieter-web\/?s={search_term_string}\"},\"query-input\":{\"@type\":\"PropertyValueSpecification\",\"valueRequired\":true,\"valueName\":\"search_term_string\"}}],\"inLanguage\":\"de\"},{\"@type\":\"Person\",\"@id\":\"https:\/\/www.buhl.de\/vermieter-web\/#\/schema\/person\/82903e1cb04eb553382702d503991b4f\",\"name\":\"Hartmut Fischer\"}]}<\/script>\n<!-- \/ Yoast SEO Premium plugin. -->","yoast_head_json":{"title":"WEG: Jahresabrechnung bei Verwalterwechsel - Online-Nebenkostenabrechnung mit WISO Vermieter-Web","robots":{"index":"noindex","follow":"nofollow"},"og_locale":"de_DE","og_type":"article","og_title":"WEG: Jahresabrechnung bei Verwalterwechsel","og_description":"F\u00fcr die Jahresabrechnung einer Wohneigent\u00fcmergemeinschaft ist die Gemeinschaft verantwortlich, wobei die Erstellung auf den Verwalter \u00fcbertragen wird. Kommt es zum Jahresende zu einem Verwalterwechsel, stellt sich die Frage, ob der neue Verwalter die Jahresabrechnung f\u00fcr das vergangene Jahr \u00fcbernehmen muss oder der ehemalige Verwalter hier noch in der Verantwortung ist. Zu dieser Frage hat der &hellip; \u201eWEG: Jahresabrechnung bei Verwalterwechsel\u201c weiterlesen","og_url":"https:\/\/www.buhl.de\/vermieter-web\/weg-jahresabrechnung-bei-verwalterwechsel\/","og_site_name":"Online-Nebenkostenabrechnung mit WISO Vermieter-Web","article_published_time":"2025-12-02T16:15:46+00:00","og_image":[{"width":1063,"height":543,"url":"https:\/\/www.buhl.de\/vermieter-web\/wp-content\/uploads\/sites\/33\/2025\/12\/Benis-Arapovic-Besprechung.jpg","type":"image\/jpeg"}],"author":"Hartmut Fischer","twitter_card":"summary_large_image","twitter_misc":{"Verfasst von":"Hartmut Fischer","Gesch\u00e4tzte Lesezeit":"3\u00a0Minuten"},"schema":{"@context":"https:\/\/schema.org","@graph":[{"@type":"Article","@id":"https:\/\/www.buhl.de\/vermieter-web\/weg-jahresabrechnung-bei-verwalterwechsel\/#article","isPartOf":{"@id":"https:\/\/www.buhl.de\/vermieter-web\/weg-jahresabrechnung-bei-verwalterwechsel\/"},"author":{"name":"Hartmut Fischer","@id":"https:\/\/www.buhl.de\/vermieter-web\/#\/schema\/person\/82903e1cb04eb553382702d503991b4f"},"headline":"WEG: Jahresabrechnung bei Verwalterwechsel","datePublished":"2025-12-02T16:15:46+00:00","mainEntityOfPage":{"@id":"https:\/\/www.buhl.de\/vermieter-web\/weg-jahresabrechnung-bei-verwalterwechsel\/"},"wordCount":377,"image":{"@id":"https:\/\/www.buhl.de\/vermieter-web\/weg-jahresabrechnung-bei-verwalterwechsel\/#primaryimage"},"thumbnailUrl":"https:\/\/www.buhl.de\/vermieter-web\/wp-content\/uploads\/sites\/33\/2025\/12\/Benis-Arapovic-Besprechung.jpg","keywords":["Jahresabrechnung","Verwalter","Verwalterwechsel","WEG"],"inLanguage":"de"},{"@type":"WebPage","@id":"https:\/\/www.buhl.de\/vermieter-web\/weg-jahresabrechnung-bei-verwalterwechsel\/","url":"https:\/\/www.buhl.de\/vermieter-web\/weg-jahresabrechnung-bei-verwalterwechsel\/","name":"WEG: Jahresabrechnung bei Verwalterwechsel - Online-Nebenkostenabrechnung mit WISO Vermieter-Web","isPartOf":{"@id":"https:\/\/www.buhl.de\/vermieter-web\/#website"},"primaryImageOfPage":{"@id":"https:\/\/www.buhl.de\/vermieter-web\/weg-jahresabrechnung-bei-verwalterwechsel\/#primaryimage"},"image":{"@id":"https:\/\/www.buhl.de\/vermieter-web\/weg-jahresabrechnung-bei-verwalterwechsel\/#primaryimage"},"thumbnailUrl":"https:\/\/www.buhl.de\/vermieter-web\/wp-content\/uploads\/sites\/33\/2025\/12\/Benis-Arapovic-Besprechung.jpg","datePublished":"2025-12-02T16:15:46+00:00","author":{"@id":"https:\/\/www.buhl.de\/vermieter-web\/#\/schema\/person\/82903e1cb04eb553382702d503991b4f"},"breadcrumb":{"@id":"https:\/\/www.buhl.de\/vermieter-web\/weg-jahresabrechnung-bei-verwalterwechsel\/#breadcrumb"},"inLanguage":"de","potentialAction":[{"@type":"ReadAction","target":["https:\/\/www.buhl.de\/vermieter-web\/weg-jahresabrechnung-bei-verwalterwechsel\/"]}]},{"@type":"ImageObject","inLanguage":"de","@id":"https:\/\/www.buhl.de\/vermieter-web\/weg-jahresabrechnung-bei-verwalterwechsel\/#primaryimage","url":"https:\/\/www.buhl.de\/vermieter-web\/wp-content\/uploads\/sites\/33\/2025\/12\/Benis-Arapovic-Besprechung.jpg","contentUrl":"https:\/\/www.buhl.de\/vermieter-web\/wp-content\/uploads\/sites\/33\/2025\/12\/Benis-Arapovic-Besprechung.jpg","width":1063,"height":543},{"@type":"BreadcrumbList","@id":"https:\/\/www.buhl.de\/vermieter-web\/weg-jahresabrechnung-bei-verwalterwechsel\/#breadcrumb","itemListElement":[{"@type":"ListItem","position":1,"name":"Startseite","item":"https:\/\/www.buhl.de\/vermieter-web\/"},{"@type":"ListItem","position":2,"name":"WEG: Jahresabrechnung bei Verwalterwechsel"}]},{"@type":"WebSite","@id":"https:\/\/www.buhl.de\/vermieter-web\/#website","url":"https:\/\/www.buhl.de\/vermieter-web\/","name":"Online-Nebenkostenabrechnung mit WISO Vermieter-Web","description":"","potentialAction":[{"@type":"SearchAction","target":{"@type":"EntryPoint","urlTemplate":"https:\/\/www.buhl.de\/vermieter-web\/?s={search_term_string}"},"query-input":{"@type":"PropertyValueSpecification","valueRequired":true,"valueName":"search_term_string"}}],"inLanguage":"de"},{"@type":"Person","@id":"https:\/\/www.buhl.de\/vermieter-web\/#\/schema\/person\/82903e1cb04eb553382702d503991b4f","name":"Hartmut Fischer"}]}},"_links":{"self":[{"href":"https:\/\/www.buhl.de\/vermieter-web\/wp-json\/wp\/v2\/posts\/17500","targetHints":{"allow":["GET"]}}],"collection":[{"href":"https:\/\/www.buhl.de\/vermieter-web\/wp-json\/wp\/v2\/posts"}],"about":[{"href":"https:\/\/www.buhl.de\/vermieter-web\/wp-json\/wp\/v2\/types\/post"}],"author":[{"embeddable":true,"href":"https:\/\/www.buhl.de\/vermieter-web\/wp-json\/wp\/v2\/users\/15"}],"replies":[{"embeddable":true,"href":"https:\/\/www.buhl.de\/vermieter-web\/wp-json\/wp\/v2\/comments?post=17500"}],"version-history":[{"count":2,"href":"https:\/\/www.buhl.de\/vermieter-web\/wp-json\/wp\/v2\/posts\/17500\/revisions"}],"predecessor-version":[{"id":17504,"href":"https:\/\/www.buhl.de\/vermieter-web\/wp-json\/wp\/v2\/posts\/17500\/revisions\/17504"}],"wp:featuredmedia":[{"embeddable":true,"href":"https:\/\/www.buhl.de\/vermieter-web\/wp-json\/wp\/v2\/media\/17502"}],"wp:attachment":[{"href":"https:\/\/www.buhl.de\/vermieter-web\/wp-json\/wp\/v2\/media?parent=17500"}],"wp:term":[{"taxonomy":"category","embeddable":true,"href":"https:\/\/www.buhl.de\/vermieter-web\/wp-json\/wp\/v2\/categories?post=17500"},{"taxonomy":"post_tag","embeddable":true,"href":"https:\/\/www.buhl.de\/vermieter-web\/wp-json\/wp\/v2\/tags?post=17500"}],"curies":[{"name":"wp","href":"https:\/\/api.w.org\/{rel}","templated":true}]}}