{"id":17552,"date":"2025-12-30T12:55:37","date_gmt":"2025-12-30T11:55:37","guid":{"rendered":"https:\/\/www.buhl.de\/vermieter-web\/?p=17552"},"modified":"2025-12-30T12:55:37","modified_gmt":"2025-12-30T11:55:37","slug":"das-darf-nicht-in-die-nebenkostenabrechnung","status":"publish","type":"post","link":"https:\/\/www.buhl.de\/vermieter-web\/das-darf-nicht-in-die-nebenkostenabrechnung\/","title":{"rendered":"Das darf NICHT in die Nebenkostenabrechnung"},"content":{"rendered":"<p><strong>Jetzt beginnt wieder die Zeit, in der die Nebenkostenabrechnungen erstellt werden m\u00fcssen. H\u00e4ufig kommt es hier zu Streit mit dem Mieter, der nat\u00fcrlich nur das \u00fcbernehmen will, was er unbedingt muss. Wer auf Nummer sicher gehen will, nutzt hierf\u00fcr gute Immobilienprodukte, wie <\/strong><a href=\"https:\/\/www.buhl.de\/produkte\/wiso-vermieter-365\/\"><strong>WISO Vermieter<\/strong><\/a><strong> oder <\/strong><a href=\"https:\/\/www.buhl.de\/produkte\/wiso-hausverwalter-365\/\"><strong>WISO Hausverwalter<\/strong><\/a><strong>. Wenn man selbst die Abrechnung erstellen will, gibt es eine ganze Reihe von Beschr\u00e4nkungen, die man beachten muss. <\/strong><\/p>\n<h5>Anwaltskosten<\/h5>\n<p>Ben\u00f6tigt der Vermieter anwaltliche Hilfe, gehen die Kosten zu seinen Lasten. Auch Gerichtskosten muss er zun\u00e4chst selbst tragen. \u00dcber die endg\u00fcltige Kosten\u00fcbernahme entscheidet das Gericht. Die Anwalts- und Gerichtskosten sind in keinem Fall im Rahmen der Nebenkostenabrechnung umlegbar.<\/p>\n<h5>CO\u2082-Kosten<\/h5>\n<p>Seit 2023 wird der CO\u2082-Preis je nach Grad des CO\u2082-Verbrauchs pro m\u00b2 zwischen Vermieter und Mieter nach den Regeln des \u201eKohlendioxidkostenaufteilungsgesetzes\u201c (<a href=\"https:\/\/www.gesetze-im-internet.de\/co2kostaufg\/CO2KostAufG.pdf\">CO\u2082<\/a><a href=\"https:\/\/www.gesetze-im-internet.de\/co2kostaufg\/CO2KostAufG.pdf\">-KostAufG<\/a>) verteilt. Lesen Sie hierzu auch unseren Beitrag \u201e<a href=\"https:\/\/www.buhl.de\/vermieter-web\/co%e2%82%82-preis-berechnen\/\">CO\u2082<\/a><a href=\"https:\/\/www.buhl.de\/vermieter-web\/co%e2%82%82-preis-berechnen\/\">-Preis berechnen<\/a>\u201c.<\/p>\n<h5>Erneuerungen<\/h5>\n<p>Im Haus erneuerte oder ersetzte Teile k\u00f6nnen nicht auf die Mieter umgelegt werden. Je nachdem, was erneuert oder ersetzt wurde, kommt aber eine Mieterh\u00f6hung wegen Modernisierungsma\u00dfnahmen in Betracht (siehe auch Modernisierung)<\/p>\n<h5>Finanzierung<\/h5>\n<p>Zinsen f\u00fcr Darlehen oder Kredite, Bereitstellungsgeb\u00fchren und andere Finanzierungskosten gehen zulasten des Vermieters. Sie k\u00f6nnen nicht umgelegt werden.<\/p>\n<h5>Gerichtskosten<\/h5>\n<p>Siehe Anwaltskosten.<\/p>\n<h5>Inkassogeb\u00fchren<\/h5>\n<p>Inkassogeb\u00fchren, Mahngeb\u00fchren oder Zinsen wegen versp\u00e4teter Zahlung gehen zun\u00e4chst zulasten des Vermieters. Entstehen die Kosten, weil eine Miete eingefordert werden muss, k\u00f6nnen die entstehenden Kosten beim s\u00e4umigen Mieter geltend gemacht werden. In keinem Fall k\u00f6nnen Sie auf alle Mieter umgelegt werden.<\/p>\n<h5>Instandhaltung und -setzung<\/h5>\n<p>Nur wiederkehrende Kosten k\u00f6nnen Sie als Nebenkosten absetzen. Deshalb sind Reparaturen und Ma\u00dfnahmen zur Schadensbeseitigung nicht als Nebenkosten umlegbar.<\/p>\n<h5>Leerstand<\/h5>\n<p>Der Mieter muss nur die laufenden Kosten tragen, die auf seine angemietete Wohnung entfallen. Kosten, die bei einer leer stehenden Wohnung entstehen, gehen zulasten des Vermieters.<\/p>\n<h5>Modernisierung<\/h5>\n<p>Modernisierungsma\u00dfnahmen (<a href=\"https:\/\/www.gesetze-im-internet.de\/bgb\/__555b.html\">\u00a7\u00a0555b BGB<\/a>) k\u00f6nnen nicht \u00fcber die Nebenkosten umgelegt werden, erlauben aber eine Mieterh\u00f6hung, wenn die Ma\u00dfnahme zur Verbesserung der Wohnverh\u00e4ltnisse f\u00fchrt<strong>, <\/strong>Energie oder Wasser einspart, den Gebrauchswert der Wohnung erh\u00f6ht oder auf neue gesetzliche Anforderungen zur\u00fcckgeht (<a href=\"https:\/\/www.gesetze-im-internet.de\/bgb\/__559.html\">\u00a7\u00a0559 BGB<\/a>).<\/p>\n<h5>R\u00fccklagen<\/h5>\n<p>R\u00fccklagen f\u00fcr zuk\u00fcnftige Instandhaltung oder -setzung oder Modernisierung und k\u00f6nnen gebildet, aber nicht in der Nebenkostenabrechnung geltend gemacht werden.<\/p>\n<h5>Verwaltung<\/h5>\n<p>Die Kosten f\u00fcr die Immobilienverwaltung k\u00f6nnen nicht auf die Mieter umgelegt werden. Hierzu geh\u00f6ren alle B\u00fcro- und Buchhaltungskosten (Telefonkosten, B\u00fcromaterial, Porto, Softwarekosten, Kontof\u00fchrungsgeb\u00fchren usw.).<\/p>\n<hr \/>\n<h5>Das k\u00f6nnte Sie auch interessieren:<\/h5>\n<p><a href=\"https:\/\/www.buhl.de\/vermieter-web\/eigenleistungen-in-der-nebenkostenabrechnung\/\">Eigenleistungen in der Nebenkostenabrechnung?<\/a><br \/>\n<a href=\"https:\/\/www.buhl.de\/vermieter-web\/betriebskosten-aenderung-des-verteilungsschluessel\/\">Betriebskosten: \u00c4nderung des Verteilungsschl\u00fcssel<\/a><\/p>\n<hr \/>\n<p>&nbsp;<\/p>\n<p>&nbsp;<\/p>\n","protected":false},"excerpt":{"rendered":"<p>Jetzt beginnt wieder die Zeit, in der die Nebenkostenabrechnungen erstellt werden m\u00fcssen. H\u00e4ufig kommt es hier zu Streit mit dem Mieter, der nat\u00fcrlich nur das \u00fcbernehmen will, was er unbedingt muss. Wer auf Nummer sicher gehen will, nutzt hierf\u00fcr gute Immobilienprodukte, wie WISO Vermieter oder WISO Hausverwalter. Wenn man selbst die Abrechnung erstellen will, gibt &hellip; <\/p>\n<p class=\"link-more\"><a href=\"https:\/\/www.buhl.de\/vermieter-web\/das-darf-nicht-in-die-nebenkostenabrechnung\/\" class=\"more-link\"><span class=\"screen-reader-text\">\u201eDas darf NICHT in die Nebenkostenabrechnung\u201c<\/span> weiterlesen<\/a><\/p>\n","protected":false},"author":15,"featured_media":16988,"comment_status":"closed","ping_status":"open","sticky":false,"template":"","format":"standard","meta":{"footnotes":""},"categories":[1],"tags":[378,1381],"class_list":["post-17552","post","type-post","status-publish","format-standard","has-post-thumbnail","hentry","category-allgemein","tag-betriebskosten","tag-nebenkosten"],"yoast_head":"<!-- This site is optimized with the Yoast SEO Premium plugin v27.4 (Yoast SEO v27.5) - https:\/\/yoast.com\/product\/yoast-seo-premium-wordpress\/ -->\n<title>Nebenkostenabrechnung: Was nicht umlegbar ist<\/title>\n<meta name=\"description\" content=\"In der Nebenkostenabrechnung gibt es eine ganze Reihe von Positionen, die nicht auf die Mieter umgelegt werden k\u00f6nnen.\" \/>\n<meta name=\"robots\" content=\"noindex, nofollow\" \/>\n<meta property=\"og:locale\" content=\"de_DE\" \/>\n<meta property=\"og:type\" content=\"article\" \/>\n<meta property=\"og:title\" content=\"Das darf NICHT in die Nebenkostenabrechnung\" \/>\n<meta property=\"og:description\" content=\"In der Nebenkostenabrechnung gibt es eine ganze Reihe von Positionen, die nicht auf die Mieter umgelegt werden k\u00f6nnen.\" \/>\n<meta property=\"og:url\" content=\"https:\/\/www.buhl.de\/vermieter-web\/das-darf-nicht-in-die-nebenkostenabrechnung\/\" \/>\n<meta property=\"og:site_name\" content=\"Online-Nebenkostenabrechnung mit WISO Vermieter-Web\" \/>\n<meta property=\"article:published_time\" content=\"2025-12-30T11:55:37+00:00\" \/>\n<meta property=\"og:image\" content=\"https:\/\/www.buhl.de\/vermieter-web\/wp-content\/uploads\/sites\/33\/2025\/05\/Yuliia-Kaveshnikova-Daumen-runter.jpg\" \/>\n\t<meta property=\"og:image:width\" content=\"1067\" \/>\n\t<meta property=\"og:image:height\" content=\"532\" \/>\n\t<meta property=\"og:image:type\" content=\"image\/jpeg\" \/>\n<meta name=\"author\" content=\"Hartmut Fischer\" \/>\n<meta name=\"twitter:card\" content=\"summary_large_image\" \/>\n<meta name=\"twitter:label1\" content=\"Verfasst von\" \/>\n\t<meta name=\"twitter:data1\" content=\"Hartmut Fischer\" \/>\n\t<meta name=\"twitter:label2\" content=\"Gesch\u00e4tzte Lesezeit\" \/>\n\t<meta name=\"twitter:data2\" content=\"3\u00a0Minuten\" \/>\n<script type=\"application\/ld+json\" class=\"yoast-schema-graph\">{\"@context\":\"https:\\\/\\\/schema.org\",\"@graph\":[{\"@type\":\"Article\",\"@id\":\"https:\\\/\\\/www.buhl.de\\\/vermieter-web\\\/das-darf-nicht-in-die-nebenkostenabrechnung\\\/#article\",\"isPartOf\":{\"@id\":\"https:\\\/\\\/www.buhl.de\\\/vermieter-web\\\/das-darf-nicht-in-die-nebenkostenabrechnung\\\/\"},\"author\":{\"name\":\"Hartmut Fischer\",\"@id\":\"https:\\\/\\\/www.buhl.de\\\/vermieter-web\\\/#\\\/schema\\\/person\\\/82903e1cb04eb553382702d503991b4f\"},\"headline\":\"Das darf NICHT in die Nebenkostenabrechnung\",\"datePublished\":\"2025-12-30T11:55:37+00:00\",\"mainEntityOfPage\":{\"@id\":\"https:\\\/\\\/www.buhl.de\\\/vermieter-web\\\/das-darf-nicht-in-die-nebenkostenabrechnung\\\/\"},\"wordCount\":437,\"image\":{\"@id\":\"https:\\\/\\\/www.buhl.de\\\/vermieter-web\\\/das-darf-nicht-in-die-nebenkostenabrechnung\\\/#primaryimage\"},\"thumbnailUrl\":\"https:\\\/\\\/www.buhl.de\\\/vermieter-web\\\/wp-content\\\/uploads\\\/sites\\\/33\\\/2025\\\/05\\\/Yuliia-Kaveshnikova-Daumen-runter.jpg\",\"keywords\":[\"Betriebskosten\",\"Nebenkosten\"],\"inLanguage\":\"de\"},{\"@type\":\"WebPage\",\"@id\":\"https:\\\/\\\/www.buhl.de\\\/vermieter-web\\\/das-darf-nicht-in-die-nebenkostenabrechnung\\\/\",\"url\":\"https:\\\/\\\/www.buhl.de\\\/vermieter-web\\\/das-darf-nicht-in-die-nebenkostenabrechnung\\\/\",\"name\":\"Nebenkostenabrechnung: Was nicht umlegbar ist\",\"isPartOf\":{\"@id\":\"https:\\\/\\\/www.buhl.de\\\/vermieter-web\\\/#website\"},\"primaryImageOfPage\":{\"@id\":\"https:\\\/\\\/www.buhl.de\\\/vermieter-web\\\/das-darf-nicht-in-die-nebenkostenabrechnung\\\/#primaryimage\"},\"image\":{\"@id\":\"https:\\\/\\\/www.buhl.de\\\/vermieter-web\\\/das-darf-nicht-in-die-nebenkostenabrechnung\\\/#primaryimage\"},\"thumbnailUrl\":\"https:\\\/\\\/www.buhl.de\\\/vermieter-web\\\/wp-content\\\/uploads\\\/sites\\\/33\\\/2025\\\/05\\\/Yuliia-Kaveshnikova-Daumen-runter.jpg\",\"datePublished\":\"2025-12-30T11:55:37+00:00\",\"author\":{\"@id\":\"https:\\\/\\\/www.buhl.de\\\/vermieter-web\\\/#\\\/schema\\\/person\\\/82903e1cb04eb553382702d503991b4f\"},\"description\":\"In der Nebenkostenabrechnung gibt es eine ganze Reihe von Positionen, die nicht auf die Mieter umgelegt werden k\u00f6nnen.\",\"breadcrumb\":{\"@id\":\"https:\\\/\\\/www.buhl.de\\\/vermieter-web\\\/das-darf-nicht-in-die-nebenkostenabrechnung\\\/#breadcrumb\"},\"inLanguage\":\"de\",\"potentialAction\":[{\"@type\":\"ReadAction\",\"target\":[\"https:\\\/\\\/www.buhl.de\\\/vermieter-web\\\/das-darf-nicht-in-die-nebenkostenabrechnung\\\/\"]}]},{\"@type\":\"ImageObject\",\"inLanguage\":\"de\",\"@id\":\"https:\\\/\\\/www.buhl.de\\\/vermieter-web\\\/das-darf-nicht-in-die-nebenkostenabrechnung\\\/#primaryimage\",\"url\":\"https:\\\/\\\/www.buhl.de\\\/vermieter-web\\\/wp-content\\\/uploads\\\/sites\\\/33\\\/2025\\\/05\\\/Yuliia-Kaveshnikova-Daumen-runter.jpg\",\"contentUrl\":\"https:\\\/\\\/www.buhl.de\\\/vermieter-web\\\/wp-content\\\/uploads\\\/sites\\\/33\\\/2025\\\/05\\\/Yuliia-Kaveshnikova-Daumen-runter.jpg\",\"width\":1067,\"height\":532},{\"@type\":\"BreadcrumbList\",\"@id\":\"https:\\\/\\\/www.buhl.de\\\/vermieter-web\\\/das-darf-nicht-in-die-nebenkostenabrechnung\\\/#breadcrumb\",\"itemListElement\":[{\"@type\":\"ListItem\",\"position\":1,\"name\":\"Startseite\",\"item\":\"https:\\\/\\\/www.buhl.de\\\/vermieter-web\\\/\"},{\"@type\":\"ListItem\",\"position\":2,\"name\":\"Das darf NICHT in die Nebenkostenabrechnung\"}]},{\"@type\":\"WebSite\",\"@id\":\"https:\\\/\\\/www.buhl.de\\\/vermieter-web\\\/#website\",\"url\":\"https:\\\/\\\/www.buhl.de\\\/vermieter-web\\\/\",\"name\":\"Online-Nebenkostenabrechnung mit WISO Vermieter-Web\",\"description\":\"\",\"potentialAction\":[{\"@type\":\"SearchAction\",\"target\":{\"@type\":\"EntryPoint\",\"urlTemplate\":\"https:\\\/\\\/www.buhl.de\\\/vermieter-web\\\/?s={search_term_string}\"},\"query-input\":{\"@type\":\"PropertyValueSpecification\",\"valueRequired\":true,\"valueName\":\"search_term_string\"}}],\"inLanguage\":\"de\"},{\"@type\":\"Person\",\"@id\":\"https:\\\/\\\/www.buhl.de\\\/vermieter-web\\\/#\\\/schema\\\/person\\\/82903e1cb04eb553382702d503991b4f\",\"name\":\"Hartmut Fischer\"}]}<\/script>\n<!-- \/ Yoast SEO Premium plugin. -->","yoast_head_json":{"title":"Nebenkostenabrechnung: Was nicht umlegbar ist","description":"In der Nebenkostenabrechnung gibt es eine ganze Reihe von Positionen, die nicht auf die Mieter umgelegt werden k\u00f6nnen.","robots":{"index":"noindex","follow":"nofollow"},"og_locale":"de_DE","og_type":"article","og_title":"Das darf NICHT in die Nebenkostenabrechnung","og_description":"In der Nebenkostenabrechnung gibt es eine ganze Reihe von Positionen, die nicht auf die Mieter umgelegt werden k\u00f6nnen.","og_url":"https:\/\/www.buhl.de\/vermieter-web\/das-darf-nicht-in-die-nebenkostenabrechnung\/","og_site_name":"Online-Nebenkostenabrechnung mit WISO Vermieter-Web","article_published_time":"2025-12-30T11:55:37+00:00","og_image":[{"width":1067,"height":532,"url":"https:\/\/www.buhl.de\/vermieter-web\/wp-content\/uploads\/sites\/33\/2025\/05\/Yuliia-Kaveshnikova-Daumen-runter.jpg","type":"image\/jpeg"}],"author":"Hartmut Fischer","twitter_card":"summary_large_image","twitter_misc":{"Verfasst von":"Hartmut Fischer","Gesch\u00e4tzte Lesezeit":"3\u00a0Minuten"},"schema":{"@context":"https:\/\/schema.org","@graph":[{"@type":"Article","@id":"https:\/\/www.buhl.de\/vermieter-web\/das-darf-nicht-in-die-nebenkostenabrechnung\/#article","isPartOf":{"@id":"https:\/\/www.buhl.de\/vermieter-web\/das-darf-nicht-in-die-nebenkostenabrechnung\/"},"author":{"name":"Hartmut Fischer","@id":"https:\/\/www.buhl.de\/vermieter-web\/#\/schema\/person\/82903e1cb04eb553382702d503991b4f"},"headline":"Das darf NICHT in die Nebenkostenabrechnung","datePublished":"2025-12-30T11:55:37+00:00","mainEntityOfPage":{"@id":"https:\/\/www.buhl.de\/vermieter-web\/das-darf-nicht-in-die-nebenkostenabrechnung\/"},"wordCount":437,"image":{"@id":"https:\/\/www.buhl.de\/vermieter-web\/das-darf-nicht-in-die-nebenkostenabrechnung\/#primaryimage"},"thumbnailUrl":"https:\/\/www.buhl.de\/vermieter-web\/wp-content\/uploads\/sites\/33\/2025\/05\/Yuliia-Kaveshnikova-Daumen-runter.jpg","keywords":["Betriebskosten","Nebenkosten"],"inLanguage":"de"},{"@type":"WebPage","@id":"https:\/\/www.buhl.de\/vermieter-web\/das-darf-nicht-in-die-nebenkostenabrechnung\/","url":"https:\/\/www.buhl.de\/vermieter-web\/das-darf-nicht-in-die-nebenkostenabrechnung\/","name":"Nebenkostenabrechnung: Was nicht umlegbar ist","isPartOf":{"@id":"https:\/\/www.buhl.de\/vermieter-web\/#website"},"primaryImageOfPage":{"@id":"https:\/\/www.buhl.de\/vermieter-web\/das-darf-nicht-in-die-nebenkostenabrechnung\/#primaryimage"},"image":{"@id":"https:\/\/www.buhl.de\/vermieter-web\/das-darf-nicht-in-die-nebenkostenabrechnung\/#primaryimage"},"thumbnailUrl":"https:\/\/www.buhl.de\/vermieter-web\/wp-content\/uploads\/sites\/33\/2025\/05\/Yuliia-Kaveshnikova-Daumen-runter.jpg","datePublished":"2025-12-30T11:55:37+00:00","author":{"@id":"https:\/\/www.buhl.de\/vermieter-web\/#\/schema\/person\/82903e1cb04eb553382702d503991b4f"},"description":"In der Nebenkostenabrechnung gibt es eine ganze Reihe von Positionen, die nicht auf die Mieter umgelegt werden k\u00f6nnen.","breadcrumb":{"@id":"https:\/\/www.buhl.de\/vermieter-web\/das-darf-nicht-in-die-nebenkostenabrechnung\/#breadcrumb"},"inLanguage":"de","potentialAction":[{"@type":"ReadAction","target":["https:\/\/www.buhl.de\/vermieter-web\/das-darf-nicht-in-die-nebenkostenabrechnung\/"]}]},{"@type":"ImageObject","inLanguage":"de","@id":"https:\/\/www.buhl.de\/vermieter-web\/das-darf-nicht-in-die-nebenkostenabrechnung\/#primaryimage","url":"https:\/\/www.buhl.de\/vermieter-web\/wp-content\/uploads\/sites\/33\/2025\/05\/Yuliia-Kaveshnikova-Daumen-runter.jpg","contentUrl":"https:\/\/www.buhl.de\/vermieter-web\/wp-content\/uploads\/sites\/33\/2025\/05\/Yuliia-Kaveshnikova-Daumen-runter.jpg","width":1067,"height":532},{"@type":"BreadcrumbList","@id":"https:\/\/www.buhl.de\/vermieter-web\/das-darf-nicht-in-die-nebenkostenabrechnung\/#breadcrumb","itemListElement":[{"@type":"ListItem","position":1,"name":"Startseite","item":"https:\/\/www.buhl.de\/vermieter-web\/"},{"@type":"ListItem","position":2,"name":"Das darf NICHT in die Nebenkostenabrechnung"}]},{"@type":"WebSite","@id":"https:\/\/www.buhl.de\/vermieter-web\/#website","url":"https:\/\/www.buhl.de\/vermieter-web\/","name":"Online-Nebenkostenabrechnung mit WISO Vermieter-Web","description":"","potentialAction":[{"@type":"SearchAction","target":{"@type":"EntryPoint","urlTemplate":"https:\/\/www.buhl.de\/vermieter-web\/?s={search_term_string}"},"query-input":{"@type":"PropertyValueSpecification","valueRequired":true,"valueName":"search_term_string"}}],"inLanguage":"de"},{"@type":"Person","@id":"https:\/\/www.buhl.de\/vermieter-web\/#\/schema\/person\/82903e1cb04eb553382702d503991b4f","name":"Hartmut Fischer"}]}},"_links":{"self":[{"href":"https:\/\/www.buhl.de\/vermieter-web\/wp-json\/wp\/v2\/posts\/17552","targetHints":{"allow":["GET"]}}],"collection":[{"href":"https:\/\/www.buhl.de\/vermieter-web\/wp-json\/wp\/v2\/posts"}],"about":[{"href":"https:\/\/www.buhl.de\/vermieter-web\/wp-json\/wp\/v2\/types\/post"}],"author":[{"embeddable":true,"href":"https:\/\/www.buhl.de\/vermieter-web\/wp-json\/wp\/v2\/users\/15"}],"replies":[{"embeddable":true,"href":"https:\/\/www.buhl.de\/vermieter-web\/wp-json\/wp\/v2\/comments?post=17552"}],"version-history":[{"count":1,"href":"https:\/\/www.buhl.de\/vermieter-web\/wp-json\/wp\/v2\/posts\/17552\/revisions"}],"predecessor-version":[{"id":17554,"href":"https:\/\/www.buhl.de\/vermieter-web\/wp-json\/wp\/v2\/posts\/17552\/revisions\/17554"}],"wp:featuredmedia":[{"embeddable":true,"href":"https:\/\/www.buhl.de\/vermieter-web\/wp-json\/wp\/v2\/media\/16988"}],"wp:attachment":[{"href":"https:\/\/www.buhl.de\/vermieter-web\/wp-json\/wp\/v2\/media?parent=17552"}],"wp:term":[{"taxonomy":"category","embeddable":true,"href":"https:\/\/www.buhl.de\/vermieter-web\/wp-json\/wp\/v2\/categories?post=17552"},{"taxonomy":"post_tag","embeddable":true,"href":"https:\/\/www.buhl.de\/vermieter-web\/wp-json\/wp\/v2\/tags?post=17552"}],"curies":[{"name":"wp","href":"https:\/\/api.w.org\/{rel}","templated":true}]}}