{"id":17558,"date":"2026-01-05T11:38:28","date_gmt":"2026-01-05T10:38:28","guid":{"rendered":"https:\/\/www.buhl.de\/vermieter-web\/?p=17558"},"modified":"2026-01-05T11:38:28","modified_gmt":"2026-01-05T10:38:28","slug":"wenn-die-streupflicht-zur-falle-wird","status":"publish","type":"post","link":"https:\/\/www.buhl.de\/vermieter-web\/wenn-die-streupflicht-zur-falle-wird\/","title":{"rendered":"Wenn die Streupflicht zur Falle wird"},"content":{"rendered":"<p><strong>Die meisten Kommunen haben die Streupflicht auf die Anlieger der Stra\u00dfen \u00fcbertragen. Doch Vorsicht: H\u00e4ufig gibt es auch eine kommunale Verordnung, die den Einsatz von Streusalz verbietet. Verst\u00f6\u00dfe k\u00f6nnen dann teuer werden. F\u00fcr die Streupflicht gibt es allerdings keine bundeseinheitliche Regelung. Hier spielen mehrere Komponenten zusammen.<\/strong><\/p>\n<h5>Die Streupflicht im Mietrecht<\/h5>\n<p>Nach dem aktuellen Mietrecht muss die \u00dcbertragung der Streupflicht auf den Mieter im Mietvertrag oder in der Hausordnung geregelt werden. Das ergibt sich aus diversen Urteilen. Grunds\u00e4tzlich gelten folgende Regeln, wenn die Streupflicht im Mietvertrag oder in der Hausordnung eindeutig erkennbar und zul\u00e4ssig \u00fcbertragen wurde.<\/p>\n<p>Vermieter haften generell immer gegen\u00fcber Dritten.<br \/>\nMieter haftet gegen\u00fcber dem Vermieter.<br \/>\nDer Vermieter muss kontrollieren (Stichproben), ob der Mieter der Pflicht nachkommt.<br \/>\nBei mehreren Mietern muss der Vermieter einen \u201eStreuplan\u201c aufstellen, damit jeder Mieter wei\u00df, wann er in der Pflicht ist.<\/p>\n<h5>Kommunen \u00fcbertragen die Streupflicht auf Anlieger<\/h5>\n<p>Die Kommunen legen in ihren Satzungen fest, wann Streupflicht besteht, wie breit auf dem Weg ger\u00e4umt werden muss und welche Streumittel erlaubt sind. Meist basieren die Satzungen auf den Gesetzen der Bundesl\u00e4nder, in denen die R\u00e4um- und Streupflicht geregelt ist.<\/p>\n<h5>Verkehrssicherungspflicht<\/h5>\n<p>Auch bei der Streupflicht gilt die sogenannte Verkehrssicherungspflicht nach <a href=\"https:\/\/www.gesetze-im-internet.de\/bgb\/__823.html\">\u00a7\u00a0823 BGB<\/a>. Hier greift die Haftung allerdings zun\u00e4chst auf den Vermieter (siehe oben). Er kann aber gegen\u00fcber dem Mieter im Innenverh\u00e4ltnis Forderungen geltend machen.<\/p>\n<h5>Vorsicht beim Umgang mit Streusalz<\/h5>\n<p>Die Kommunen arbeiten beim Streuen gr\u00f6\u00dftenteils mit Streusalz. Obwohl man dieses Streusalz \u00fcberall kaufen kann, bedeutet das nicht, dass es auch privat angewandt werden darf. In vielen kommunalen Satzungen wird der Einsatz von Streusalz stark eingeschr\u00e4nkt oder gar untersagt. Bei Verst\u00f6\u00dfen kann es zu empfindlichen Bu\u00dfgeldern kommen.<\/p>\n<p>Es werden gr\u00f6\u00dftenteils umweltvertr\u00e4glichere Streumittel wie Sand oder Splitt empfohlen oder vorgeschrieben. <a href=\"https:\/\/www.umweltbundesamt.de\/umwelttipps-fuer-den-alltag\/haushalt-wohnen\/streumittel-streusalz?utm_source=chatgpt.com#wie-sie-klimafreundlich-gegen-glatte-auf-gehwegen-vorgehen\">Das Bundesumweltamt informiert in einem Beitrag \u00fcber die M\u00f6glichkeiten, der Streupflicht nachzukommen, ohne die Umwelt \u00fcberm\u00e4\u00dfig zu strapazieren<\/a>.<\/p>\n<hr \/>\n<h5>Das k\u00f6nnte Sie auch interessieren:<\/h5>\n<p><a href=\"https:\/\/www.buhl.de\/vermieter-web\/verkehrsicherungspflicht-wann-und-wo-sind-sie-verantwortlich\/\">Verkehrsicherungspflicht: Wann und wo sind Sie verantwortlich?<\/a><br \/>\n<a href=\"https:\/\/www.buhl.de\/vermieter-web\/streupflicht-bei-wohneigentum-gemeinschaften\/\">Streupflicht bei Wohneigentum-Gemeinschaften<\/a><br \/>\n<a href=\"https:\/\/www.buhl.de\/vermieter-web\/laubrente-fuer-eichenblaetter-im-pool\/\">Laubrente f\u00fcr Eichenbl\u00e4tter im Pool?<\/a><\/p>\n<hr \/>\n<p>&nbsp;<\/p>\n","protected":false},"excerpt":{"rendered":"<p>Die meisten Kommunen haben die Streupflicht auf die Anlieger der Stra\u00dfen \u00fcbertragen. Doch Vorsicht: H\u00e4ufig gibt es auch eine kommunale Verordnung, die den Einsatz von Streusalz verbietet. Verst\u00f6\u00dfe k\u00f6nnen dann teuer werden. F\u00fcr die Streupflicht gibt es allerdings keine bundeseinheitliche Regelung. Hier spielen mehrere Komponenten zusammen. Die Streupflicht im Mietrecht Nach dem aktuellen Mietrecht muss &hellip; <\/p>\n<p class=\"link-more\"><a href=\"https:\/\/www.buhl.de\/vermieter-web\/wenn-die-streupflicht-zur-falle-wird\/\" class=\"more-link\"><span class=\"screen-reader-text\">\u201eWenn die Streupflicht zur Falle wird\u201c<\/span> weiterlesen<\/a><\/p>\n","protected":false},"author":15,"featured_media":17560,"comment_status":"closed","ping_status":"open","sticky":false,"template":"","format":"standard","meta":{"footnotes":""},"categories":[1],"tags":[465,6002,548,5982],"class_list":["post-17558","post","type-post","status-publish","format-standard","has-post-thumbnail","hentry","category-allgemein","tag-haftung","tag-raeumen","tag-schnee","tag-streuen"],"yoast_head":"<!-- This site is optimized with the Yoast SEO Premium plugin v27.0 (Yoast SEO v27.0) - https:\/\/yoast.com\/product\/yoast-seo-premium-wordpress\/ -->\n<title>Wenn die Streupflicht zur Falle wird<\/title>\n<meta name=\"description\" content=\"Die Streupflicht wird meist auf Immobilieneigent\u00fcmer \u00fcbertragen. Dabei sind die Regelungen der jeweiligen Kommune genau zu beachen.\" \/>\n<meta name=\"robots\" content=\"noindex, nofollow\" \/>\n<meta property=\"og:locale\" content=\"de_DE\" \/>\n<meta property=\"og:type\" content=\"article\" \/>\n<meta property=\"og:title\" content=\"Wenn die Streupflicht zur Falle wird\" \/>\n<meta property=\"og:description\" content=\"Die Streupflicht wird meist auf Immobilieneigent\u00fcmer \u00fcbertragen. Dabei sind die Regelungen der jeweiligen Kommune genau zu beachen.\" \/>\n<meta property=\"og:url\" content=\"https:\/\/www.buhl.de\/vermieter-web\/wenn-die-streupflicht-zur-falle-wird\/\" \/>\n<meta property=\"og:site_name\" content=\"Online-Nebenkostenabrechnung mit WISO Vermieter-Web\" \/>\n<meta property=\"article:published_time\" content=\"2026-01-05T10:38:28+00:00\" \/>\n<meta property=\"og:image\" content=\"https:\/\/www.buhl.de\/vermieter-web\/wp-content\/uploads\/sites\/33\/2026\/01\/Irina-Kvyatkovskaya-Schneeraeumung.jpg\" \/>\n\t<meta property=\"og:image:width\" content=\"1063\" \/>\n\t<meta property=\"og:image:height\" content=\"543\" \/>\n\t<meta property=\"og:image:type\" content=\"image\/jpeg\" \/>\n<meta name=\"author\" content=\"Hartmut Fischer\" \/>\n<meta name=\"twitter:card\" content=\"summary_large_image\" \/>\n<meta name=\"twitter:label1\" content=\"Verfasst von\" \/>\n\t<meta name=\"twitter:data1\" content=\"Hartmut Fischer\" \/>\n\t<meta name=\"twitter:label2\" content=\"Gesch\u00e4tzte Lesezeit\" \/>\n\t<meta name=\"twitter:data2\" content=\"2\u00a0Minuten\" \/>\n<script type=\"application\/ld+json\" class=\"yoast-schema-graph\">{\"@context\":\"https:\/\/schema.org\",\"@graph\":[{\"@type\":\"Article\",\"@id\":\"https:\/\/www.buhl.de\/vermieter-web\/wenn-die-streupflicht-zur-falle-wird\/#article\",\"isPartOf\":{\"@id\":\"https:\/\/www.buhl.de\/vermieter-web\/wenn-die-streupflicht-zur-falle-wird\/\"},\"author\":{\"name\":\"Hartmut Fischer\",\"@id\":\"https:\/\/www.buhl.de\/vermieter-web\/#\/schema\/person\/82903e1cb04eb553382702d503991b4f\"},\"headline\":\"Wenn die Streupflicht zur Falle wird\",\"datePublished\":\"2026-01-05T10:38:28+00:00\",\"mainEntityOfPage\":{\"@id\":\"https:\/\/www.buhl.de\/vermieter-web\/wenn-die-streupflicht-zur-falle-wird\/\"},\"wordCount\":350,\"image\":{\"@id\":\"https:\/\/www.buhl.de\/vermieter-web\/wenn-die-streupflicht-zur-falle-wird\/#primaryimage\"},\"thumbnailUrl\":\"https:\/\/www.buhl.de\/vermieter-web\/wp-content\/uploads\/sites\/33\/2026\/01\/Irina-Kvyatkovskaya-Schneeraeumung.jpg\",\"keywords\":[\"Haftung\",\"R\u00e4umen\",\"Schnee\",\"Streuen\"],\"inLanguage\":\"de\"},{\"@type\":\"WebPage\",\"@id\":\"https:\/\/www.buhl.de\/vermieter-web\/wenn-die-streupflicht-zur-falle-wird\/\",\"url\":\"https:\/\/www.buhl.de\/vermieter-web\/wenn-die-streupflicht-zur-falle-wird\/\",\"name\":\"Wenn die Streupflicht zur Falle wird\",\"isPartOf\":{\"@id\":\"https:\/\/www.buhl.de\/vermieter-web\/#website\"},\"primaryImageOfPage\":{\"@id\":\"https:\/\/www.buhl.de\/vermieter-web\/wenn-die-streupflicht-zur-falle-wird\/#primaryimage\"},\"image\":{\"@id\":\"https:\/\/www.buhl.de\/vermieter-web\/wenn-die-streupflicht-zur-falle-wird\/#primaryimage\"},\"thumbnailUrl\":\"https:\/\/www.buhl.de\/vermieter-web\/wp-content\/uploads\/sites\/33\/2026\/01\/Irina-Kvyatkovskaya-Schneeraeumung.jpg\",\"datePublished\":\"2026-01-05T10:38:28+00:00\",\"author\":{\"@id\":\"https:\/\/www.buhl.de\/vermieter-web\/#\/schema\/person\/82903e1cb04eb553382702d503991b4f\"},\"description\":\"Die Streupflicht wird meist auf Immobilieneigent\u00fcmer \u00fcbertragen. Dabei sind die Regelungen der jeweiligen Kommune genau zu beachen.\",\"breadcrumb\":{\"@id\":\"https:\/\/www.buhl.de\/vermieter-web\/wenn-die-streupflicht-zur-falle-wird\/#breadcrumb\"},\"inLanguage\":\"de\",\"potentialAction\":[{\"@type\":\"ReadAction\",\"target\":[\"https:\/\/www.buhl.de\/vermieter-web\/wenn-die-streupflicht-zur-falle-wird\/\"]}]},{\"@type\":\"ImageObject\",\"inLanguage\":\"de\",\"@id\":\"https:\/\/www.buhl.de\/vermieter-web\/wenn-die-streupflicht-zur-falle-wird\/#primaryimage\",\"url\":\"https:\/\/www.buhl.de\/vermieter-web\/wp-content\/uploads\/sites\/33\/2026\/01\/Irina-Kvyatkovskaya-Schneeraeumung.jpg\",\"contentUrl\":\"https:\/\/www.buhl.de\/vermieter-web\/wp-content\/uploads\/sites\/33\/2026\/01\/Irina-Kvyatkovskaya-Schneeraeumung.jpg\",\"width\":1063,\"height\":543},{\"@type\":\"BreadcrumbList\",\"@id\":\"https:\/\/www.buhl.de\/vermieter-web\/wenn-die-streupflicht-zur-falle-wird\/#breadcrumb\",\"itemListElement\":[{\"@type\":\"ListItem\",\"position\":1,\"name\":\"Startseite\",\"item\":\"https:\/\/www.buhl.de\/vermieter-web\/\"},{\"@type\":\"ListItem\",\"position\":2,\"name\":\"Wenn die Streupflicht zur Falle wird\"}]},{\"@type\":\"WebSite\",\"@id\":\"https:\/\/www.buhl.de\/vermieter-web\/#website\",\"url\":\"https:\/\/www.buhl.de\/vermieter-web\/\",\"name\":\"Online-Nebenkostenabrechnung mit WISO Vermieter-Web\",\"description\":\"\",\"potentialAction\":[{\"@type\":\"SearchAction\",\"target\":{\"@type\":\"EntryPoint\",\"urlTemplate\":\"https:\/\/www.buhl.de\/vermieter-web\/?s={search_term_string}\"},\"query-input\":{\"@type\":\"PropertyValueSpecification\",\"valueRequired\":true,\"valueName\":\"search_term_string\"}}],\"inLanguage\":\"de\"},{\"@type\":\"Person\",\"@id\":\"https:\/\/www.buhl.de\/vermieter-web\/#\/schema\/person\/82903e1cb04eb553382702d503991b4f\",\"name\":\"Hartmut Fischer\"}]}<\/script>\n<!-- \/ Yoast SEO Premium plugin. -->","yoast_head_json":{"title":"Wenn die Streupflicht zur Falle wird","description":"Die Streupflicht wird meist auf Immobilieneigent\u00fcmer \u00fcbertragen. Dabei sind die Regelungen der jeweiligen Kommune genau zu beachen.","robots":{"index":"noindex","follow":"nofollow"},"og_locale":"de_DE","og_type":"article","og_title":"Wenn die Streupflicht zur Falle wird","og_description":"Die Streupflicht wird meist auf Immobilieneigent\u00fcmer \u00fcbertragen. Dabei sind die Regelungen der jeweiligen Kommune genau zu beachen.","og_url":"https:\/\/www.buhl.de\/vermieter-web\/wenn-die-streupflicht-zur-falle-wird\/","og_site_name":"Online-Nebenkostenabrechnung mit WISO Vermieter-Web","article_published_time":"2026-01-05T10:38:28+00:00","og_image":[{"width":1063,"height":543,"url":"https:\/\/www.buhl.de\/vermieter-web\/wp-content\/uploads\/sites\/33\/2026\/01\/Irina-Kvyatkovskaya-Schneeraeumung.jpg","type":"image\/jpeg"}],"author":"Hartmut Fischer","twitter_card":"summary_large_image","twitter_misc":{"Verfasst von":"Hartmut Fischer","Gesch\u00e4tzte Lesezeit":"2\u00a0Minuten"},"schema":{"@context":"https:\/\/schema.org","@graph":[{"@type":"Article","@id":"https:\/\/www.buhl.de\/vermieter-web\/wenn-die-streupflicht-zur-falle-wird\/#article","isPartOf":{"@id":"https:\/\/www.buhl.de\/vermieter-web\/wenn-die-streupflicht-zur-falle-wird\/"},"author":{"name":"Hartmut Fischer","@id":"https:\/\/www.buhl.de\/vermieter-web\/#\/schema\/person\/82903e1cb04eb553382702d503991b4f"},"headline":"Wenn die Streupflicht zur Falle wird","datePublished":"2026-01-05T10:38:28+00:00","mainEntityOfPage":{"@id":"https:\/\/www.buhl.de\/vermieter-web\/wenn-die-streupflicht-zur-falle-wird\/"},"wordCount":350,"image":{"@id":"https:\/\/www.buhl.de\/vermieter-web\/wenn-die-streupflicht-zur-falle-wird\/#primaryimage"},"thumbnailUrl":"https:\/\/www.buhl.de\/vermieter-web\/wp-content\/uploads\/sites\/33\/2026\/01\/Irina-Kvyatkovskaya-Schneeraeumung.jpg","keywords":["Haftung","R\u00e4umen","Schnee","Streuen"],"inLanguage":"de"},{"@type":"WebPage","@id":"https:\/\/www.buhl.de\/vermieter-web\/wenn-die-streupflicht-zur-falle-wird\/","url":"https:\/\/www.buhl.de\/vermieter-web\/wenn-die-streupflicht-zur-falle-wird\/","name":"Wenn die Streupflicht zur Falle wird","isPartOf":{"@id":"https:\/\/www.buhl.de\/vermieter-web\/#website"},"primaryImageOfPage":{"@id":"https:\/\/www.buhl.de\/vermieter-web\/wenn-die-streupflicht-zur-falle-wird\/#primaryimage"},"image":{"@id":"https:\/\/www.buhl.de\/vermieter-web\/wenn-die-streupflicht-zur-falle-wird\/#primaryimage"},"thumbnailUrl":"https:\/\/www.buhl.de\/vermieter-web\/wp-content\/uploads\/sites\/33\/2026\/01\/Irina-Kvyatkovskaya-Schneeraeumung.jpg","datePublished":"2026-01-05T10:38:28+00:00","author":{"@id":"https:\/\/www.buhl.de\/vermieter-web\/#\/schema\/person\/82903e1cb04eb553382702d503991b4f"},"description":"Die Streupflicht wird meist auf Immobilieneigent\u00fcmer \u00fcbertragen. Dabei sind die Regelungen der jeweiligen Kommune genau zu beachen.","breadcrumb":{"@id":"https:\/\/www.buhl.de\/vermieter-web\/wenn-die-streupflicht-zur-falle-wird\/#breadcrumb"},"inLanguage":"de","potentialAction":[{"@type":"ReadAction","target":["https:\/\/www.buhl.de\/vermieter-web\/wenn-die-streupflicht-zur-falle-wird\/"]}]},{"@type":"ImageObject","inLanguage":"de","@id":"https:\/\/www.buhl.de\/vermieter-web\/wenn-die-streupflicht-zur-falle-wird\/#primaryimage","url":"https:\/\/www.buhl.de\/vermieter-web\/wp-content\/uploads\/sites\/33\/2026\/01\/Irina-Kvyatkovskaya-Schneeraeumung.jpg","contentUrl":"https:\/\/www.buhl.de\/vermieter-web\/wp-content\/uploads\/sites\/33\/2026\/01\/Irina-Kvyatkovskaya-Schneeraeumung.jpg","width":1063,"height":543},{"@type":"BreadcrumbList","@id":"https:\/\/www.buhl.de\/vermieter-web\/wenn-die-streupflicht-zur-falle-wird\/#breadcrumb","itemListElement":[{"@type":"ListItem","position":1,"name":"Startseite","item":"https:\/\/www.buhl.de\/vermieter-web\/"},{"@type":"ListItem","position":2,"name":"Wenn die Streupflicht zur Falle wird"}]},{"@type":"WebSite","@id":"https:\/\/www.buhl.de\/vermieter-web\/#website","url":"https:\/\/www.buhl.de\/vermieter-web\/","name":"Online-Nebenkostenabrechnung mit WISO Vermieter-Web","description":"","potentialAction":[{"@type":"SearchAction","target":{"@type":"EntryPoint","urlTemplate":"https:\/\/www.buhl.de\/vermieter-web\/?s={search_term_string}"},"query-input":{"@type":"PropertyValueSpecification","valueRequired":true,"valueName":"search_term_string"}}],"inLanguage":"de"},{"@type":"Person","@id":"https:\/\/www.buhl.de\/vermieter-web\/#\/schema\/person\/82903e1cb04eb553382702d503991b4f","name":"Hartmut Fischer"}]}},"_links":{"self":[{"href":"https:\/\/www.buhl.de\/vermieter-web\/wp-json\/wp\/v2\/posts\/17558","targetHints":{"allow":["GET"]}}],"collection":[{"href":"https:\/\/www.buhl.de\/vermieter-web\/wp-json\/wp\/v2\/posts"}],"about":[{"href":"https:\/\/www.buhl.de\/vermieter-web\/wp-json\/wp\/v2\/types\/post"}],"author":[{"embeddable":true,"href":"https:\/\/www.buhl.de\/vermieter-web\/wp-json\/wp\/v2\/users\/15"}],"replies":[{"embeddable":true,"href":"https:\/\/www.buhl.de\/vermieter-web\/wp-json\/wp\/v2\/comments?post=17558"}],"version-history":[{"count":1,"href":"https:\/\/www.buhl.de\/vermieter-web\/wp-json\/wp\/v2\/posts\/17558\/revisions"}],"predecessor-version":[{"id":17561,"href":"https:\/\/www.buhl.de\/vermieter-web\/wp-json\/wp\/v2\/posts\/17558\/revisions\/17561"}],"wp:featuredmedia":[{"embeddable":true,"href":"https:\/\/www.buhl.de\/vermieter-web\/wp-json\/wp\/v2\/media\/17560"}],"wp:attachment":[{"href":"https:\/\/www.buhl.de\/vermieter-web\/wp-json\/wp\/v2\/media?parent=17558"}],"wp:term":[{"taxonomy":"category","embeddable":true,"href":"https:\/\/www.buhl.de\/vermieter-web\/wp-json\/wp\/v2\/categories?post=17558"},{"taxonomy":"post_tag","embeddable":true,"href":"https:\/\/www.buhl.de\/vermieter-web\/wp-json\/wp\/v2\/tags?post=17558"}],"curies":[{"name":"wp","href":"https:\/\/api.w.org\/{rel}","templated":true}]}}