{"id":17562,"date":"2026-01-07T11:25:02","date_gmt":"2026-01-07T10:25:02","guid":{"rendered":"https:\/\/www.buhl.de\/vermieter-web\/?p=17562"},"modified":"2026-01-07T11:25:02","modified_gmt":"2026-01-07T10:25:02","slug":"wenn-es-zum-stromausfall-kommt","status":"publish","type":"post","link":"https:\/\/www.buhl.de\/vermieter-web\/wenn-es-zum-stromausfall-kommt\/","title":{"rendered":"Wenn es zum Stromausfall kommt"},"content":{"rendered":"<p>Nachdem der Stromausfall in Berlin nun endet, werden entstandene Sch\u00e4den erkennbar. Doch \u2013 wer kommt f\u00fcr die dadurch entstehenden Kosten auf<\/p>\n<h5>Mietk\u00fcrzung wegen Stromausfall?<\/h5>\n<p>Der Vorfall in Berlin hat gezeigt, dass ein Stromausfall auch durch Fremdverschulden entstehen kann, f\u00fcr das der Vermieter nicht verantwortlich ist. Dennoch k\u00f6nnen die Mieter auch dann eine Mietk\u00fcrzung vornehmen. Denn der Vermieter steht immer in der Verantwortung, wenn die vertragsgem\u00e4\u00dfe Nutzung der Wohnung erheblich beeintr\u00e4chtigt wird (<a href=\"https:\/\/www.gesetze-im-internet.de\/bgb\/__536.html\">\u00a7\u00a0536 BGB<\/a>).<\/p>\n<h5>Informationspflicht des Mieters<\/h5>\n<p>Grunds\u00e4tzlich gilt auch im Berliner Fall, dass der Mieter den Vermieter \u00fcber den Stromausfall informieren muss. Allerdings d\u00fcrfte es bei einer gerichtlichen Auseinandersetzung schwierig werden, wenn man sich auf den Standpunkt stellt, man habe vom Stromausfall in Berlin nichts gewusst.<\/p>\n<h5>H\u00f6he der Mietminderung<\/h5>\n<p>Die Mietminderung kann nur f\u00fcr die Zeit geltend gemacht werden, in der der Stromausfall bestand. Da in Berlin der Stromausfall alles lahmlegte, d\u00fcrften hier K\u00fcrzungen von 100 % denkbar sein. Das hei\u00dft aber nicht, dass der Mieter f\u00fcr den gesamten Monat keine Miete zahlen muss. Der Stromausfall begann am 03.01.2026 und endete am 7. Januar. Bei einer Miete von 1.000 \u20ac berechnet sich die Mietminderung folgenderma\u00dfen:<\/p>\n<p style=\"text-align: center\">1.000 \u00d7 5 = 5.000 : 30 = 166,67 \u20ac.<\/p>\n<p>Zur Berechnung werden bei allen Monaten 30 Tage zugrunde gelegt.<\/p>\n<h5>Sch\u00e4den durch den Stromausfall<\/h5>\n<p>F\u00fcr Sch\u00e4den an technischen Ger\u00e4ten (PC, Playstation, Telefon, Haushaltsger\u00e4te usw.) haftet der Vermieter nicht. In den meisten F\u00e4llen wird der Mieter diese Kosten wohl selbst tragen m\u00fcssen. Die meisten Hausratversicherungen sichern Sch\u00e4den wie \u00dcberspannungs-, \u00dcberstromungs- oder Kurzschlusssch\u00e4den nur ab, wenn sie durch einen Stromausfall verursacht werden.<\/p>\n<p>Ob eine Hausratversicherung beim Stromausfall auch f\u00fcr Sch\u00e4den am Tiefk\u00fchlgut aufkommt, h\u00e4ngt vom jeweiligen Vertrag ab. Hier sollte man umgehend Kontakt mit der Versicherung aufnehmen und die Anspr\u00fcche kl\u00e4ren. Da die Versicherungen durch den Berliner Stromausfall stark belastet sind, kann es sein, dass man kurzfristig keinen Termin erh\u00e4lt. Dann sollten Sie sicherheitshalber die Sch\u00e4den schriftlich melden und dokumentieren.<\/p>\n<h5>Vorsicht, wenn der Stromausfall vorbei ist<\/h5>\n<p>Sicher ist jeder froh, wenn der Strom wieder hochgefahren wird. Doch der Neustart nach einem Stromausfall birgt auch einige Gefahren. Darum sollten die Ger\u00e4te im Haus nacheinander, kontrolliert gestartet werden. Dabei sollte man darauf achten, dass keine Funken fliegen und vom Ger\u00e4t kein Brandgeruch ausgeht oder Rauch aufsteigt.<\/p>\n<hr \/>\n<h5>Das k\u00f6nnte Sie auch interessieren:<\/h5>\n<p><a href=\"https:\/\/www.buhl.de\/vermieter-web\/baustellenlaerm-und-mietminderungsquote\/\">Baustellenl\u00e4rm und Mietminderungsquote<\/a><br \/>\n<a href=\"https:\/\/www.buhl.de\/vermieter-web\/strom%c2%adunter%c2%adbrechung-wegen-bauarbeiten\/\">Strom\u00adunter\u00adbrechung wegen Bauarbeiten<\/a><\/p>\n<hr \/>\n<p>&nbsp;<\/p>\n","protected":false},"excerpt":{"rendered":"<p>Nachdem der Stromausfall in Berlin nun endet, werden entstandene Sch\u00e4den erkennbar. Doch \u2013 wer kommt f\u00fcr die dadurch entstehenden Kosten auf Mietk\u00fcrzung wegen Stromausfall? Der Vorfall in Berlin hat gezeigt, dass ein Stromausfall auch durch Fremdverschulden entstehen kann, f\u00fcr das der Vermieter nicht verantwortlich ist. Dennoch k\u00f6nnen die Mieter auch dann eine Mietk\u00fcrzung vornehmen. Denn &hellip; <\/p>\n<p class=\"link-more\"><a href=\"https:\/\/www.buhl.de\/vermieter-web\/wenn-es-zum-stromausfall-kommt\/\" class=\"more-link\"><span class=\"screen-reader-text\">\u201eWenn es zum Stromausfall kommt\u201c<\/span> weiterlesen<\/a><\/p>\n","protected":false},"author":15,"featured_media":17565,"comment_status":"closed","ping_status":"open","sticky":false,"template":"","format":"standard","meta":{"footnotes":""},"categories":[1],"tags":[477,473,6484],"class_list":["post-17562","post","type-post","status-publish","format-standard","has-post-thumbnail","hentry","category-allgemein","tag-berlin","tag-mietminderung","tag-stromausfall"],"yoast_head":"<!-- This site is optimized with the Yoast SEO Premium plugin v27.0 (Yoast SEO v27.0) - https:\/\/yoast.com\/product\/yoast-seo-premium-wordpress\/ -->\n<title>Wenn es zum Stromausfall kommt<\/title>\n<meta name=\"description\" content=\"Beim Stromausfall besteht f\u00fcr den Mieter die M\u00f6glichkeit, Mietminderungen geltend zu machen. Aber auch hier gibt es Grenzen.\" \/>\n<meta name=\"robots\" content=\"noindex, nofollow\" \/>\n<meta property=\"og:locale\" content=\"de_DE\" \/>\n<meta property=\"og:type\" content=\"article\" \/>\n<meta property=\"og:title\" content=\"Wenn es zum Stromausfall kommt\" \/>\n<meta property=\"og:description\" content=\"Beim Stromausfall besteht f\u00fcr den Mieter die M\u00f6glichkeit, Mietminderungen geltend zu machen. Aber auch hier gibt es Grenzen.\" \/>\n<meta property=\"og:url\" content=\"https:\/\/www.buhl.de\/vermieter-web\/wenn-es-zum-stromausfall-kommt\/\" \/>\n<meta property=\"og:site_name\" content=\"Online-Nebenkostenabrechnung mit WISO Vermieter-Web\" \/>\n<meta property=\"article:published_time\" content=\"2026-01-07T10:25:02+00:00\" \/>\n<meta property=\"og:image\" content=\"https:\/\/www.buhl.de\/vermieter-web\/wp-content\/uploads\/sites\/33\/2026\/01\/Berlin-ohne-strom.jpg\" \/>\n\t<meta property=\"og:image:width\" content=\"1063\" \/>\n\t<meta property=\"og:image:height\" content=\"543\" \/>\n\t<meta property=\"og:image:type\" content=\"image\/jpeg\" \/>\n<meta name=\"author\" content=\"Hartmut Fischer\" \/>\n<meta name=\"twitter:card\" content=\"summary_large_image\" \/>\n<meta name=\"twitter:label1\" content=\"Verfasst von\" \/>\n\t<meta name=\"twitter:data1\" content=\"Hartmut Fischer\" \/>\n\t<meta name=\"twitter:label2\" content=\"Gesch\u00e4tzte Lesezeit\" \/>\n\t<meta name=\"twitter:data2\" content=\"3\u00a0Minuten\" \/>\n<script type=\"application\/ld+json\" class=\"yoast-schema-graph\">{\"@context\":\"https:\/\/schema.org\",\"@graph\":[{\"@type\":\"Article\",\"@id\":\"https:\/\/www.buhl.de\/vermieter-web\/wenn-es-zum-stromausfall-kommt\/#article\",\"isPartOf\":{\"@id\":\"https:\/\/www.buhl.de\/vermieter-web\/wenn-es-zum-stromausfall-kommt\/\"},\"author\":{\"name\":\"Hartmut Fischer\",\"@id\":\"https:\/\/www.buhl.de\/vermieter-web\/#\/schema\/person\/82903e1cb04eb553382702d503991b4f\"},\"headline\":\"Wenn es zum Stromausfall kommt\",\"datePublished\":\"2026-01-07T10:25:02+00:00\",\"mainEntityOfPage\":{\"@id\":\"https:\/\/www.buhl.de\/vermieter-web\/wenn-es-zum-stromausfall-kommt\/\"},\"wordCount\":405,\"image\":{\"@id\":\"https:\/\/www.buhl.de\/vermieter-web\/wenn-es-zum-stromausfall-kommt\/#primaryimage\"},\"thumbnailUrl\":\"https:\/\/www.buhl.de\/vermieter-web\/wp-content\/uploads\/sites\/33\/2026\/01\/Berlin-ohne-strom.jpg\",\"keywords\":[\"Berlin\",\"Mietminderung\",\"Stromausfall\"],\"inLanguage\":\"de\"},{\"@type\":\"WebPage\",\"@id\":\"https:\/\/www.buhl.de\/vermieter-web\/wenn-es-zum-stromausfall-kommt\/\",\"url\":\"https:\/\/www.buhl.de\/vermieter-web\/wenn-es-zum-stromausfall-kommt\/\",\"name\":\"Wenn es zum Stromausfall kommt\",\"isPartOf\":{\"@id\":\"https:\/\/www.buhl.de\/vermieter-web\/#website\"},\"primaryImageOfPage\":{\"@id\":\"https:\/\/www.buhl.de\/vermieter-web\/wenn-es-zum-stromausfall-kommt\/#primaryimage\"},\"image\":{\"@id\":\"https:\/\/www.buhl.de\/vermieter-web\/wenn-es-zum-stromausfall-kommt\/#primaryimage\"},\"thumbnailUrl\":\"https:\/\/www.buhl.de\/vermieter-web\/wp-content\/uploads\/sites\/33\/2026\/01\/Berlin-ohne-strom.jpg\",\"datePublished\":\"2026-01-07T10:25:02+00:00\",\"author\":{\"@id\":\"https:\/\/www.buhl.de\/vermieter-web\/#\/schema\/person\/82903e1cb04eb553382702d503991b4f\"},\"description\":\"Beim Stromausfall besteht f\u00fcr den Mieter die M\u00f6glichkeit, Mietminderungen geltend zu machen. Aber auch hier gibt es Grenzen.\",\"breadcrumb\":{\"@id\":\"https:\/\/www.buhl.de\/vermieter-web\/wenn-es-zum-stromausfall-kommt\/#breadcrumb\"},\"inLanguage\":\"de\",\"potentialAction\":[{\"@type\":\"ReadAction\",\"target\":[\"https:\/\/www.buhl.de\/vermieter-web\/wenn-es-zum-stromausfall-kommt\/\"]}]},{\"@type\":\"ImageObject\",\"inLanguage\":\"de\",\"@id\":\"https:\/\/www.buhl.de\/vermieter-web\/wenn-es-zum-stromausfall-kommt\/#primaryimage\",\"url\":\"https:\/\/www.buhl.de\/vermieter-web\/wp-content\/uploads\/sites\/33\/2026\/01\/Berlin-ohne-strom.jpg\",\"contentUrl\":\"https:\/\/www.buhl.de\/vermieter-web\/wp-content\/uploads\/sites\/33\/2026\/01\/Berlin-ohne-strom.jpg\",\"width\":1063,\"height\":543},{\"@type\":\"BreadcrumbList\",\"@id\":\"https:\/\/www.buhl.de\/vermieter-web\/wenn-es-zum-stromausfall-kommt\/#breadcrumb\",\"itemListElement\":[{\"@type\":\"ListItem\",\"position\":1,\"name\":\"Startseite\",\"item\":\"https:\/\/www.buhl.de\/vermieter-web\/\"},{\"@type\":\"ListItem\",\"position\":2,\"name\":\"Wenn es zum Stromausfall kommt\"}]},{\"@type\":\"WebSite\",\"@id\":\"https:\/\/www.buhl.de\/vermieter-web\/#website\",\"url\":\"https:\/\/www.buhl.de\/vermieter-web\/\",\"name\":\"Online-Nebenkostenabrechnung mit WISO Vermieter-Web\",\"description\":\"\",\"potentialAction\":[{\"@type\":\"SearchAction\",\"target\":{\"@type\":\"EntryPoint\",\"urlTemplate\":\"https:\/\/www.buhl.de\/vermieter-web\/?s={search_term_string}\"},\"query-input\":{\"@type\":\"PropertyValueSpecification\",\"valueRequired\":true,\"valueName\":\"search_term_string\"}}],\"inLanguage\":\"de\"},{\"@type\":\"Person\",\"@id\":\"https:\/\/www.buhl.de\/vermieter-web\/#\/schema\/person\/82903e1cb04eb553382702d503991b4f\",\"name\":\"Hartmut Fischer\"}]}<\/script>\n<!-- \/ Yoast SEO Premium plugin. -->","yoast_head_json":{"title":"Wenn es zum Stromausfall kommt","description":"Beim Stromausfall besteht f\u00fcr den Mieter die M\u00f6glichkeit, Mietminderungen geltend zu machen. Aber auch hier gibt es Grenzen.","robots":{"index":"noindex","follow":"nofollow"},"og_locale":"de_DE","og_type":"article","og_title":"Wenn es zum Stromausfall kommt","og_description":"Beim Stromausfall besteht f\u00fcr den Mieter die M\u00f6glichkeit, Mietminderungen geltend zu machen. Aber auch hier gibt es Grenzen.","og_url":"https:\/\/www.buhl.de\/vermieter-web\/wenn-es-zum-stromausfall-kommt\/","og_site_name":"Online-Nebenkostenabrechnung mit WISO Vermieter-Web","article_published_time":"2026-01-07T10:25:02+00:00","og_image":[{"width":1063,"height":543,"url":"https:\/\/www.buhl.de\/vermieter-web\/wp-content\/uploads\/sites\/33\/2026\/01\/Berlin-ohne-strom.jpg","type":"image\/jpeg"}],"author":"Hartmut Fischer","twitter_card":"summary_large_image","twitter_misc":{"Verfasst von":"Hartmut Fischer","Gesch\u00e4tzte Lesezeit":"3\u00a0Minuten"},"schema":{"@context":"https:\/\/schema.org","@graph":[{"@type":"Article","@id":"https:\/\/www.buhl.de\/vermieter-web\/wenn-es-zum-stromausfall-kommt\/#article","isPartOf":{"@id":"https:\/\/www.buhl.de\/vermieter-web\/wenn-es-zum-stromausfall-kommt\/"},"author":{"name":"Hartmut Fischer","@id":"https:\/\/www.buhl.de\/vermieter-web\/#\/schema\/person\/82903e1cb04eb553382702d503991b4f"},"headline":"Wenn es zum Stromausfall kommt","datePublished":"2026-01-07T10:25:02+00:00","mainEntityOfPage":{"@id":"https:\/\/www.buhl.de\/vermieter-web\/wenn-es-zum-stromausfall-kommt\/"},"wordCount":405,"image":{"@id":"https:\/\/www.buhl.de\/vermieter-web\/wenn-es-zum-stromausfall-kommt\/#primaryimage"},"thumbnailUrl":"https:\/\/www.buhl.de\/vermieter-web\/wp-content\/uploads\/sites\/33\/2026\/01\/Berlin-ohne-strom.jpg","keywords":["Berlin","Mietminderung","Stromausfall"],"inLanguage":"de"},{"@type":"WebPage","@id":"https:\/\/www.buhl.de\/vermieter-web\/wenn-es-zum-stromausfall-kommt\/","url":"https:\/\/www.buhl.de\/vermieter-web\/wenn-es-zum-stromausfall-kommt\/","name":"Wenn es zum Stromausfall kommt","isPartOf":{"@id":"https:\/\/www.buhl.de\/vermieter-web\/#website"},"primaryImageOfPage":{"@id":"https:\/\/www.buhl.de\/vermieter-web\/wenn-es-zum-stromausfall-kommt\/#primaryimage"},"image":{"@id":"https:\/\/www.buhl.de\/vermieter-web\/wenn-es-zum-stromausfall-kommt\/#primaryimage"},"thumbnailUrl":"https:\/\/www.buhl.de\/vermieter-web\/wp-content\/uploads\/sites\/33\/2026\/01\/Berlin-ohne-strom.jpg","datePublished":"2026-01-07T10:25:02+00:00","author":{"@id":"https:\/\/www.buhl.de\/vermieter-web\/#\/schema\/person\/82903e1cb04eb553382702d503991b4f"},"description":"Beim Stromausfall besteht f\u00fcr den Mieter die M\u00f6glichkeit, Mietminderungen geltend zu machen. Aber auch hier gibt es Grenzen.","breadcrumb":{"@id":"https:\/\/www.buhl.de\/vermieter-web\/wenn-es-zum-stromausfall-kommt\/#breadcrumb"},"inLanguage":"de","potentialAction":[{"@type":"ReadAction","target":["https:\/\/www.buhl.de\/vermieter-web\/wenn-es-zum-stromausfall-kommt\/"]}]},{"@type":"ImageObject","inLanguage":"de","@id":"https:\/\/www.buhl.de\/vermieter-web\/wenn-es-zum-stromausfall-kommt\/#primaryimage","url":"https:\/\/www.buhl.de\/vermieter-web\/wp-content\/uploads\/sites\/33\/2026\/01\/Berlin-ohne-strom.jpg","contentUrl":"https:\/\/www.buhl.de\/vermieter-web\/wp-content\/uploads\/sites\/33\/2026\/01\/Berlin-ohne-strom.jpg","width":1063,"height":543},{"@type":"BreadcrumbList","@id":"https:\/\/www.buhl.de\/vermieter-web\/wenn-es-zum-stromausfall-kommt\/#breadcrumb","itemListElement":[{"@type":"ListItem","position":1,"name":"Startseite","item":"https:\/\/www.buhl.de\/vermieter-web\/"},{"@type":"ListItem","position":2,"name":"Wenn es zum Stromausfall kommt"}]},{"@type":"WebSite","@id":"https:\/\/www.buhl.de\/vermieter-web\/#website","url":"https:\/\/www.buhl.de\/vermieter-web\/","name":"Online-Nebenkostenabrechnung mit WISO Vermieter-Web","description":"","potentialAction":[{"@type":"SearchAction","target":{"@type":"EntryPoint","urlTemplate":"https:\/\/www.buhl.de\/vermieter-web\/?s={search_term_string}"},"query-input":{"@type":"PropertyValueSpecification","valueRequired":true,"valueName":"search_term_string"}}],"inLanguage":"de"},{"@type":"Person","@id":"https:\/\/www.buhl.de\/vermieter-web\/#\/schema\/person\/82903e1cb04eb553382702d503991b4f","name":"Hartmut Fischer"}]}},"_links":{"self":[{"href":"https:\/\/www.buhl.de\/vermieter-web\/wp-json\/wp\/v2\/posts\/17562","targetHints":{"allow":["GET"]}}],"collection":[{"href":"https:\/\/www.buhl.de\/vermieter-web\/wp-json\/wp\/v2\/posts"}],"about":[{"href":"https:\/\/www.buhl.de\/vermieter-web\/wp-json\/wp\/v2\/types\/post"}],"author":[{"embeddable":true,"href":"https:\/\/www.buhl.de\/vermieter-web\/wp-json\/wp\/v2\/users\/15"}],"replies":[{"embeddable":true,"href":"https:\/\/www.buhl.de\/vermieter-web\/wp-json\/wp\/v2\/comments?post=17562"}],"version-history":[{"count":1,"href":"https:\/\/www.buhl.de\/vermieter-web\/wp-json\/wp\/v2\/posts\/17562\/revisions"}],"predecessor-version":[{"id":17564,"href":"https:\/\/www.buhl.de\/vermieter-web\/wp-json\/wp\/v2\/posts\/17562\/revisions\/17564"}],"wp:featuredmedia":[{"embeddable":true,"href":"https:\/\/www.buhl.de\/vermieter-web\/wp-json\/wp\/v2\/media\/17565"}],"wp:attachment":[{"href":"https:\/\/www.buhl.de\/vermieter-web\/wp-json\/wp\/v2\/media?parent=17562"}],"wp:term":[{"taxonomy":"category","embeddable":true,"href":"https:\/\/www.buhl.de\/vermieter-web\/wp-json\/wp\/v2\/categories?post=17562"},{"taxonomy":"post_tag","embeddable":true,"href":"https:\/\/www.buhl.de\/vermieter-web\/wp-json\/wp\/v2\/tags?post=17562"}],"curies":[{"name":"wp","href":"https:\/\/api.w.org\/{rel}","templated":true}]}}