{"id":17573,"date":"2026-01-13T09:36:39","date_gmt":"2026-01-13T08:36:39","guid":{"rendered":"https:\/\/www.buhl.de\/vermieter-web\/?p=17573"},"modified":"2026-01-13T09:36:39","modified_gmt":"2026-01-13T08:36:39","slug":"bleirohre-seit-12-01-2026-in-wohnhaeusern-verboten","status":"publish","type":"post","link":"https:\/\/www.buhl.de\/vermieter-web\/bleirohre-seit-12-01-2026-in-wohnhaeusern-verboten\/","title":{"rendered":"Bleirohre seit 12.01.2026 in Wohnh\u00e4usern verboten"},"content":{"rendered":"<p><strong>Seit dem 12.01.2026\u00a0 d\u00fcrfen in Wohnh\u00e4usern keine Bleirohre mehr eingesetzt\u00a0 oder genutzt werden. Wer gegen dieses Verbot verst\u00f6\u00dft, muss mit empfindlichen Strafen (bis zu 25.000 EUR) rechnen. Au\u00dferdem stehen dann auch Mietminderungen im Raum.<\/strong><\/p>\n<h5>Trinkwasserverordnung verbietet Bleirohre<\/h5>\n<p>Nach <a href=\"https:\/\/www.gesetze-im-internet.de\/trinkwv_2023\/__17.html\">\u00a7\u00a017<\/a> der Trinkwasserverordnung (TrinkwV) m\u00fcssen alle Bleirohre in Wohnh\u00e4usern\u00a0ausgetauscht\u00a0sein. Sollte dies noch nicht geschehen sein, kann das zust\u00e4ndige Gesundheitsamt eine Fristverl\u00e4ngerung genehmigen, wenn<\/p>\n<ul>\n<li>ein Installateur beauftragt ist, der im Installateurverzeichnis eines Wasserversorgungsunternehmens eingetragen ist und<\/li>\n<li>dieser \u00a0bescheinigt, dass der Auftrag aus Kapazit\u00e4tsgr\u00fcnden voraussichtlich erst nach dem 12. Januar 2026 abgeschlossen werden kann.<\/li>\n<\/ul>\n<p>Zudem k\u00f6nnen Eigent\u00fcmer von Ein- oder Zweifamilienh\u00e4usern unter Umst\u00e4nden eine Fristverl\u00e4ngerung bis 2036 beantragen, wenn<\/p>\n<ul>\n<li>Sie die Immobilie selbst nutzen und<\/li>\n<li>im Haushalt weder Schwangere noch Kleinkinder wohnen und<\/li>\n<li>das Wasser nicht an Dritte abgegeben wird.<\/li>\n<\/ul>\n<h5>Warum sind Bleirohre gesundheitsgef\u00e4hrdend?<\/h5>\n<p>Bleirohre sind gesundheitsgef\u00e4hrdend, weil Blei ein Nervengift ist, das sich im K\u00f6rper nicht abbaut. Die Blei-Ionen werden bei Rohren aus dem Metall gel\u00f6st und gelangen so ins Trinkwasser. Das kann unter anderem zu folgenden Gesundheitssch\u00e4den f\u00fchren:<\/p>\n<ul>\n<li>Hirn- und Nervensch\u00e4den<\/li>\n<li>Sch\u00e4den an der Blut- und Sauerstoffversorgung<\/li>\n<li>Nierensch\u00e4den und Bluthochdruck.<\/li>\n<li>Langzeitsch\u00e4den durch Blei-Ablagerungen in den Knochen<\/li>\n<\/ul>\n<h5>Wie erkennt man Bleirohre?<\/h5>\n<p>Schon das Baujahr eines Hauses kann ein Hinweis auf die Verwendung von Bleirohren sein. Immobilien, die nach 1973 errichtet wurden, d\u00fcrften ohne Bleirohre gebaut worden sein. In Geb\u00e4uden, die zwischen 1945 und 1973 gebaut wurden, findet man nur selten Bleirohre. Bei \u00e4lteren Immobilien sollte genau kontrolliert werden.<\/p>\n<p>Bleirohre haben eine gr\u00e4uliche Farbe und eine matte Oberfl\u00e4che. Kratzt man jedoch mit einem Messer daran, wird das Rohr an dieser Stelle silbrig und gl\u00e4nzend. Da die Rohre sehr weich sind, sind sie oft verbeult. Im Zweifelsfall halten Sie einen Magneten an die Bleirohre \u2013 die Rohre sind nicht magnetisch.<\/p>\n<hr \/>\n<h5>Das k\u00f6nnte Sie auch interessieren:<\/h5>\n<p><a href=\"https:\/\/www.buhl.de\/vermieter-web\/wasser-das-muss-der-vermieter-wissen\/\">Wasser: Das muss der Vermieter wissen<\/a><br \/>\n<a href=\"https:\/\/www.buhl.de\/vermieter-web\/auf-blei-muss-der-verkaeufer-hinweisen\/\">Auf Blei muss der Verk\u00e4ufer hinweisen<\/a><br \/>\n<a href=\"https:\/\/www.buhl.de\/vermieter-web\/legionellen-befall-in-der-nachbarschaft-kein-grund-zur-mietminderung\/\">Legionellen-Befall in der Nachbarschaft \u2013 kein Grund zur Mietminderung<\/a><\/p>\n<hr \/>\n<p>&nbsp;<\/p>\n","protected":false},"excerpt":{"rendered":"<p>Seit dem 12.01.2026\u00a0 d\u00fcrfen in Wohnh\u00e4usern keine Bleirohre mehr eingesetzt\u00a0 oder genutzt werden. Wer gegen dieses Verbot verst\u00f6\u00dft, muss mit empfindlichen Strafen (bis zu 25.000 EUR) rechnen. Au\u00dferdem stehen dann auch Mietminderungen im Raum. Trinkwasserverordnung verbietet Bleirohre Nach \u00a7\u00a017 der Trinkwasserverordnung (TrinkwV) m\u00fcssen alle Bleirohre in Wohnh\u00e4usern\u00a0ausgetauscht\u00a0sein. Sollte dies noch nicht geschehen sein, kann das &hellip; <\/p>\n<p class=\"link-more\"><a href=\"https:\/\/www.buhl.de\/vermieter-web\/bleirohre-seit-12-01-2026-in-wohnhaeusern-verboten\/\" class=\"more-link\"><span class=\"screen-reader-text\">\u201eBleirohre seit 12.01.2026 in Wohnh\u00e4usern verboten\u201c<\/span> weiterlesen<\/a><\/p>\n","protected":false},"author":15,"featured_media":17576,"comment_status":"closed","ping_status":"open","sticky":false,"template":"","format":"standard","meta":{"footnotes":""},"categories":[1],"tags":[5481,6486,6485],"class_list":["post-17573","post","type-post","status-publish","format-standard","has-post-thumbnail","hentry","category-allgemein","tag-blei","tag-gesundheit","tag-trinkwasser"],"yoast_head":"<!-- This site is optimized with the Yoast SEO Premium plugin v27.0 (Yoast SEO v27.0) - https:\/\/yoast.com\/product\/yoast-seo-premium-wordpress\/ -->\n<title>Bleirohre seit 12.01.2026 verboten<\/title>\n<meta name=\"description\" content=\"Bleirohre d\u00fcrfen seit 12.01.26 in Mietwohnungen nicht mehr im Gebrauch sein. Werden die Rohre weiter genutzt, drohen empfindliche Strafen.\" \/>\n<meta name=\"robots\" content=\"noindex, nofollow\" \/>\n<meta property=\"og:locale\" content=\"de_DE\" \/>\n<meta property=\"og:type\" content=\"article\" \/>\n<meta property=\"og:title\" content=\"Bleirohre seit 12.01.2026 in Wohnh\u00e4usern verboten\" \/>\n<meta property=\"og:description\" content=\"Bleirohre d\u00fcrfen seit 12.01.26 in Mietwohnungen nicht mehr im Gebrauch sein. Werden die Rohre weiter genutzt, drohen empfindliche Strafen.\" \/>\n<meta property=\"og:url\" content=\"https:\/\/www.buhl.de\/vermieter-web\/bleirohre-seit-12-01-2026-in-wohnhaeusern-verboten\/\" \/>\n<meta property=\"og:site_name\" content=\"Online-Nebenkostenabrechnung mit WISO Vermieter-Web\" \/>\n<meta property=\"article:published_time\" content=\"2026-01-13T08:36:39+00:00\" \/>\n<meta property=\"og:image\" content=\"https:\/\/www.buhl.de\/vermieter-web\/wp-content\/uploads\/sites\/33\/2026\/01\/Mehedi-Hasan-Tarek-Wasserleitung.jpg\" \/>\n\t<meta property=\"og:image:width\" content=\"1063\" \/>\n\t<meta property=\"og:image:height\" content=\"543\" \/>\n\t<meta property=\"og:image:type\" content=\"image\/jpeg\" \/>\n<meta name=\"author\" content=\"Hartmut Fischer\" \/>\n<meta name=\"twitter:card\" content=\"summary_large_image\" \/>\n<meta name=\"twitter:label1\" content=\"Verfasst von\" \/>\n\t<meta name=\"twitter:data1\" content=\"Hartmut Fischer\" \/>\n\t<meta name=\"twitter:label2\" content=\"Gesch\u00e4tzte Lesezeit\" \/>\n\t<meta name=\"twitter:data2\" content=\"2\u00a0Minuten\" \/>\n<script type=\"application\/ld+json\" class=\"yoast-schema-graph\">{\"@context\":\"https:\/\/schema.org\",\"@graph\":[{\"@type\":\"Article\",\"@id\":\"https:\/\/www.buhl.de\/vermieter-web\/bleirohre-seit-12-01-2026-in-wohnhaeusern-verboten\/#article\",\"isPartOf\":{\"@id\":\"https:\/\/www.buhl.de\/vermieter-web\/bleirohre-seit-12-01-2026-in-wohnhaeusern-verboten\/\"},\"author\":{\"name\":\"Hartmut Fischer\",\"@id\":\"https:\/\/www.buhl.de\/vermieter-web\/#\/schema\/person\/82903e1cb04eb553382702d503991b4f\"},\"headline\":\"Bleirohre seit 12.01.2026 in Wohnh\u00e4usern verboten\",\"datePublished\":\"2026-01-13T08:36:39+00:00\",\"mainEntityOfPage\":{\"@id\":\"https:\/\/www.buhl.de\/vermieter-web\/bleirohre-seit-12-01-2026-in-wohnhaeusern-verboten\/\"},\"wordCount\":341,\"image\":{\"@id\":\"https:\/\/www.buhl.de\/vermieter-web\/bleirohre-seit-12-01-2026-in-wohnhaeusern-verboten\/#primaryimage\"},\"thumbnailUrl\":\"https:\/\/www.buhl.de\/vermieter-web\/wp-content\/uploads\/sites\/33\/2026\/01\/Mehedi-Hasan-Tarek-Wasserleitung.jpg\",\"keywords\":[\"Blei\",\"Gesundheit\",\"Trinkwasser\"],\"inLanguage\":\"de\"},{\"@type\":\"WebPage\",\"@id\":\"https:\/\/www.buhl.de\/vermieter-web\/bleirohre-seit-12-01-2026-in-wohnhaeusern-verboten\/\",\"url\":\"https:\/\/www.buhl.de\/vermieter-web\/bleirohre-seit-12-01-2026-in-wohnhaeusern-verboten\/\",\"name\":\"Bleirohre seit 12.01.2026 verboten\",\"isPartOf\":{\"@id\":\"https:\/\/www.buhl.de\/vermieter-web\/#website\"},\"primaryImageOfPage\":{\"@id\":\"https:\/\/www.buhl.de\/vermieter-web\/bleirohre-seit-12-01-2026-in-wohnhaeusern-verboten\/#primaryimage\"},\"image\":{\"@id\":\"https:\/\/www.buhl.de\/vermieter-web\/bleirohre-seit-12-01-2026-in-wohnhaeusern-verboten\/#primaryimage\"},\"thumbnailUrl\":\"https:\/\/www.buhl.de\/vermieter-web\/wp-content\/uploads\/sites\/33\/2026\/01\/Mehedi-Hasan-Tarek-Wasserleitung.jpg\",\"datePublished\":\"2026-01-13T08:36:39+00:00\",\"author\":{\"@id\":\"https:\/\/www.buhl.de\/vermieter-web\/#\/schema\/person\/82903e1cb04eb553382702d503991b4f\"},\"description\":\"Bleirohre d\u00fcrfen seit 12.01.26 in Mietwohnungen nicht mehr im Gebrauch sein. Werden die Rohre weiter genutzt, drohen empfindliche Strafen.\",\"breadcrumb\":{\"@id\":\"https:\/\/www.buhl.de\/vermieter-web\/bleirohre-seit-12-01-2026-in-wohnhaeusern-verboten\/#breadcrumb\"},\"inLanguage\":\"de\",\"potentialAction\":[{\"@type\":\"ReadAction\",\"target\":[\"https:\/\/www.buhl.de\/vermieter-web\/bleirohre-seit-12-01-2026-in-wohnhaeusern-verboten\/\"]}]},{\"@type\":\"ImageObject\",\"inLanguage\":\"de\",\"@id\":\"https:\/\/www.buhl.de\/vermieter-web\/bleirohre-seit-12-01-2026-in-wohnhaeusern-verboten\/#primaryimage\",\"url\":\"https:\/\/www.buhl.de\/vermieter-web\/wp-content\/uploads\/sites\/33\/2026\/01\/Mehedi-Hasan-Tarek-Wasserleitung.jpg\",\"contentUrl\":\"https:\/\/www.buhl.de\/vermieter-web\/wp-content\/uploads\/sites\/33\/2026\/01\/Mehedi-Hasan-Tarek-Wasserleitung.jpg\",\"width\":1063,\"height\":543},{\"@type\":\"BreadcrumbList\",\"@id\":\"https:\/\/www.buhl.de\/vermieter-web\/bleirohre-seit-12-01-2026-in-wohnhaeusern-verboten\/#breadcrumb\",\"itemListElement\":[{\"@type\":\"ListItem\",\"position\":1,\"name\":\"Startseite\",\"item\":\"https:\/\/www.buhl.de\/vermieter-web\/\"},{\"@type\":\"ListItem\",\"position\":2,\"name\":\"Bleirohre seit 12.01.2026 in Wohnh\u00e4usern verboten\"}]},{\"@type\":\"WebSite\",\"@id\":\"https:\/\/www.buhl.de\/vermieter-web\/#website\",\"url\":\"https:\/\/www.buhl.de\/vermieter-web\/\",\"name\":\"Online-Nebenkostenabrechnung mit WISO Vermieter-Web\",\"description\":\"\",\"potentialAction\":[{\"@type\":\"SearchAction\",\"target\":{\"@type\":\"EntryPoint\",\"urlTemplate\":\"https:\/\/www.buhl.de\/vermieter-web\/?s={search_term_string}\"},\"query-input\":{\"@type\":\"PropertyValueSpecification\",\"valueRequired\":true,\"valueName\":\"search_term_string\"}}],\"inLanguage\":\"de\"},{\"@type\":\"Person\",\"@id\":\"https:\/\/www.buhl.de\/vermieter-web\/#\/schema\/person\/82903e1cb04eb553382702d503991b4f\",\"name\":\"Hartmut Fischer\"}]}<\/script>\n<!-- \/ Yoast SEO Premium plugin. -->","yoast_head_json":{"title":"Bleirohre seit 12.01.2026 verboten","description":"Bleirohre d\u00fcrfen seit 12.01.26 in Mietwohnungen nicht mehr im Gebrauch sein. Werden die Rohre weiter genutzt, drohen empfindliche Strafen.","robots":{"index":"noindex","follow":"nofollow"},"og_locale":"de_DE","og_type":"article","og_title":"Bleirohre seit 12.01.2026 in Wohnh\u00e4usern verboten","og_description":"Bleirohre d\u00fcrfen seit 12.01.26 in Mietwohnungen nicht mehr im Gebrauch sein. Werden die Rohre weiter genutzt, drohen empfindliche Strafen.","og_url":"https:\/\/www.buhl.de\/vermieter-web\/bleirohre-seit-12-01-2026-in-wohnhaeusern-verboten\/","og_site_name":"Online-Nebenkostenabrechnung mit WISO Vermieter-Web","article_published_time":"2026-01-13T08:36:39+00:00","og_image":[{"width":1063,"height":543,"url":"https:\/\/www.buhl.de\/vermieter-web\/wp-content\/uploads\/sites\/33\/2026\/01\/Mehedi-Hasan-Tarek-Wasserleitung.jpg","type":"image\/jpeg"}],"author":"Hartmut Fischer","twitter_card":"summary_large_image","twitter_misc":{"Verfasst von":"Hartmut Fischer","Gesch\u00e4tzte Lesezeit":"2\u00a0Minuten"},"schema":{"@context":"https:\/\/schema.org","@graph":[{"@type":"Article","@id":"https:\/\/www.buhl.de\/vermieter-web\/bleirohre-seit-12-01-2026-in-wohnhaeusern-verboten\/#article","isPartOf":{"@id":"https:\/\/www.buhl.de\/vermieter-web\/bleirohre-seit-12-01-2026-in-wohnhaeusern-verboten\/"},"author":{"name":"Hartmut Fischer","@id":"https:\/\/www.buhl.de\/vermieter-web\/#\/schema\/person\/82903e1cb04eb553382702d503991b4f"},"headline":"Bleirohre seit 12.01.2026 in Wohnh\u00e4usern verboten","datePublished":"2026-01-13T08:36:39+00:00","mainEntityOfPage":{"@id":"https:\/\/www.buhl.de\/vermieter-web\/bleirohre-seit-12-01-2026-in-wohnhaeusern-verboten\/"},"wordCount":341,"image":{"@id":"https:\/\/www.buhl.de\/vermieter-web\/bleirohre-seit-12-01-2026-in-wohnhaeusern-verboten\/#primaryimage"},"thumbnailUrl":"https:\/\/www.buhl.de\/vermieter-web\/wp-content\/uploads\/sites\/33\/2026\/01\/Mehedi-Hasan-Tarek-Wasserleitung.jpg","keywords":["Blei","Gesundheit","Trinkwasser"],"inLanguage":"de"},{"@type":"WebPage","@id":"https:\/\/www.buhl.de\/vermieter-web\/bleirohre-seit-12-01-2026-in-wohnhaeusern-verboten\/","url":"https:\/\/www.buhl.de\/vermieter-web\/bleirohre-seit-12-01-2026-in-wohnhaeusern-verboten\/","name":"Bleirohre seit 12.01.2026 verboten","isPartOf":{"@id":"https:\/\/www.buhl.de\/vermieter-web\/#website"},"primaryImageOfPage":{"@id":"https:\/\/www.buhl.de\/vermieter-web\/bleirohre-seit-12-01-2026-in-wohnhaeusern-verboten\/#primaryimage"},"image":{"@id":"https:\/\/www.buhl.de\/vermieter-web\/bleirohre-seit-12-01-2026-in-wohnhaeusern-verboten\/#primaryimage"},"thumbnailUrl":"https:\/\/www.buhl.de\/vermieter-web\/wp-content\/uploads\/sites\/33\/2026\/01\/Mehedi-Hasan-Tarek-Wasserleitung.jpg","datePublished":"2026-01-13T08:36:39+00:00","author":{"@id":"https:\/\/www.buhl.de\/vermieter-web\/#\/schema\/person\/82903e1cb04eb553382702d503991b4f"},"description":"Bleirohre d\u00fcrfen seit 12.01.26 in Mietwohnungen nicht mehr im Gebrauch sein. Werden die Rohre weiter genutzt, drohen empfindliche Strafen.","breadcrumb":{"@id":"https:\/\/www.buhl.de\/vermieter-web\/bleirohre-seit-12-01-2026-in-wohnhaeusern-verboten\/#breadcrumb"},"inLanguage":"de","potentialAction":[{"@type":"ReadAction","target":["https:\/\/www.buhl.de\/vermieter-web\/bleirohre-seit-12-01-2026-in-wohnhaeusern-verboten\/"]}]},{"@type":"ImageObject","inLanguage":"de","@id":"https:\/\/www.buhl.de\/vermieter-web\/bleirohre-seit-12-01-2026-in-wohnhaeusern-verboten\/#primaryimage","url":"https:\/\/www.buhl.de\/vermieter-web\/wp-content\/uploads\/sites\/33\/2026\/01\/Mehedi-Hasan-Tarek-Wasserleitung.jpg","contentUrl":"https:\/\/www.buhl.de\/vermieter-web\/wp-content\/uploads\/sites\/33\/2026\/01\/Mehedi-Hasan-Tarek-Wasserleitung.jpg","width":1063,"height":543},{"@type":"BreadcrumbList","@id":"https:\/\/www.buhl.de\/vermieter-web\/bleirohre-seit-12-01-2026-in-wohnhaeusern-verboten\/#breadcrumb","itemListElement":[{"@type":"ListItem","position":1,"name":"Startseite","item":"https:\/\/www.buhl.de\/vermieter-web\/"},{"@type":"ListItem","position":2,"name":"Bleirohre seit 12.01.2026 in Wohnh\u00e4usern verboten"}]},{"@type":"WebSite","@id":"https:\/\/www.buhl.de\/vermieter-web\/#website","url":"https:\/\/www.buhl.de\/vermieter-web\/","name":"Online-Nebenkostenabrechnung mit WISO Vermieter-Web","description":"","potentialAction":[{"@type":"SearchAction","target":{"@type":"EntryPoint","urlTemplate":"https:\/\/www.buhl.de\/vermieter-web\/?s={search_term_string}"},"query-input":{"@type":"PropertyValueSpecification","valueRequired":true,"valueName":"search_term_string"}}],"inLanguage":"de"},{"@type":"Person","@id":"https:\/\/www.buhl.de\/vermieter-web\/#\/schema\/person\/82903e1cb04eb553382702d503991b4f","name":"Hartmut Fischer"}]}},"_links":{"self":[{"href":"https:\/\/www.buhl.de\/vermieter-web\/wp-json\/wp\/v2\/posts\/17573","targetHints":{"allow":["GET"]}}],"collection":[{"href":"https:\/\/www.buhl.de\/vermieter-web\/wp-json\/wp\/v2\/posts"}],"about":[{"href":"https:\/\/www.buhl.de\/vermieter-web\/wp-json\/wp\/v2\/types\/post"}],"author":[{"embeddable":true,"href":"https:\/\/www.buhl.de\/vermieter-web\/wp-json\/wp\/v2\/users\/15"}],"replies":[{"embeddable":true,"href":"https:\/\/www.buhl.de\/vermieter-web\/wp-json\/wp\/v2\/comments?post=17573"}],"version-history":[{"count":1,"href":"https:\/\/www.buhl.de\/vermieter-web\/wp-json\/wp\/v2\/posts\/17573\/revisions"}],"predecessor-version":[{"id":17577,"href":"https:\/\/www.buhl.de\/vermieter-web\/wp-json\/wp\/v2\/posts\/17573\/revisions\/17577"}],"wp:featuredmedia":[{"embeddable":true,"href":"https:\/\/www.buhl.de\/vermieter-web\/wp-json\/wp\/v2\/media\/17576"}],"wp:attachment":[{"href":"https:\/\/www.buhl.de\/vermieter-web\/wp-json\/wp\/v2\/media?parent=17573"}],"wp:term":[{"taxonomy":"category","embeddable":true,"href":"https:\/\/www.buhl.de\/vermieter-web\/wp-json\/wp\/v2\/categories?post=17573"},{"taxonomy":"post_tag","embeddable":true,"href":"https:\/\/www.buhl.de\/vermieter-web\/wp-json\/wp\/v2\/tags?post=17573"}],"curies":[{"name":"wp","href":"https:\/\/api.w.org\/{rel}","templated":true}]}}