{"id":17578,"date":"2026-01-13T14:00:43","date_gmt":"2026-01-13T13:00:43","guid":{"rendered":"https:\/\/www.buhl.de\/vermieter-web\/?p=17578"},"modified":"2026-03-17T16:38:31","modified_gmt":"2026-03-17T15:38:31","slug":"konfetti-verschmutzung-schadenersatz","status":"publish","type":"post","link":"https:\/\/www.buhl.de\/vermieter-web\/konfetti-verschmutzung-schadenersatz\/","title":{"rendered":"Konfetti\u00a0\u2013 Verschmutzung \u2013 Schadenersatz"},"content":{"rendered":"<p><strong>Die n\u00e4rrischen Umz\u00fcge zu Karneval, Fassenacht oder Fasching sind bei der Bev\u00f6lkerung sehr beliebt. Doch h\u00e4ufig l\u00f6sen sie auch Streitigkeiten aus. Das Oberlandesgericht K\u00f6ln musste nun in einem Fall entscheiden, in dem die Ladung einer Konfetti-Kanone einen gepflegten Garten verunstaltete. Der Garteneigent\u00fcmer verlangte Ersatz f\u00fcr die Gartenreinigung. Urteil vom 17.11.2025 \u2013 Aktenzeichen: 30 U 13\/24)<\/strong><\/p>\n<h5>Konfetti in Nachbars Garten<\/h5>\n<p>In dem Verfahren ging es um Konfetti, das w\u00e4hrend eines Karnevalsumzugs mit einer Konfetti-Kanone verschossen wurde. Eine Ladung landete in einem Garten, auf dem es sich breitfl\u00e4chig verteilte. Der Grundst\u00fcckseigent\u00fcmer s\u00e4uberte seinen Garten selbst. Danach verlangte er vom Karnevalsverein eine Entsch\u00e4digung f\u00fcr seine Arbeit. Da dies abgelehnt wurde, kam die Angelegenheit vor Gericht.<\/p>\n<h5>Landgericht: Konfetti verschmutzte Garten<\/h5>\n<p>In seinem Urteil vom 18.04.2025 stellte das Landgericht Aachen bereits fest, dass der Abschuss der Konfetti-Kanone eine fahrl\u00e4ssige Verletzung der Verkehrssicherungspflicht darstellt. Dadurch verschmutzte der Karnevalsverein das Eigentum des Garteninhabers gro\u00dffl\u00e4chig und muss f\u00fcr die Reinigung einstehen.<\/p>\n<h5>Oberlandesgericht: Konfetti-Gesch\u00e4digter im Recht<\/h5>\n<p>Auch das Oberlandesgericht (OLG) K\u00f6ln entschied im Berufungsverfahren, dass der Grundst\u00fcckseigent\u00fcmer im Recht ist. Allerdings setzte es die H\u00f6he der Entsch\u00e4digung f\u00fcr die Konfetti-Entfernung niedriger an.<\/p>\n<hr \/>\n<p style=\"text-align: center\"><a href=\"https:\/\/nrwe.justiz.nrw.de\/olgs\/koeln\/j2025\/30_U_13_24_Urteil_20251117.html\">Das Urteil k\u00f6nnen Sie hier im Original lesen.<\/a><\/p>\n<hr \/>\n<p style=\"text-align: center\">\n<p>Das Gericht hatte einen Sachverst\u00e4ndigen hinzugezogen, der den Garten bei einem Ortstermin nach Gr\u00f6\u00dfe, Struktur und witterungsbedingten Erschwernissen untersuchte. Er best\u00e4tigte, dass es sich um einen top gepflegten Garten handelt, der relativ leicht von dem Konfetti gereinigt werden kann. Da der Eigent\u00fcmer die Reinigung selbst vornahm, wurde ihm von den Richtern ein Schadenersatz nach <a href=\"https:\/\/www.gesetze-im-internet.de\/bgb\/__823.html\">\u00a7\u00a0823\u00a0BGB<\/a>\u00a0in H\u00f6he von 1.430 EUR zugestanden.<\/p>\n<hr \/>\n<h5>Das k\u00f6nnte Sie auch interessieren:<\/h5>\n<p><a href=\"https:\/\/www.buhl.de\/vermieter-web\/schaden-bei-umzug-ersatzpflicht-des-mieters\/\">Schaden bei Umzug: Ersatzpflicht des Mieters?<\/a><br \/>\n<a href=\"https:\/\/www.buhl.de\/vermieter-web\/laub-korrekt-entsorgen\/\">Laub korrekt entsorgen<\/a><\/p>\n<hr \/>\n<p>&nbsp;<\/p>\n","protected":false},"excerpt":{"rendered":"<p>Die n\u00e4rrischen Umz\u00fcge zu Karneval, Fassenacht oder Fasching sind bei der Bev\u00f6lkerung sehr beliebt. Doch h\u00e4ufig l\u00f6sen sie auch Streitigkeiten aus. Das Oberlandesgericht K\u00f6ln musste nun in einem Fall entscheiden, in dem die Ladung einer Konfetti-Kanone einen gepflegten Garten verunstaltete. Der Garteneigent\u00fcmer verlangte Ersatz f\u00fcr die Gartenreinigung. Urteil vom 17.11.2025 \u2013 Aktenzeichen: 30 U 13\/24) &hellip; <\/p>\n<p class=\"link-more\"><a href=\"https:\/\/www.buhl.de\/vermieter-web\/konfetti-verschmutzung-schadenersatz\/\" class=\"more-link\"><span class=\"screen-reader-text\">\u201eKonfetti\u00a0\u2013 Verschmutzung \u2013 Schadenersatz\u201c<\/span> weiterlesen<\/a><\/p>\n","protected":false},"author":15,"featured_media":17580,"comment_status":"closed","ping_status":"open","sticky":false,"template":"","format":"standard","meta":{"footnotes":""},"categories":[1],"tags":[6487,391,6488,5930],"class_list":["post-17578","post","type-post","status-publish","format-standard","has-post-thumbnail","hentry","category-allgemein","tag-konfetti","tag-kosten","tag-reinigen","tag-schmutz"],"yoast_head":"<!-- This site is optimized with the Yoast SEO Premium plugin v27.0 (Yoast SEO v27.0) - https:\/\/yoast.com\/product\/yoast-seo-premium-wordpress\/ -->\n<title>Konfetti\u00a0\u2013\u00a0Verschmutzung\u00a0\u2013\u00a0Schadenersatz<\/title>\n<meta name=\"description\" content=\"Konfetti, das aus einer Konfettikanone abgeschossen wurde, muss beseitigt werden, wenn damit Privatgel\u00e4nde verschmutzt wird.\" \/>\n<meta name=\"robots\" content=\"noindex, nofollow\" \/>\n<meta property=\"og:locale\" content=\"de_DE\" \/>\n<meta property=\"og:type\" content=\"article\" \/>\n<meta property=\"og:title\" content=\"Konfetti\u00a0\u2013 Verschmutzung \u2013 Schadenersatz\" \/>\n<meta property=\"og:description\" content=\"Konfetti, das aus einer Konfettikanone abgeschossen wurde, muss beseitigt werden, wenn damit Privatgel\u00e4nde verschmutzt wird.\" \/>\n<meta property=\"og:url\" content=\"https:\/\/www.buhl.de\/vermieter-web\/konfetti-verschmutzung-schadenersatz\/\" \/>\n<meta property=\"og:site_name\" content=\"Online-Nebenkostenabrechnung mit WISO Vermieter-Web\" \/>\n<meta property=\"article:published_time\" content=\"2026-01-13T13:00:43+00:00\" \/>\n<meta property=\"article:modified_time\" content=\"2026-03-17T15:38:31+00:00\" \/>\n<meta property=\"og:image\" content=\"https:\/\/www.buhl.de\/vermieter-web\/wp-content\/uploads\/sites\/33\/2026\/01\/Benis-Arapovic-Konfetti.jpg\" \/>\n\t<meta property=\"og:image:width\" content=\"1063\" \/>\n\t<meta property=\"og:image:height\" content=\"543\" \/>\n\t<meta property=\"og:image:type\" content=\"image\/jpeg\" \/>\n<meta name=\"author\" content=\"Hartmut Fischer\" \/>\n<meta name=\"twitter:card\" content=\"summary_large_image\" \/>\n<meta name=\"twitter:label1\" content=\"Verfasst von\" \/>\n\t<meta name=\"twitter:data1\" content=\"Hartmut Fischer\" \/>\n\t<meta name=\"twitter:label2\" content=\"Gesch\u00e4tzte Lesezeit\" \/>\n\t<meta name=\"twitter:data2\" content=\"2\u00a0Minuten\" \/>\n<script type=\"application\/ld+json\" class=\"yoast-schema-graph\">{\"@context\":\"https:\/\/schema.org\",\"@graph\":[{\"@type\":\"Article\",\"@id\":\"https:\/\/www.buhl.de\/vermieter-web\/konfetti-verschmutzung-schadenersatz\/#article\",\"isPartOf\":{\"@id\":\"https:\/\/www.buhl.de\/vermieter-web\/konfetti-verschmutzung-schadenersatz\/\"},\"author\":{\"name\":\"Hartmut Fischer\",\"@id\":\"https:\/\/www.buhl.de\/vermieter-web\/#\/schema\/person\/82903e1cb04eb553382702d503991b4f\"},\"headline\":\"Konfetti\u00a0\u2013 Verschmutzung \u2013 Schadenersatz\",\"datePublished\":\"2026-01-13T13:00:43+00:00\",\"dateModified\":\"2026-03-17T15:38:31+00:00\",\"mainEntityOfPage\":{\"@id\":\"https:\/\/www.buhl.de\/vermieter-web\/konfetti-verschmutzung-schadenersatz\/\"},\"wordCount\":297,\"image\":{\"@id\":\"https:\/\/www.buhl.de\/vermieter-web\/konfetti-verschmutzung-schadenersatz\/#primaryimage\"},\"thumbnailUrl\":\"https:\/\/www.buhl.de\/vermieter-web\/wp-content\/uploads\/sites\/33\/2026\/01\/Benis-Arapovic-Konfetti.jpg\",\"keywords\":[\"Konfetti\",\"Kosten\",\"Reinigen\",\"Schmutz\"],\"inLanguage\":\"de\"},{\"@type\":\"WebPage\",\"@id\":\"https:\/\/www.buhl.de\/vermieter-web\/konfetti-verschmutzung-schadenersatz\/\",\"url\":\"https:\/\/www.buhl.de\/vermieter-web\/konfetti-verschmutzung-schadenersatz\/\",\"name\":\"Konfetti\u00a0\u2013\u00a0Verschmutzung\u00a0\u2013\u00a0Schadenersatz\",\"isPartOf\":{\"@id\":\"https:\/\/www.buhl.de\/vermieter-web\/#website\"},\"primaryImageOfPage\":{\"@id\":\"https:\/\/www.buhl.de\/vermieter-web\/konfetti-verschmutzung-schadenersatz\/#primaryimage\"},\"image\":{\"@id\":\"https:\/\/www.buhl.de\/vermieter-web\/konfetti-verschmutzung-schadenersatz\/#primaryimage\"},\"thumbnailUrl\":\"https:\/\/www.buhl.de\/vermieter-web\/wp-content\/uploads\/sites\/33\/2026\/01\/Benis-Arapovic-Konfetti.jpg\",\"datePublished\":\"2026-01-13T13:00:43+00:00\",\"dateModified\":\"2026-03-17T15:38:31+00:00\",\"author\":{\"@id\":\"https:\/\/www.buhl.de\/vermieter-web\/#\/schema\/person\/82903e1cb04eb553382702d503991b4f\"},\"description\":\"Konfetti, das aus einer Konfettikanone abgeschossen wurde, muss beseitigt werden, wenn damit Privatgel\u00e4nde verschmutzt wird.\",\"breadcrumb\":{\"@id\":\"https:\/\/www.buhl.de\/vermieter-web\/konfetti-verschmutzung-schadenersatz\/#breadcrumb\"},\"inLanguage\":\"de\",\"potentialAction\":[{\"@type\":\"ReadAction\",\"target\":[\"https:\/\/www.buhl.de\/vermieter-web\/konfetti-verschmutzung-schadenersatz\/\"]}]},{\"@type\":\"ImageObject\",\"inLanguage\":\"de\",\"@id\":\"https:\/\/www.buhl.de\/vermieter-web\/konfetti-verschmutzung-schadenersatz\/#primaryimage\",\"url\":\"https:\/\/www.buhl.de\/vermieter-web\/wp-content\/uploads\/sites\/33\/2026\/01\/Benis-Arapovic-Konfetti.jpg\",\"contentUrl\":\"https:\/\/www.buhl.de\/vermieter-web\/wp-content\/uploads\/sites\/33\/2026\/01\/Benis-Arapovic-Konfetti.jpg\",\"width\":1063,\"height\":543},{\"@type\":\"BreadcrumbList\",\"@id\":\"https:\/\/www.buhl.de\/vermieter-web\/konfetti-verschmutzung-schadenersatz\/#breadcrumb\",\"itemListElement\":[{\"@type\":\"ListItem\",\"position\":1,\"name\":\"Startseite\",\"item\":\"https:\/\/www.buhl.de\/vermieter-web\/\"},{\"@type\":\"ListItem\",\"position\":2,\"name\":\"Konfetti\u00a0\u2013 Verschmutzung \u2013 Schadenersatz\"}]},{\"@type\":\"WebSite\",\"@id\":\"https:\/\/www.buhl.de\/vermieter-web\/#website\",\"url\":\"https:\/\/www.buhl.de\/vermieter-web\/\",\"name\":\"Online-Nebenkostenabrechnung mit WISO Vermieter-Web\",\"description\":\"\",\"potentialAction\":[{\"@type\":\"SearchAction\",\"target\":{\"@type\":\"EntryPoint\",\"urlTemplate\":\"https:\/\/www.buhl.de\/vermieter-web\/?s={search_term_string}\"},\"query-input\":{\"@type\":\"PropertyValueSpecification\",\"valueRequired\":true,\"valueName\":\"search_term_string\"}}],\"inLanguage\":\"de\"},{\"@type\":\"Person\",\"@id\":\"https:\/\/www.buhl.de\/vermieter-web\/#\/schema\/person\/82903e1cb04eb553382702d503991b4f\",\"name\":\"Hartmut Fischer\"}]}<\/script>\n<!-- \/ Yoast SEO Premium plugin. -->","yoast_head_json":{"title":"Konfetti\u00a0\u2013\u00a0Verschmutzung\u00a0\u2013\u00a0Schadenersatz","description":"Konfetti, das aus einer Konfettikanone abgeschossen wurde, muss beseitigt werden, wenn damit Privatgel\u00e4nde verschmutzt wird.","robots":{"index":"noindex","follow":"nofollow"},"og_locale":"de_DE","og_type":"article","og_title":"Konfetti\u00a0\u2013 Verschmutzung \u2013 Schadenersatz","og_description":"Konfetti, das aus einer Konfettikanone abgeschossen wurde, muss beseitigt werden, wenn damit Privatgel\u00e4nde verschmutzt wird.","og_url":"https:\/\/www.buhl.de\/vermieter-web\/konfetti-verschmutzung-schadenersatz\/","og_site_name":"Online-Nebenkostenabrechnung mit WISO Vermieter-Web","article_published_time":"2026-01-13T13:00:43+00:00","article_modified_time":"2026-03-17T15:38:31+00:00","og_image":[{"width":1063,"height":543,"url":"https:\/\/www.buhl.de\/vermieter-web\/wp-content\/uploads\/sites\/33\/2026\/01\/Benis-Arapovic-Konfetti.jpg","type":"image\/jpeg"}],"author":"Hartmut Fischer","twitter_card":"summary_large_image","twitter_misc":{"Verfasst von":"Hartmut Fischer","Gesch\u00e4tzte Lesezeit":"2\u00a0Minuten"},"schema":{"@context":"https:\/\/schema.org","@graph":[{"@type":"Article","@id":"https:\/\/www.buhl.de\/vermieter-web\/konfetti-verschmutzung-schadenersatz\/#article","isPartOf":{"@id":"https:\/\/www.buhl.de\/vermieter-web\/konfetti-verschmutzung-schadenersatz\/"},"author":{"name":"Hartmut Fischer","@id":"https:\/\/www.buhl.de\/vermieter-web\/#\/schema\/person\/82903e1cb04eb553382702d503991b4f"},"headline":"Konfetti\u00a0\u2013 Verschmutzung \u2013 Schadenersatz","datePublished":"2026-01-13T13:00:43+00:00","dateModified":"2026-03-17T15:38:31+00:00","mainEntityOfPage":{"@id":"https:\/\/www.buhl.de\/vermieter-web\/konfetti-verschmutzung-schadenersatz\/"},"wordCount":297,"image":{"@id":"https:\/\/www.buhl.de\/vermieter-web\/konfetti-verschmutzung-schadenersatz\/#primaryimage"},"thumbnailUrl":"https:\/\/www.buhl.de\/vermieter-web\/wp-content\/uploads\/sites\/33\/2026\/01\/Benis-Arapovic-Konfetti.jpg","keywords":["Konfetti","Kosten","Reinigen","Schmutz"],"inLanguage":"de"},{"@type":"WebPage","@id":"https:\/\/www.buhl.de\/vermieter-web\/konfetti-verschmutzung-schadenersatz\/","url":"https:\/\/www.buhl.de\/vermieter-web\/konfetti-verschmutzung-schadenersatz\/","name":"Konfetti\u00a0\u2013\u00a0Verschmutzung\u00a0\u2013\u00a0Schadenersatz","isPartOf":{"@id":"https:\/\/www.buhl.de\/vermieter-web\/#website"},"primaryImageOfPage":{"@id":"https:\/\/www.buhl.de\/vermieter-web\/konfetti-verschmutzung-schadenersatz\/#primaryimage"},"image":{"@id":"https:\/\/www.buhl.de\/vermieter-web\/konfetti-verschmutzung-schadenersatz\/#primaryimage"},"thumbnailUrl":"https:\/\/www.buhl.de\/vermieter-web\/wp-content\/uploads\/sites\/33\/2026\/01\/Benis-Arapovic-Konfetti.jpg","datePublished":"2026-01-13T13:00:43+00:00","dateModified":"2026-03-17T15:38:31+00:00","author":{"@id":"https:\/\/www.buhl.de\/vermieter-web\/#\/schema\/person\/82903e1cb04eb553382702d503991b4f"},"description":"Konfetti, das aus einer Konfettikanone abgeschossen wurde, muss beseitigt werden, wenn damit Privatgel\u00e4nde verschmutzt wird.","breadcrumb":{"@id":"https:\/\/www.buhl.de\/vermieter-web\/konfetti-verschmutzung-schadenersatz\/#breadcrumb"},"inLanguage":"de","potentialAction":[{"@type":"ReadAction","target":["https:\/\/www.buhl.de\/vermieter-web\/konfetti-verschmutzung-schadenersatz\/"]}]},{"@type":"ImageObject","inLanguage":"de","@id":"https:\/\/www.buhl.de\/vermieter-web\/konfetti-verschmutzung-schadenersatz\/#primaryimage","url":"https:\/\/www.buhl.de\/vermieter-web\/wp-content\/uploads\/sites\/33\/2026\/01\/Benis-Arapovic-Konfetti.jpg","contentUrl":"https:\/\/www.buhl.de\/vermieter-web\/wp-content\/uploads\/sites\/33\/2026\/01\/Benis-Arapovic-Konfetti.jpg","width":1063,"height":543},{"@type":"BreadcrumbList","@id":"https:\/\/www.buhl.de\/vermieter-web\/konfetti-verschmutzung-schadenersatz\/#breadcrumb","itemListElement":[{"@type":"ListItem","position":1,"name":"Startseite","item":"https:\/\/www.buhl.de\/vermieter-web\/"},{"@type":"ListItem","position":2,"name":"Konfetti\u00a0\u2013 Verschmutzung \u2013 Schadenersatz"}]},{"@type":"WebSite","@id":"https:\/\/www.buhl.de\/vermieter-web\/#website","url":"https:\/\/www.buhl.de\/vermieter-web\/","name":"Online-Nebenkostenabrechnung mit WISO Vermieter-Web","description":"","potentialAction":[{"@type":"SearchAction","target":{"@type":"EntryPoint","urlTemplate":"https:\/\/www.buhl.de\/vermieter-web\/?s={search_term_string}"},"query-input":{"@type":"PropertyValueSpecification","valueRequired":true,"valueName":"search_term_string"}}],"inLanguage":"de"},{"@type":"Person","@id":"https:\/\/www.buhl.de\/vermieter-web\/#\/schema\/person\/82903e1cb04eb553382702d503991b4f","name":"Hartmut Fischer"}]}},"_links":{"self":[{"href":"https:\/\/www.buhl.de\/vermieter-web\/wp-json\/wp\/v2\/posts\/17578","targetHints":{"allow":["GET"]}}],"collection":[{"href":"https:\/\/www.buhl.de\/vermieter-web\/wp-json\/wp\/v2\/posts"}],"about":[{"href":"https:\/\/www.buhl.de\/vermieter-web\/wp-json\/wp\/v2\/types\/post"}],"author":[{"embeddable":true,"href":"https:\/\/www.buhl.de\/vermieter-web\/wp-json\/wp\/v2\/users\/15"}],"replies":[{"embeddable":true,"href":"https:\/\/www.buhl.de\/vermieter-web\/wp-json\/wp\/v2\/comments?post=17578"}],"version-history":[{"count":1,"href":"https:\/\/www.buhl.de\/vermieter-web\/wp-json\/wp\/v2\/posts\/17578\/revisions"}],"predecessor-version":[{"id":17581,"href":"https:\/\/www.buhl.de\/vermieter-web\/wp-json\/wp\/v2\/posts\/17578\/revisions\/17581"}],"wp:featuredmedia":[{"embeddable":true,"href":"https:\/\/www.buhl.de\/vermieter-web\/wp-json\/wp\/v2\/media\/17580"}],"wp:attachment":[{"href":"https:\/\/www.buhl.de\/vermieter-web\/wp-json\/wp\/v2\/media?parent=17578"}],"wp:term":[{"taxonomy":"category","embeddable":true,"href":"https:\/\/www.buhl.de\/vermieter-web\/wp-json\/wp\/v2\/categories?post=17578"},{"taxonomy":"post_tag","embeddable":true,"href":"https:\/\/www.buhl.de\/vermieter-web\/wp-json\/wp\/v2\/tags?post=17578"}],"curies":[{"name":"wp","href":"https:\/\/api.w.org\/{rel}","templated":true}]}}