{"id":17593,"date":"2026-01-19T10:46:36","date_gmt":"2026-01-19T09:46:36","guid":{"rendered":"https:\/\/www.buhl.de\/vermieter-web\/?p=17593"},"modified":"2026-01-19T10:46:36","modified_gmt":"2026-01-19T09:46:36","slug":"fernablesbare-zaehler-werden-2027-pflicht","status":"publish","type":"post","link":"https:\/\/www.buhl.de\/vermieter-web\/fernablesbare-zaehler-werden-2027-pflicht\/","title":{"rendered":"Fernablesbare Z\u00e4hler werden 2027 Pflicht"},"content":{"rendered":"<p><strong>Man sollte nicht bis zur letzten Minute warten \u2013 und sich schon jetzt auf die Umstellung der Z\u00e4hler f\u00fcr Heizung und Warmwasser vorbereiten. Ab 2027 werden in den meisten Mietwohnungen fernablesbare Messger\u00e4te Pflicht. Au\u00dferdem m\u00fcssen die Vermieter zus\u00e4tzliche Informationspflichten erf\u00fcllen.<\/strong><\/p>\n<h5>\u00dcbergangsfrist endet 2026<\/h5>\n<p>Die Heizkostenverordnung (HKVO) schreibt die fernablesbaren Z\u00e4hler bereits seit vielen Jahren vor. Seit 2022 d\u00fcrfen nur noch fernablesbare Ger\u00e4te neu installiert werden. In allen anderen F\u00e4llen muss die Umstellung noch in diesem Jahr erfolgen (<a href=\"https:\/\/www.gesetze-im-internet.de\/heizkostenv\/__5.html\">\u00a7\u00a05 HKVO<\/a>).<\/p>\n<h5>F\u00fcr wen gilt die Neuregelung?<\/h5>\n<p>Die Vorschrift gilt f\u00fcr alle Mietobjekte, in denen zwei oder mehr Mietparteien leben und die \u00fcber eine gemeinschaftliche Anlage mit Heizenergie oder Warmwasser versorgt werden. Einfamilienh\u00e4user, die nur von einer Mietpartei bewohnt werden, sind von der Regelung ausgenommen.<\/p>\n<h5>Was kostet die Umstellung?<\/h5>\n<p>Die Fernablesung hat f\u00fcr den Vermieter den Vorteil, dass die Ablesungen ohne Anwesenheit des Mieters jederzeit erfolgen k\u00f6nnen. Allerdings entstehen durch die Umstellung auch Kosten. Die folgende Tabelle enth\u00e4lt Richtwerte, die je nach Ger\u00e4tetyp oder Aufgabenvergabe abweichen.<\/p>\n<table>\n<tbody>\n<tr>\n<td width=\"519\">Leistung<\/td>\n<td width=\"85\">Preis in \u20ac<\/td>\n<\/tr>\n<tr>\n<td width=\"519\">W\u00e4rmemengenz\u00e4hler *<\/td>\n<td width=\"85\">100 \u2013 200<\/td>\n<\/tr>\n<tr>\n<td width=\"519\">Funkf\u00e4higer Heizkostenverteiler (sind fernablesbar)*<\/td>\n<td width=\"85\">40<\/td>\n<\/tr>\n<tr>\n<td width=\"519\">Funkf\u00e4higer Warmwasserz\u00e4hler *<\/td>\n<td width=\"85\">80 \u2013 200<\/td>\n<\/tr>\n<tr>\n<td width=\"519\">Montage pro Z\u00e4hler durch Fachbetrieb<\/td>\n<td width=\"85\">50 \u2013 150<\/td>\n<\/tr>\n<\/tbody>\n<\/table>\n<p>*: Ger\u00e4tepreis ohne Montage, Eichung, Gateway, Fern\u00fcbertragungsl\u00f6sung<\/p>\n<p>Wer keine Ger\u00e4te anschaffen will, kann auch Z\u00e4hler mieten. Gleichzeitig kann ein Servicevertrag abgeschlossen werden. Hier entstehen j\u00e4hrlich Kosten zwischen 25 und 60 \u20ac pro Wohneinheit und zus\u00e4tzlich zwischen 3 und 8 \u20ac pro Messger\u00e4t.<\/p>\n<h5>Wer muss die Kosten tragen?<\/h5>\n<p>Die Kosten f\u00fcr die Anschaffung der Z\u00e4hler muss der Vermieter tragen. Wird ein Servicevertrag geschlossen, der Ger\u00e4te, Installation, Pflege und Ablesungen umfasst, k\u00f6nnen die Mietkosten im Rahmen der Nebenkostenabrechnung geltend gemacht werden.<\/p>\n<h5>Information des Mieters<\/h5>\n<p>Wenn die Ger\u00e4te installiert und in Betrieb genommen wurden, muss der Mieter monatlich \u00fcber folgende Daten informiert werden.<\/p>\n<ul>\n<li>Energieverbrauch in Kilowattstunden<\/li>\n<li>Verbrauch im Vergleich zum Vormonat<\/li>\n<li>Vergleich mit Vorjahresmonat<\/li>\n<li>Vergleich mit Durchschnittsverbrauch vergleichbarer Haushalte<\/li>\n<\/ul>\n<p>Weitere Angaben sind derzeit noch nicht vorgeschrieben. Der Vermieter kann aber \u201efreiwillig\u201c Angaben zum Kaltwasserverbrauch, zu Kostensch\u00e4tzungen oder zum CO\u2082-Aussto\u00df machen.<\/p>\n<hr \/>\n<h5>Das k\u00f6nnte Sie auch interessieren:<\/h5>\n<p><a href=\"https:\/\/www.buhl.de\/vermieter-web\/heizkostenabrechnung-vorsicht-falle\/\">Heizkostenabrechnung: Vorsicht Falle!<\/a><br \/>\n<a href=\"https:\/\/www.buhl.de\/vermieter-web\/bundesrat-stimmt-neuer-verordnung-zur-heizkostenabrechnung-zu\/\">Bundesrat stimmt neuer Verordnung zur Heizkostenabrechnung zu<br \/>\n<\/a><a href=\"https:\/\/www.buhl.de\/vermieter-web\/waermepumpen-verbrauchsabhaengige-abrechnung-fuer-mehrfamilienhaeuser\/\">W\u00e4rmepumpen: Verbrauchsabh\u00e4ngige Abrechnung f\u00fcr Mehrfamilienh\u00e4user<\/a><\/p>\n<hr \/>\n<p>&nbsp;<\/p>\n","protected":false},"excerpt":{"rendered":"<p>Man sollte nicht bis zur letzten Minute warten \u2013 und sich schon jetzt auf die Umstellung der Z\u00e4hler f\u00fcr Heizung und Warmwasser vorbereiten. Ab 2027 werden in den meisten Mietwohnungen fernablesbare Messger\u00e4te Pflicht. Au\u00dferdem m\u00fcssen die Vermieter zus\u00e4tzliche Informationspflichten erf\u00fcllen. \u00dcbergangsfrist endet 2026 Die Heizkostenverordnung (HKVO) schreibt die fernablesbaren Z\u00e4hler bereits seit vielen Jahren vor. &hellip; <\/p>\n<p class=\"link-more\"><a href=\"https:\/\/www.buhl.de\/vermieter-web\/fernablesbare-zaehler-werden-2027-pflicht\/\" class=\"more-link\"><span class=\"screen-reader-text\">\u201eFernablesbare Z\u00e4hler werden 2027 Pflicht\u201c<\/span> weiterlesen<\/a><\/p>\n","protected":false},"author":15,"featured_media":17595,"comment_status":"closed","ping_status":"open","sticky":false,"template":"","format":"standard","meta":{"footnotes":""},"categories":[1],"tags":[6490,1179,2136,5956],"class_list":["post-17593","post","type-post","status-publish","format-standard","has-post-thumbnail","hentry","category-allgemein","tag-fernablesung","tag-heizung","tag-wasser","tag-zaehler"],"yoast_head":"<!-- This site is optimized with the Yoast SEO Premium plugin v27.0 (Yoast SEO v27.0) - https:\/\/yoast.com\/product\/yoast-seo-premium-wordpress\/ -->\n<title>Z\u00e4hler m\u00fcssen fernablesbar sein<\/title>\n<meta name=\"description\" content=\"Ab 2027 m\u00fcssen Heizungs und Warmwasserversorgungs-Z\u00e4hler fernablesbar sein. Der Mieter muss dann monatlich \u00fcber den Verbrauch informieren.\" \/>\n<meta name=\"robots\" content=\"noindex, nofollow\" \/>\n<meta property=\"og:locale\" content=\"de_DE\" \/>\n<meta property=\"og:type\" content=\"article\" \/>\n<meta property=\"og:title\" content=\"Fernablesbare Z\u00e4hler werden 2027 Pflicht\" \/>\n<meta property=\"og:description\" content=\"Ab 2027 m\u00fcssen Heizungs und Warmwasserversorgungs-Z\u00e4hler fernablesbar sein. Der Mieter muss dann monatlich \u00fcber den Verbrauch informieren.\" \/>\n<meta property=\"og:url\" content=\"https:\/\/www.buhl.de\/vermieter-web\/fernablesbare-zaehler-werden-2027-pflicht\/\" \/>\n<meta property=\"og:site_name\" content=\"Online-Nebenkostenabrechnung mit WISO Vermieter-Web\" \/>\n<meta property=\"article:published_time\" content=\"2026-01-19T09:46:36+00:00\" \/>\n<meta property=\"og:image\" content=\"https:\/\/www.buhl.de\/vermieter-web\/wp-content\/uploads\/sites\/33\/2026\/01\/Sergei-Tolmachev-Heizungszaehler.jpg\" \/>\n\t<meta property=\"og:image:width\" content=\"1063\" \/>\n\t<meta property=\"og:image:height\" content=\"543\" \/>\n\t<meta property=\"og:image:type\" content=\"image\/jpeg\" \/>\n<meta name=\"author\" content=\"Hartmut Fischer\" \/>\n<meta name=\"twitter:card\" content=\"summary_large_image\" \/>\n<meta name=\"twitter:label1\" content=\"Verfasst von\" \/>\n\t<meta name=\"twitter:data1\" content=\"Hartmut Fischer\" \/>\n\t<meta name=\"twitter:label2\" content=\"Gesch\u00e4tzte Lesezeit\" \/>\n\t<meta name=\"twitter:data2\" content=\"3\u00a0Minuten\" \/>\n<script type=\"application\/ld+json\" class=\"yoast-schema-graph\">{\"@context\":\"https:\/\/schema.org\",\"@graph\":[{\"@type\":\"Article\",\"@id\":\"https:\/\/www.buhl.de\/vermieter-web\/fernablesbare-zaehler-werden-2027-pflicht\/#article\",\"isPartOf\":{\"@id\":\"https:\/\/www.buhl.de\/vermieter-web\/fernablesbare-zaehler-werden-2027-pflicht\/\"},\"author\":{\"name\":\"Hartmut Fischer\",\"@id\":\"https:\/\/www.buhl.de\/vermieter-web\/#\/schema\/person\/82903e1cb04eb553382702d503991b4f\"},\"headline\":\"Fernablesbare Z\u00e4hler werden 2027 Pflicht\",\"datePublished\":\"2026-01-19T09:46:36+00:00\",\"mainEntityOfPage\":{\"@id\":\"https:\/\/www.buhl.de\/vermieter-web\/fernablesbare-zaehler-werden-2027-pflicht\/\"},\"wordCount\":373,\"image\":{\"@id\":\"https:\/\/www.buhl.de\/vermieter-web\/fernablesbare-zaehler-werden-2027-pflicht\/#primaryimage\"},\"thumbnailUrl\":\"https:\/\/www.buhl.de\/vermieter-web\/wp-content\/uploads\/sites\/33\/2026\/01\/Sergei-Tolmachev-Heizungszaehler.jpg\",\"keywords\":[\"Fernablesung\",\"Heizung\",\"Wasser\",\"Z\u00e4hler\"],\"inLanguage\":\"de\"},{\"@type\":\"WebPage\",\"@id\":\"https:\/\/www.buhl.de\/vermieter-web\/fernablesbare-zaehler-werden-2027-pflicht\/\",\"url\":\"https:\/\/www.buhl.de\/vermieter-web\/fernablesbare-zaehler-werden-2027-pflicht\/\",\"name\":\"Z\u00e4hler m\u00fcssen fernablesbar sein\",\"isPartOf\":{\"@id\":\"https:\/\/www.buhl.de\/vermieter-web\/#website\"},\"primaryImageOfPage\":{\"@id\":\"https:\/\/www.buhl.de\/vermieter-web\/fernablesbare-zaehler-werden-2027-pflicht\/#primaryimage\"},\"image\":{\"@id\":\"https:\/\/www.buhl.de\/vermieter-web\/fernablesbare-zaehler-werden-2027-pflicht\/#primaryimage\"},\"thumbnailUrl\":\"https:\/\/www.buhl.de\/vermieter-web\/wp-content\/uploads\/sites\/33\/2026\/01\/Sergei-Tolmachev-Heizungszaehler.jpg\",\"datePublished\":\"2026-01-19T09:46:36+00:00\",\"author\":{\"@id\":\"https:\/\/www.buhl.de\/vermieter-web\/#\/schema\/person\/82903e1cb04eb553382702d503991b4f\"},\"description\":\"Ab 2027 m\u00fcssen Heizungs und Warmwasserversorgungs-Z\u00e4hler fernablesbar sein. Der Mieter muss dann monatlich \u00fcber den Verbrauch informieren.\",\"breadcrumb\":{\"@id\":\"https:\/\/www.buhl.de\/vermieter-web\/fernablesbare-zaehler-werden-2027-pflicht\/#breadcrumb\"},\"inLanguage\":\"de\",\"potentialAction\":[{\"@type\":\"ReadAction\",\"target\":[\"https:\/\/www.buhl.de\/vermieter-web\/fernablesbare-zaehler-werden-2027-pflicht\/\"]}]},{\"@type\":\"ImageObject\",\"inLanguage\":\"de\",\"@id\":\"https:\/\/www.buhl.de\/vermieter-web\/fernablesbare-zaehler-werden-2027-pflicht\/#primaryimage\",\"url\":\"https:\/\/www.buhl.de\/vermieter-web\/wp-content\/uploads\/sites\/33\/2026\/01\/Sergei-Tolmachev-Heizungszaehler.jpg\",\"contentUrl\":\"https:\/\/www.buhl.de\/vermieter-web\/wp-content\/uploads\/sites\/33\/2026\/01\/Sergei-Tolmachev-Heizungszaehler.jpg\",\"width\":1063,\"height\":543},{\"@type\":\"BreadcrumbList\",\"@id\":\"https:\/\/www.buhl.de\/vermieter-web\/fernablesbare-zaehler-werden-2027-pflicht\/#breadcrumb\",\"itemListElement\":[{\"@type\":\"ListItem\",\"position\":1,\"name\":\"Startseite\",\"item\":\"https:\/\/www.buhl.de\/vermieter-web\/\"},{\"@type\":\"ListItem\",\"position\":2,\"name\":\"Fernablesbare Z\u00e4hler werden 2027 Pflicht\"}]},{\"@type\":\"WebSite\",\"@id\":\"https:\/\/www.buhl.de\/vermieter-web\/#website\",\"url\":\"https:\/\/www.buhl.de\/vermieter-web\/\",\"name\":\"Online-Nebenkostenabrechnung mit WISO Vermieter-Web\",\"description\":\"\",\"potentialAction\":[{\"@type\":\"SearchAction\",\"target\":{\"@type\":\"EntryPoint\",\"urlTemplate\":\"https:\/\/www.buhl.de\/vermieter-web\/?s={search_term_string}\"},\"query-input\":{\"@type\":\"PropertyValueSpecification\",\"valueRequired\":true,\"valueName\":\"search_term_string\"}}],\"inLanguage\":\"de\"},{\"@type\":\"Person\",\"@id\":\"https:\/\/www.buhl.de\/vermieter-web\/#\/schema\/person\/82903e1cb04eb553382702d503991b4f\",\"name\":\"Hartmut Fischer\"}]}<\/script>\n<!-- \/ Yoast SEO Premium plugin. -->","yoast_head_json":{"title":"Z\u00e4hler m\u00fcssen fernablesbar sein","description":"Ab 2027 m\u00fcssen Heizungs und Warmwasserversorgungs-Z\u00e4hler fernablesbar sein. Der Mieter muss dann monatlich \u00fcber den Verbrauch informieren.","robots":{"index":"noindex","follow":"nofollow"},"og_locale":"de_DE","og_type":"article","og_title":"Fernablesbare Z\u00e4hler werden 2027 Pflicht","og_description":"Ab 2027 m\u00fcssen Heizungs und Warmwasserversorgungs-Z\u00e4hler fernablesbar sein. Der Mieter muss dann monatlich \u00fcber den Verbrauch informieren.","og_url":"https:\/\/www.buhl.de\/vermieter-web\/fernablesbare-zaehler-werden-2027-pflicht\/","og_site_name":"Online-Nebenkostenabrechnung mit WISO Vermieter-Web","article_published_time":"2026-01-19T09:46:36+00:00","og_image":[{"width":1063,"height":543,"url":"https:\/\/www.buhl.de\/vermieter-web\/wp-content\/uploads\/sites\/33\/2026\/01\/Sergei-Tolmachev-Heizungszaehler.jpg","type":"image\/jpeg"}],"author":"Hartmut Fischer","twitter_card":"summary_large_image","twitter_misc":{"Verfasst von":"Hartmut Fischer","Gesch\u00e4tzte Lesezeit":"3\u00a0Minuten"},"schema":{"@context":"https:\/\/schema.org","@graph":[{"@type":"Article","@id":"https:\/\/www.buhl.de\/vermieter-web\/fernablesbare-zaehler-werden-2027-pflicht\/#article","isPartOf":{"@id":"https:\/\/www.buhl.de\/vermieter-web\/fernablesbare-zaehler-werden-2027-pflicht\/"},"author":{"name":"Hartmut Fischer","@id":"https:\/\/www.buhl.de\/vermieter-web\/#\/schema\/person\/82903e1cb04eb553382702d503991b4f"},"headline":"Fernablesbare Z\u00e4hler werden 2027 Pflicht","datePublished":"2026-01-19T09:46:36+00:00","mainEntityOfPage":{"@id":"https:\/\/www.buhl.de\/vermieter-web\/fernablesbare-zaehler-werden-2027-pflicht\/"},"wordCount":373,"image":{"@id":"https:\/\/www.buhl.de\/vermieter-web\/fernablesbare-zaehler-werden-2027-pflicht\/#primaryimage"},"thumbnailUrl":"https:\/\/www.buhl.de\/vermieter-web\/wp-content\/uploads\/sites\/33\/2026\/01\/Sergei-Tolmachev-Heizungszaehler.jpg","keywords":["Fernablesung","Heizung","Wasser","Z\u00e4hler"],"inLanguage":"de"},{"@type":"WebPage","@id":"https:\/\/www.buhl.de\/vermieter-web\/fernablesbare-zaehler-werden-2027-pflicht\/","url":"https:\/\/www.buhl.de\/vermieter-web\/fernablesbare-zaehler-werden-2027-pflicht\/","name":"Z\u00e4hler m\u00fcssen fernablesbar sein","isPartOf":{"@id":"https:\/\/www.buhl.de\/vermieter-web\/#website"},"primaryImageOfPage":{"@id":"https:\/\/www.buhl.de\/vermieter-web\/fernablesbare-zaehler-werden-2027-pflicht\/#primaryimage"},"image":{"@id":"https:\/\/www.buhl.de\/vermieter-web\/fernablesbare-zaehler-werden-2027-pflicht\/#primaryimage"},"thumbnailUrl":"https:\/\/www.buhl.de\/vermieter-web\/wp-content\/uploads\/sites\/33\/2026\/01\/Sergei-Tolmachev-Heizungszaehler.jpg","datePublished":"2026-01-19T09:46:36+00:00","author":{"@id":"https:\/\/www.buhl.de\/vermieter-web\/#\/schema\/person\/82903e1cb04eb553382702d503991b4f"},"description":"Ab 2027 m\u00fcssen Heizungs und Warmwasserversorgungs-Z\u00e4hler fernablesbar sein. Der Mieter muss dann monatlich \u00fcber den Verbrauch informieren.","breadcrumb":{"@id":"https:\/\/www.buhl.de\/vermieter-web\/fernablesbare-zaehler-werden-2027-pflicht\/#breadcrumb"},"inLanguage":"de","potentialAction":[{"@type":"ReadAction","target":["https:\/\/www.buhl.de\/vermieter-web\/fernablesbare-zaehler-werden-2027-pflicht\/"]}]},{"@type":"ImageObject","inLanguage":"de","@id":"https:\/\/www.buhl.de\/vermieter-web\/fernablesbare-zaehler-werden-2027-pflicht\/#primaryimage","url":"https:\/\/www.buhl.de\/vermieter-web\/wp-content\/uploads\/sites\/33\/2026\/01\/Sergei-Tolmachev-Heizungszaehler.jpg","contentUrl":"https:\/\/www.buhl.de\/vermieter-web\/wp-content\/uploads\/sites\/33\/2026\/01\/Sergei-Tolmachev-Heizungszaehler.jpg","width":1063,"height":543},{"@type":"BreadcrumbList","@id":"https:\/\/www.buhl.de\/vermieter-web\/fernablesbare-zaehler-werden-2027-pflicht\/#breadcrumb","itemListElement":[{"@type":"ListItem","position":1,"name":"Startseite","item":"https:\/\/www.buhl.de\/vermieter-web\/"},{"@type":"ListItem","position":2,"name":"Fernablesbare Z\u00e4hler werden 2027 Pflicht"}]},{"@type":"WebSite","@id":"https:\/\/www.buhl.de\/vermieter-web\/#website","url":"https:\/\/www.buhl.de\/vermieter-web\/","name":"Online-Nebenkostenabrechnung mit WISO Vermieter-Web","description":"","potentialAction":[{"@type":"SearchAction","target":{"@type":"EntryPoint","urlTemplate":"https:\/\/www.buhl.de\/vermieter-web\/?s={search_term_string}"},"query-input":{"@type":"PropertyValueSpecification","valueRequired":true,"valueName":"search_term_string"}}],"inLanguage":"de"},{"@type":"Person","@id":"https:\/\/www.buhl.de\/vermieter-web\/#\/schema\/person\/82903e1cb04eb553382702d503991b4f","name":"Hartmut Fischer"}]}},"_links":{"self":[{"href":"https:\/\/www.buhl.de\/vermieter-web\/wp-json\/wp\/v2\/posts\/17593","targetHints":{"allow":["GET"]}}],"collection":[{"href":"https:\/\/www.buhl.de\/vermieter-web\/wp-json\/wp\/v2\/posts"}],"about":[{"href":"https:\/\/www.buhl.de\/vermieter-web\/wp-json\/wp\/v2\/types\/post"}],"author":[{"embeddable":true,"href":"https:\/\/www.buhl.de\/vermieter-web\/wp-json\/wp\/v2\/users\/15"}],"replies":[{"embeddable":true,"href":"https:\/\/www.buhl.de\/vermieter-web\/wp-json\/wp\/v2\/comments?post=17593"}],"version-history":[{"count":1,"href":"https:\/\/www.buhl.de\/vermieter-web\/wp-json\/wp\/v2\/posts\/17593\/revisions"}],"predecessor-version":[{"id":17596,"href":"https:\/\/www.buhl.de\/vermieter-web\/wp-json\/wp\/v2\/posts\/17593\/revisions\/17596"}],"wp:featuredmedia":[{"embeddable":true,"href":"https:\/\/www.buhl.de\/vermieter-web\/wp-json\/wp\/v2\/media\/17595"}],"wp:attachment":[{"href":"https:\/\/www.buhl.de\/vermieter-web\/wp-json\/wp\/v2\/media?parent=17593"}],"wp:term":[{"taxonomy":"category","embeddable":true,"href":"https:\/\/www.buhl.de\/vermieter-web\/wp-json\/wp\/v2\/categories?post=17593"},{"taxonomy":"post_tag","embeddable":true,"href":"https:\/\/www.buhl.de\/vermieter-web\/wp-json\/wp\/v2\/tags?post=17593"}],"curies":[{"name":"wp","href":"https:\/\/api.w.org\/{rel}","templated":true}]}}