{"id":17602,"date":"2026-01-23T16:44:54","date_gmt":"2026-01-23T15:44:54","guid":{"rendered":"https:\/\/www.buhl.de\/vermieter-web\/?p=17602"},"modified":"2026-01-23T16:44:54","modified_gmt":"2026-01-23T15:44:54","slug":"modernisierung-bei-bestandsbauten","status":"publish","type":"post","link":"https:\/\/www.buhl.de\/vermieter-web\/modernisierung-bei-bestandsbauten\/","title":{"rendered":"Modernisierung bei Bestandsbauten"},"content":{"rendered":"<p><strong>F\u00fcr eine LBS-Studie zu Fragen der Modernisierung wurden durch das D\u00fcsseldorfer Marktforschungsinstitut feedbaxx 2.146 Eigent\u00fcmer, 302 Vermieter sowie 850 Mieter zu Immobilienzustand und Sanierungspl\u00e4nen befragt. Die Befragung ergab, dass fast zwei Drittel der Selbstnutzer und Vermieter den Modernisierungsbedarf ihrer Wohnimmobilie als mittel bis sehr hoch einsch\u00e4tzen. Je \u00e4lter sie werden, desto weniger motiviert sind sie allerdings, anstehende Ma\u00dfnahmen auch wirklich umzusetzen.\u00a0<\/strong><\/p>\n<h5>\u00dcber 70: wenig Interesse an\u00a0 Modernisierung<\/h5>\n<p>Konkret planen 46 Prozent der befragten Eigent\u00fcmer und 48 Prozent der Vermieter in den kommenden drei Jahren eine Modernisierung. Bei den unter 50-J\u00e4hrigen sind es deutlich mehr als die H\u00e4lfte, ab 60 Jahren gut ein Drittel, jenseits der 70 Jahre bleibt gerade noch ein Viertel.<img loading=\"lazy\" decoding=\"async\" class=\" wp-image-17604 alignleft\" src=\"https:\/\/www.buhl.de\/vermieter-web\/wp-content\/uploads\/sites\/33\/2026\/01\/Modernisiererstudie-300x209.jpg\" alt=\"\" width=\"711\" height=\"496\" srcset=\"https:\/\/www.buhl.de\/vermieter-web\/wp-content\/uploads\/sites\/33\/2026\/01\/Modernisiererstudie-300x209.jpg 300w, https:\/\/www.buhl.de\/vermieter-web\/wp-content\/uploads\/sites\/33\/2026\/01\/Modernisiererstudie-1024x713.jpg 1024w, https:\/\/www.buhl.de\/vermieter-web\/wp-content\/uploads\/sites\/33\/2026\/01\/Modernisiererstudie-768x535.jpg 768w, https:\/\/www.buhl.de\/vermieter-web\/wp-content\/uploads\/sites\/33\/2026\/01\/Modernisiererstudie.jpg 1185w\" sizes=\"auto, (max-width: 711px) 100vw, 711px\" \/><\/p>\n<h5>Modernisierung nach Immobilienkauf<\/h5>\n<p>Umfassende Sanierungen und Modernisierungen finden in der Regel beim Immobilienkauf statt. Erstk\u00e4ufer um die 40 Jahre sind aber durch die hohen Preise und wenig Eigenkapital ohnehin stark belastet. Das gro\u00dfe Angebot an F\u00f6rderprogrammen m\u00fcsse deshalb nach Meinung der Betroffenen deutlich vereinfacht und transparenter werden. Drei von f\u00fcnf Befragten meinen deshalb, dass der Immobilienbestand gegen\u00fcber dem Neubau in der F\u00f6rderung benachteiligt wird.<\/p>\n<p>Das gilt auch f\u00fcr die oftmals \u00e4lteren privaten Vermieter. Bei Modernisierungskosten ab 50 000 Euro denkt ein Viertel von ihnen derzeit eher an den Verkauf, statt zu modernisieren.<\/p>\n<h5>Motive der Modernisierung<\/h5>\n<p>Die grunds\u00e4tzlich positive Einstellung der Besitzer zu ihrer Immobilie zeigen die Motive derjenigen, die eine Modernisierung fest einplanen. Hauptgr\u00fcnde sind die Verbesserung des Wohnwerts, die Senkung der Energiekosten und der Erhalt des Immobilienwerts.<\/p>\n<hr \/>\n<h5>Das k\u00f6nnte Sie auch interessieren:<\/h5>\n<p><a href=\"https:\/\/www.buhl.de\/vermieter-web\/modernisierungsumlage-sie-muessen-nicht-alle-kosten-tragen\/\">Modernisierungsumlage: Sie m\u00fcssen nicht alle Kosten tragen<\/a><br \/>\n<a href=\"https:\/\/www.buhl.de\/vermieter-web\/modernisierungsmassnahmen-fristen-unbedingt-beachten\/\">Modernisierungsma\u00dfnahmen: Fristen unbedingt beachten<\/a><br \/>\n<a href=\"https:\/\/www.buhl.de\/vermieter-web\/energetische-modernisierung-wann-ist-mieterhoehung-zulaessig\/\">Energetische Modernisierung: Wann ist Mieterh\u00f6hung zul\u00e4ssig<\/a><\/p>\n<hr \/>\n<p>&nbsp;<\/p>\n","protected":false},"excerpt":{"rendered":"<p>F\u00fcr eine LBS-Studie zu Fragen der Modernisierung wurden durch das D\u00fcsseldorfer Marktforschungsinstitut feedbaxx 2.146 Eigent\u00fcmer, 302 Vermieter sowie 850 Mieter zu Immobilienzustand und Sanierungspl\u00e4nen befragt. Die Befragung ergab, dass fast zwei Drittel der Selbstnutzer und Vermieter den Modernisierungsbedarf ihrer Wohnimmobilie als mittel bis sehr hoch einsch\u00e4tzen. Je \u00e4lter sie werden, desto weniger motiviert sind sie &hellip; <\/p>\n<p class=\"link-more\"><a href=\"https:\/\/www.buhl.de\/vermieter-web\/modernisierung-bei-bestandsbauten\/\" class=\"more-link\"><span class=\"screen-reader-text\">\u201eModernisierung bei Bestandsbauten\u201c<\/span> weiterlesen<\/a><\/p>\n","protected":false},"author":15,"featured_media":17607,"comment_status":"closed","ping_status":"open","sticky":false,"template":"","format":"standard","meta":{"footnotes":""},"categories":[1],"tags":[6493,6492],"class_list":["post-17602","post","type-post","status-publish","format-standard","has-post-thumbnail","hentry","category-allgemein","tag-bestandsbau","tag-modeernisierung"],"yoast_head":"<!-- This site is optimized with the Yoast SEO Premium plugin v27.0 (Yoast SEO v27.0) - https:\/\/yoast.com\/product\/yoast-seo-premium-wordpress\/ -->\n<title>Modernisierung bei Bestandsbauten - Online-Nebenkostenabrechnung mit WISO Vermieter-Web<\/title>\n<meta name=\"robots\" content=\"noindex, nofollow\" \/>\n<meta property=\"og:locale\" content=\"de_DE\" \/>\n<meta property=\"og:type\" content=\"article\" \/>\n<meta property=\"og:title\" content=\"Modernisierung bei Bestandsbauten\" \/>\n<meta property=\"og:description\" content=\"F\u00fcr eine LBS-Studie zu Fragen der Modernisierung wurden durch das D\u00fcsseldorfer Marktforschungsinstitut feedbaxx 2.146 Eigent\u00fcmer, 302 Vermieter sowie 850 Mieter zu Immobilienzustand und Sanierungspl\u00e4nen befragt. Die Befragung ergab, dass fast zwei Drittel der Selbstnutzer und Vermieter den Modernisierungsbedarf ihrer Wohnimmobilie als mittel bis sehr hoch einsch\u00e4tzen. Je \u00e4lter sie werden, desto weniger motiviert sind sie &hellip; \u201eModernisierung bei Bestandsbauten\u201c weiterlesen\" \/>\n<meta property=\"og:url\" content=\"https:\/\/www.buhl.de\/vermieter-web\/modernisierung-bei-bestandsbauten\/\" \/>\n<meta property=\"og:site_name\" content=\"Online-Nebenkostenabrechnung mit WISO Vermieter-Web\" \/>\n<meta property=\"article:published_time\" content=\"2026-01-23T15:44:54+00:00\" \/>\n<meta property=\"og:image\" content=\"https:\/\/www.buhl.de\/vermieter-web\/wp-content\/uploads\/sites\/33\/2026\/01\/Generative-AI-Modernisierung.jpg\" \/>\n\t<meta property=\"og:image:width\" content=\"1063\" \/>\n\t<meta property=\"og:image:height\" content=\"543\" \/>\n\t<meta property=\"og:image:type\" content=\"image\/jpeg\" \/>\n<meta name=\"author\" content=\"Hartmut Fischer\" \/>\n<meta name=\"twitter:card\" content=\"summary_large_image\" \/>\n<meta name=\"twitter:label1\" content=\"Verfasst von\" \/>\n\t<meta name=\"twitter:data1\" content=\"Hartmut Fischer\" \/>\n\t<meta name=\"twitter:label2\" content=\"Gesch\u00e4tzte Lesezeit\" \/>\n\t<meta name=\"twitter:data2\" content=\"2\u00a0Minuten\" \/>\n<script type=\"application\/ld+json\" class=\"yoast-schema-graph\">{\"@context\":\"https:\/\/schema.org\",\"@graph\":[{\"@type\":\"Article\",\"@id\":\"https:\/\/www.buhl.de\/vermieter-web\/modernisierung-bei-bestandsbauten\/#article\",\"isPartOf\":{\"@id\":\"https:\/\/www.buhl.de\/vermieter-web\/modernisierung-bei-bestandsbauten\/\"},\"author\":{\"name\":\"Hartmut Fischer\",\"@id\":\"https:\/\/www.buhl.de\/vermieter-web\/#\/schema\/person\/82903e1cb04eb553382702d503991b4f\"},\"headline\":\"Modernisierung bei Bestandsbauten\",\"datePublished\":\"2026-01-23T15:44:54+00:00\",\"mainEntityOfPage\":{\"@id\":\"https:\/\/www.buhl.de\/vermieter-web\/modernisierung-bei-bestandsbauten\/\"},\"wordCount\":279,\"image\":{\"@id\":\"https:\/\/www.buhl.de\/vermieter-web\/modernisierung-bei-bestandsbauten\/#primaryimage\"},\"thumbnailUrl\":\"https:\/\/www.buhl.de\/vermieter-web\/wp-content\/uploads\/sites\/33\/2026\/01\/Generative-AI-Modernisierung.jpg\",\"keywords\":[\"Bestandsbau\",\"Modeernisierung\"],\"inLanguage\":\"de\"},{\"@type\":\"WebPage\",\"@id\":\"https:\/\/www.buhl.de\/vermieter-web\/modernisierung-bei-bestandsbauten\/\",\"url\":\"https:\/\/www.buhl.de\/vermieter-web\/modernisierung-bei-bestandsbauten\/\",\"name\":\"Modernisierung bei Bestandsbauten - Online-Nebenkostenabrechnung mit WISO Vermieter-Web\",\"isPartOf\":{\"@id\":\"https:\/\/www.buhl.de\/vermieter-web\/#website\"},\"primaryImageOfPage\":{\"@id\":\"https:\/\/www.buhl.de\/vermieter-web\/modernisierung-bei-bestandsbauten\/#primaryimage\"},\"image\":{\"@id\":\"https:\/\/www.buhl.de\/vermieter-web\/modernisierung-bei-bestandsbauten\/#primaryimage\"},\"thumbnailUrl\":\"https:\/\/www.buhl.de\/vermieter-web\/wp-content\/uploads\/sites\/33\/2026\/01\/Generative-AI-Modernisierung.jpg\",\"datePublished\":\"2026-01-23T15:44:54+00:00\",\"author\":{\"@id\":\"https:\/\/www.buhl.de\/vermieter-web\/#\/schema\/person\/82903e1cb04eb553382702d503991b4f\"},\"breadcrumb\":{\"@id\":\"https:\/\/www.buhl.de\/vermieter-web\/modernisierung-bei-bestandsbauten\/#breadcrumb\"},\"inLanguage\":\"de\",\"potentialAction\":[{\"@type\":\"ReadAction\",\"target\":[\"https:\/\/www.buhl.de\/vermieter-web\/modernisierung-bei-bestandsbauten\/\"]}]},{\"@type\":\"ImageObject\",\"inLanguage\":\"de\",\"@id\":\"https:\/\/www.buhl.de\/vermieter-web\/modernisierung-bei-bestandsbauten\/#primaryimage\",\"url\":\"https:\/\/www.buhl.de\/vermieter-web\/wp-content\/uploads\/sites\/33\/2026\/01\/Generative-AI-Modernisierung.jpg\",\"contentUrl\":\"https:\/\/www.buhl.de\/vermieter-web\/wp-content\/uploads\/sites\/33\/2026\/01\/Generative-AI-Modernisierung.jpg\",\"width\":1063,\"height\":543},{\"@type\":\"BreadcrumbList\",\"@id\":\"https:\/\/www.buhl.de\/vermieter-web\/modernisierung-bei-bestandsbauten\/#breadcrumb\",\"itemListElement\":[{\"@type\":\"ListItem\",\"position\":1,\"name\":\"Startseite\",\"item\":\"https:\/\/www.buhl.de\/vermieter-web\/\"},{\"@type\":\"ListItem\",\"position\":2,\"name\":\"Modernisierung bei Bestandsbauten\"}]},{\"@type\":\"WebSite\",\"@id\":\"https:\/\/www.buhl.de\/vermieter-web\/#website\",\"url\":\"https:\/\/www.buhl.de\/vermieter-web\/\",\"name\":\"Online-Nebenkostenabrechnung mit WISO Vermieter-Web\",\"description\":\"\",\"potentialAction\":[{\"@type\":\"SearchAction\",\"target\":{\"@type\":\"EntryPoint\",\"urlTemplate\":\"https:\/\/www.buhl.de\/vermieter-web\/?s={search_term_string}\"},\"query-input\":{\"@type\":\"PropertyValueSpecification\",\"valueRequired\":true,\"valueName\":\"search_term_string\"}}],\"inLanguage\":\"de\"},{\"@type\":\"Person\",\"@id\":\"https:\/\/www.buhl.de\/vermieter-web\/#\/schema\/person\/82903e1cb04eb553382702d503991b4f\",\"name\":\"Hartmut Fischer\"}]}<\/script>\n<!-- \/ Yoast SEO Premium plugin. -->","yoast_head_json":{"title":"Modernisierung bei Bestandsbauten - Online-Nebenkostenabrechnung mit WISO Vermieter-Web","robots":{"index":"noindex","follow":"nofollow"},"og_locale":"de_DE","og_type":"article","og_title":"Modernisierung bei Bestandsbauten","og_description":"F\u00fcr eine LBS-Studie zu Fragen der Modernisierung wurden durch das D\u00fcsseldorfer Marktforschungsinstitut feedbaxx 2.146 Eigent\u00fcmer, 302 Vermieter sowie 850 Mieter zu Immobilienzustand und Sanierungspl\u00e4nen befragt. Die Befragung ergab, dass fast zwei Drittel der Selbstnutzer und Vermieter den Modernisierungsbedarf ihrer Wohnimmobilie als mittel bis sehr hoch einsch\u00e4tzen. Je \u00e4lter sie werden, desto weniger motiviert sind sie &hellip; \u201eModernisierung bei Bestandsbauten\u201c weiterlesen","og_url":"https:\/\/www.buhl.de\/vermieter-web\/modernisierung-bei-bestandsbauten\/","og_site_name":"Online-Nebenkostenabrechnung mit WISO Vermieter-Web","article_published_time":"2026-01-23T15:44:54+00:00","og_image":[{"width":1063,"height":543,"url":"https:\/\/www.buhl.de\/vermieter-web\/wp-content\/uploads\/sites\/33\/2026\/01\/Generative-AI-Modernisierung.jpg","type":"image\/jpeg"}],"author":"Hartmut Fischer","twitter_card":"summary_large_image","twitter_misc":{"Verfasst von":"Hartmut Fischer","Gesch\u00e4tzte Lesezeit":"2\u00a0Minuten"},"schema":{"@context":"https:\/\/schema.org","@graph":[{"@type":"Article","@id":"https:\/\/www.buhl.de\/vermieter-web\/modernisierung-bei-bestandsbauten\/#article","isPartOf":{"@id":"https:\/\/www.buhl.de\/vermieter-web\/modernisierung-bei-bestandsbauten\/"},"author":{"name":"Hartmut Fischer","@id":"https:\/\/www.buhl.de\/vermieter-web\/#\/schema\/person\/82903e1cb04eb553382702d503991b4f"},"headline":"Modernisierung bei Bestandsbauten","datePublished":"2026-01-23T15:44:54+00:00","mainEntityOfPage":{"@id":"https:\/\/www.buhl.de\/vermieter-web\/modernisierung-bei-bestandsbauten\/"},"wordCount":279,"image":{"@id":"https:\/\/www.buhl.de\/vermieter-web\/modernisierung-bei-bestandsbauten\/#primaryimage"},"thumbnailUrl":"https:\/\/www.buhl.de\/vermieter-web\/wp-content\/uploads\/sites\/33\/2026\/01\/Generative-AI-Modernisierung.jpg","keywords":["Bestandsbau","Modeernisierung"],"inLanguage":"de"},{"@type":"WebPage","@id":"https:\/\/www.buhl.de\/vermieter-web\/modernisierung-bei-bestandsbauten\/","url":"https:\/\/www.buhl.de\/vermieter-web\/modernisierung-bei-bestandsbauten\/","name":"Modernisierung bei Bestandsbauten - Online-Nebenkostenabrechnung mit WISO Vermieter-Web","isPartOf":{"@id":"https:\/\/www.buhl.de\/vermieter-web\/#website"},"primaryImageOfPage":{"@id":"https:\/\/www.buhl.de\/vermieter-web\/modernisierung-bei-bestandsbauten\/#primaryimage"},"image":{"@id":"https:\/\/www.buhl.de\/vermieter-web\/modernisierung-bei-bestandsbauten\/#primaryimage"},"thumbnailUrl":"https:\/\/www.buhl.de\/vermieter-web\/wp-content\/uploads\/sites\/33\/2026\/01\/Generative-AI-Modernisierung.jpg","datePublished":"2026-01-23T15:44:54+00:00","author":{"@id":"https:\/\/www.buhl.de\/vermieter-web\/#\/schema\/person\/82903e1cb04eb553382702d503991b4f"},"breadcrumb":{"@id":"https:\/\/www.buhl.de\/vermieter-web\/modernisierung-bei-bestandsbauten\/#breadcrumb"},"inLanguage":"de","potentialAction":[{"@type":"ReadAction","target":["https:\/\/www.buhl.de\/vermieter-web\/modernisierung-bei-bestandsbauten\/"]}]},{"@type":"ImageObject","inLanguage":"de","@id":"https:\/\/www.buhl.de\/vermieter-web\/modernisierung-bei-bestandsbauten\/#primaryimage","url":"https:\/\/www.buhl.de\/vermieter-web\/wp-content\/uploads\/sites\/33\/2026\/01\/Generative-AI-Modernisierung.jpg","contentUrl":"https:\/\/www.buhl.de\/vermieter-web\/wp-content\/uploads\/sites\/33\/2026\/01\/Generative-AI-Modernisierung.jpg","width":1063,"height":543},{"@type":"BreadcrumbList","@id":"https:\/\/www.buhl.de\/vermieter-web\/modernisierung-bei-bestandsbauten\/#breadcrumb","itemListElement":[{"@type":"ListItem","position":1,"name":"Startseite","item":"https:\/\/www.buhl.de\/vermieter-web\/"},{"@type":"ListItem","position":2,"name":"Modernisierung bei Bestandsbauten"}]},{"@type":"WebSite","@id":"https:\/\/www.buhl.de\/vermieter-web\/#website","url":"https:\/\/www.buhl.de\/vermieter-web\/","name":"Online-Nebenkostenabrechnung mit WISO Vermieter-Web","description":"","potentialAction":[{"@type":"SearchAction","target":{"@type":"EntryPoint","urlTemplate":"https:\/\/www.buhl.de\/vermieter-web\/?s={search_term_string}"},"query-input":{"@type":"PropertyValueSpecification","valueRequired":true,"valueName":"search_term_string"}}],"inLanguage":"de"},{"@type":"Person","@id":"https:\/\/www.buhl.de\/vermieter-web\/#\/schema\/person\/82903e1cb04eb553382702d503991b4f","name":"Hartmut Fischer"}]}},"_links":{"self":[{"href":"https:\/\/www.buhl.de\/vermieter-web\/wp-json\/wp\/v2\/posts\/17602","targetHints":{"allow":["GET"]}}],"collection":[{"href":"https:\/\/www.buhl.de\/vermieter-web\/wp-json\/wp\/v2\/posts"}],"about":[{"href":"https:\/\/www.buhl.de\/vermieter-web\/wp-json\/wp\/v2\/types\/post"}],"author":[{"embeddable":true,"href":"https:\/\/www.buhl.de\/vermieter-web\/wp-json\/wp\/v2\/users\/15"}],"replies":[{"embeddable":true,"href":"https:\/\/www.buhl.de\/vermieter-web\/wp-json\/wp\/v2\/comments?post=17602"}],"version-history":[{"count":3,"href":"https:\/\/www.buhl.de\/vermieter-web\/wp-json\/wp\/v2\/posts\/17602\/revisions"}],"predecessor-version":[{"id":17608,"href":"https:\/\/www.buhl.de\/vermieter-web\/wp-json\/wp\/v2\/posts\/17602\/revisions\/17608"}],"wp:featuredmedia":[{"embeddable":true,"href":"https:\/\/www.buhl.de\/vermieter-web\/wp-json\/wp\/v2\/media\/17607"}],"wp:attachment":[{"href":"https:\/\/www.buhl.de\/vermieter-web\/wp-json\/wp\/v2\/media?parent=17602"}],"wp:term":[{"taxonomy":"category","embeddable":true,"href":"https:\/\/www.buhl.de\/vermieter-web\/wp-json\/wp\/v2\/categories?post=17602"},{"taxonomy":"post_tag","embeddable":true,"href":"https:\/\/www.buhl.de\/vermieter-web\/wp-json\/wp\/v2\/tags?post=17602"}],"curies":[{"name":"wp","href":"https:\/\/api.w.org\/{rel}","templated":true}]}}