{"id":17703,"date":"2026-03-15T11:13:44","date_gmt":"2026-03-15T10:13:44","guid":{"rendered":"https:\/\/www.buhl.de\/vermieter-web\/?p=17703"},"modified":"2026-03-15T11:13:44","modified_gmt":"2026-03-15T10:13:44","slug":"mediation-bevor-man-das-gericht-bemueht","status":"publish","type":"post","link":"https:\/\/www.buhl.de\/vermieter-web\/mediation-bevor-man-das-gericht-bemueht\/","title":{"rendered":"Mediation\u00a0\u2013\u00a0bevor man das Gericht bem\u00fcht"},"content":{"rendered":"<p>Zwischen den Mietparteien kommt es immer wieder zu Streitigkeiten \u00fcber Mietzahlungen, Betriebskosten, Modernisierungen, Vertragsauslegung usw. Doch ein Gerichtsverfahren kostet Zeit und Geld und belastet das Mietverh\u00e4ltnis. Darum lohnt es sich, in Konfliktsituationen \u00fcber eine Mediation nachzudenken.<\/p>\n<h5>Was ist eine Mediation?<\/h5>\n<p>Die Mediation ist eine M\u00f6glichkeit der au\u00dfergerichtlichen Konfliktl\u00f6sung. Sie ist ein strukturiertes Verfahren, bei dem eine neutrale Person (der Mediator) die Parteien unterst\u00fctzt, selbst eine einvernehmliche L\u00f6sung zu entwickeln. Der Mediator trifft keine Entscheidungen und vertritt keine der Parteien. Seine Aufgabe besteht darin, das Gespr\u00e4ch zu moderieren, den Austausch zu strukturieren und den Beteiligten zu helfen, ihre Interessen und m\u00f6glichen L\u00f6sungswege klar herauszuarbeiten.<\/p>\n<h5>Voraussetzungen<\/h5>\n<p>Die Mediation setzt voraus, dass beide Seiten freiwillig an dem Verfahren teilnehmen und grunds\u00e4tzlich bereit sind, nach einer gemeinsamen L\u00f6sung zu suchen. Typische Grundprinzipien der Mediation sind Freiwilligkeit, Neutralit\u00e4t des Mediators, Eigenverantwortung der Parteien sowie Vertraulichkeit des Verfahrens. Die Parteien behalten jederzeit die Kontrolle \u00fcber das Ergebnis und k\u00f6nnen das Verfahren auch jederzeit beenden.<\/p>\n<h5>Ablauf der Mediation<\/h5>\n<p>Im Rahmen der Mediation schildern zun\u00e4chst beide Parteien ihre Sichtweise des Konflikts. Anschlie\u00dfend werden die zentralen Streitpunkte gesammelt und strukturiert bearbeitet. Auf dieser Grundlage entwickeln die Parteien \u2013 unterst\u00fctzt durch den Mediator \u2013 m\u00f6gliche L\u00f6sungsoptionen. Ziel ist eine Vereinbarung, die f\u00fcr beide Seiten tragf\u00e4hig ist und das zuk\u00fcnftige Zusammenleben m\u00f6glichst wenig belastet.<\/p>\n<p>Kommt im Rahmen der Mediation eine Einigung zustande, wird diese \u00fcblicherweise schriftlich festgehalten. Damit sie rechtlich verbindlich wird, kann sie als Vertrag beschlossen werden. Eventuell wird die Einigung auch notariell beurkundet.<\/p>\n<h5>Auswahl eines Mediators<\/h5>\n<p>Bei der Auswahl eines Mediators sollten die Parteien auf Qualifikation und Erfahrung achten. In Deutschland gibt es die Bezeichnung \u201ezertifizierter Mediator\u201c. Diese setzt eine spezielle Ausbildung sowie regelm\u00e4\u00dfige Fortbildungen voraus.<\/p>\n<h5>Warum eine Mediation sinnvoll ist<\/h5>\n<p>Eine Mediation kann h\u00e4ufig schneller durchgef\u00fchrt werden als ein Gerichtsverfahren. In der Regel sind Mediationen kosteng\u00fcnstiger als ein Prozess. Darum werden diese Kosten auch h\u00e4ufig von Rechtsschutzversicherungen ganz oder teilweise \u00fcbernommen.<\/p>\n<hr \/>\n<h5>Das k\u00f6nnte Sie auch interessieren:<\/h5>\n<p><a href=\"https:\/\/www.buhl.de\/vermieter-web\/abfall-muss-grundstueckseigentuemer-beseitigen\/\">Wer muss Abfall beseitigen?<\/a><br \/>\n<a href=\"https:\/\/www.buhl.de\/vermieter-web\/bundesverfassungsgericht-zwangsraeumung-bei-hochschwangerer-frau\/\">Bundesverfassungsgericht: Zwangsr\u00e4umung bei hochschwangerer Frau<\/a><\/p>\n","protected":false},"excerpt":{"rendered":"<p>Zwischen den Mietparteien kommt es immer wieder zu Streitigkeiten \u00fcber Mietzahlungen, Betriebskosten, Modernisierungen, Vertragsauslegung usw. Doch ein Gerichtsverfahren kostet Zeit und Geld und belastet das Mietverh\u00e4ltnis. Darum lohnt es sich, in Konfliktsituationen \u00fcber eine Mediation nachzudenken. Was ist eine Mediation? Die Mediation ist eine M\u00f6glichkeit der au\u00dfergerichtlichen Konfliktl\u00f6sung. Sie ist ein strukturiertes Verfahren, bei dem &hellip; <\/p>\n<p class=\"link-more\"><a href=\"https:\/\/www.buhl.de\/vermieter-web\/mediation-bevor-man-das-gericht-bemueht\/\" class=\"more-link\"><span class=\"screen-reader-text\">\u201eMediation\u00a0\u2013\u00a0bevor man das Gericht bem\u00fcht\u201c<\/span> weiterlesen<\/a><\/p>\n","protected":false},"author":15,"featured_media":17502,"comment_status":"closed","ping_status":"open","sticky":false,"template":"","format":"standard","meta":{"footnotes":""},"categories":[1],"tags":[6520,6521],"class_list":["post-17703","post","type-post","status-publish","format-standard","has-post-thumbnail","hentry","category-allgemein","tag-mediation","tag-streitigkeiten"],"yoast_head":"<!-- This site is optimized with the Yoast SEO Premium plugin v27.4 (Yoast SEO v27.5) - https:\/\/yoast.com\/product\/yoast-seo-premium-wordpress\/ -->\n<title>Mediation\u00a0\u2013\u00a0bevor man das Gericht bem\u00fcht<\/title>\n<meta name=\"description\" content=\"Die Mediation stellt eine kosteng\u00fcnstige Alternative zu Gerichtsverfahren dar, wenn es zu Streitigkeiten zwischen den Mietparteien kommt.\" \/>\n<meta name=\"robots\" content=\"noindex, nofollow\" \/>\n<meta property=\"og:locale\" content=\"de_DE\" \/>\n<meta property=\"og:type\" content=\"article\" \/>\n<meta property=\"og:title\" content=\"Mediation\u00a0\u2013\u00a0bevor man das Gericht bem\u00fcht\" \/>\n<meta property=\"og:description\" content=\"Die Mediation stellt eine kosteng\u00fcnstige Alternative zu Gerichtsverfahren dar, wenn es zu Streitigkeiten zwischen den Mietparteien kommt.\" \/>\n<meta property=\"og:url\" content=\"https:\/\/www.buhl.de\/vermieter-web\/mediation-bevor-man-das-gericht-bemueht\/\" \/>\n<meta property=\"og:site_name\" content=\"Online-Nebenkostenabrechnung mit WISO Vermieter-Web\" \/>\n<meta property=\"article:published_time\" content=\"2026-03-15T10:13:44+00:00\" \/>\n<meta property=\"og:image\" content=\"https:\/\/www.buhl.de\/vermieter-web\/wp-content\/uploads\/sites\/33\/2025\/12\/Benis-Arapovic-Besprechung.jpg\" \/>\n\t<meta property=\"og:image:width\" content=\"1063\" \/>\n\t<meta property=\"og:image:height\" content=\"543\" \/>\n\t<meta property=\"og:image:type\" content=\"image\/jpeg\" \/>\n<meta name=\"author\" content=\"Hartmut Fischer\" \/>\n<meta name=\"twitter:card\" content=\"summary_large_image\" \/>\n<meta name=\"twitter:label1\" content=\"Verfasst von\" \/>\n\t<meta name=\"twitter:data1\" content=\"Hartmut Fischer\" \/>\n\t<meta name=\"twitter:label2\" content=\"Gesch\u00e4tzte Lesezeit\" \/>\n\t<meta name=\"twitter:data2\" content=\"3\u00a0Minuten\" \/>\n<script type=\"application\/ld+json\" class=\"yoast-schema-graph\">{\"@context\":\"https:\\\/\\\/schema.org\",\"@graph\":[{\"@type\":\"Article\",\"@id\":\"https:\\\/\\\/www.buhl.de\\\/vermieter-web\\\/mediation-bevor-man-das-gericht-bemueht\\\/#article\",\"isPartOf\":{\"@id\":\"https:\\\/\\\/www.buhl.de\\\/vermieter-web\\\/mediation-bevor-man-das-gericht-bemueht\\\/\"},\"author\":{\"name\":\"Hartmut Fischer\",\"@id\":\"https:\\\/\\\/www.buhl.de\\\/vermieter-web\\\/#\\\/schema\\\/person\\\/82903e1cb04eb553382702d503991b4f\"},\"headline\":\"Mediation\u00a0\u2013\u00a0bevor man das Gericht bem\u00fcht\",\"datePublished\":\"2026-03-15T10:13:44+00:00\",\"mainEntityOfPage\":{\"@id\":\"https:\\\/\\\/www.buhl.de\\\/vermieter-web\\\/mediation-bevor-man-das-gericht-bemueht\\\/\"},\"wordCount\":361,\"image\":{\"@id\":\"https:\\\/\\\/www.buhl.de\\\/vermieter-web\\\/mediation-bevor-man-das-gericht-bemueht\\\/#primaryimage\"},\"thumbnailUrl\":\"https:\\\/\\\/www.buhl.de\\\/vermieter-web\\\/wp-content\\\/uploads\\\/sites\\\/33\\\/2025\\\/12\\\/Benis-Arapovic-Besprechung.jpg\",\"keywords\":[\"Mediation\",\"Streitigkeiten\"],\"inLanguage\":\"de\"},{\"@type\":\"WebPage\",\"@id\":\"https:\\\/\\\/www.buhl.de\\\/vermieter-web\\\/mediation-bevor-man-das-gericht-bemueht\\\/\",\"url\":\"https:\\\/\\\/www.buhl.de\\\/vermieter-web\\\/mediation-bevor-man-das-gericht-bemueht\\\/\",\"name\":\"Mediation\u00a0\u2013\u00a0bevor man das Gericht bem\u00fcht\",\"isPartOf\":{\"@id\":\"https:\\\/\\\/www.buhl.de\\\/vermieter-web\\\/#website\"},\"primaryImageOfPage\":{\"@id\":\"https:\\\/\\\/www.buhl.de\\\/vermieter-web\\\/mediation-bevor-man-das-gericht-bemueht\\\/#primaryimage\"},\"image\":{\"@id\":\"https:\\\/\\\/www.buhl.de\\\/vermieter-web\\\/mediation-bevor-man-das-gericht-bemueht\\\/#primaryimage\"},\"thumbnailUrl\":\"https:\\\/\\\/www.buhl.de\\\/vermieter-web\\\/wp-content\\\/uploads\\\/sites\\\/33\\\/2025\\\/12\\\/Benis-Arapovic-Besprechung.jpg\",\"datePublished\":\"2026-03-15T10:13:44+00:00\",\"author\":{\"@id\":\"https:\\\/\\\/www.buhl.de\\\/vermieter-web\\\/#\\\/schema\\\/person\\\/82903e1cb04eb553382702d503991b4f\"},\"description\":\"Die Mediation stellt eine kosteng\u00fcnstige Alternative zu Gerichtsverfahren dar, wenn es zu Streitigkeiten zwischen den Mietparteien kommt.\",\"breadcrumb\":{\"@id\":\"https:\\\/\\\/www.buhl.de\\\/vermieter-web\\\/mediation-bevor-man-das-gericht-bemueht\\\/#breadcrumb\"},\"inLanguage\":\"de\",\"potentialAction\":[{\"@type\":\"ReadAction\",\"target\":[\"https:\\\/\\\/www.buhl.de\\\/vermieter-web\\\/mediation-bevor-man-das-gericht-bemueht\\\/\"]}]},{\"@type\":\"ImageObject\",\"inLanguage\":\"de\",\"@id\":\"https:\\\/\\\/www.buhl.de\\\/vermieter-web\\\/mediation-bevor-man-das-gericht-bemueht\\\/#primaryimage\",\"url\":\"https:\\\/\\\/www.buhl.de\\\/vermieter-web\\\/wp-content\\\/uploads\\\/sites\\\/33\\\/2025\\\/12\\\/Benis-Arapovic-Besprechung.jpg\",\"contentUrl\":\"https:\\\/\\\/www.buhl.de\\\/vermieter-web\\\/wp-content\\\/uploads\\\/sites\\\/33\\\/2025\\\/12\\\/Benis-Arapovic-Besprechung.jpg\",\"width\":1063,\"height\":543},{\"@type\":\"BreadcrumbList\",\"@id\":\"https:\\\/\\\/www.buhl.de\\\/vermieter-web\\\/mediation-bevor-man-das-gericht-bemueht\\\/#breadcrumb\",\"itemListElement\":[{\"@type\":\"ListItem\",\"position\":1,\"name\":\"Startseite\",\"item\":\"https:\\\/\\\/www.buhl.de\\\/vermieter-web\\\/\"},{\"@type\":\"ListItem\",\"position\":2,\"name\":\"Mediation\u00a0\u2013\u00a0bevor man das Gericht bem\u00fcht\"}]},{\"@type\":\"WebSite\",\"@id\":\"https:\\\/\\\/www.buhl.de\\\/vermieter-web\\\/#website\",\"url\":\"https:\\\/\\\/www.buhl.de\\\/vermieter-web\\\/\",\"name\":\"Online-Nebenkostenabrechnung mit WISO Vermieter-Web\",\"description\":\"\",\"potentialAction\":[{\"@type\":\"SearchAction\",\"target\":{\"@type\":\"EntryPoint\",\"urlTemplate\":\"https:\\\/\\\/www.buhl.de\\\/vermieter-web\\\/?s={search_term_string}\"},\"query-input\":{\"@type\":\"PropertyValueSpecification\",\"valueRequired\":true,\"valueName\":\"search_term_string\"}}],\"inLanguage\":\"de\"},{\"@type\":\"Person\",\"@id\":\"https:\\\/\\\/www.buhl.de\\\/vermieter-web\\\/#\\\/schema\\\/person\\\/82903e1cb04eb553382702d503991b4f\",\"name\":\"Hartmut Fischer\"}]}<\/script>\n<!-- \/ Yoast SEO Premium plugin. -->","yoast_head_json":{"title":"Mediation\u00a0\u2013\u00a0bevor man das Gericht bem\u00fcht","description":"Die Mediation stellt eine kosteng\u00fcnstige Alternative zu Gerichtsverfahren dar, wenn es zu Streitigkeiten zwischen den Mietparteien kommt.","robots":{"index":"noindex","follow":"nofollow"},"og_locale":"de_DE","og_type":"article","og_title":"Mediation\u00a0\u2013\u00a0bevor man das Gericht bem\u00fcht","og_description":"Die Mediation stellt eine kosteng\u00fcnstige Alternative zu Gerichtsverfahren dar, wenn es zu Streitigkeiten zwischen den Mietparteien kommt.","og_url":"https:\/\/www.buhl.de\/vermieter-web\/mediation-bevor-man-das-gericht-bemueht\/","og_site_name":"Online-Nebenkostenabrechnung mit WISO Vermieter-Web","article_published_time":"2026-03-15T10:13:44+00:00","og_image":[{"width":1063,"height":543,"url":"https:\/\/www.buhl.de\/vermieter-web\/wp-content\/uploads\/sites\/33\/2025\/12\/Benis-Arapovic-Besprechung.jpg","type":"image\/jpeg"}],"author":"Hartmut Fischer","twitter_card":"summary_large_image","twitter_misc":{"Verfasst von":"Hartmut Fischer","Gesch\u00e4tzte Lesezeit":"3\u00a0Minuten"},"schema":{"@context":"https:\/\/schema.org","@graph":[{"@type":"Article","@id":"https:\/\/www.buhl.de\/vermieter-web\/mediation-bevor-man-das-gericht-bemueht\/#article","isPartOf":{"@id":"https:\/\/www.buhl.de\/vermieter-web\/mediation-bevor-man-das-gericht-bemueht\/"},"author":{"name":"Hartmut Fischer","@id":"https:\/\/www.buhl.de\/vermieter-web\/#\/schema\/person\/82903e1cb04eb553382702d503991b4f"},"headline":"Mediation\u00a0\u2013\u00a0bevor man das Gericht bem\u00fcht","datePublished":"2026-03-15T10:13:44+00:00","mainEntityOfPage":{"@id":"https:\/\/www.buhl.de\/vermieter-web\/mediation-bevor-man-das-gericht-bemueht\/"},"wordCount":361,"image":{"@id":"https:\/\/www.buhl.de\/vermieter-web\/mediation-bevor-man-das-gericht-bemueht\/#primaryimage"},"thumbnailUrl":"https:\/\/www.buhl.de\/vermieter-web\/wp-content\/uploads\/sites\/33\/2025\/12\/Benis-Arapovic-Besprechung.jpg","keywords":["Mediation","Streitigkeiten"],"inLanguage":"de"},{"@type":"WebPage","@id":"https:\/\/www.buhl.de\/vermieter-web\/mediation-bevor-man-das-gericht-bemueht\/","url":"https:\/\/www.buhl.de\/vermieter-web\/mediation-bevor-man-das-gericht-bemueht\/","name":"Mediation\u00a0\u2013\u00a0bevor man das Gericht bem\u00fcht","isPartOf":{"@id":"https:\/\/www.buhl.de\/vermieter-web\/#website"},"primaryImageOfPage":{"@id":"https:\/\/www.buhl.de\/vermieter-web\/mediation-bevor-man-das-gericht-bemueht\/#primaryimage"},"image":{"@id":"https:\/\/www.buhl.de\/vermieter-web\/mediation-bevor-man-das-gericht-bemueht\/#primaryimage"},"thumbnailUrl":"https:\/\/www.buhl.de\/vermieter-web\/wp-content\/uploads\/sites\/33\/2025\/12\/Benis-Arapovic-Besprechung.jpg","datePublished":"2026-03-15T10:13:44+00:00","author":{"@id":"https:\/\/www.buhl.de\/vermieter-web\/#\/schema\/person\/82903e1cb04eb553382702d503991b4f"},"description":"Die Mediation stellt eine kosteng\u00fcnstige Alternative zu Gerichtsverfahren dar, wenn es zu Streitigkeiten zwischen den Mietparteien kommt.","breadcrumb":{"@id":"https:\/\/www.buhl.de\/vermieter-web\/mediation-bevor-man-das-gericht-bemueht\/#breadcrumb"},"inLanguage":"de","potentialAction":[{"@type":"ReadAction","target":["https:\/\/www.buhl.de\/vermieter-web\/mediation-bevor-man-das-gericht-bemueht\/"]}]},{"@type":"ImageObject","inLanguage":"de","@id":"https:\/\/www.buhl.de\/vermieter-web\/mediation-bevor-man-das-gericht-bemueht\/#primaryimage","url":"https:\/\/www.buhl.de\/vermieter-web\/wp-content\/uploads\/sites\/33\/2025\/12\/Benis-Arapovic-Besprechung.jpg","contentUrl":"https:\/\/www.buhl.de\/vermieter-web\/wp-content\/uploads\/sites\/33\/2025\/12\/Benis-Arapovic-Besprechung.jpg","width":1063,"height":543},{"@type":"BreadcrumbList","@id":"https:\/\/www.buhl.de\/vermieter-web\/mediation-bevor-man-das-gericht-bemueht\/#breadcrumb","itemListElement":[{"@type":"ListItem","position":1,"name":"Startseite","item":"https:\/\/www.buhl.de\/vermieter-web\/"},{"@type":"ListItem","position":2,"name":"Mediation\u00a0\u2013\u00a0bevor man das Gericht bem\u00fcht"}]},{"@type":"WebSite","@id":"https:\/\/www.buhl.de\/vermieter-web\/#website","url":"https:\/\/www.buhl.de\/vermieter-web\/","name":"Online-Nebenkostenabrechnung mit WISO Vermieter-Web","description":"","potentialAction":[{"@type":"SearchAction","target":{"@type":"EntryPoint","urlTemplate":"https:\/\/www.buhl.de\/vermieter-web\/?s={search_term_string}"},"query-input":{"@type":"PropertyValueSpecification","valueRequired":true,"valueName":"search_term_string"}}],"inLanguage":"de"},{"@type":"Person","@id":"https:\/\/www.buhl.de\/vermieter-web\/#\/schema\/person\/82903e1cb04eb553382702d503991b4f","name":"Hartmut Fischer"}]}},"_links":{"self":[{"href":"https:\/\/www.buhl.de\/vermieter-web\/wp-json\/wp\/v2\/posts\/17703","targetHints":{"allow":["GET"]}}],"collection":[{"href":"https:\/\/www.buhl.de\/vermieter-web\/wp-json\/wp\/v2\/posts"}],"about":[{"href":"https:\/\/www.buhl.de\/vermieter-web\/wp-json\/wp\/v2\/types\/post"}],"author":[{"embeddable":true,"href":"https:\/\/www.buhl.de\/vermieter-web\/wp-json\/wp\/v2\/users\/15"}],"replies":[{"embeddable":true,"href":"https:\/\/www.buhl.de\/vermieter-web\/wp-json\/wp\/v2\/comments?post=17703"}],"version-history":[{"count":1,"href":"https:\/\/www.buhl.de\/vermieter-web\/wp-json\/wp\/v2\/posts\/17703\/revisions"}],"predecessor-version":[{"id":17705,"href":"https:\/\/www.buhl.de\/vermieter-web\/wp-json\/wp\/v2\/posts\/17703\/revisions\/17705"}],"wp:featuredmedia":[{"embeddable":true,"href":"https:\/\/www.buhl.de\/vermieter-web\/wp-json\/wp\/v2\/media\/17502"}],"wp:attachment":[{"href":"https:\/\/www.buhl.de\/vermieter-web\/wp-json\/wp\/v2\/media?parent=17703"}],"wp:term":[{"taxonomy":"category","embeddable":true,"href":"https:\/\/www.buhl.de\/vermieter-web\/wp-json\/wp\/v2\/categories?post=17703"},{"taxonomy":"post_tag","embeddable":true,"href":"https:\/\/www.buhl.de\/vermieter-web\/wp-json\/wp\/v2\/tags?post=17703"}],"curies":[{"name":"wp","href":"https:\/\/api.w.org\/{rel}","templated":true}]}}