{"id":17709,"date":"2026-03-15T13:34:08","date_gmt":"2026-03-15T12:34:08","guid":{"rendered":"https:\/\/www.buhl.de\/vermieter-web\/?p=17709"},"modified":"2026-03-15T13:34:08","modified_gmt":"2026-03-15T12:34:08","slug":"makler-haftet-bei-ethnischer-benachteilung-von-mietinteressenten","status":"publish","type":"post","link":"https:\/\/www.buhl.de\/vermieter-web\/makler-haftet-bei-ethnischer-benachteilung-von-mietinteressenten\/","title":{"rendered":"Makler haftet bei ethnischer Benachteilung von Mietinteressenten"},"content":{"rendered":"<p><strong>Benachteiligt ein Wohnungsmakler einen Mietinteressenten aus ethnischen Gr\u00fcnden, kann die benachteiligte Person Schadenersatz verlangen. Dies stellte der Bundesgerichtshof in einem Urteil vom 29.02.2026 klar (Aktenzeichen I ZR 129\/25).<\/strong><\/p>\n<h5>Makler von pakistanischer Interessentin verklagt<\/h5>\n<p>In dem Verfahren ging es um einen Makler, der von einer Mietinteressentin verklagt wurde. Die Interessentin interessierte sich f\u00fcr eine vom Makler angebotene Wohnung und bat mehrmals \u00fcber ein Internetformular um einen Besichtigungstermin. Sie nannte dabei ihren pakistanischen Namen. Auf alle Anfragen erhielt sie eine Absage. Daraufhin initiierte sie weitere Formularanfragen mit anderen \u2013 ausl\u00e4ndisch klingenden \u2013 Namen. Auch hier gab es nur Absagen.<\/p>\n<h5>Besichtigungszusage nur bei \u201edeutschem Namen\u201c<\/h5>\n<p>Auf weitere von ihr veranlasste Anfragen mit gleichlautenden Angaben, aber deutsch klingenden Namen (\u201eSchneider\u201c, \u201eSchmidt\u201c, \u201eSpie\u00df\u201c), wurden ihr jedoch Besichtigungstermine angeboten. Daraus schloss die Interessentin, dass man ihr wegen ihrer ethnischen Herkunft keinen Besichtigungstermin einr\u00e4umte. Sie machte deshalb einen Versto\u00df gegen das Allgemeine Gleichbehandlungsgesetz (AGG) geltend und verlangte die\u00a0 Zahlung einer angemessenen Entsch\u00e4digung.<\/p>\n<h5>BGH gibt der Kl\u00e4gerin recht<\/h5>\n<p>Die Interessentin scheiterte mit ihrer Klage vor dem zust\u00e4ndigen Amtsgericht. Das Landgericht Darmstadt hob im Berufungsverfahren das Amtsgerichtsurteil auf und sprach der Kl\u00e4gerin eine Entsch\u00e4digung in H\u00f6he von 3.000 \u20ac sowie zur Erstattung der vorgerichtlichen Rechtsanwaltskosten zu. Der BGH best\u00e4tigte das Urteil im Revisionsverfahren.<\/p>\n<p>Der Makler schulde der Kl\u00e4gerin wegen Benachteiligung aufgrund der ethnischen Herkunft <a href=\"https:\/\/www.gesetze-im-internet.de\/agg\/__19.html\">(\u00a7\u00a019 Abs. 2 AGG<\/a>) immateriellen Schadenersatz in H\u00f6he von 3.000 \u20ac sowie Ersatz vorgerichtlicher Rechtsanwaltskosten.<\/p>\n<h5>Wohnungsvermittlungsangebote im Internet<\/h5>\n<p>Die \u00fcber das Internet abrufbaren Wohnungsvermittlungsangebote unterliegen\u00a0 dem zivilrechtlichen Verbot der Benachteiligung wegen der ethnischen Herkunft (<a href=\"https:\/\/www.gesetze-im-internet.de\/agg\/__2.html\">\u00a7\u00a02 Abs. 1 Nr. 8 AGG<\/a> in Verbindung mit \u00a7\u00a019 Abs. 2 AGG). Der BGH folgte der Ansicht des Berufungsgerichts, dass die Ablehnungen der unter nicht deutsch klingenden Namen gestellten Gesuche eine Benachteiligung wegen der ethnischen Herkunft darstellten. Dies werde auch durch den Erfolg der unter deutsch klingenden Namen gestellten Gesuche dokumentiert.<\/p>\n<p>Auf die Frage, ob f\u00fcr den Anspruch auf Schadensersatz nach <a href=\"https:\/\/www.gesetze-im-internet.de\/agg\/__21.html\">\u00a7 21 Abs. 2 Satz 1 AGG<\/a> ein Verschulden erforderlich ist, kam es hier nicht an. Das Berufungsgericht hat korrekterweise ein Verschulden in Form fahrl\u00e4ssigen Handelns angenommen.<\/p>\n<hr \/>\n<h5><strong>Das k\u00f6nnte Sie auch<\/strong> interessieren:<\/h5>\n<p><a href=\"https:\/\/www.buhl.de\/vermieter-web\/datenschutz-bei-fotos-des-maklers\/\">Datenschutz bei Fotos des Maklers<\/a><br \/>\n<a href=\"https:\/\/www.buhl.de\/vermieter-web\/maklerprovision-muss-geteilt-werden\/\">Maklerprovision muss geteilt werden\u00a0<\/a><br \/>\n<a href=\"https:\/\/www.buhl.de\/vermieter-web\/maklervertrag-gekuendigt-welche-kosten-muessen-erstattet-werden\/\">Maklervertrag gek\u00fcndigt \u2013 welche Kosten m\u00fcssen erstattet werden?<\/a><\/p>\n<hr \/>\n<p>&nbsp;<\/p>\n","protected":false},"excerpt":{"rendered":"<p>Benachteiligt ein Wohnungsmakler einen Mietinteressenten aus ethnischen Gr\u00fcnden, kann die benachteiligte Person Schadenersatz verlangen. Dies stellte der Bundesgerichtshof in einem Urteil vom 29.02.2026 klar (Aktenzeichen I ZR 129\/25). Makler von pakistanischer Interessentin verklagt In dem Verfahren ging es um einen Makler, der von einer Mietinteressentin verklagt wurde. Die Interessentin interessierte sich f\u00fcr eine vom Makler &hellip; <\/p>\n<p class=\"link-more\"><a href=\"https:\/\/www.buhl.de\/vermieter-web\/makler-haftet-bei-ethnischer-benachteilung-von-mietinteressenten\/\" class=\"more-link\"><span class=\"screen-reader-text\">\u201eMakler haftet bei ethnischer Benachteilung von Mietinteressenten\u201c<\/span> weiterlesen<\/a><\/p>\n","protected":false},"author":15,"featured_media":16988,"comment_status":"closed","ping_status":"open","sticky":false,"template":"","format":"standard","meta":{"footnotes":""},"categories":[1],"tags":[6523,6524,2299],"class_list":["post-17709","post","type-post","status-publish","format-standard","has-post-thumbnail","hentry","category-allgemein","tag-benachteiligung","tag-etthnie","tag-makler"],"yoast_head":"<!-- This site is optimized with the Yoast SEO Premium plugin v27.4 (Yoast SEO v27.5) - https:\/\/yoast.com\/product\/yoast-seo-premium-wordpress\/ -->\n<title>Makler haftet f\u00fcr ethnische Benachteiligung<\/title>\n<meta name=\"description\" content=\"Makler k\u00f6nnen bei ethnischer Benachteiligung von Interessenten zu Schadenersatz herangezogen werden. Dies entschied der BGH in einem Urteil.\" \/>\n<meta name=\"robots\" content=\"noindex, nofollow\" \/>\n<meta property=\"og:locale\" content=\"de_DE\" \/>\n<meta property=\"og:type\" content=\"article\" \/>\n<meta property=\"og:title\" content=\"Makler haftet bei ethnischer Benachteilung von Mietinteressenten\" \/>\n<meta property=\"og:description\" content=\"Makler k\u00f6nnen bei ethnischer Benachteiligung von Interessenten zu Schadenersatz herangezogen werden. Dies entschied der BGH in einem Urteil.\" \/>\n<meta property=\"og:url\" content=\"https:\/\/www.buhl.de\/vermieter-web\/makler-haftet-bei-ethnischer-benachteilung-von-mietinteressenten\/\" \/>\n<meta property=\"og:site_name\" content=\"Online-Nebenkostenabrechnung mit WISO Vermieter-Web\" \/>\n<meta property=\"article:published_time\" content=\"2026-03-15T12:34:08+00:00\" \/>\n<meta property=\"og:image\" content=\"https:\/\/www.buhl.de\/vermieter-web\/wp-content\/uploads\/sites\/33\/2025\/05\/Yuliia-Kaveshnikova-Daumen-runter.jpg\" \/>\n\t<meta property=\"og:image:width\" content=\"1067\" \/>\n\t<meta property=\"og:image:height\" content=\"532\" \/>\n\t<meta property=\"og:image:type\" content=\"image\/jpeg\" \/>\n<meta name=\"author\" content=\"Hartmut Fischer\" \/>\n<meta name=\"twitter:card\" content=\"summary_large_image\" \/>\n<meta name=\"twitter:label1\" content=\"Verfasst von\" \/>\n\t<meta name=\"twitter:data1\" content=\"Hartmut Fischer\" \/>\n\t<meta name=\"twitter:label2\" content=\"Gesch\u00e4tzte Lesezeit\" \/>\n\t<meta name=\"twitter:data2\" content=\"3\u00a0Minuten\" \/>\n<script type=\"application\/ld+json\" class=\"yoast-schema-graph\">{\"@context\":\"https:\\\/\\\/schema.org\",\"@graph\":[{\"@type\":\"Article\",\"@id\":\"https:\\\/\\\/www.buhl.de\\\/vermieter-web\\\/makler-haftet-bei-ethnischer-benachteilung-von-mietinteressenten\\\/#article\",\"isPartOf\":{\"@id\":\"https:\\\/\\\/www.buhl.de\\\/vermieter-web\\\/makler-haftet-bei-ethnischer-benachteilung-von-mietinteressenten\\\/\"},\"author\":{\"name\":\"Hartmut Fischer\",\"@id\":\"https:\\\/\\\/www.buhl.de\\\/vermieter-web\\\/#\\\/schema\\\/person\\\/82903e1cb04eb553382702d503991b4f\"},\"headline\":\"Makler haftet bei ethnischer Benachteilung von Mietinteressenten\",\"datePublished\":\"2026-03-15T12:34:08+00:00\",\"mainEntityOfPage\":{\"@id\":\"https:\\\/\\\/www.buhl.de\\\/vermieter-web\\\/makler-haftet-bei-ethnischer-benachteilung-von-mietinteressenten\\\/\"},\"wordCount\":366,\"image\":{\"@id\":\"https:\\\/\\\/www.buhl.de\\\/vermieter-web\\\/makler-haftet-bei-ethnischer-benachteilung-von-mietinteressenten\\\/#primaryimage\"},\"thumbnailUrl\":\"https:\\\/\\\/www.buhl.de\\\/vermieter-web\\\/wp-content\\\/uploads\\\/sites\\\/33\\\/2025\\\/05\\\/Yuliia-Kaveshnikova-Daumen-runter.jpg\",\"keywords\":[\"Benachteiligung\",\"Etthnie\",\"Makler\"],\"inLanguage\":\"de\"},{\"@type\":\"WebPage\",\"@id\":\"https:\\\/\\\/www.buhl.de\\\/vermieter-web\\\/makler-haftet-bei-ethnischer-benachteilung-von-mietinteressenten\\\/\",\"url\":\"https:\\\/\\\/www.buhl.de\\\/vermieter-web\\\/makler-haftet-bei-ethnischer-benachteilung-von-mietinteressenten\\\/\",\"name\":\"Makler haftet f\u00fcr ethnische Benachteiligung\",\"isPartOf\":{\"@id\":\"https:\\\/\\\/www.buhl.de\\\/vermieter-web\\\/#website\"},\"primaryImageOfPage\":{\"@id\":\"https:\\\/\\\/www.buhl.de\\\/vermieter-web\\\/makler-haftet-bei-ethnischer-benachteilung-von-mietinteressenten\\\/#primaryimage\"},\"image\":{\"@id\":\"https:\\\/\\\/www.buhl.de\\\/vermieter-web\\\/makler-haftet-bei-ethnischer-benachteilung-von-mietinteressenten\\\/#primaryimage\"},\"thumbnailUrl\":\"https:\\\/\\\/www.buhl.de\\\/vermieter-web\\\/wp-content\\\/uploads\\\/sites\\\/33\\\/2025\\\/05\\\/Yuliia-Kaveshnikova-Daumen-runter.jpg\",\"datePublished\":\"2026-03-15T12:34:08+00:00\",\"author\":{\"@id\":\"https:\\\/\\\/www.buhl.de\\\/vermieter-web\\\/#\\\/schema\\\/person\\\/82903e1cb04eb553382702d503991b4f\"},\"description\":\"Makler k\u00f6nnen bei ethnischer Benachteiligung von Interessenten zu Schadenersatz herangezogen werden. Dies entschied der BGH in einem Urteil.\",\"breadcrumb\":{\"@id\":\"https:\\\/\\\/www.buhl.de\\\/vermieter-web\\\/makler-haftet-bei-ethnischer-benachteilung-von-mietinteressenten\\\/#breadcrumb\"},\"inLanguage\":\"de\",\"potentialAction\":[{\"@type\":\"ReadAction\",\"target\":[\"https:\\\/\\\/www.buhl.de\\\/vermieter-web\\\/makler-haftet-bei-ethnischer-benachteilung-von-mietinteressenten\\\/\"]}]},{\"@type\":\"ImageObject\",\"inLanguage\":\"de\",\"@id\":\"https:\\\/\\\/www.buhl.de\\\/vermieter-web\\\/makler-haftet-bei-ethnischer-benachteilung-von-mietinteressenten\\\/#primaryimage\",\"url\":\"https:\\\/\\\/www.buhl.de\\\/vermieter-web\\\/wp-content\\\/uploads\\\/sites\\\/33\\\/2025\\\/05\\\/Yuliia-Kaveshnikova-Daumen-runter.jpg\",\"contentUrl\":\"https:\\\/\\\/www.buhl.de\\\/vermieter-web\\\/wp-content\\\/uploads\\\/sites\\\/33\\\/2025\\\/05\\\/Yuliia-Kaveshnikova-Daumen-runter.jpg\",\"width\":1067,\"height\":532},{\"@type\":\"BreadcrumbList\",\"@id\":\"https:\\\/\\\/www.buhl.de\\\/vermieter-web\\\/makler-haftet-bei-ethnischer-benachteilung-von-mietinteressenten\\\/#breadcrumb\",\"itemListElement\":[{\"@type\":\"ListItem\",\"position\":1,\"name\":\"Startseite\",\"item\":\"https:\\\/\\\/www.buhl.de\\\/vermieter-web\\\/\"},{\"@type\":\"ListItem\",\"position\":2,\"name\":\"Makler haftet bei ethnischer Benachteilung von Mietinteressenten\"}]},{\"@type\":\"WebSite\",\"@id\":\"https:\\\/\\\/www.buhl.de\\\/vermieter-web\\\/#website\",\"url\":\"https:\\\/\\\/www.buhl.de\\\/vermieter-web\\\/\",\"name\":\"Online-Nebenkostenabrechnung mit WISO Vermieter-Web\",\"description\":\"\",\"potentialAction\":[{\"@type\":\"SearchAction\",\"target\":{\"@type\":\"EntryPoint\",\"urlTemplate\":\"https:\\\/\\\/www.buhl.de\\\/vermieter-web\\\/?s={search_term_string}\"},\"query-input\":{\"@type\":\"PropertyValueSpecification\",\"valueRequired\":true,\"valueName\":\"search_term_string\"}}],\"inLanguage\":\"de\"},{\"@type\":\"Person\",\"@id\":\"https:\\\/\\\/www.buhl.de\\\/vermieter-web\\\/#\\\/schema\\\/person\\\/82903e1cb04eb553382702d503991b4f\",\"name\":\"Hartmut Fischer\"}]}<\/script>\n<!-- \/ Yoast SEO Premium plugin. -->","yoast_head_json":{"title":"Makler haftet f\u00fcr ethnische Benachteiligung","description":"Makler k\u00f6nnen bei ethnischer Benachteiligung von Interessenten zu Schadenersatz herangezogen werden. Dies entschied der BGH in einem Urteil.","robots":{"index":"noindex","follow":"nofollow"},"og_locale":"de_DE","og_type":"article","og_title":"Makler haftet bei ethnischer Benachteilung von Mietinteressenten","og_description":"Makler k\u00f6nnen bei ethnischer Benachteiligung von Interessenten zu Schadenersatz herangezogen werden. Dies entschied der BGH in einem Urteil.","og_url":"https:\/\/www.buhl.de\/vermieter-web\/makler-haftet-bei-ethnischer-benachteilung-von-mietinteressenten\/","og_site_name":"Online-Nebenkostenabrechnung mit WISO Vermieter-Web","article_published_time":"2026-03-15T12:34:08+00:00","og_image":[{"width":1067,"height":532,"url":"https:\/\/www.buhl.de\/vermieter-web\/wp-content\/uploads\/sites\/33\/2025\/05\/Yuliia-Kaveshnikova-Daumen-runter.jpg","type":"image\/jpeg"}],"author":"Hartmut Fischer","twitter_card":"summary_large_image","twitter_misc":{"Verfasst von":"Hartmut Fischer","Gesch\u00e4tzte Lesezeit":"3\u00a0Minuten"},"schema":{"@context":"https:\/\/schema.org","@graph":[{"@type":"Article","@id":"https:\/\/www.buhl.de\/vermieter-web\/makler-haftet-bei-ethnischer-benachteilung-von-mietinteressenten\/#article","isPartOf":{"@id":"https:\/\/www.buhl.de\/vermieter-web\/makler-haftet-bei-ethnischer-benachteilung-von-mietinteressenten\/"},"author":{"name":"Hartmut Fischer","@id":"https:\/\/www.buhl.de\/vermieter-web\/#\/schema\/person\/82903e1cb04eb553382702d503991b4f"},"headline":"Makler haftet bei ethnischer Benachteilung von Mietinteressenten","datePublished":"2026-03-15T12:34:08+00:00","mainEntityOfPage":{"@id":"https:\/\/www.buhl.de\/vermieter-web\/makler-haftet-bei-ethnischer-benachteilung-von-mietinteressenten\/"},"wordCount":366,"image":{"@id":"https:\/\/www.buhl.de\/vermieter-web\/makler-haftet-bei-ethnischer-benachteilung-von-mietinteressenten\/#primaryimage"},"thumbnailUrl":"https:\/\/www.buhl.de\/vermieter-web\/wp-content\/uploads\/sites\/33\/2025\/05\/Yuliia-Kaveshnikova-Daumen-runter.jpg","keywords":["Benachteiligung","Etthnie","Makler"],"inLanguage":"de"},{"@type":"WebPage","@id":"https:\/\/www.buhl.de\/vermieter-web\/makler-haftet-bei-ethnischer-benachteilung-von-mietinteressenten\/","url":"https:\/\/www.buhl.de\/vermieter-web\/makler-haftet-bei-ethnischer-benachteilung-von-mietinteressenten\/","name":"Makler haftet f\u00fcr ethnische Benachteiligung","isPartOf":{"@id":"https:\/\/www.buhl.de\/vermieter-web\/#website"},"primaryImageOfPage":{"@id":"https:\/\/www.buhl.de\/vermieter-web\/makler-haftet-bei-ethnischer-benachteilung-von-mietinteressenten\/#primaryimage"},"image":{"@id":"https:\/\/www.buhl.de\/vermieter-web\/makler-haftet-bei-ethnischer-benachteilung-von-mietinteressenten\/#primaryimage"},"thumbnailUrl":"https:\/\/www.buhl.de\/vermieter-web\/wp-content\/uploads\/sites\/33\/2025\/05\/Yuliia-Kaveshnikova-Daumen-runter.jpg","datePublished":"2026-03-15T12:34:08+00:00","author":{"@id":"https:\/\/www.buhl.de\/vermieter-web\/#\/schema\/person\/82903e1cb04eb553382702d503991b4f"},"description":"Makler k\u00f6nnen bei ethnischer Benachteiligung von Interessenten zu Schadenersatz herangezogen werden. Dies entschied der BGH in einem Urteil.","breadcrumb":{"@id":"https:\/\/www.buhl.de\/vermieter-web\/makler-haftet-bei-ethnischer-benachteilung-von-mietinteressenten\/#breadcrumb"},"inLanguage":"de","potentialAction":[{"@type":"ReadAction","target":["https:\/\/www.buhl.de\/vermieter-web\/makler-haftet-bei-ethnischer-benachteilung-von-mietinteressenten\/"]}]},{"@type":"ImageObject","inLanguage":"de","@id":"https:\/\/www.buhl.de\/vermieter-web\/makler-haftet-bei-ethnischer-benachteilung-von-mietinteressenten\/#primaryimage","url":"https:\/\/www.buhl.de\/vermieter-web\/wp-content\/uploads\/sites\/33\/2025\/05\/Yuliia-Kaveshnikova-Daumen-runter.jpg","contentUrl":"https:\/\/www.buhl.de\/vermieter-web\/wp-content\/uploads\/sites\/33\/2025\/05\/Yuliia-Kaveshnikova-Daumen-runter.jpg","width":1067,"height":532},{"@type":"BreadcrumbList","@id":"https:\/\/www.buhl.de\/vermieter-web\/makler-haftet-bei-ethnischer-benachteilung-von-mietinteressenten\/#breadcrumb","itemListElement":[{"@type":"ListItem","position":1,"name":"Startseite","item":"https:\/\/www.buhl.de\/vermieter-web\/"},{"@type":"ListItem","position":2,"name":"Makler haftet bei ethnischer Benachteilung von Mietinteressenten"}]},{"@type":"WebSite","@id":"https:\/\/www.buhl.de\/vermieter-web\/#website","url":"https:\/\/www.buhl.de\/vermieter-web\/","name":"Online-Nebenkostenabrechnung mit WISO Vermieter-Web","description":"","potentialAction":[{"@type":"SearchAction","target":{"@type":"EntryPoint","urlTemplate":"https:\/\/www.buhl.de\/vermieter-web\/?s={search_term_string}"},"query-input":{"@type":"PropertyValueSpecification","valueRequired":true,"valueName":"search_term_string"}}],"inLanguage":"de"},{"@type":"Person","@id":"https:\/\/www.buhl.de\/vermieter-web\/#\/schema\/person\/82903e1cb04eb553382702d503991b4f","name":"Hartmut Fischer"}]}},"_links":{"self":[{"href":"https:\/\/www.buhl.de\/vermieter-web\/wp-json\/wp\/v2\/posts\/17709","targetHints":{"allow":["GET"]}}],"collection":[{"href":"https:\/\/www.buhl.de\/vermieter-web\/wp-json\/wp\/v2\/posts"}],"about":[{"href":"https:\/\/www.buhl.de\/vermieter-web\/wp-json\/wp\/v2\/types\/post"}],"author":[{"embeddable":true,"href":"https:\/\/www.buhl.de\/vermieter-web\/wp-json\/wp\/v2\/users\/15"}],"replies":[{"embeddable":true,"href":"https:\/\/www.buhl.de\/vermieter-web\/wp-json\/wp\/v2\/comments?post=17709"}],"version-history":[{"count":3,"href":"https:\/\/www.buhl.de\/vermieter-web\/wp-json\/wp\/v2\/posts\/17709\/revisions"}],"predecessor-version":[{"id":17715,"href":"https:\/\/www.buhl.de\/vermieter-web\/wp-json\/wp\/v2\/posts\/17709\/revisions\/17715"}],"wp:featuredmedia":[{"embeddable":true,"href":"https:\/\/www.buhl.de\/vermieter-web\/wp-json\/wp\/v2\/media\/16988"}],"wp:attachment":[{"href":"https:\/\/www.buhl.de\/vermieter-web\/wp-json\/wp\/v2\/media?parent=17709"}],"wp:term":[{"taxonomy":"category","embeddable":true,"href":"https:\/\/www.buhl.de\/vermieter-web\/wp-json\/wp\/v2\/categories?post=17709"},{"taxonomy":"post_tag","embeddable":true,"href":"https:\/\/www.buhl.de\/vermieter-web\/wp-json\/wp\/v2\/tags?post=17709"}],"curies":[{"name":"wp","href":"https:\/\/api.w.org\/{rel}","templated":true}]}}