{"id":17716,"date":"2026-03-16T13:51:22","date_gmt":"2026-03-16T12:51:22","guid":{"rendered":"https:\/\/www.buhl.de\/vermieter-web\/?p=17716"},"modified":"2026-03-17T16:31:16","modified_gmt":"2026-03-17T15:31:16","slug":"mietrecht-entwicklung-und-vorschau","status":"publish","type":"post","link":"https:\/\/www.buhl.de\/vermieter-web\/mietrecht-entwicklung-und-vorschau\/","title":{"rendered":"Mietrecht &#8211; Entwicklung und Vorschau"},"content":{"rendered":"<p><strong>Seit das Mietrechtnovellierungsgesetz im M\u00e4rz 2015 verabschiedet wurde und im Juni 2015 in Kraft trat, wurde permanent am Mietrecht gearbeitet. Inzwischen wird am Reformpaket \u201eMietrecht II\u201c gearbeitet. Hier ein \u00dcberblick, was ver\u00e4ndert wurde und mit welchen Ver\u00e4nderungen noch zu rechnen ist.<\/strong><\/p>\n<h5>2015: Mietrechtnovellierungsgesetz<\/h5>\n<p>Das Mietrechtnovellierungsgesetz stellte das Kernst\u00fcck der ersten Stufe einer umfassenden Mietrechtsreform dar, die man auch als \u201eMietrecht I\u201c bezeichnete. Kernst\u00fccke der Reform waren:<\/p>\n<p>Die Einf\u00fchrung der Mietpreisbremse im Mietrecht. Bei Neuvermietungen in angespannten Wohnungsm\u00e4rkten darf die Miete maximal 10 % \u00fcber der orts\u00fcblichen Vergleichsmiete liegen. Ausgenommen sind Neubauten (erste Vermietung nach Fertigstellung), umfassend modernisierte Objekte Wohnungen, bei denen die Vormiete bereits h\u00f6her war.<\/p>\n<p>Im Mietrecht wurde au\u00dferdem das Bestellerprinzip bei Makler-Vertr\u00e4gen eingef\u00fchrt. Es gilt der Grundsatz \u201eWer bestellt, bezahlt\u201c.<\/p>\n<p>Das novellierte Mietrecht erm\u00f6glichte es den Mietern, \u00fcberzahlte Miete leichter zur\u00fcckzuverlangen und die Miete auf ein zul\u00e4ssiges Niveau zu k\u00fcrzen.<\/p>\n<h5>2019: Mietrechtsanpassungsgesetz<\/h5>\n<p>Mit dem 2019 in Kraft getretenen Mietrechtanpassungsgesetz wurden die Regeln f\u00fcr die Mietpreisbremse versch\u00e4rft. Ausnahmen von der Bremse m\u00fcssen Vermieter begr\u00fcnden, zu viel gezahlte Mieten k\u00f6nnen leichter zur\u00fcckgefordert werden. Die Modernisierungsumlage wurde von 11 % auf 8 % gesenkt.<\/p>\n<p>Au\u00dferdem wurden die Regeln bez\u00fcglich einer \u201eHerausmodernisierung\u201c (Ma\u00dfnahmen, mit denen Mieter aus den Wohnungen gedr\u00e4ngt werden sollen) versch\u00e4rft. Bei einer Herausmodernisierung drohen nun Bu\u00dfgelder bis 100.000 \u20ac. Gleichzeitig wurde eine Kappungsgrenze f\u00fcr die Modernisierungsumlage eingef\u00fchrt (3,00 \u20ac\/m\u00b2 innerhalb sechs Monaten \u2013 bei g\u00fcnstigen Wohnungen nur 2,00 \u20ac\/m\u00b2).<\/p>\n<p>F\u00fcr Modernisierungsverfahren wurde im Mietrecht ein vereinfachtes Verfahren eingef\u00fchrt, das aber nur bei Ma\u00dfnahmen bis 10.000 \u20ac pro Wohnung angewandt werden kann. Mieter k\u00f6nnen bei einer unzumutbaren H\u00e4rte (hohes Alter, Krankheit, Finanzen usw.) widersprechen.<\/p>\n<h5>Mietpreisbremse<\/h5>\n<p>Die Mietpreisbremse wurde 2015 im Mietrecht eingef\u00fchrt und 2020 bis Ende 2025 verl\u00e4ngert. Dann erfolgte im vergangenen Jahr eine zweite Verl\u00e4ngerung. Die Mietpreisbremse gilt deshalb aktuell bis zum 31.12.2029.<\/p>\n<h5>2026: Mietrecht II ist in Arbeit<\/h5>\n<p>Am Reformpaket \u201eMietrecht II\u201c wird noch gearbeitet. Derzeit wird der vorliegende Referentenentwurf von Politik und Verb\u00e4nden diskutiert. Erst nach Abschluss der Diskussionen beginnt der parlamentarische Weg (Beratung und Verabschiedung in Bundestag und Bundesrat). Man rechnet mit einer Verabschiedung Ende 2026 \u2013 vielleicht sogar erst Anfang 2027. Zu erwarten sind die folgenden Regelungen.<\/p>\n<p>Da Indexmieten am Verbraucherpreisindex gekoppelt sind, k\u00f6nnen Mieten in Inflationsphasen um 5 % und mehr steigen. Mit dem Paket \u201eMietrecht II\u201c soll verankert werden,\u00a0 dass in angespannten Wohnungsm\u00e4rkten (Bereiche, in denen auch die Mietpreisbremse gilt) die Indexmiete auf maximal 3,5 % pro Jahr gedeckelt wird. H\u00f6here vertraglich vereinbarte Steigerungen sind dann unzul\u00e4ssig.<\/p>\n<p>Au\u00dferdem wird in der Mietrecht-Reform festgelegt, dass bei m\u00f6bliert vermieteten Wohnungen der Mietanteil f\u00fcr das Mobiliar im Mietvertrag getrennt ausgewiesen werden muss. Der Mobiliaranteil darf dann 5 % der Grundmiete nicht \u00fcberschreiten.<\/p>\n<p>Befristete Mietverh\u00e4ltnisse d\u00fcrfen nur noch f\u00fcr bis zu sechs Monate abgeschlossen werden. Eine Verl\u00e4ngerung soll nur noch als Ausnahme unter strengen Voraussetzungen erlaubt werden.<\/p>\n<p>Derzeit k\u00f6nnen Vermieter 8 % der Modernisierungskosten pro Jahr auf die Miete umlegen. Die Kappungsgrenze soll im Mietrecht von 10.000 \u20ac auf 20.000 \u20ac angehoben werden. Erst bei \u00dcberschreitung der Grenze greifen dann versch\u00e4rfte Transparenz- und Ank\u00fcndigungspflichten.<\/p>\n<p>Aktuell gilt im Mietrecht, dass eine Schonfristzahlung (Nachzahlung aller Mietr\u00fcckst\u00e4nde innerhalb von zwei Monaten nach Zustellung der R\u00e4umungsklage) nur eine fristlose K\u00fcndigung verhindert \u2013 eine ordentliche K\u00fcndigung bleibt davon unber\u00fchrt. Nach dem Entwurf soll die Schonfristzahlung nun auch eine ordentliche K\u00fcndigung aufheben.<\/p>\n<p>&nbsp;<\/p>\n","protected":false},"excerpt":{"rendered":"<p>Seit das Mietrechtnovellierungsgesetz im M\u00e4rz 2015 verabschiedet wurde und im Juni 2015 in Kraft trat, wurde permanent am Mietrecht gearbeitet. Inzwischen wird am Reformpaket \u201eMietrecht II\u201c gearbeitet. Hier ein \u00dcberblick, was ver\u00e4ndert wurde und mit welchen Ver\u00e4nderungen noch zu rechnen ist. 2015: Mietrechtnovellierungsgesetz Das Mietrechtnovellierungsgesetz stellte das Kernst\u00fcck der ersten Stufe einer umfassenden Mietrechtsreform dar, &hellip; <\/p>\n<p class=\"link-more\"><a href=\"https:\/\/www.buhl.de\/vermieter-web\/mietrecht-entwicklung-und-vorschau\/\" class=\"more-link\"><span class=\"screen-reader-text\">\u201eMietrecht &#8211; Entwicklung und Vorschau\u201c<\/span> weiterlesen<\/a><\/p>\n","protected":false},"author":15,"featured_media":13930,"comment_status":"closed","ping_status":"open","sticky":false,"template":"","format":"standard","meta":{"footnotes":""},"categories":[1],"tags":[411,589,6525],"class_list":["post-17716","post","type-post","status-publish","format-standard","has-post-thumbnail","hentry","category-allgemein","tag-mietpreisbremse","tag-mietrecht","tag-novellierung"],"yoast_head":"<!-- This site is optimized with the Yoast SEO Premium plugin v27.4 (Yoast SEO v27.5) - https:\/\/yoast.com\/product\/yoast-seo-premium-wordpress\/ -->\n<title>Mietrecht \u2013 Entwicklung und Vorschau<\/title>\n<meta name=\"description\" content=\"Das Mietrecht unterliegt st\u00e4ndiger rechtlicher Anpassung. Wir zeigen die Ver\u00e4nderungen der letzten Jahre und die zu erwartende Entwicklung.\" \/>\n<meta name=\"robots\" content=\"noindex, nofollow\" \/>\n<meta property=\"og:locale\" content=\"de_DE\" \/>\n<meta property=\"og:type\" content=\"article\" \/>\n<meta property=\"og:title\" content=\"Mietrecht - Entwicklung und Vorschau\" \/>\n<meta property=\"og:description\" content=\"Das Mietrecht unterliegt st\u00e4ndiger rechtlicher Anpassung. Wir zeigen die Ver\u00e4nderungen der letzten Jahre und die zu erwartende Entwicklung.\" \/>\n<meta property=\"og:url\" content=\"https:\/\/www.buhl.de\/vermieter-web\/mietrecht-entwicklung-und-vorschau\/\" \/>\n<meta property=\"og:site_name\" content=\"Online-Nebenkostenabrechnung mit WISO Vermieter-Web\" \/>\n<meta property=\"article:published_time\" content=\"2026-03-16T12:51:22+00:00\" \/>\n<meta property=\"article:modified_time\" content=\"2026-03-17T15:31:16+00:00\" \/>\n<meta property=\"og:image\" content=\"https:\/\/www.buhl.de\/vermieter-web\/wp-content\/uploads\/sites\/33\/2021\/08\/shutterstock_1148992478.jpg\" \/>\n\t<meta property=\"og:image:width\" content=\"840\" \/>\n\t<meta property=\"og:image:height\" content=\"420\" \/>\n\t<meta property=\"og:image:type\" content=\"image\/jpeg\" \/>\n<meta name=\"author\" content=\"Hartmut Fischer\" \/>\n<meta name=\"twitter:card\" content=\"summary_large_image\" \/>\n<meta name=\"twitter:label1\" content=\"Verfasst von\" \/>\n\t<meta name=\"twitter:data1\" content=\"Hartmut Fischer\" \/>\n\t<meta name=\"twitter:label2\" content=\"Gesch\u00e4tzte Lesezeit\" \/>\n\t<meta name=\"twitter:data2\" content=\"4\u00a0Minuten\" \/>\n<script type=\"application\/ld+json\" class=\"yoast-schema-graph\">{\"@context\":\"https:\\\/\\\/schema.org\",\"@graph\":[{\"@type\":\"Article\",\"@id\":\"https:\\\/\\\/www.buhl.de\\\/vermieter-web\\\/mietrecht-entwicklung-und-vorschau\\\/#article\",\"isPartOf\":{\"@id\":\"https:\\\/\\\/www.buhl.de\\\/vermieter-web\\\/mietrecht-entwicklung-und-vorschau\\\/\"},\"author\":{\"name\":\"Hartmut Fischer\",\"@id\":\"https:\\\/\\\/www.buhl.de\\\/vermieter-web\\\/#\\\/schema\\\/person\\\/82903e1cb04eb553382702d503991b4f\"},\"headline\":\"Mietrecht &#8211; Entwicklung und Vorschau\",\"datePublished\":\"2026-03-16T12:51:22+00:00\",\"dateModified\":\"2026-03-17T15:31:16+00:00\",\"mainEntityOfPage\":{\"@id\":\"https:\\\/\\\/www.buhl.de\\\/vermieter-web\\\/mietrecht-entwicklung-und-vorschau\\\/\"},\"wordCount\":567,\"image\":{\"@id\":\"https:\\\/\\\/www.buhl.de\\\/vermieter-web\\\/mietrecht-entwicklung-und-vorschau\\\/#primaryimage\"},\"thumbnailUrl\":\"https:\\\/\\\/www.buhl.de\\\/vermieter-web\\\/wp-content\\\/uploads\\\/sites\\\/33\\\/2021\\\/08\\\/shutterstock_1148992478.jpg\",\"keywords\":[\"Mietpreisbremse\",\"Mietrecht\",\"Novellierung\"],\"inLanguage\":\"de\"},{\"@type\":\"WebPage\",\"@id\":\"https:\\\/\\\/www.buhl.de\\\/vermieter-web\\\/mietrecht-entwicklung-und-vorschau\\\/\",\"url\":\"https:\\\/\\\/www.buhl.de\\\/vermieter-web\\\/mietrecht-entwicklung-und-vorschau\\\/\",\"name\":\"Mietrecht \u2013 Entwicklung und Vorschau\",\"isPartOf\":{\"@id\":\"https:\\\/\\\/www.buhl.de\\\/vermieter-web\\\/#website\"},\"primaryImageOfPage\":{\"@id\":\"https:\\\/\\\/www.buhl.de\\\/vermieter-web\\\/mietrecht-entwicklung-und-vorschau\\\/#primaryimage\"},\"image\":{\"@id\":\"https:\\\/\\\/www.buhl.de\\\/vermieter-web\\\/mietrecht-entwicklung-und-vorschau\\\/#primaryimage\"},\"thumbnailUrl\":\"https:\\\/\\\/www.buhl.de\\\/vermieter-web\\\/wp-content\\\/uploads\\\/sites\\\/33\\\/2021\\\/08\\\/shutterstock_1148992478.jpg\",\"datePublished\":\"2026-03-16T12:51:22+00:00\",\"dateModified\":\"2026-03-17T15:31:16+00:00\",\"author\":{\"@id\":\"https:\\\/\\\/www.buhl.de\\\/vermieter-web\\\/#\\\/schema\\\/person\\\/82903e1cb04eb553382702d503991b4f\"},\"description\":\"Das Mietrecht unterliegt st\u00e4ndiger rechtlicher Anpassung. Wir zeigen die Ver\u00e4nderungen der letzten Jahre und die zu erwartende Entwicklung.\",\"breadcrumb\":{\"@id\":\"https:\\\/\\\/www.buhl.de\\\/vermieter-web\\\/mietrecht-entwicklung-und-vorschau\\\/#breadcrumb\"},\"inLanguage\":\"de\",\"potentialAction\":[{\"@type\":\"ReadAction\",\"target\":[\"https:\\\/\\\/www.buhl.de\\\/vermieter-web\\\/mietrecht-entwicklung-und-vorschau\\\/\"]}]},{\"@type\":\"ImageObject\",\"inLanguage\":\"de\",\"@id\":\"https:\\\/\\\/www.buhl.de\\\/vermieter-web\\\/mietrecht-entwicklung-und-vorschau\\\/#primaryimage\",\"url\":\"https:\\\/\\\/www.buhl.de\\\/vermieter-web\\\/wp-content\\\/uploads\\\/sites\\\/33\\\/2021\\\/08\\\/shutterstock_1148992478.jpg\",\"contentUrl\":\"https:\\\/\\\/www.buhl.de\\\/vermieter-web\\\/wp-content\\\/uploads\\\/sites\\\/33\\\/2021\\\/08\\\/shutterstock_1148992478.jpg\",\"width\":840,\"height\":420,\"caption\":\"3D Illustration House Paragraph\"},{\"@type\":\"BreadcrumbList\",\"@id\":\"https:\\\/\\\/www.buhl.de\\\/vermieter-web\\\/mietrecht-entwicklung-und-vorschau\\\/#breadcrumb\",\"itemListElement\":[{\"@type\":\"ListItem\",\"position\":1,\"name\":\"Startseite\",\"item\":\"https:\\\/\\\/www.buhl.de\\\/vermieter-web\\\/\"},{\"@type\":\"ListItem\",\"position\":2,\"name\":\"Mietrecht &#8211; Entwicklung und Vorschau\"}]},{\"@type\":\"WebSite\",\"@id\":\"https:\\\/\\\/www.buhl.de\\\/vermieter-web\\\/#website\",\"url\":\"https:\\\/\\\/www.buhl.de\\\/vermieter-web\\\/\",\"name\":\"Online-Nebenkostenabrechnung mit WISO Vermieter-Web\",\"description\":\"\",\"potentialAction\":[{\"@type\":\"SearchAction\",\"target\":{\"@type\":\"EntryPoint\",\"urlTemplate\":\"https:\\\/\\\/www.buhl.de\\\/vermieter-web\\\/?s={search_term_string}\"},\"query-input\":{\"@type\":\"PropertyValueSpecification\",\"valueRequired\":true,\"valueName\":\"search_term_string\"}}],\"inLanguage\":\"de\"},{\"@type\":\"Person\",\"@id\":\"https:\\\/\\\/www.buhl.de\\\/vermieter-web\\\/#\\\/schema\\\/person\\\/82903e1cb04eb553382702d503991b4f\",\"name\":\"Hartmut Fischer\"}]}<\/script>\n<!-- \/ Yoast SEO Premium plugin. -->","yoast_head_json":{"title":"Mietrecht \u2013 Entwicklung und Vorschau","description":"Das Mietrecht unterliegt st\u00e4ndiger rechtlicher Anpassung. Wir zeigen die Ver\u00e4nderungen der letzten Jahre und die zu erwartende Entwicklung.","robots":{"index":"noindex","follow":"nofollow"},"og_locale":"de_DE","og_type":"article","og_title":"Mietrecht - Entwicklung und Vorschau","og_description":"Das Mietrecht unterliegt st\u00e4ndiger rechtlicher Anpassung. Wir zeigen die Ver\u00e4nderungen der letzten Jahre und die zu erwartende Entwicklung.","og_url":"https:\/\/www.buhl.de\/vermieter-web\/mietrecht-entwicklung-und-vorschau\/","og_site_name":"Online-Nebenkostenabrechnung mit WISO Vermieter-Web","article_published_time":"2026-03-16T12:51:22+00:00","article_modified_time":"2026-03-17T15:31:16+00:00","og_image":[{"width":840,"height":420,"url":"https:\/\/www.buhl.de\/vermieter-web\/wp-content\/uploads\/sites\/33\/2021\/08\/shutterstock_1148992478.jpg","type":"image\/jpeg"}],"author":"Hartmut Fischer","twitter_card":"summary_large_image","twitter_misc":{"Verfasst von":"Hartmut Fischer","Gesch\u00e4tzte Lesezeit":"4\u00a0Minuten"},"schema":{"@context":"https:\/\/schema.org","@graph":[{"@type":"Article","@id":"https:\/\/www.buhl.de\/vermieter-web\/mietrecht-entwicklung-und-vorschau\/#article","isPartOf":{"@id":"https:\/\/www.buhl.de\/vermieter-web\/mietrecht-entwicklung-und-vorschau\/"},"author":{"name":"Hartmut Fischer","@id":"https:\/\/www.buhl.de\/vermieter-web\/#\/schema\/person\/82903e1cb04eb553382702d503991b4f"},"headline":"Mietrecht &#8211; Entwicklung und Vorschau","datePublished":"2026-03-16T12:51:22+00:00","dateModified":"2026-03-17T15:31:16+00:00","mainEntityOfPage":{"@id":"https:\/\/www.buhl.de\/vermieter-web\/mietrecht-entwicklung-und-vorschau\/"},"wordCount":567,"image":{"@id":"https:\/\/www.buhl.de\/vermieter-web\/mietrecht-entwicklung-und-vorschau\/#primaryimage"},"thumbnailUrl":"https:\/\/www.buhl.de\/vermieter-web\/wp-content\/uploads\/sites\/33\/2021\/08\/shutterstock_1148992478.jpg","keywords":["Mietpreisbremse","Mietrecht","Novellierung"],"inLanguage":"de"},{"@type":"WebPage","@id":"https:\/\/www.buhl.de\/vermieter-web\/mietrecht-entwicklung-und-vorschau\/","url":"https:\/\/www.buhl.de\/vermieter-web\/mietrecht-entwicklung-und-vorschau\/","name":"Mietrecht \u2013 Entwicklung und Vorschau","isPartOf":{"@id":"https:\/\/www.buhl.de\/vermieter-web\/#website"},"primaryImageOfPage":{"@id":"https:\/\/www.buhl.de\/vermieter-web\/mietrecht-entwicklung-und-vorschau\/#primaryimage"},"image":{"@id":"https:\/\/www.buhl.de\/vermieter-web\/mietrecht-entwicklung-und-vorschau\/#primaryimage"},"thumbnailUrl":"https:\/\/www.buhl.de\/vermieter-web\/wp-content\/uploads\/sites\/33\/2021\/08\/shutterstock_1148992478.jpg","datePublished":"2026-03-16T12:51:22+00:00","dateModified":"2026-03-17T15:31:16+00:00","author":{"@id":"https:\/\/www.buhl.de\/vermieter-web\/#\/schema\/person\/82903e1cb04eb553382702d503991b4f"},"description":"Das Mietrecht unterliegt st\u00e4ndiger rechtlicher Anpassung. Wir zeigen die Ver\u00e4nderungen der letzten Jahre und die zu erwartende Entwicklung.","breadcrumb":{"@id":"https:\/\/www.buhl.de\/vermieter-web\/mietrecht-entwicklung-und-vorschau\/#breadcrumb"},"inLanguage":"de","potentialAction":[{"@type":"ReadAction","target":["https:\/\/www.buhl.de\/vermieter-web\/mietrecht-entwicklung-und-vorschau\/"]}]},{"@type":"ImageObject","inLanguage":"de","@id":"https:\/\/www.buhl.de\/vermieter-web\/mietrecht-entwicklung-und-vorschau\/#primaryimage","url":"https:\/\/www.buhl.de\/vermieter-web\/wp-content\/uploads\/sites\/33\/2021\/08\/shutterstock_1148992478.jpg","contentUrl":"https:\/\/www.buhl.de\/vermieter-web\/wp-content\/uploads\/sites\/33\/2021\/08\/shutterstock_1148992478.jpg","width":840,"height":420,"caption":"3D Illustration House Paragraph"},{"@type":"BreadcrumbList","@id":"https:\/\/www.buhl.de\/vermieter-web\/mietrecht-entwicklung-und-vorschau\/#breadcrumb","itemListElement":[{"@type":"ListItem","position":1,"name":"Startseite","item":"https:\/\/www.buhl.de\/vermieter-web\/"},{"@type":"ListItem","position":2,"name":"Mietrecht &#8211; Entwicklung und Vorschau"}]},{"@type":"WebSite","@id":"https:\/\/www.buhl.de\/vermieter-web\/#website","url":"https:\/\/www.buhl.de\/vermieter-web\/","name":"Online-Nebenkostenabrechnung mit WISO Vermieter-Web","description":"","potentialAction":[{"@type":"SearchAction","target":{"@type":"EntryPoint","urlTemplate":"https:\/\/www.buhl.de\/vermieter-web\/?s={search_term_string}"},"query-input":{"@type":"PropertyValueSpecification","valueRequired":true,"valueName":"search_term_string"}}],"inLanguage":"de"},{"@type":"Person","@id":"https:\/\/www.buhl.de\/vermieter-web\/#\/schema\/person\/82903e1cb04eb553382702d503991b4f","name":"Hartmut Fischer"}]}},"_links":{"self":[{"href":"https:\/\/www.buhl.de\/vermieter-web\/wp-json\/wp\/v2\/posts\/17716","targetHints":{"allow":["GET"]}}],"collection":[{"href":"https:\/\/www.buhl.de\/vermieter-web\/wp-json\/wp\/v2\/posts"}],"about":[{"href":"https:\/\/www.buhl.de\/vermieter-web\/wp-json\/wp\/v2\/types\/post"}],"author":[{"embeddable":true,"href":"https:\/\/www.buhl.de\/vermieter-web\/wp-json\/wp\/v2\/users\/15"}],"replies":[{"embeddable":true,"href":"https:\/\/www.buhl.de\/vermieter-web\/wp-json\/wp\/v2\/comments?post=17716"}],"version-history":[{"count":2,"href":"https:\/\/www.buhl.de\/vermieter-web\/wp-json\/wp\/v2\/posts\/17716\/revisions"}],"predecessor-version":[{"id":17719,"href":"https:\/\/www.buhl.de\/vermieter-web\/wp-json\/wp\/v2\/posts\/17716\/revisions\/17719"}],"wp:featuredmedia":[{"embeddable":true,"href":"https:\/\/www.buhl.de\/vermieter-web\/wp-json\/wp\/v2\/media\/13930"}],"wp:attachment":[{"href":"https:\/\/www.buhl.de\/vermieter-web\/wp-json\/wp\/v2\/media?parent=17716"}],"wp:term":[{"taxonomy":"category","embeddable":true,"href":"https:\/\/www.buhl.de\/vermieter-web\/wp-json\/wp\/v2\/categories?post=17716"},{"taxonomy":"post_tag","embeddable":true,"href":"https:\/\/www.buhl.de\/vermieter-web\/wp-json\/wp\/v2\/tags?post=17716"}],"curies":[{"name":"wp","href":"https:\/\/api.w.org\/{rel}","templated":true}]}}