{"id":17734,"date":"2026-03-18T09:04:49","date_gmt":"2026-03-18T08:04:49","guid":{"rendered":"https:\/\/www.buhl.de\/vermieter-web\/?p=17734"},"modified":"2026-03-18T09:04:49","modified_gmt":"2026-03-18T08:04:49","slug":"schmerzensgeld-das-osternest-im-treppenhaus","status":"publish","type":"post","link":"https:\/\/www.buhl.de\/vermieter-web\/schmerzensgeld-das-osternest-im-treppenhaus\/","title":{"rendered":"Schmerzensgeld: Das Osternest im Treppenhaus"},"content":{"rendered":"<p>F\u00fcr Kinder Ostereier zu verstecken, ist ein beliebter Brauch. In der eigenen Mietwohnung kann der Mieter auch verstecken, wo immer er will. Im Treppenhaus sieht es allerdings etwas anders aus. Denn hier kann ein Osternest\u00a0 zur Stolperfalle werden. St\u00fcrzt jemand \u00fcber das Nest, kann dies einen Anspruch auf Schmerzensgeld ausl\u00f6sen. Zu diesem Ergebnis kam das Amtsgericht Dortmund in einem Urteil vom 24.07.2012 (Aktenzeichen 425-C-418812).<\/p>\n<h5>Mitbewohnerin stolpert \u00fcber Osternest<\/h5>\n<p>Zu dem Urteil kam es, nachdem ein Mieter im Treppenhaus des Hauses ein Osternest aufgestellt hatte. Das rund 30 cm breite und etwa 24 cm hohe Nest machte die Treppenstufe um etwa ein Drittel schmaler. Eine Mieterin hatte das Nest \u00fcbersehen, st\u00fcrzte und erlitt eine oberfl\u00e4chliche Hautabsch\u00fcrfung, was eine leichte Schwellung und eine Hautr\u00f6tung zur folge hatte. Die Mieterin behauptete, dar\u00fcber hinaus um 35 % in ihrer Arbeitsf\u00e4higkeit eingeschr\u00e4nkt zu sein. Darum verlangte sie ein Schmerzensgeld von 850,00 Euro.<\/p>\n<h5>Amtsgericht: Schmerzensgeldforderung berechtigt<\/h5>\n<p>Das Amtsgericht Dortmund gab der Verletzten recht. Durch das Aufstellen des Osternestes habe der Mieter gegen die Verkehrssicherungspflicht versto\u00dfen. Das Nest stellte nach Ansicht des Gerichts eine Gefahrenquelle dar, die insbesondere bei Gefahrensituationen wie Br\u00e4nden oder \u00c4hnlichem nicht untersch\u00e4tzt werden darf. Insofern ist die Forderung von Schmerzensgeld berechtigt.<\/p>\n<p>Allerdings war f\u00fcr das Gericht nicht nachvollziehbar, dass die Verletzungen die Hausfrau zu 35 % in ihrer Arbeitsf\u00e4higkeit einschr\u00e4nken. Es hielt deshalb ein Schmerzensgeld in H\u00f6he von 100 \u20ac f\u00fcr angemessen und ausreichend.<\/p>\n<h5>Mitschuld der Gest\u00fcrzten<\/h5>\n<p>Dieses Schmerzensgeld k\u00fcrzte das Gericht au\u00dferdem um 50 %, da die Gesch\u00e4digte den Unfall zur H\u00e4lfte mitverschuldet habe. Sie habe nicht sorgf\u00e4ltig, sondern fahrl\u00e4ssig gehandelt, da der Sturz vorhersehbar und damit vermeidbar war. Das Gericht wies in diesem Zusammenhang darauf hin, dass die Kl\u00e4gerin bereits mehrmals t\u00e4glich an dem Nest vorbeiging und sich dar\u00fcber \u00e4rgerte. Vor diesem Hintergrund entschied das Gericht, dass ein Schmerzensgeld in H\u00f6he von 50,00 \u20ac angemessen und ausreichend ist.<\/p>\n","protected":false},"excerpt":{"rendered":"<p>F\u00fcr Kinder Ostereier zu verstecken, ist ein beliebter Brauch. In der eigenen Mietwohnung kann der Mieter auch verstecken, wo immer er will. Im Treppenhaus sieht es allerdings etwas anders aus. Denn hier kann ein Osternest\u00a0 zur Stolperfalle werden. St\u00fcrzt jemand \u00fcber das Nest, kann dies einen Anspruch auf Schmerzensgeld ausl\u00f6sen. Zu diesem Ergebnis kam das &hellip; <\/p>\n<p class=\"link-more\"><a href=\"https:\/\/www.buhl.de\/vermieter-web\/schmerzensgeld-das-osternest-im-treppenhaus\/\" class=\"more-link\"><span class=\"screen-reader-text\">\u201eSchmerzensgeld: Das Osternest im Treppenhaus\u201c<\/span> weiterlesen<\/a><\/p>\n","protected":false},"author":15,"featured_media":17736,"comment_status":"closed","ping_status":"open","sticky":false,"template":"","format":"standard","meta":{"footnotes":""},"categories":[1],"tags":[6526,1937,6527],"class_list":["post-17734","post","type-post","status-publish","format-standard","has-post-thumbnail","hentry","category-allgemein","tag-ostern","tag-verkehrssicherungspflicht","tag-versteck"],"yoast_head":"<!-- This site is optimized with the Yoast SEO Premium plugin v27.4 (Yoast SEO v27.5) - https:\/\/yoast.com\/product\/yoast-seo-premium-wordpress\/ -->\n<title>Schmerzensgeld wegen Osternest im Treppenhaus<\/title>\n<meta name=\"description\" content=\"Schmerzensgeld verlangte eine Mieterin, die \u00fcber ein im Treppenhaus aufgestelltes Osternest stolperte. Das Amtsgericht gab ihr Recht.\" \/>\n<meta name=\"robots\" content=\"noindex, nofollow\" \/>\n<meta property=\"og:locale\" content=\"de_DE\" \/>\n<meta property=\"og:type\" content=\"article\" \/>\n<meta property=\"og:title\" content=\"Schmerzensgeld: Das Osternest im Treppenhaus\" \/>\n<meta property=\"og:description\" content=\"Schmerzensgeld verlangte eine Mieterin, die \u00fcber ein im Treppenhaus aufgestelltes Osternest stolperte. Das Amtsgericht gab ihr Recht.\" \/>\n<meta property=\"og:url\" content=\"https:\/\/www.buhl.de\/vermieter-web\/schmerzensgeld-das-osternest-im-treppenhaus\/\" \/>\n<meta property=\"og:site_name\" content=\"Online-Nebenkostenabrechnung mit WISO Vermieter-Web\" \/>\n<meta property=\"article:published_time\" content=\"2026-03-18T08:04:49+00:00\" \/>\n<meta property=\"og:image\" content=\"https:\/\/www.buhl.de\/vermieter-web\/wp-content\/uploads\/sites\/33\/2026\/03\/Tiumentseva-Irina-Ei-auf-treppe-KI-generiert.jpg\" \/>\n\t<meta property=\"og:image:width\" content=\"1063\" \/>\n\t<meta property=\"og:image:height\" content=\"543\" \/>\n\t<meta property=\"og:image:type\" content=\"image\/jpeg\" \/>\n<meta name=\"author\" content=\"Hartmut Fischer\" \/>\n<meta name=\"twitter:card\" content=\"summary_large_image\" \/>\n<meta name=\"twitter:label1\" content=\"Verfasst von\" \/>\n\t<meta name=\"twitter:data1\" content=\"Hartmut Fischer\" \/>\n\t<meta name=\"twitter:label2\" content=\"Gesch\u00e4tzte Lesezeit\" \/>\n\t<meta name=\"twitter:data2\" content=\"2\u00a0Minuten\" \/>\n<script type=\"application\/ld+json\" class=\"yoast-schema-graph\">{\"@context\":\"https:\\\/\\\/schema.org\",\"@graph\":[{\"@type\":\"Article\",\"@id\":\"https:\\\/\\\/www.buhl.de\\\/vermieter-web\\\/schmerzensgeld-das-osternest-im-treppenhaus\\\/#article\",\"isPartOf\":{\"@id\":\"https:\\\/\\\/www.buhl.de\\\/vermieter-web\\\/schmerzensgeld-das-osternest-im-treppenhaus\\\/\"},\"author\":{\"name\":\"Hartmut Fischer\",\"@id\":\"https:\\\/\\\/www.buhl.de\\\/vermieter-web\\\/#\\\/schema\\\/person\\\/82903e1cb04eb553382702d503991b4f\"},\"headline\":\"Schmerzensgeld: Das Osternest im Treppenhaus\",\"datePublished\":\"2026-03-18T08:04:49+00:00\",\"mainEntityOfPage\":{\"@id\":\"https:\\\/\\\/www.buhl.de\\\/vermieter-web\\\/schmerzensgeld-das-osternest-im-treppenhaus\\\/\"},\"wordCount\":327,\"image\":{\"@id\":\"https:\\\/\\\/www.buhl.de\\\/vermieter-web\\\/schmerzensgeld-das-osternest-im-treppenhaus\\\/#primaryimage\"},\"thumbnailUrl\":\"https:\\\/\\\/www.buhl.de\\\/vermieter-web\\\/wp-content\\\/uploads\\\/sites\\\/33\\\/2026\\\/03\\\/Tiumentseva-Irina-Ei-auf-treppe-KI-generiert.jpg\",\"keywords\":[\"Ostern\",\"Verkehrssicherungspflicht\",\"Versteck\"],\"inLanguage\":\"de\"},{\"@type\":\"WebPage\",\"@id\":\"https:\\\/\\\/www.buhl.de\\\/vermieter-web\\\/schmerzensgeld-das-osternest-im-treppenhaus\\\/\",\"url\":\"https:\\\/\\\/www.buhl.de\\\/vermieter-web\\\/schmerzensgeld-das-osternest-im-treppenhaus\\\/\",\"name\":\"Schmerzensgeld wegen Osternest im Treppenhaus\",\"isPartOf\":{\"@id\":\"https:\\\/\\\/www.buhl.de\\\/vermieter-web\\\/#website\"},\"primaryImageOfPage\":{\"@id\":\"https:\\\/\\\/www.buhl.de\\\/vermieter-web\\\/schmerzensgeld-das-osternest-im-treppenhaus\\\/#primaryimage\"},\"image\":{\"@id\":\"https:\\\/\\\/www.buhl.de\\\/vermieter-web\\\/schmerzensgeld-das-osternest-im-treppenhaus\\\/#primaryimage\"},\"thumbnailUrl\":\"https:\\\/\\\/www.buhl.de\\\/vermieter-web\\\/wp-content\\\/uploads\\\/sites\\\/33\\\/2026\\\/03\\\/Tiumentseva-Irina-Ei-auf-treppe-KI-generiert.jpg\",\"datePublished\":\"2026-03-18T08:04:49+00:00\",\"author\":{\"@id\":\"https:\\\/\\\/www.buhl.de\\\/vermieter-web\\\/#\\\/schema\\\/person\\\/82903e1cb04eb553382702d503991b4f\"},\"description\":\"Schmerzensgeld verlangte eine Mieterin, die \u00fcber ein im Treppenhaus aufgestelltes Osternest stolperte. Das Amtsgericht gab ihr Recht.\",\"breadcrumb\":{\"@id\":\"https:\\\/\\\/www.buhl.de\\\/vermieter-web\\\/schmerzensgeld-das-osternest-im-treppenhaus\\\/#breadcrumb\"},\"inLanguage\":\"de\",\"potentialAction\":[{\"@type\":\"ReadAction\",\"target\":[\"https:\\\/\\\/www.buhl.de\\\/vermieter-web\\\/schmerzensgeld-das-osternest-im-treppenhaus\\\/\"]}]},{\"@type\":\"ImageObject\",\"inLanguage\":\"de\",\"@id\":\"https:\\\/\\\/www.buhl.de\\\/vermieter-web\\\/schmerzensgeld-das-osternest-im-treppenhaus\\\/#primaryimage\",\"url\":\"https:\\\/\\\/www.buhl.de\\\/vermieter-web\\\/wp-content\\\/uploads\\\/sites\\\/33\\\/2026\\\/03\\\/Tiumentseva-Irina-Ei-auf-treppe-KI-generiert.jpg\",\"contentUrl\":\"https:\\\/\\\/www.buhl.de\\\/vermieter-web\\\/wp-content\\\/uploads\\\/sites\\\/33\\\/2026\\\/03\\\/Tiumentseva-Irina-Ei-auf-treppe-KI-generiert.jpg\",\"width\":1063,\"height\":543},{\"@type\":\"BreadcrumbList\",\"@id\":\"https:\\\/\\\/www.buhl.de\\\/vermieter-web\\\/schmerzensgeld-das-osternest-im-treppenhaus\\\/#breadcrumb\",\"itemListElement\":[{\"@type\":\"ListItem\",\"position\":1,\"name\":\"Startseite\",\"item\":\"https:\\\/\\\/www.buhl.de\\\/vermieter-web\\\/\"},{\"@type\":\"ListItem\",\"position\":2,\"name\":\"Schmerzensgeld: Das Osternest im Treppenhaus\"}]},{\"@type\":\"WebSite\",\"@id\":\"https:\\\/\\\/www.buhl.de\\\/vermieter-web\\\/#website\",\"url\":\"https:\\\/\\\/www.buhl.de\\\/vermieter-web\\\/\",\"name\":\"Online-Nebenkostenabrechnung mit WISO Vermieter-Web\",\"description\":\"\",\"potentialAction\":[{\"@type\":\"SearchAction\",\"target\":{\"@type\":\"EntryPoint\",\"urlTemplate\":\"https:\\\/\\\/www.buhl.de\\\/vermieter-web\\\/?s={search_term_string}\"},\"query-input\":{\"@type\":\"PropertyValueSpecification\",\"valueRequired\":true,\"valueName\":\"search_term_string\"}}],\"inLanguage\":\"de\"},{\"@type\":\"Person\",\"@id\":\"https:\\\/\\\/www.buhl.de\\\/vermieter-web\\\/#\\\/schema\\\/person\\\/82903e1cb04eb553382702d503991b4f\",\"name\":\"Hartmut Fischer\"}]}<\/script>\n<!-- \/ Yoast SEO Premium plugin. -->","yoast_head_json":{"title":"Schmerzensgeld wegen Osternest im Treppenhaus","description":"Schmerzensgeld verlangte eine Mieterin, die \u00fcber ein im Treppenhaus aufgestelltes Osternest stolperte. Das Amtsgericht gab ihr Recht.","robots":{"index":"noindex","follow":"nofollow"},"og_locale":"de_DE","og_type":"article","og_title":"Schmerzensgeld: Das Osternest im Treppenhaus","og_description":"Schmerzensgeld verlangte eine Mieterin, die \u00fcber ein im Treppenhaus aufgestelltes Osternest stolperte. Das Amtsgericht gab ihr Recht.","og_url":"https:\/\/www.buhl.de\/vermieter-web\/schmerzensgeld-das-osternest-im-treppenhaus\/","og_site_name":"Online-Nebenkostenabrechnung mit WISO Vermieter-Web","article_published_time":"2026-03-18T08:04:49+00:00","og_image":[{"width":1063,"height":543,"url":"https:\/\/www.buhl.de\/vermieter-web\/wp-content\/uploads\/sites\/33\/2026\/03\/Tiumentseva-Irina-Ei-auf-treppe-KI-generiert.jpg","type":"image\/jpeg"}],"author":"Hartmut Fischer","twitter_card":"summary_large_image","twitter_misc":{"Verfasst von":"Hartmut Fischer","Gesch\u00e4tzte Lesezeit":"2\u00a0Minuten"},"schema":{"@context":"https:\/\/schema.org","@graph":[{"@type":"Article","@id":"https:\/\/www.buhl.de\/vermieter-web\/schmerzensgeld-das-osternest-im-treppenhaus\/#article","isPartOf":{"@id":"https:\/\/www.buhl.de\/vermieter-web\/schmerzensgeld-das-osternest-im-treppenhaus\/"},"author":{"name":"Hartmut Fischer","@id":"https:\/\/www.buhl.de\/vermieter-web\/#\/schema\/person\/82903e1cb04eb553382702d503991b4f"},"headline":"Schmerzensgeld: Das Osternest im Treppenhaus","datePublished":"2026-03-18T08:04:49+00:00","mainEntityOfPage":{"@id":"https:\/\/www.buhl.de\/vermieter-web\/schmerzensgeld-das-osternest-im-treppenhaus\/"},"wordCount":327,"image":{"@id":"https:\/\/www.buhl.de\/vermieter-web\/schmerzensgeld-das-osternest-im-treppenhaus\/#primaryimage"},"thumbnailUrl":"https:\/\/www.buhl.de\/vermieter-web\/wp-content\/uploads\/sites\/33\/2026\/03\/Tiumentseva-Irina-Ei-auf-treppe-KI-generiert.jpg","keywords":["Ostern","Verkehrssicherungspflicht","Versteck"],"inLanguage":"de"},{"@type":"WebPage","@id":"https:\/\/www.buhl.de\/vermieter-web\/schmerzensgeld-das-osternest-im-treppenhaus\/","url":"https:\/\/www.buhl.de\/vermieter-web\/schmerzensgeld-das-osternest-im-treppenhaus\/","name":"Schmerzensgeld wegen Osternest im Treppenhaus","isPartOf":{"@id":"https:\/\/www.buhl.de\/vermieter-web\/#website"},"primaryImageOfPage":{"@id":"https:\/\/www.buhl.de\/vermieter-web\/schmerzensgeld-das-osternest-im-treppenhaus\/#primaryimage"},"image":{"@id":"https:\/\/www.buhl.de\/vermieter-web\/schmerzensgeld-das-osternest-im-treppenhaus\/#primaryimage"},"thumbnailUrl":"https:\/\/www.buhl.de\/vermieter-web\/wp-content\/uploads\/sites\/33\/2026\/03\/Tiumentseva-Irina-Ei-auf-treppe-KI-generiert.jpg","datePublished":"2026-03-18T08:04:49+00:00","author":{"@id":"https:\/\/www.buhl.de\/vermieter-web\/#\/schema\/person\/82903e1cb04eb553382702d503991b4f"},"description":"Schmerzensgeld verlangte eine Mieterin, die \u00fcber ein im Treppenhaus aufgestelltes Osternest stolperte. Das Amtsgericht gab ihr Recht.","breadcrumb":{"@id":"https:\/\/www.buhl.de\/vermieter-web\/schmerzensgeld-das-osternest-im-treppenhaus\/#breadcrumb"},"inLanguage":"de","potentialAction":[{"@type":"ReadAction","target":["https:\/\/www.buhl.de\/vermieter-web\/schmerzensgeld-das-osternest-im-treppenhaus\/"]}]},{"@type":"ImageObject","inLanguage":"de","@id":"https:\/\/www.buhl.de\/vermieter-web\/schmerzensgeld-das-osternest-im-treppenhaus\/#primaryimage","url":"https:\/\/www.buhl.de\/vermieter-web\/wp-content\/uploads\/sites\/33\/2026\/03\/Tiumentseva-Irina-Ei-auf-treppe-KI-generiert.jpg","contentUrl":"https:\/\/www.buhl.de\/vermieter-web\/wp-content\/uploads\/sites\/33\/2026\/03\/Tiumentseva-Irina-Ei-auf-treppe-KI-generiert.jpg","width":1063,"height":543},{"@type":"BreadcrumbList","@id":"https:\/\/www.buhl.de\/vermieter-web\/schmerzensgeld-das-osternest-im-treppenhaus\/#breadcrumb","itemListElement":[{"@type":"ListItem","position":1,"name":"Startseite","item":"https:\/\/www.buhl.de\/vermieter-web\/"},{"@type":"ListItem","position":2,"name":"Schmerzensgeld: Das Osternest im Treppenhaus"}]},{"@type":"WebSite","@id":"https:\/\/www.buhl.de\/vermieter-web\/#website","url":"https:\/\/www.buhl.de\/vermieter-web\/","name":"Online-Nebenkostenabrechnung mit WISO Vermieter-Web","description":"","potentialAction":[{"@type":"SearchAction","target":{"@type":"EntryPoint","urlTemplate":"https:\/\/www.buhl.de\/vermieter-web\/?s={search_term_string}"},"query-input":{"@type":"PropertyValueSpecification","valueRequired":true,"valueName":"search_term_string"}}],"inLanguage":"de"},{"@type":"Person","@id":"https:\/\/www.buhl.de\/vermieter-web\/#\/schema\/person\/82903e1cb04eb553382702d503991b4f","name":"Hartmut Fischer"}]}},"_links":{"self":[{"href":"https:\/\/www.buhl.de\/vermieter-web\/wp-json\/wp\/v2\/posts\/17734","targetHints":{"allow":["GET"]}}],"collection":[{"href":"https:\/\/www.buhl.de\/vermieter-web\/wp-json\/wp\/v2\/posts"}],"about":[{"href":"https:\/\/www.buhl.de\/vermieter-web\/wp-json\/wp\/v2\/types\/post"}],"author":[{"embeddable":true,"href":"https:\/\/www.buhl.de\/vermieter-web\/wp-json\/wp\/v2\/users\/15"}],"replies":[{"embeddable":true,"href":"https:\/\/www.buhl.de\/vermieter-web\/wp-json\/wp\/v2\/comments?post=17734"}],"version-history":[{"count":1,"href":"https:\/\/www.buhl.de\/vermieter-web\/wp-json\/wp\/v2\/posts\/17734\/revisions"}],"predecessor-version":[{"id":17737,"href":"https:\/\/www.buhl.de\/vermieter-web\/wp-json\/wp\/v2\/posts\/17734\/revisions\/17737"}],"wp:featuredmedia":[{"embeddable":true,"href":"https:\/\/www.buhl.de\/vermieter-web\/wp-json\/wp\/v2\/media\/17736"}],"wp:attachment":[{"href":"https:\/\/www.buhl.de\/vermieter-web\/wp-json\/wp\/v2\/media?parent=17734"}],"wp:term":[{"taxonomy":"category","embeddable":true,"href":"https:\/\/www.buhl.de\/vermieter-web\/wp-json\/wp\/v2\/categories?post=17734"},{"taxonomy":"post_tag","embeddable":true,"href":"https:\/\/www.buhl.de\/vermieter-web\/wp-json\/wp\/v2\/tags?post=17734"}],"curies":[{"name":"wp","href":"https:\/\/api.w.org\/{rel}","templated":true}]}}