{"id":17785,"date":"2026-04-14T10:25:58","date_gmt":"2026-04-14T08:25:58","guid":{"rendered":"https:\/\/www.buhl.de\/vermieter-web\/?p=17785"},"modified":"2026-04-14T10:25:58","modified_gmt":"2026-04-14T08:25:58","slug":"haerten-bei-einer-eigenbedarfskuendigung","status":"publish","type":"post","link":"https:\/\/www.buhl.de\/vermieter-web\/haerten-bei-einer-eigenbedarfskuendigung\/","title":{"rendered":"H\u00e4rten bei einer Eigenbedarfsk\u00fcndigung?"},"content":{"rendered":"<p><strong>Ein Mieter kann bei einer Eigenbedarfsk\u00fcndigung unter Umst\u00e4nden H\u00e4rten geltend machen und deshalb die K\u00fcndigung ablehnen. Kommt es zur gerichtlichen Auseinandersetzung, muss dem Mieter umfassendes rechtliches Geh\u00f6r \u2013 auch bez\u00fcglich der geltend gemachten H\u00e4rten \u2013 einger\u00e4umt werden. Wie weit dieses rechtliche Geh\u00f6r gehen muss, kl\u00e4rte der Bundesgerichtshof (BGH) in einem Urteil vom 28.10.2025 (Aktenzeichen VIII ZR 17\/25).<\/strong><\/p>\n<hr \/>\n<p style=\"text-align: center\"><a href=\"https:\/\/www.bundesgerichtshof.de\/SharedDocs\/Entscheidungen\/DE\/Zivilsenate\/VIII_ZS\/2025\/VIII_ZR__17-25A.pdf?__blob=publicationFile&amp;v=1\">Hier k\u00f6nnen Sie das Urteil im Original lese<\/a>n<\/p>\n<hr \/>\n<h5>H\u00e4rten gegen K\u00fcndigung geltend gemacht<\/h5>\n<p>In dem Verfahren ging es um die Eigenbedarfsk\u00fcndigung einer Mieterin, die seit vielen Jahren in einer Wohnung lebte und sich gegen die K\u00fcndigung durch die Vermieter zur Wehr setzte. Diese hatten Eigenbedarf geltend gemacht, da ihre Tochter mit Familie die Wohnung nutzen wollte. Die Mieterin widersprach und machte H\u00e4rten aufgrund gesundheitlicher Probleme geltend <a href=\"https:\/\/www.gesetze-im-internet.de\/bgb\/__574.html\">(\u00a7 574 BGB<\/a>). Ein Umzug sei ihr nicht zumutbar. Sie legte dazu mehrere \u00e4rztliche Atteste vor, die unter anderem eine depressive Erkrankung sowie eine Verschlechterung ihres k\u00f6rperlichen Zustands best\u00e4tigten.<\/p>\n<h5>Gerichte sehen keine H\u00e4rten f\u00fcr den Mieter<\/h5>\n<p>Sowohl das Amtsgericht als auch das Landgericht folgten jedoch der Argumentation der Vermieter. Sie hielten die K\u00fcndigung f\u00fcr wirksam und verneinten einen H\u00e4rtefall. Das Berufungsgericht sah insbesondere keinen Anlass, ein Sachverst\u00e4ndigengutachten zu den gesundheitlichen Auswirkungen eines Umzugs einzuholen, und bewertete den Vortrag der Mieterin teilweise als widerspr\u00fcchlich.<\/p>\n<h5>BGH: H\u00e4rten m\u00fcssen gutachterlich gekl\u00e4rt werden<\/h5>\n<p>Der Bundesgerichtshof widersprach dieser Vorgehensweise deutlich. Er stellte klar, dass das Berufungsgericht den Anspruch der Mieterin auf rechtliches Geh\u00f6r verletzt habe. Sobald ein Mieter nachvollziehbar und durch Atteste gest\u00fctzt gesundheitliche Risiken eines Umzugs darlegt, sind Gerichte verpflichtet, den Sachverhalt umfassend aufzukl\u00e4ren. In der Regel bedeutet dies, ein medizinisches Sachverst\u00e4ndigengutachten einzuholen. Eine eigene Einsch\u00e4tzung des Gerichts ohne entsprechende Fachkenntnis reicht nicht aus.<\/p>\n<h5>Wann liegen H\u00e4rten vor?<\/h5>\n<p>Besonders wichtig ist die Klarstellung, dass ein H\u00e4rtefall nicht nur dann vorliegt, wenn ein Umzug objektiv unm\u00f6glich ist. Es gen\u00fcgt bereits die ernsthafte Gefahr, dass sich der Gesundheitszustand erheblich verschlechtert. Zudem darf ein m\u00f6glicherweise widerspr\u00fcchlicher Vortrag nicht dazu f\u00fchren, dass Beweise gar nicht erst erhoben werden. Solche Widerspr\u00fcche sind vielmehr im Rahmen der Beweisw\u00fcrdigung zu ber\u00fccksichtigen.<\/p>\n<hr \/>\n<h5>Das k\u00f6nnte Sie auch interessieren:<\/h5>\n<p><a href=\"https:\/\/www.buhl.de\/vermieter-web\/eigenbedarf-strenge-massstaebe-bei-haertefaellen\/\">Eigenbedarf: Strenge Ma\u00dfst\u00e4be bei H\u00e4rtef\u00e4llen<\/a><br \/>\n<a href=\"https:\/\/www.buhl.de\/vermieter-web\/eigenbedarfskuendigung-auf-die-begruendung-kommt-es-an\/\">Eigenbedarfsk\u00fcndigung: Auf die Begr\u00fcndung kommt es an<\/a><\/p>\n<hr \/>\n<p>&nbsp;<\/p>\n<p>&nbsp;<\/p>\n","protected":false},"excerpt":{"rendered":"<p>Ein Mieter kann bei einer Eigenbedarfsk\u00fcndigung unter Umst\u00e4nden H\u00e4rten geltend machen und deshalb die K\u00fcndigung ablehnen. Kommt es zur gerichtlichen Auseinandersetzung, muss dem Mieter umfassendes rechtliches Geh\u00f6r \u2013 auch bez\u00fcglich der geltend gemachten H\u00e4rten \u2013 einger\u00e4umt werden. Wie weit dieses rechtliche Geh\u00f6r gehen muss, kl\u00e4rte der Bundesgerichtshof (BGH) in einem Urteil vom 28.10.2025 (Aktenzeichen VIII &hellip; <\/p>\n<p class=\"link-more\"><a href=\"https:\/\/www.buhl.de\/vermieter-web\/haerten-bei-einer-eigenbedarfskuendigung\/\" class=\"more-link\"><span class=\"screen-reader-text\">\u201eH\u00e4rten bei einer Eigenbedarfsk\u00fcndigung?\u201c<\/span> weiterlesen<\/a><\/p>\n","protected":false},"author":15,"featured_media":15810,"comment_status":"closed","ping_status":"open","sticky":false,"template":"","format":"standard","meta":{"footnotes":""},"categories":[1],"tags":[648,6486,6234],"class_list":["post-17785","post","type-post","status-publish","format-standard","has-post-thumbnail","hentry","category-allgemein","tag-eigenbedarf","tag-gesundheit","tag-haerte"],"yoast_head":"<!-- This site is optimized with the Yoast SEO Premium plugin v27.4 (Yoast SEO v27.5) - https:\/\/yoast.com\/product\/yoast-seo-premium-wordpress\/ -->\n<title>H\u00e4rten bei einer Eigenbedarfsk\u00fcndigung?<\/title>\n<meta name=\"description\" content=\"H\u00e4rten, die der Mieter bei einer Eigenbedarfsk\u00fcndigung geltend macht, sind vom Gericht besonders sorgf\u00e4ltig zu pr\u00fcfen.\" \/>\n<meta name=\"robots\" content=\"noindex, nofollow\" \/>\n<meta property=\"og:locale\" content=\"de_DE\" \/>\n<meta property=\"og:type\" content=\"article\" \/>\n<meta property=\"og:title\" content=\"H\u00e4rten bei einer Eigenbedarfsk\u00fcndigung?\" \/>\n<meta property=\"og:description\" content=\"H\u00e4rten, die der Mieter bei einer Eigenbedarfsk\u00fcndigung geltend macht, sind vom Gericht besonders sorgf\u00e4ltig zu pr\u00fcfen.\" \/>\n<meta property=\"og:url\" content=\"https:\/\/www.buhl.de\/vermieter-web\/haerten-bei-einer-eigenbedarfskuendigung\/\" \/>\n<meta property=\"og:site_name\" content=\"Online-Nebenkostenabrechnung mit WISO Vermieter-Web\" \/>\n<meta property=\"article:published_time\" content=\"2026-04-14T08:25:58+00:00\" \/>\n<meta property=\"og:image\" content=\"https:\/\/www.buhl.de\/vermieter-web\/wp-content\/uploads\/sites\/33\/2023\/11\/shutterstock_1232398291.jpg\" \/>\n\t<meta property=\"og:image:width\" content=\"800\" \/>\n\t<meta property=\"og:image:height\" content=\"420\" \/>\n\t<meta property=\"og:image:type\" content=\"image\/jpeg\" \/>\n<meta name=\"author\" content=\"Hartmut Fischer\" \/>\n<meta name=\"twitter:card\" content=\"summary_large_image\" \/>\n<meta name=\"twitter:label1\" content=\"Verfasst von\" \/>\n\t<meta name=\"twitter:data1\" content=\"Hartmut Fischer\" \/>\n\t<meta name=\"twitter:label2\" content=\"Gesch\u00e4tzte Lesezeit\" \/>\n\t<meta name=\"twitter:data2\" content=\"3\u00a0Minuten\" \/>\n<script type=\"application\/ld+json\" class=\"yoast-schema-graph\">{\"@context\":\"https:\\\/\\\/schema.org\",\"@graph\":[{\"@type\":\"Article\",\"@id\":\"https:\\\/\\\/www.buhl.de\\\/vermieter-web\\\/haerten-bei-einer-eigenbedarfskuendigung\\\/#article\",\"isPartOf\":{\"@id\":\"https:\\\/\\\/www.buhl.de\\\/vermieter-web\\\/haerten-bei-einer-eigenbedarfskuendigung\\\/\"},\"author\":{\"name\":\"Hartmut Fischer\",\"@id\":\"https:\\\/\\\/www.buhl.de\\\/vermieter-web\\\/#\\\/schema\\\/person\\\/82903e1cb04eb553382702d503991b4f\"},\"headline\":\"H\u00e4rten bei einer Eigenbedarfsk\u00fcndigung?\",\"datePublished\":\"2026-04-14T08:25:58+00:00\",\"mainEntityOfPage\":{\"@id\":\"https:\\\/\\\/www.buhl.de\\\/vermieter-web\\\/haerten-bei-einer-eigenbedarfskuendigung\\\/\"},\"wordCount\":402,\"image\":{\"@id\":\"https:\\\/\\\/www.buhl.de\\\/vermieter-web\\\/haerten-bei-einer-eigenbedarfskuendigung\\\/#primaryimage\"},\"thumbnailUrl\":\"https:\\\/\\\/www.buhl.de\\\/vermieter-web\\\/wp-content\\\/uploads\\\/sites\\\/33\\\/2023\\\/11\\\/shutterstock_1232398291.jpg\",\"keywords\":[\"Eigenbedarf\",\"Gesundheit\",\"H\u00e4rte\"],\"inLanguage\":\"de\"},{\"@type\":\"WebPage\",\"@id\":\"https:\\\/\\\/www.buhl.de\\\/vermieter-web\\\/haerten-bei-einer-eigenbedarfskuendigung\\\/\",\"url\":\"https:\\\/\\\/www.buhl.de\\\/vermieter-web\\\/haerten-bei-einer-eigenbedarfskuendigung\\\/\",\"name\":\"H\u00e4rten bei einer Eigenbedarfsk\u00fcndigung?\",\"isPartOf\":{\"@id\":\"https:\\\/\\\/www.buhl.de\\\/vermieter-web\\\/#website\"},\"primaryImageOfPage\":{\"@id\":\"https:\\\/\\\/www.buhl.de\\\/vermieter-web\\\/haerten-bei-einer-eigenbedarfskuendigung\\\/#primaryimage\"},\"image\":{\"@id\":\"https:\\\/\\\/www.buhl.de\\\/vermieter-web\\\/haerten-bei-einer-eigenbedarfskuendigung\\\/#primaryimage\"},\"thumbnailUrl\":\"https:\\\/\\\/www.buhl.de\\\/vermieter-web\\\/wp-content\\\/uploads\\\/sites\\\/33\\\/2023\\\/11\\\/shutterstock_1232398291.jpg\",\"datePublished\":\"2026-04-14T08:25:58+00:00\",\"author\":{\"@id\":\"https:\\\/\\\/www.buhl.de\\\/vermieter-web\\\/#\\\/schema\\\/person\\\/82903e1cb04eb553382702d503991b4f\"},\"description\":\"H\u00e4rten, die der Mieter bei einer Eigenbedarfsk\u00fcndigung geltend macht, sind vom Gericht besonders sorgf\u00e4ltig zu pr\u00fcfen.\",\"breadcrumb\":{\"@id\":\"https:\\\/\\\/www.buhl.de\\\/vermieter-web\\\/haerten-bei-einer-eigenbedarfskuendigung\\\/#breadcrumb\"},\"inLanguage\":\"de\",\"potentialAction\":[{\"@type\":\"ReadAction\",\"target\":[\"https:\\\/\\\/www.buhl.de\\\/vermieter-web\\\/haerten-bei-einer-eigenbedarfskuendigung\\\/\"]}]},{\"@type\":\"ImageObject\",\"inLanguage\":\"de\",\"@id\":\"https:\\\/\\\/www.buhl.de\\\/vermieter-web\\\/haerten-bei-einer-eigenbedarfskuendigung\\\/#primaryimage\",\"url\":\"https:\\\/\\\/www.buhl.de\\\/vermieter-web\\\/wp-content\\\/uploads\\\/sites\\\/33\\\/2023\\\/11\\\/shutterstock_1232398291.jpg\",\"contentUrl\":\"https:\\\/\\\/www.buhl.de\\\/vermieter-web\\\/wp-content\\\/uploads\\\/sites\\\/33\\\/2023\\\/11\\\/shutterstock_1232398291.jpg\",\"width\":800,\"height\":420,\"caption\":\"Karlsruhe, Baden-Wurttemberg \\\/ Germany - May 17, 2018: Entrance to The Federal Court of Justice in Karlsruhe, Germany - Bundesgerichtshof - BGH - is the highest court in Germany\"},{\"@type\":\"BreadcrumbList\",\"@id\":\"https:\\\/\\\/www.buhl.de\\\/vermieter-web\\\/haerten-bei-einer-eigenbedarfskuendigung\\\/#breadcrumb\",\"itemListElement\":[{\"@type\":\"ListItem\",\"position\":1,\"name\":\"Startseite\",\"item\":\"https:\\\/\\\/www.buhl.de\\\/vermieter-web\\\/\"},{\"@type\":\"ListItem\",\"position\":2,\"name\":\"H\u00e4rten bei einer Eigenbedarfsk\u00fcndigung?\"}]},{\"@type\":\"WebSite\",\"@id\":\"https:\\\/\\\/www.buhl.de\\\/vermieter-web\\\/#website\",\"url\":\"https:\\\/\\\/www.buhl.de\\\/vermieter-web\\\/\",\"name\":\"Online-Nebenkostenabrechnung mit WISO Vermieter-Web\",\"description\":\"\",\"potentialAction\":[{\"@type\":\"SearchAction\",\"target\":{\"@type\":\"EntryPoint\",\"urlTemplate\":\"https:\\\/\\\/www.buhl.de\\\/vermieter-web\\\/?s={search_term_string}\"},\"query-input\":{\"@type\":\"PropertyValueSpecification\",\"valueRequired\":true,\"valueName\":\"search_term_string\"}}],\"inLanguage\":\"de\"},{\"@type\":\"Person\",\"@id\":\"https:\\\/\\\/www.buhl.de\\\/vermieter-web\\\/#\\\/schema\\\/person\\\/82903e1cb04eb553382702d503991b4f\",\"name\":\"Hartmut Fischer\"}]}<\/script>\n<!-- \/ Yoast SEO Premium plugin. -->","yoast_head_json":{"title":"H\u00e4rten bei einer Eigenbedarfsk\u00fcndigung?","description":"H\u00e4rten, die der Mieter bei einer Eigenbedarfsk\u00fcndigung geltend macht, sind vom Gericht besonders sorgf\u00e4ltig zu pr\u00fcfen.","robots":{"index":"noindex","follow":"nofollow"},"og_locale":"de_DE","og_type":"article","og_title":"H\u00e4rten bei einer Eigenbedarfsk\u00fcndigung?","og_description":"H\u00e4rten, die der Mieter bei einer Eigenbedarfsk\u00fcndigung geltend macht, sind vom Gericht besonders sorgf\u00e4ltig zu pr\u00fcfen.","og_url":"https:\/\/www.buhl.de\/vermieter-web\/haerten-bei-einer-eigenbedarfskuendigung\/","og_site_name":"Online-Nebenkostenabrechnung mit WISO Vermieter-Web","article_published_time":"2026-04-14T08:25:58+00:00","og_image":[{"width":800,"height":420,"url":"https:\/\/www.buhl.de\/vermieter-web\/wp-content\/uploads\/sites\/33\/2023\/11\/shutterstock_1232398291.jpg","type":"image\/jpeg"}],"author":"Hartmut Fischer","twitter_card":"summary_large_image","twitter_misc":{"Verfasst von":"Hartmut Fischer","Gesch\u00e4tzte Lesezeit":"3\u00a0Minuten"},"schema":{"@context":"https:\/\/schema.org","@graph":[{"@type":"Article","@id":"https:\/\/www.buhl.de\/vermieter-web\/haerten-bei-einer-eigenbedarfskuendigung\/#article","isPartOf":{"@id":"https:\/\/www.buhl.de\/vermieter-web\/haerten-bei-einer-eigenbedarfskuendigung\/"},"author":{"name":"Hartmut Fischer","@id":"https:\/\/www.buhl.de\/vermieter-web\/#\/schema\/person\/82903e1cb04eb553382702d503991b4f"},"headline":"H\u00e4rten bei einer Eigenbedarfsk\u00fcndigung?","datePublished":"2026-04-14T08:25:58+00:00","mainEntityOfPage":{"@id":"https:\/\/www.buhl.de\/vermieter-web\/haerten-bei-einer-eigenbedarfskuendigung\/"},"wordCount":402,"image":{"@id":"https:\/\/www.buhl.de\/vermieter-web\/haerten-bei-einer-eigenbedarfskuendigung\/#primaryimage"},"thumbnailUrl":"https:\/\/www.buhl.de\/vermieter-web\/wp-content\/uploads\/sites\/33\/2023\/11\/shutterstock_1232398291.jpg","keywords":["Eigenbedarf","Gesundheit","H\u00e4rte"],"inLanguage":"de"},{"@type":"WebPage","@id":"https:\/\/www.buhl.de\/vermieter-web\/haerten-bei-einer-eigenbedarfskuendigung\/","url":"https:\/\/www.buhl.de\/vermieter-web\/haerten-bei-einer-eigenbedarfskuendigung\/","name":"H\u00e4rten bei einer Eigenbedarfsk\u00fcndigung?","isPartOf":{"@id":"https:\/\/www.buhl.de\/vermieter-web\/#website"},"primaryImageOfPage":{"@id":"https:\/\/www.buhl.de\/vermieter-web\/haerten-bei-einer-eigenbedarfskuendigung\/#primaryimage"},"image":{"@id":"https:\/\/www.buhl.de\/vermieter-web\/haerten-bei-einer-eigenbedarfskuendigung\/#primaryimage"},"thumbnailUrl":"https:\/\/www.buhl.de\/vermieter-web\/wp-content\/uploads\/sites\/33\/2023\/11\/shutterstock_1232398291.jpg","datePublished":"2026-04-14T08:25:58+00:00","author":{"@id":"https:\/\/www.buhl.de\/vermieter-web\/#\/schema\/person\/82903e1cb04eb553382702d503991b4f"},"description":"H\u00e4rten, die der Mieter bei einer Eigenbedarfsk\u00fcndigung geltend macht, sind vom Gericht besonders sorgf\u00e4ltig zu pr\u00fcfen.","breadcrumb":{"@id":"https:\/\/www.buhl.de\/vermieter-web\/haerten-bei-einer-eigenbedarfskuendigung\/#breadcrumb"},"inLanguage":"de","potentialAction":[{"@type":"ReadAction","target":["https:\/\/www.buhl.de\/vermieter-web\/haerten-bei-einer-eigenbedarfskuendigung\/"]}]},{"@type":"ImageObject","inLanguage":"de","@id":"https:\/\/www.buhl.de\/vermieter-web\/haerten-bei-einer-eigenbedarfskuendigung\/#primaryimage","url":"https:\/\/www.buhl.de\/vermieter-web\/wp-content\/uploads\/sites\/33\/2023\/11\/shutterstock_1232398291.jpg","contentUrl":"https:\/\/www.buhl.de\/vermieter-web\/wp-content\/uploads\/sites\/33\/2023\/11\/shutterstock_1232398291.jpg","width":800,"height":420,"caption":"Karlsruhe, Baden-Wurttemberg \/ Germany - May 17, 2018: Entrance to The Federal Court of Justice in Karlsruhe, Germany - Bundesgerichtshof - BGH - is the highest court in Germany"},{"@type":"BreadcrumbList","@id":"https:\/\/www.buhl.de\/vermieter-web\/haerten-bei-einer-eigenbedarfskuendigung\/#breadcrumb","itemListElement":[{"@type":"ListItem","position":1,"name":"Startseite","item":"https:\/\/www.buhl.de\/vermieter-web\/"},{"@type":"ListItem","position":2,"name":"H\u00e4rten bei einer Eigenbedarfsk\u00fcndigung?"}]},{"@type":"WebSite","@id":"https:\/\/www.buhl.de\/vermieter-web\/#website","url":"https:\/\/www.buhl.de\/vermieter-web\/","name":"Online-Nebenkostenabrechnung mit WISO Vermieter-Web","description":"","potentialAction":[{"@type":"SearchAction","target":{"@type":"EntryPoint","urlTemplate":"https:\/\/www.buhl.de\/vermieter-web\/?s={search_term_string}"},"query-input":{"@type":"PropertyValueSpecification","valueRequired":true,"valueName":"search_term_string"}}],"inLanguage":"de"},{"@type":"Person","@id":"https:\/\/www.buhl.de\/vermieter-web\/#\/schema\/person\/82903e1cb04eb553382702d503991b4f","name":"Hartmut Fischer"}]}},"_links":{"self":[{"href":"https:\/\/www.buhl.de\/vermieter-web\/wp-json\/wp\/v2\/posts\/17785","targetHints":{"allow":["GET"]}}],"collection":[{"href":"https:\/\/www.buhl.de\/vermieter-web\/wp-json\/wp\/v2\/posts"}],"about":[{"href":"https:\/\/www.buhl.de\/vermieter-web\/wp-json\/wp\/v2\/types\/post"}],"author":[{"embeddable":true,"href":"https:\/\/www.buhl.de\/vermieter-web\/wp-json\/wp\/v2\/users\/15"}],"replies":[{"embeddable":true,"href":"https:\/\/www.buhl.de\/vermieter-web\/wp-json\/wp\/v2\/comments?post=17785"}],"version-history":[{"count":2,"href":"https:\/\/www.buhl.de\/vermieter-web\/wp-json\/wp\/v2\/posts\/17785\/revisions"}],"predecessor-version":[{"id":17788,"href":"https:\/\/www.buhl.de\/vermieter-web\/wp-json\/wp\/v2\/posts\/17785\/revisions\/17788"}],"wp:featuredmedia":[{"embeddable":true,"href":"https:\/\/www.buhl.de\/vermieter-web\/wp-json\/wp\/v2\/media\/15810"}],"wp:attachment":[{"href":"https:\/\/www.buhl.de\/vermieter-web\/wp-json\/wp\/v2\/media?parent=17785"}],"wp:term":[{"taxonomy":"category","embeddable":true,"href":"https:\/\/www.buhl.de\/vermieter-web\/wp-json\/wp\/v2\/categories?post=17785"},{"taxonomy":"post_tag","embeddable":true,"href":"https:\/\/www.buhl.de\/vermieter-web\/wp-json\/wp\/v2\/tags?post=17785"}],"curies":[{"name":"wp","href":"https:\/\/api.w.org\/{rel}","templated":true}]}}