{"id":17802,"date":"2026-04-23T15:41:32","date_gmt":"2026-04-23T13:41:32","guid":{"rendered":"https:\/\/www.buhl.de\/vermieter-web\/?p=17802"},"modified":"2026-04-23T15:41:32","modified_gmt":"2026-04-23T13:41:32","slug":"grillen-ohne-reue","status":"publish","type":"post","link":"https:\/\/www.buhl.de\/vermieter-web\/grillen-ohne-reue\/","title":{"rendered":"Grillen ohne Reue"},"content":{"rendered":"<p><strong>Jetzt beginnt wieder die Zeit, in der die Grills aus dem Keller oder der Garage geholt und mit so mancher Party gerechnet werden muss. Doch h\u00e4ufig ist das Grillen hinter dem Haus oder auf dem Balkon mit \u00c4rger verbunden. Klare Regeln helfen hier, unn\u00f6tigen Streit zu vermeiden.<\/strong><\/p>\n<h5>Keine gesetzlichen Vorschriften<\/h5>\n<p>Gesetzlich gibt es keine Regelungen, ob und unter welchen Bedingungen Grillen erlaubt ist. Da sich auch die Gerichte uneinig sind, kann man sich auf deren Entscheidungen meist auch nicht verlassen. Selbst in der Frage, wie h\u00e4ufig das Grillen erlaubt ist, sind sich die Gerichte nicht einig:<\/p>\n<table>\n<tbody>\n<tr>\n<td width=\"123\">Gericht<\/td>\n<td width=\"95\">Urteil vom<\/td>\n<td width=\"113\">Aktenzeichen<\/td>\n<td width=\"274\">Entscheidung<\/td>\n<\/tr>\n<tr>\n<td width=\"123\">AG Halle<\/td>\n<td width=\"95\">11.12.2012<\/td>\n<td width=\"113\">10 C 1126\/12<\/td>\n<td width=\"274\">Max. 5\u00a0\u00d7 pro Jahr mit Ank\u00fcndigung<\/td>\n<\/tr>\n<tr>\n<td width=\"123\">AG Bonn<\/td>\n<td width=\"95\">29.04.1997<\/td>\n<td width=\"113\">6 C 545\/96<\/td>\n<td width=\"274\">1 \u00d7 monatlich von April bis September<\/td>\n<\/tr>\n<tr>\n<td width=\"123\">OLG Oldenburg<\/td>\n<td width=\"95\">29.07.2002<\/td>\n<td width=\"113\">13 U 53\/023<\/td>\n<td width=\"274\">In Gartenanlage max. 4\u00a0\u00d7 pro Jahr<\/td>\n<\/tr>\n<tr>\n<td width=\"123\">LG M\u00fcnchen I<\/td>\n<td width=\"95\">12.01.2004<\/td>\n<td width=\"113\">16 S 22735\/03<\/td>\n<td width=\"274\">Soweit sozial \u00fcblich *<\/td>\n<\/tr>\n<tr>\n<td width=\"123\">LG Essen<\/td>\n<td width=\"95\">07.02.2002<\/td>\n<td width=\"113\">10 S 438\/01<\/td>\n<td width=\"274\">Hausordnung kann Grillen verbieten<\/td>\n<\/tr>\n<\/tbody>\n<\/table>\n<p>* wenn keine wesentlichen St\u00f6rungen auftreten<\/p>\n<h5>Regelung in Hausordnung oder Mietvertrag<\/h5>\n<p>Der Vermieter kann im Mietvertrag oder in der Hausordnung als Teil des Mietvertrages das Grillen grunds\u00e4tzlich verbieten oder einschr\u00e4nken. So kann er festlegen, dass auf den Balkonen das Grillen nicht erlaubt ist und Partys sp\u00e4testens um 24:00 Uhr beendet werden m\u00fcssen.<\/p>\n<h5>Welche Grills werden benutzt?<\/h5>\n<p>Auch bei der Frage, welcher Grill verwendet werden darf, gibt es keine gesetzliche Vorschrift. Der Vermieter kann aber in der Hausordnung festlegen, dass die Mieter nur raucharme Ger\u00e4te (Gas- oder Elektro) verwenden d\u00fcrfen. Dies kann vorgeschrieben werden, um eine unzumutbare Bel\u00e4stigung (<a href=\"https:\/\/www.gesetze-im-internet.de\/bgb\/__906.html\">\u00a7\u00a0906 BGB<\/a>) von Nachbarn zu vermeiden.<\/p>\n<h5>Brandgefahr beim Grillen<\/h5>\n<p>Beim Umgang mit Feuer besteht immer die Brandgefahr. Das gilt auch f\u00fcr das Grillen. Die \u201eGriller\u201c k\u00f6nnen deshalb angewiesen werden, entsprechende L\u00f6sch-Utensilien in der N\u00e4he des Grills zu platzieren.<\/p>\n<table>\n<tbody>\n<tr>\n<td width=\"113\">Feuerl\u00f6scher<\/td>\n<td width=\"491\">ABC-Pulverl\u00f6scher oder ABF (f\u00fcr Fettbr\u00e4nde)<\/td>\n<\/tr>\n<tr>\n<td width=\"113\">Wasser<\/td>\n<td width=\"491\">Eimer oder (angeschlossener) Gartenschlauch *<\/td>\n<\/tr>\n<tr>\n<td width=\"113\">Sand\/Erde<\/td>\n<td width=\"491\">Bei Fettbrand gutes Mittel. Flammen damit ersticken.<\/td>\n<\/tr>\n<tr>\n<td width=\"113\">L\u00f6schdecke<\/td>\n<td width=\"491\">Empfehlenswert\u00a0\u2013\u00a0Flammen\u00a0lassen sich damit gut ersticken<\/td>\n<\/tr>\n<\/tbody>\n<\/table>\n<p><strong>Wichtig:<\/strong> Wasser nicht bei Fettbrand einsetzen (Explosionsflammen m\u00f6glich).<\/p>\n<h5>Empfehlungen zur Grill-Party<\/h5>\n<p>Vermieter sollten ihre Grill-Party ank\u00fcndigen und Nachbarn informieren. Der Grillplatz kann vom Vermieter auch festgelegt werden. Er sollte m\u00f6glichst weit von Geb\u00e4uden oder brennbarem Material entfernt sein. Man sollte auch darauf achten, dass der Grill auf einer Unterlage steht, mit der Fettspritzer auf dem Boden vermieden werden. F\u00fcr L\u00f6schzwecke sollte immer L\u00f6schmaterial vorhanden sein. Es muss unbedingt darauf geachtet werden, dass bei einem Fettbrand KEIN WASSER eingesetzt wird.<\/p>\n<hr \/>\n<h5>Das k\u00f6nnte Sie auch interessieren:<\/h5>\n<p><a href=\"https:\/\/www.buhl.de\/vermieter-web\/laerm-einmal-im-jahr-zumutbar\/\">L\u00e4rm: einmal im Jahr zumutbar?\u00a0<\/a><br \/>\n<a href=\"https:\/\/www.buhl.de\/vermieter-web\/grenzen-des-vertragsgemaessen-gebrauchs\/\">Grenzen des vertragsgem\u00e4\u00dfen Gebrauchs<\/a><\/p>\n<hr \/>\n<p>&nbsp;<\/p>\n","protected":false},"excerpt":{"rendered":"<p>Jetzt beginnt wieder die Zeit, in der die Grills aus dem Keller oder der Garage geholt und mit so mancher Party gerechnet werden muss. Doch h\u00e4ufig ist das Grillen hinter dem Haus oder auf dem Balkon mit \u00c4rger verbunden. Klare Regeln helfen hier, unn\u00f6tigen Streit zu vermeiden. Keine gesetzlichen Vorschriften Gesetzlich gibt es keine Regelungen, &hellip; <\/p>\n<p class=\"link-more\"><a href=\"https:\/\/www.buhl.de\/vermieter-web\/grillen-ohne-reue\/\" class=\"more-link\"><span class=\"screen-reader-text\">\u201eGrillen ohne Reue\u201c<\/span> weiterlesen<\/a><\/p>\n","protected":false},"author":15,"featured_media":17806,"comment_status":"closed","ping_status":"open","sticky":false,"template":"","format":"standard","meta":{"footnotes":""},"categories":[1],"tags":[691,6536,4361],"class_list":["post-17802","post","type-post","status-publish","format-standard","has-post-thumbnail","hentry","category-allgemein","tag-balkon","tag-feier","tag-grill"],"yoast_head":"<!-- This site is optimized with the Yoast SEO Premium plugin v27.4 (Yoast SEO v27.5) - https:\/\/yoast.com\/product\/yoast-seo-premium-wordpress\/ -->\n<title>Grillen ohne Reue<\/title>\n<meta name=\"description\" content=\"Grillen geh\u00f6rt zu den Lieblingsbesch\u00e4ftigungen im Sommer. Um \u00c4rger zu vermeiden, sollten Vermieter klare Regeln hierf\u00fcr festlegen.\" \/>\n<meta name=\"robots\" content=\"noindex, nofollow\" \/>\n<meta property=\"og:locale\" content=\"de_DE\" \/>\n<meta property=\"og:type\" content=\"article\" \/>\n<meta property=\"og:title\" content=\"Grillen ohne Reue\" \/>\n<meta property=\"og:description\" content=\"Grillen geh\u00f6rt zu den Lieblingsbesch\u00e4ftigungen im Sommer. Um \u00c4rger zu vermeiden, sollten Vermieter klare Regeln hierf\u00fcr festlegen.\" \/>\n<meta property=\"og:url\" content=\"https:\/\/www.buhl.de\/vermieter-web\/grillen-ohne-reue\/\" \/>\n<meta property=\"og:site_name\" content=\"Online-Nebenkostenabrechnung mit WISO Vermieter-Web\" \/>\n<meta property=\"article:published_time\" content=\"2026-04-23T13:41:32+00:00\" \/>\n<meta property=\"og:image\" content=\"https:\/\/www.buhl.de\/vermieter-web\/wp-content\/uploads\/sites\/33\/2026\/04\/Artemiy-Kraskov-Grillparty.jpg\" \/>\n\t<meta property=\"og:image:width\" content=\"1063\" \/>\n\t<meta property=\"og:image:height\" content=\"543\" \/>\n\t<meta property=\"og:image:type\" content=\"image\/jpeg\" \/>\n<meta name=\"author\" content=\"Hartmut Fischer\" \/>\n<meta name=\"twitter:card\" content=\"summary_large_image\" \/>\n<meta name=\"twitter:label1\" content=\"Verfasst von\" \/>\n\t<meta name=\"twitter:data1\" content=\"Hartmut Fischer\" \/>\n\t<meta name=\"twitter:label2\" content=\"Gesch\u00e4tzte Lesezeit\" \/>\n\t<meta name=\"twitter:data2\" content=\"3\u00a0Minuten\" \/>\n<script type=\"application\/ld+json\" class=\"yoast-schema-graph\">{\"@context\":\"https:\\\/\\\/schema.org\",\"@graph\":[{\"@type\":\"Article\",\"@id\":\"https:\\\/\\\/www.buhl.de\\\/vermieter-web\\\/grillen-ohne-reue\\\/#article\",\"isPartOf\":{\"@id\":\"https:\\\/\\\/www.buhl.de\\\/vermieter-web\\\/grillen-ohne-reue\\\/\"},\"author\":{\"name\":\"Hartmut Fischer\",\"@id\":\"https:\\\/\\\/www.buhl.de\\\/vermieter-web\\\/#\\\/schema\\\/person\\\/82903e1cb04eb553382702d503991b4f\"},\"headline\":\"Grillen ohne Reue\",\"datePublished\":\"2026-04-23T13:41:32+00:00\",\"mainEntityOfPage\":{\"@id\":\"https:\\\/\\\/www.buhl.de\\\/vermieter-web\\\/grillen-ohne-reue\\\/\"},\"wordCount\":428,\"image\":{\"@id\":\"https:\\\/\\\/www.buhl.de\\\/vermieter-web\\\/grillen-ohne-reue\\\/#primaryimage\"},\"thumbnailUrl\":\"https:\\\/\\\/www.buhl.de\\\/vermieter-web\\\/wp-content\\\/uploads\\\/sites\\\/33\\\/2026\\\/04\\\/Artemiy-Kraskov-Grillparty.jpg\",\"keywords\":[\"Balkon\",\"Feier\",\"Grill\"],\"inLanguage\":\"de\"},{\"@type\":\"WebPage\",\"@id\":\"https:\\\/\\\/www.buhl.de\\\/vermieter-web\\\/grillen-ohne-reue\\\/\",\"url\":\"https:\\\/\\\/www.buhl.de\\\/vermieter-web\\\/grillen-ohne-reue\\\/\",\"name\":\"Grillen ohne Reue\",\"isPartOf\":{\"@id\":\"https:\\\/\\\/www.buhl.de\\\/vermieter-web\\\/#website\"},\"primaryImageOfPage\":{\"@id\":\"https:\\\/\\\/www.buhl.de\\\/vermieter-web\\\/grillen-ohne-reue\\\/#primaryimage\"},\"image\":{\"@id\":\"https:\\\/\\\/www.buhl.de\\\/vermieter-web\\\/grillen-ohne-reue\\\/#primaryimage\"},\"thumbnailUrl\":\"https:\\\/\\\/www.buhl.de\\\/vermieter-web\\\/wp-content\\\/uploads\\\/sites\\\/33\\\/2026\\\/04\\\/Artemiy-Kraskov-Grillparty.jpg\",\"datePublished\":\"2026-04-23T13:41:32+00:00\",\"author\":{\"@id\":\"https:\\\/\\\/www.buhl.de\\\/vermieter-web\\\/#\\\/schema\\\/person\\\/82903e1cb04eb553382702d503991b4f\"},\"description\":\"Grillen geh\u00f6rt zu den Lieblingsbesch\u00e4ftigungen im Sommer. Um \u00c4rger zu vermeiden, sollten Vermieter klare Regeln hierf\u00fcr festlegen.\",\"breadcrumb\":{\"@id\":\"https:\\\/\\\/www.buhl.de\\\/vermieter-web\\\/grillen-ohne-reue\\\/#breadcrumb\"},\"inLanguage\":\"de\",\"potentialAction\":[{\"@type\":\"ReadAction\",\"target\":[\"https:\\\/\\\/www.buhl.de\\\/vermieter-web\\\/grillen-ohne-reue\\\/\"]}]},{\"@type\":\"ImageObject\",\"inLanguage\":\"de\",\"@id\":\"https:\\\/\\\/www.buhl.de\\\/vermieter-web\\\/grillen-ohne-reue\\\/#primaryimage\",\"url\":\"https:\\\/\\\/www.buhl.de\\\/vermieter-web\\\/wp-content\\\/uploads\\\/sites\\\/33\\\/2026\\\/04\\\/Artemiy-Kraskov-Grillparty.jpg\",\"contentUrl\":\"https:\\\/\\\/www.buhl.de\\\/vermieter-web\\\/wp-content\\\/uploads\\\/sites\\\/33\\\/2026\\\/04\\\/Artemiy-Kraskov-Grillparty.jpg\",\"width\":1063,\"height\":543},{\"@type\":\"BreadcrumbList\",\"@id\":\"https:\\\/\\\/www.buhl.de\\\/vermieter-web\\\/grillen-ohne-reue\\\/#breadcrumb\",\"itemListElement\":[{\"@type\":\"ListItem\",\"position\":1,\"name\":\"Startseite\",\"item\":\"https:\\\/\\\/www.buhl.de\\\/vermieter-web\\\/\"},{\"@type\":\"ListItem\",\"position\":2,\"name\":\"Grillen ohne Reue\"}]},{\"@type\":\"WebSite\",\"@id\":\"https:\\\/\\\/www.buhl.de\\\/vermieter-web\\\/#website\",\"url\":\"https:\\\/\\\/www.buhl.de\\\/vermieter-web\\\/\",\"name\":\"Online-Nebenkostenabrechnung mit WISO Vermieter-Web\",\"description\":\"\",\"potentialAction\":[{\"@type\":\"SearchAction\",\"target\":{\"@type\":\"EntryPoint\",\"urlTemplate\":\"https:\\\/\\\/www.buhl.de\\\/vermieter-web\\\/?s={search_term_string}\"},\"query-input\":{\"@type\":\"PropertyValueSpecification\",\"valueRequired\":true,\"valueName\":\"search_term_string\"}}],\"inLanguage\":\"de\"},{\"@type\":\"Person\",\"@id\":\"https:\\\/\\\/www.buhl.de\\\/vermieter-web\\\/#\\\/schema\\\/person\\\/82903e1cb04eb553382702d503991b4f\",\"name\":\"Hartmut Fischer\"}]}<\/script>\n<!-- \/ Yoast SEO Premium plugin. -->","yoast_head_json":{"title":"Grillen ohne Reue","description":"Grillen geh\u00f6rt zu den Lieblingsbesch\u00e4ftigungen im Sommer. Um \u00c4rger zu vermeiden, sollten Vermieter klare Regeln hierf\u00fcr festlegen.","robots":{"index":"noindex","follow":"nofollow"},"og_locale":"de_DE","og_type":"article","og_title":"Grillen ohne Reue","og_description":"Grillen geh\u00f6rt zu den Lieblingsbesch\u00e4ftigungen im Sommer. Um \u00c4rger zu vermeiden, sollten Vermieter klare Regeln hierf\u00fcr festlegen.","og_url":"https:\/\/www.buhl.de\/vermieter-web\/grillen-ohne-reue\/","og_site_name":"Online-Nebenkostenabrechnung mit WISO Vermieter-Web","article_published_time":"2026-04-23T13:41:32+00:00","og_image":[{"width":1063,"height":543,"url":"https:\/\/www.buhl.de\/vermieter-web\/wp-content\/uploads\/sites\/33\/2026\/04\/Artemiy-Kraskov-Grillparty.jpg","type":"image\/jpeg"}],"author":"Hartmut Fischer","twitter_card":"summary_large_image","twitter_misc":{"Verfasst von":"Hartmut Fischer","Gesch\u00e4tzte Lesezeit":"3\u00a0Minuten"},"schema":{"@context":"https:\/\/schema.org","@graph":[{"@type":"Article","@id":"https:\/\/www.buhl.de\/vermieter-web\/grillen-ohne-reue\/#article","isPartOf":{"@id":"https:\/\/www.buhl.de\/vermieter-web\/grillen-ohne-reue\/"},"author":{"name":"Hartmut Fischer","@id":"https:\/\/www.buhl.de\/vermieter-web\/#\/schema\/person\/82903e1cb04eb553382702d503991b4f"},"headline":"Grillen ohne Reue","datePublished":"2026-04-23T13:41:32+00:00","mainEntityOfPage":{"@id":"https:\/\/www.buhl.de\/vermieter-web\/grillen-ohne-reue\/"},"wordCount":428,"image":{"@id":"https:\/\/www.buhl.de\/vermieter-web\/grillen-ohne-reue\/#primaryimage"},"thumbnailUrl":"https:\/\/www.buhl.de\/vermieter-web\/wp-content\/uploads\/sites\/33\/2026\/04\/Artemiy-Kraskov-Grillparty.jpg","keywords":["Balkon","Feier","Grill"],"inLanguage":"de"},{"@type":"WebPage","@id":"https:\/\/www.buhl.de\/vermieter-web\/grillen-ohne-reue\/","url":"https:\/\/www.buhl.de\/vermieter-web\/grillen-ohne-reue\/","name":"Grillen ohne Reue","isPartOf":{"@id":"https:\/\/www.buhl.de\/vermieter-web\/#website"},"primaryImageOfPage":{"@id":"https:\/\/www.buhl.de\/vermieter-web\/grillen-ohne-reue\/#primaryimage"},"image":{"@id":"https:\/\/www.buhl.de\/vermieter-web\/grillen-ohne-reue\/#primaryimage"},"thumbnailUrl":"https:\/\/www.buhl.de\/vermieter-web\/wp-content\/uploads\/sites\/33\/2026\/04\/Artemiy-Kraskov-Grillparty.jpg","datePublished":"2026-04-23T13:41:32+00:00","author":{"@id":"https:\/\/www.buhl.de\/vermieter-web\/#\/schema\/person\/82903e1cb04eb553382702d503991b4f"},"description":"Grillen geh\u00f6rt zu den Lieblingsbesch\u00e4ftigungen im Sommer. Um \u00c4rger zu vermeiden, sollten Vermieter klare Regeln hierf\u00fcr festlegen.","breadcrumb":{"@id":"https:\/\/www.buhl.de\/vermieter-web\/grillen-ohne-reue\/#breadcrumb"},"inLanguage":"de","potentialAction":[{"@type":"ReadAction","target":["https:\/\/www.buhl.de\/vermieter-web\/grillen-ohne-reue\/"]}]},{"@type":"ImageObject","inLanguage":"de","@id":"https:\/\/www.buhl.de\/vermieter-web\/grillen-ohne-reue\/#primaryimage","url":"https:\/\/www.buhl.de\/vermieter-web\/wp-content\/uploads\/sites\/33\/2026\/04\/Artemiy-Kraskov-Grillparty.jpg","contentUrl":"https:\/\/www.buhl.de\/vermieter-web\/wp-content\/uploads\/sites\/33\/2026\/04\/Artemiy-Kraskov-Grillparty.jpg","width":1063,"height":543},{"@type":"BreadcrumbList","@id":"https:\/\/www.buhl.de\/vermieter-web\/grillen-ohne-reue\/#breadcrumb","itemListElement":[{"@type":"ListItem","position":1,"name":"Startseite","item":"https:\/\/www.buhl.de\/vermieter-web\/"},{"@type":"ListItem","position":2,"name":"Grillen ohne Reue"}]},{"@type":"WebSite","@id":"https:\/\/www.buhl.de\/vermieter-web\/#website","url":"https:\/\/www.buhl.de\/vermieter-web\/","name":"Online-Nebenkostenabrechnung mit WISO Vermieter-Web","description":"","potentialAction":[{"@type":"SearchAction","target":{"@type":"EntryPoint","urlTemplate":"https:\/\/www.buhl.de\/vermieter-web\/?s={search_term_string}"},"query-input":{"@type":"PropertyValueSpecification","valueRequired":true,"valueName":"search_term_string"}}],"inLanguage":"de"},{"@type":"Person","@id":"https:\/\/www.buhl.de\/vermieter-web\/#\/schema\/person\/82903e1cb04eb553382702d503991b4f","name":"Hartmut Fischer"}]}},"_links":{"self":[{"href":"https:\/\/www.buhl.de\/vermieter-web\/wp-json\/wp\/v2\/posts\/17802","targetHints":{"allow":["GET"]}}],"collection":[{"href":"https:\/\/www.buhl.de\/vermieter-web\/wp-json\/wp\/v2\/posts"}],"about":[{"href":"https:\/\/www.buhl.de\/vermieter-web\/wp-json\/wp\/v2\/types\/post"}],"author":[{"embeddable":true,"href":"https:\/\/www.buhl.de\/vermieter-web\/wp-json\/wp\/v2\/users\/15"}],"replies":[{"embeddable":true,"href":"https:\/\/www.buhl.de\/vermieter-web\/wp-json\/wp\/v2\/comments?post=17802"}],"version-history":[{"count":2,"href":"https:\/\/www.buhl.de\/vermieter-web\/wp-json\/wp\/v2\/posts\/17802\/revisions"}],"predecessor-version":[{"id":17805,"href":"https:\/\/www.buhl.de\/vermieter-web\/wp-json\/wp\/v2\/posts\/17802\/revisions\/17805"}],"wp:featuredmedia":[{"embeddable":true,"href":"https:\/\/www.buhl.de\/vermieter-web\/wp-json\/wp\/v2\/media\/17806"}],"wp:attachment":[{"href":"https:\/\/www.buhl.de\/vermieter-web\/wp-json\/wp\/v2\/media?parent=17802"}],"wp:term":[{"taxonomy":"category","embeddable":true,"href":"https:\/\/www.buhl.de\/vermieter-web\/wp-json\/wp\/v2\/categories?post=17802"},{"taxonomy":"post_tag","embeddable":true,"href":"https:\/\/www.buhl.de\/vermieter-web\/wp-json\/wp\/v2\/tags?post=17802"}],"curies":[{"name":"wp","href":"https:\/\/api.w.org\/{rel}","templated":true}]}}