{"id":17807,"date":"2026-04-23T16:23:52","date_gmt":"2026-04-23T14:23:52","guid":{"rendered":"https:\/\/www.buhl.de\/vermieter-web\/?p=17807"},"modified":"2026-04-23T16:23:52","modified_gmt":"2026-04-23T14:23:52","slug":"kuendigung-wegen-wirtschaftlicher-verwertung","status":"publish","type":"post","link":"https:\/\/www.buhl.de\/vermieter-web\/kuendigung-wegen-wirtschaftlicher-verwertung\/","title":{"rendered":"K\u00fcndigung wegen wirtschaftlicher Verwertung"},"content":{"rendered":"<p><strong>. Die K\u00fcndigung von Mietraum ist nur in sehr engen Grenzen m\u00f6glich. Gr\u00fcnde, unter denen eine ordentliche K\u00fcndigung m\u00f6glich ist, finden Sie in <a href=\"https:\/\/www.gesetze-im-internet.de\/bgb\/__573.html\">\u00a7\u00a0573\u00a0BGB<\/a>. Einer dieser Gr\u00fcnde ist die wirtschaftliche Verwertung des Mietobjektes. Doch auch hier gelten enge Grenzen.<\/strong><\/p>\n<h5>Was ist eine \u201eVerwertungsk\u00fcndigung\u201c?<\/h5>\n<p>Eine mit wirtschaftlicher Verwertung begr\u00fcndete K\u00fcndigung, bezeichnet man auch als \u201eVerwertungsk\u00fcndigung\u201c. Diese K\u00fcndigung ist nur m\u00f6glich, wenn der Vermieter\u00a0 die Immobilie nicht ausreichend wirtschaftlich verwerten kann. Daran hindern ihn die bestehenden Mietvertr\u00e4ge. Im Klartext: Nur durch die Mieteinnahmen kann die Immobilie nicht mehr rentabel bewirtschaftet werden. Doch was sich zun\u00e4chst recht einfach anh\u00f6rt, ist in der Praxis nicht ohne Weiteres durchsetzbar.<\/p>\n<h5>Wann spricht man von einer \u201ewirtschaftlichen Verwertung\u201c?<\/h5>\n<p>Von einer wirtschaftlichen Verwertung kann man ausgehen, wenn grundlegende \u00c4nderungen an der Immobilie geplant sind. Beispiel: Das Geb\u00e4ude wird abgerissen und neu aufgebaut. Allerdings m\u00fcssen dann die folgenden Voraussetzungen erf\u00fcllt werden:<\/p>\n<p>Abriss und Neubau m\u00fcssen ernsthaft geplant sein. Absichtserkl\u00e4rungen und Ideen reichen f\u00fcr eine Genehmigung nicht aus. Meist m\u00fcssen Baupl\u00e4ne und Finanzierungssicherheiten vorgelegt werden.<\/p>\n<p>Der Neubau muss alternativlos sein. Beispielsweise scheidet eine Modernisierung oder nur noch teilweise Nutzung der bestehenden Immobilie aus.<\/p>\n<p>Die neue Immobilie bringt deutlich weniger Ertrag als das bestehende Geb\u00e4ude. Es muss eine erhebliche wirtschaftliche Verbesserung eintreten.<\/p>\n<p>Die Nutzung der bestehenden Immobilie muss wirtschaftlich unzumutbar oder deutlich nachteilig sein.<\/p>\n<p>Ohne K\u00fcndigung m\u00fcssen dem Vermieter erhebliche wirtschaftliche Nachteile entstehen. Beispiele: Geb\u00e4ude muss umfassend saniert werden und ist im aktuellen Zustand nicht tragf\u00e4hig, Sanierung w\u00e4re aber teurer als ein Abriss und Neubau.<\/p>\n<p>Kann die K\u00fcndigung dem Mieter zugemutet werden (\u00a7\u00a0574\u00a0BGB)? Besonders gesch\u00fctzt sind \u00e4ltere, kranke oder bereits seit langer Zeit in der Wohnung lebende Mieter. Auch die Situation des Wohnungsmarktes (Ersatzbeschaffung) spielt hier eine Rolle.<\/p>\n","protected":false},"excerpt":{"rendered":"<p>. Die K\u00fcndigung von Mietraum ist nur in sehr engen Grenzen m\u00f6glich. Gr\u00fcnde, unter denen eine ordentliche K\u00fcndigung m\u00f6glich ist, finden Sie in \u00a7\u00a0573\u00a0BGB. Einer dieser Gr\u00fcnde ist die wirtschaftliche Verwertung des Mietobjektes. Doch auch hier gelten enge Grenzen. Was ist eine \u201eVerwertungsk\u00fcndigung\u201c? Eine mit wirtschaftlicher Verwertung begr\u00fcndete K\u00fcndigung, bezeichnet man auch als \u201eVerwertungsk\u00fcndigung\u201c. Diese &hellip; <\/p>\n<p class=\"link-more\"><a href=\"https:\/\/www.buhl.de\/vermieter-web\/kuendigung-wegen-wirtschaftlicher-verwertung\/\" class=\"more-link\"><span class=\"screen-reader-text\">\u201eK\u00fcndigung wegen wirtschaftlicher Verwertung\u201c<\/span> weiterlesen<\/a><\/p>\n","protected":false},"author":15,"featured_media":17810,"comment_status":"closed","ping_status":"open","sticky":false,"template":"","format":"standard","meta":{"footnotes":""},"categories":[1],"tags":[4656,6538,6537],"class_list":["post-17807","post","type-post","status-publish","format-standard","has-post-thumbnail","hentry","category-allgemein","tag-ordentliche-kuendigung","tag-verwertung","tag-wirtschaftlich"],"yoast_head":"<!-- This site is optimized with the Yoast SEO Premium plugin v27.4 (Yoast SEO v27.5) - https:\/\/yoast.com\/product\/yoast-seo-premium-wordpress\/ -->\n<title>Wirtschaftliche Verwertung einer Immobilie<\/title>\n<meta name=\"description\" content=\"Wirtschaftliche Verwertung kann eine ordentliche K\u00fcndigung rechtfertigen. Allerdings muss der Vermieter dann hohe Anforderungen erf\u00fcllen.\" \/>\n<meta name=\"robots\" content=\"noindex, nofollow\" \/>\n<meta property=\"og:locale\" content=\"de_DE\" \/>\n<meta property=\"og:type\" content=\"article\" \/>\n<meta property=\"og:title\" content=\"K\u00fcndigung wegen wirtschaftlicher Verwertung\" \/>\n<meta property=\"og:description\" content=\"Wirtschaftliche Verwertung kann eine ordentliche K\u00fcndigung rechtfertigen. Allerdings muss der Vermieter dann hohe Anforderungen erf\u00fcllen.\" \/>\n<meta property=\"og:url\" content=\"https:\/\/www.buhl.de\/vermieter-web\/kuendigung-wegen-wirtschaftlicher-verwertung\/\" \/>\n<meta property=\"og:site_name\" content=\"Online-Nebenkostenabrechnung mit WISO Vermieter-Web\" \/>\n<meta property=\"article:published_time\" content=\"2026-04-23T14:23:52+00:00\" \/>\n<meta property=\"og:image\" content=\"https:\/\/www.buhl.de\/vermieter-web\/wp-content\/uploads\/sites\/33\/2026\/04\/Marco-Guidi-Abriss.jpg\" \/>\n\t<meta property=\"og:image:width\" content=\"1063\" \/>\n\t<meta property=\"og:image:height\" content=\"543\" \/>\n\t<meta property=\"og:image:type\" content=\"image\/jpeg\" \/>\n<meta name=\"author\" content=\"Hartmut Fischer\" \/>\n<meta name=\"twitter:card\" content=\"summary_large_image\" \/>\n<meta name=\"twitter:label1\" content=\"Verfasst von\" \/>\n\t<meta name=\"twitter:data1\" content=\"Hartmut Fischer\" \/>\n\t<meta name=\"twitter:label2\" content=\"Gesch\u00e4tzte Lesezeit\" \/>\n\t<meta name=\"twitter:data2\" content=\"2\u00a0Minuten\" \/>\n<script type=\"application\/ld+json\" class=\"yoast-schema-graph\">{\"@context\":\"https:\\\/\\\/schema.org\",\"@graph\":[{\"@type\":\"Article\",\"@id\":\"https:\\\/\\\/www.buhl.de\\\/vermieter-web\\\/kuendigung-wegen-wirtschaftlicher-verwertung\\\/#article\",\"isPartOf\":{\"@id\":\"https:\\\/\\\/www.buhl.de\\\/vermieter-web\\\/kuendigung-wegen-wirtschaftlicher-verwertung\\\/\"},\"author\":{\"name\":\"Hartmut Fischer\",\"@id\":\"https:\\\/\\\/www.buhl.de\\\/vermieter-web\\\/#\\\/schema\\\/person\\\/82903e1cb04eb553382702d503991b4f\"},\"headline\":\"K\u00fcndigung wegen wirtschaftlicher Verwertung\",\"datePublished\":\"2026-04-23T14:23:52+00:00\",\"mainEntityOfPage\":{\"@id\":\"https:\\\/\\\/www.buhl.de\\\/vermieter-web\\\/kuendigung-wegen-wirtschaftlicher-verwertung\\\/\"},\"wordCount\":312,\"image\":{\"@id\":\"https:\\\/\\\/www.buhl.de\\\/vermieter-web\\\/kuendigung-wegen-wirtschaftlicher-verwertung\\\/#primaryimage\"},\"thumbnailUrl\":\"https:\\\/\\\/www.buhl.de\\\/vermieter-web\\\/wp-content\\\/uploads\\\/sites\\\/33\\\/2026\\\/04\\\/Marco-Guidi-Abriss.jpg\",\"keywords\":[\"Ordentliche K\u00fcndigung\",\"Verwertung\",\"wirtschaftlich\"],\"inLanguage\":\"de\"},{\"@type\":\"WebPage\",\"@id\":\"https:\\\/\\\/www.buhl.de\\\/vermieter-web\\\/kuendigung-wegen-wirtschaftlicher-verwertung\\\/\",\"url\":\"https:\\\/\\\/www.buhl.de\\\/vermieter-web\\\/kuendigung-wegen-wirtschaftlicher-verwertung\\\/\",\"name\":\"Wirtschaftliche Verwertung einer Immobilie\",\"isPartOf\":{\"@id\":\"https:\\\/\\\/www.buhl.de\\\/vermieter-web\\\/#website\"},\"primaryImageOfPage\":{\"@id\":\"https:\\\/\\\/www.buhl.de\\\/vermieter-web\\\/kuendigung-wegen-wirtschaftlicher-verwertung\\\/#primaryimage\"},\"image\":{\"@id\":\"https:\\\/\\\/www.buhl.de\\\/vermieter-web\\\/kuendigung-wegen-wirtschaftlicher-verwertung\\\/#primaryimage\"},\"thumbnailUrl\":\"https:\\\/\\\/www.buhl.de\\\/vermieter-web\\\/wp-content\\\/uploads\\\/sites\\\/33\\\/2026\\\/04\\\/Marco-Guidi-Abriss.jpg\",\"datePublished\":\"2026-04-23T14:23:52+00:00\",\"author\":{\"@id\":\"https:\\\/\\\/www.buhl.de\\\/vermieter-web\\\/#\\\/schema\\\/person\\\/82903e1cb04eb553382702d503991b4f\"},\"description\":\"Wirtschaftliche Verwertung kann eine ordentliche K\u00fcndigung rechtfertigen. Allerdings muss der Vermieter dann hohe Anforderungen erf\u00fcllen.\",\"breadcrumb\":{\"@id\":\"https:\\\/\\\/www.buhl.de\\\/vermieter-web\\\/kuendigung-wegen-wirtschaftlicher-verwertung\\\/#breadcrumb\"},\"inLanguage\":\"de\",\"potentialAction\":[{\"@type\":\"ReadAction\",\"target\":[\"https:\\\/\\\/www.buhl.de\\\/vermieter-web\\\/kuendigung-wegen-wirtschaftlicher-verwertung\\\/\"]}]},{\"@type\":\"ImageObject\",\"inLanguage\":\"de\",\"@id\":\"https:\\\/\\\/www.buhl.de\\\/vermieter-web\\\/kuendigung-wegen-wirtschaftlicher-verwertung\\\/#primaryimage\",\"url\":\"https:\\\/\\\/www.buhl.de\\\/vermieter-web\\\/wp-content\\\/uploads\\\/sites\\\/33\\\/2026\\\/04\\\/Marco-Guidi-Abriss.jpg\",\"contentUrl\":\"https:\\\/\\\/www.buhl.de\\\/vermieter-web\\\/wp-content\\\/uploads\\\/sites\\\/33\\\/2026\\\/04\\\/Marco-Guidi-Abriss.jpg\",\"width\":1063,\"height\":543},{\"@type\":\"BreadcrumbList\",\"@id\":\"https:\\\/\\\/www.buhl.de\\\/vermieter-web\\\/kuendigung-wegen-wirtschaftlicher-verwertung\\\/#breadcrumb\",\"itemListElement\":[{\"@type\":\"ListItem\",\"position\":1,\"name\":\"Startseite\",\"item\":\"https:\\\/\\\/www.buhl.de\\\/vermieter-web\\\/\"},{\"@type\":\"ListItem\",\"position\":2,\"name\":\"K\u00fcndigung wegen wirtschaftlicher Verwertung\"}]},{\"@type\":\"WebSite\",\"@id\":\"https:\\\/\\\/www.buhl.de\\\/vermieter-web\\\/#website\",\"url\":\"https:\\\/\\\/www.buhl.de\\\/vermieter-web\\\/\",\"name\":\"Online-Nebenkostenabrechnung mit WISO Vermieter-Web\",\"description\":\"\",\"potentialAction\":[{\"@type\":\"SearchAction\",\"target\":{\"@type\":\"EntryPoint\",\"urlTemplate\":\"https:\\\/\\\/www.buhl.de\\\/vermieter-web\\\/?s={search_term_string}\"},\"query-input\":{\"@type\":\"PropertyValueSpecification\",\"valueRequired\":true,\"valueName\":\"search_term_string\"}}],\"inLanguage\":\"de\"},{\"@type\":\"Person\",\"@id\":\"https:\\\/\\\/www.buhl.de\\\/vermieter-web\\\/#\\\/schema\\\/person\\\/82903e1cb04eb553382702d503991b4f\",\"name\":\"Hartmut Fischer\"}]}<\/script>\n<!-- \/ Yoast SEO Premium plugin. -->","yoast_head_json":{"title":"Wirtschaftliche Verwertung einer Immobilie","description":"Wirtschaftliche Verwertung kann eine ordentliche K\u00fcndigung rechtfertigen. Allerdings muss der Vermieter dann hohe Anforderungen erf\u00fcllen.","robots":{"index":"noindex","follow":"nofollow"},"og_locale":"de_DE","og_type":"article","og_title":"K\u00fcndigung wegen wirtschaftlicher Verwertung","og_description":"Wirtschaftliche Verwertung kann eine ordentliche K\u00fcndigung rechtfertigen. Allerdings muss der Vermieter dann hohe Anforderungen erf\u00fcllen.","og_url":"https:\/\/www.buhl.de\/vermieter-web\/kuendigung-wegen-wirtschaftlicher-verwertung\/","og_site_name":"Online-Nebenkostenabrechnung mit WISO Vermieter-Web","article_published_time":"2026-04-23T14:23:52+00:00","og_image":[{"width":1063,"height":543,"url":"https:\/\/www.buhl.de\/vermieter-web\/wp-content\/uploads\/sites\/33\/2026\/04\/Marco-Guidi-Abriss.jpg","type":"image\/jpeg"}],"author":"Hartmut Fischer","twitter_card":"summary_large_image","twitter_misc":{"Verfasst von":"Hartmut Fischer","Gesch\u00e4tzte Lesezeit":"2\u00a0Minuten"},"schema":{"@context":"https:\/\/schema.org","@graph":[{"@type":"Article","@id":"https:\/\/www.buhl.de\/vermieter-web\/kuendigung-wegen-wirtschaftlicher-verwertung\/#article","isPartOf":{"@id":"https:\/\/www.buhl.de\/vermieter-web\/kuendigung-wegen-wirtschaftlicher-verwertung\/"},"author":{"name":"Hartmut Fischer","@id":"https:\/\/www.buhl.de\/vermieter-web\/#\/schema\/person\/82903e1cb04eb553382702d503991b4f"},"headline":"K\u00fcndigung wegen wirtschaftlicher Verwertung","datePublished":"2026-04-23T14:23:52+00:00","mainEntityOfPage":{"@id":"https:\/\/www.buhl.de\/vermieter-web\/kuendigung-wegen-wirtschaftlicher-verwertung\/"},"wordCount":312,"image":{"@id":"https:\/\/www.buhl.de\/vermieter-web\/kuendigung-wegen-wirtschaftlicher-verwertung\/#primaryimage"},"thumbnailUrl":"https:\/\/www.buhl.de\/vermieter-web\/wp-content\/uploads\/sites\/33\/2026\/04\/Marco-Guidi-Abriss.jpg","keywords":["Ordentliche K\u00fcndigung","Verwertung","wirtschaftlich"],"inLanguage":"de"},{"@type":"WebPage","@id":"https:\/\/www.buhl.de\/vermieter-web\/kuendigung-wegen-wirtschaftlicher-verwertung\/","url":"https:\/\/www.buhl.de\/vermieter-web\/kuendigung-wegen-wirtschaftlicher-verwertung\/","name":"Wirtschaftliche Verwertung einer Immobilie","isPartOf":{"@id":"https:\/\/www.buhl.de\/vermieter-web\/#website"},"primaryImageOfPage":{"@id":"https:\/\/www.buhl.de\/vermieter-web\/kuendigung-wegen-wirtschaftlicher-verwertung\/#primaryimage"},"image":{"@id":"https:\/\/www.buhl.de\/vermieter-web\/kuendigung-wegen-wirtschaftlicher-verwertung\/#primaryimage"},"thumbnailUrl":"https:\/\/www.buhl.de\/vermieter-web\/wp-content\/uploads\/sites\/33\/2026\/04\/Marco-Guidi-Abriss.jpg","datePublished":"2026-04-23T14:23:52+00:00","author":{"@id":"https:\/\/www.buhl.de\/vermieter-web\/#\/schema\/person\/82903e1cb04eb553382702d503991b4f"},"description":"Wirtschaftliche Verwertung kann eine ordentliche K\u00fcndigung rechtfertigen. Allerdings muss der Vermieter dann hohe Anforderungen erf\u00fcllen.","breadcrumb":{"@id":"https:\/\/www.buhl.de\/vermieter-web\/kuendigung-wegen-wirtschaftlicher-verwertung\/#breadcrumb"},"inLanguage":"de","potentialAction":[{"@type":"ReadAction","target":["https:\/\/www.buhl.de\/vermieter-web\/kuendigung-wegen-wirtschaftlicher-verwertung\/"]}]},{"@type":"ImageObject","inLanguage":"de","@id":"https:\/\/www.buhl.de\/vermieter-web\/kuendigung-wegen-wirtschaftlicher-verwertung\/#primaryimage","url":"https:\/\/www.buhl.de\/vermieter-web\/wp-content\/uploads\/sites\/33\/2026\/04\/Marco-Guidi-Abriss.jpg","contentUrl":"https:\/\/www.buhl.de\/vermieter-web\/wp-content\/uploads\/sites\/33\/2026\/04\/Marco-Guidi-Abriss.jpg","width":1063,"height":543},{"@type":"BreadcrumbList","@id":"https:\/\/www.buhl.de\/vermieter-web\/kuendigung-wegen-wirtschaftlicher-verwertung\/#breadcrumb","itemListElement":[{"@type":"ListItem","position":1,"name":"Startseite","item":"https:\/\/www.buhl.de\/vermieter-web\/"},{"@type":"ListItem","position":2,"name":"K\u00fcndigung wegen wirtschaftlicher Verwertung"}]},{"@type":"WebSite","@id":"https:\/\/www.buhl.de\/vermieter-web\/#website","url":"https:\/\/www.buhl.de\/vermieter-web\/","name":"Online-Nebenkostenabrechnung mit WISO Vermieter-Web","description":"","potentialAction":[{"@type":"SearchAction","target":{"@type":"EntryPoint","urlTemplate":"https:\/\/www.buhl.de\/vermieter-web\/?s={search_term_string}"},"query-input":{"@type":"PropertyValueSpecification","valueRequired":true,"valueName":"search_term_string"}}],"inLanguage":"de"},{"@type":"Person","@id":"https:\/\/www.buhl.de\/vermieter-web\/#\/schema\/person\/82903e1cb04eb553382702d503991b4f","name":"Hartmut Fischer"}]}},"_links":{"self":[{"href":"https:\/\/www.buhl.de\/vermieter-web\/wp-json\/wp\/v2\/posts\/17807","targetHints":{"allow":["GET"]}}],"collection":[{"href":"https:\/\/www.buhl.de\/vermieter-web\/wp-json\/wp\/v2\/posts"}],"about":[{"href":"https:\/\/www.buhl.de\/vermieter-web\/wp-json\/wp\/v2\/types\/post"}],"author":[{"embeddable":true,"href":"https:\/\/www.buhl.de\/vermieter-web\/wp-json\/wp\/v2\/users\/15"}],"replies":[{"embeddable":true,"href":"https:\/\/www.buhl.de\/vermieter-web\/wp-json\/wp\/v2\/comments?post=17807"}],"version-history":[{"count":2,"href":"https:\/\/www.buhl.de\/vermieter-web\/wp-json\/wp\/v2\/posts\/17807\/revisions"}],"predecessor-version":[{"id":17811,"href":"https:\/\/www.buhl.de\/vermieter-web\/wp-json\/wp\/v2\/posts\/17807\/revisions\/17811"}],"wp:featuredmedia":[{"embeddable":true,"href":"https:\/\/www.buhl.de\/vermieter-web\/wp-json\/wp\/v2\/media\/17810"}],"wp:attachment":[{"href":"https:\/\/www.buhl.de\/vermieter-web\/wp-json\/wp\/v2\/media?parent=17807"}],"wp:term":[{"taxonomy":"category","embeddable":true,"href":"https:\/\/www.buhl.de\/vermieter-web\/wp-json\/wp\/v2\/categories?post=17807"},{"taxonomy":"post_tag","embeddable":true,"href":"https:\/\/www.buhl.de\/vermieter-web\/wp-json\/wp\/v2\/tags?post=17807"}],"curies":[{"name":"wp","href":"https:\/\/api.w.org\/{rel}","templated":true}]}}