{"id":17820,"date":"2026-04-30T11:32:32","date_gmt":"2026-04-30T09:32:32","guid":{"rendered":"https:\/\/www.buhl.de\/vermieter-web\/?p=17820"},"modified":"2026-04-30T11:32:32","modified_gmt":"2026-04-30T09:32:32","slug":"gesetzentwurf-verschaerft-mietrecht","status":"publish","type":"post","link":"https:\/\/www.buhl.de\/vermieter-web\/gesetzentwurf-verschaerft-mietrecht\/","title":{"rendered":"Gesetzentwurf versch\u00e4rft Mietrecht"},"content":{"rendered":"<p><strong>Mit einem am 29.04.2026 von der Bundesregierung beschlossenen Gesetzentwurf soll das Mietrecht versch\u00e4rft werden. Unter anderem geht es hier auch um strengere Regelungen bez\u00fcglich der sogenannten Mietpreisbremse. Mit dem Beschluss des Bundeskabinetts geht der Gesetzentwurf in den gesetzgeberischen Prozess. Im Gesetzgebungsverfahren sind noch \u00c4nderungen m\u00f6glich. <\/strong><\/p>\n<h5>Kurzzeitvermietung und Mietpreisbremse<\/h5>\n<p>Derzeit gilt die Mietpreisbremse nicht bei Vermietung \u201ezum vor\u00fcbergehenden Gebrauch\u201c (<a href=\"https:\/\/www.gesetze-im-internet.de\/bgb\/__549.html\">\u00a7\u00a0549 BGB<\/a>). Allerdings gibt es immer wieder Schwierigkeiten, wenn es um die Auslegung der Formulierung \u201ezum vor\u00fcbergehenden Gebrauch\u201c geht. Nach dem Entwurf wird dies nun zuk\u00fcnftig eindeutig geregelt.<\/p>\n<p>Die Ausnahmeregelung gilt nach dem Gesetzentwurf nur bei Kurzzeitmietvertr\u00e4gen f\u00fcr h\u00f6chstens sechs Monate. Der Vertrag wird auf maximal acht Monate verl\u00e4ngert, wenn nach Abschluss des Kurzzeitvertrages weiterer Bedarf entsteht. Werden die genannten Grenzen \u00fcberschritten, gelten f\u00fcr das Mietverh\u00e4ltnis die gesamten Mieterschutzvorschriften \u2013 inklusive der Mietpreisbremse.<\/p>\n<h5>M\u00f6bliert vermietet<\/h5>\n<p>Derzeit wird die M\u00f6blierung einer Wohnung auch genutzt, um Mietpreisbeschr\u00e4nkungen zu umgehen. Hier sollen nach dem Gesetzentwurf strengere Regeln in Gebieten mit angespannten Wohnungsm\u00e4rkten (<a href=\"https:\/\/www.gesetze-im-internet.de\/bgb\/__556d.html\">\u00a7\u00a0556d BGB<\/a>) gelten. Nach dem Entwurf gelten dann folgende Regeln:<\/p>\n<p>Der Vermieter muss unaufgefordert erkl\u00e4ren, wie hoch der Zuschlag f\u00fcr die M\u00f6blierung der Wohnung ist. Dieser Zuschlag muss sich dabei am Zeitwert der M\u00f6bel orientieren und soll auf jeden Fall \u201eangemessen\u201c sein. Wie die Berechnung erfolgen soll, wird im Gesetz vorgeschrieben. F\u00fcr voll m\u00f6blierte Wohnungen gilt eine Pauschale von 10 % der Nettokaltmiete. Kommt der Vermieter der Informationspflicht nicht nach, gilt die Wohnung zur Ermittlung der Miete als unm\u00f6bliert.<\/p>\n<h5>Kappungsgrenze f\u00fcr Indexmieten<\/h5>\n<p>Indexmieten werden derzeit nach folgenden Regeln festgelegt: Zun\u00e4chst wird eine Ausgangsmiete im Mietvertrag vereinbart. \u00c4nderungen der Miete (Erh\u00f6hung oder Senkung) richten sich nach den Schwankungen des Verbraucherpreisindex. Zwischen zwei Miet\u00e4nderungen muss ein Zeitraum von mindestens einem Jahr liegen.<\/p>\n<p>Nach dem Gesetzentwurf wird nun die Mieterh\u00f6hung in Gebieten mit angespannter Wohnlage begrenzt. Steigt der Verbraucherpreisindex um mehr als 3 %, wird der dar\u00fcber liegende Satz halbiert. Steigt der Verbraucherpreisindex beispielsweise um 5 %, kann die Miete um 4 % angehoben werden.<\/p>\n<p>Bei einer Deflation (Sinken des Verbraucherpreisindex) gelten die Regeln analog.<\/p>\n<h5>Schonfristzahlung bei ordentlicher K\u00fcndigung<\/h5>\n<p>Derzeit kann der Vermieter dem Mieter unter bestimmten Voraussetzungen bei Mietr\u00fcckst\u00e4nden fristlos k\u00fcndigen (<a href=\"https:\/\/www.gesetze-im-internet.de\/bgb\/__543.html\">\u00a7\u00a0543 BGB<\/a>). Der Mieter kann die fristlose K\u00fcndigung jedoch ung\u00fcltig machen, wenn er sp\u00e4testens innerhalb von zwei Monaten nach Eintritt der Rechtsh\u00e4ngigkeit der R\u00e4umungsklage die R\u00fcckst\u00e4nde vollst\u00e4ndig bezahlt hat (<a href=\"https:\/\/www.gesetze-im-internet.de\/bgb\/__569.html\">\u00a7\u00a0569 BGB<\/a>). Diese Regelung wird in dem Gesetzentwurf auch auf ordentliche K\u00fcndigungen ausgeweitet. Eine Heilung der K\u00fcndigung durch Zahlung soll einmalig m\u00f6glich werden.<\/p>\n<h5>Wertgrenze f\u00fcr vereinfachtes Mieterh\u00f6hungsverfahren<\/h5>\n<p>F\u00fcr das vereinfachte Mieterh\u00f6hungsverfahren (<a href=\"https:\/\/www.gesetze-im-internet.de\/bgb\/__559c.html\">\u00a7\u00a0559c BGB<\/a>) gilt derzeit eine Wertgrenze von 10.000 EUR. Der Gesetzentwurf sieht vor, diesen Betrag auf 20.000 EUR zu verdoppeln.<\/p>\n<h5>Weitere \u00c4nderungen<\/h5>\n<p>Grundsatz \u201eKauf bricht nicht Miete\u201c <a href=\"https:\/\/www.gesetze-im-internet.de\/bgb\/__566.html\">(\u00a7\u00a0566 BGB<\/a>) gilt zuk\u00fcnftig auch bei Ver\u00e4u\u00dferungen zwischen Miteigent\u00fcmern und bei Erbauseinandersetzungen.<\/p>\n<p>Belege zur Betriebskostenabrechnung werden nach dem Gesetzentwurf auch bei Gewerbevermietungen elektronisch bereitgestellt.<\/p>\n<p>Beim Wohnmietrecht werden Vereinbarungen ung\u00fcltig, die das Recht auf Belegeinsicht zum Nachteil des Mieters einschr\u00e4nken.<\/p>\n<p>Die Mietminderung wegen Heizungseinbaus nach \u00a7 71 GEG ist f\u00fcr drei Monate ausgeschlossen.<\/p>\n","protected":false},"excerpt":{"rendered":"<p>Mit einem am 29.04.2026 von der Bundesregierung beschlossenen Gesetzentwurf soll das Mietrecht versch\u00e4rft werden. Unter anderem geht es hier auch um strengere Regelungen bez\u00fcglich der sogenannten Mietpreisbremse. Mit dem Beschluss des Bundeskabinetts geht der Gesetzentwurf in den gesetzgeberischen Prozess. Im Gesetzgebungsverfahren sind noch \u00c4nderungen m\u00f6glich. Kurzzeitvermietung und Mietpreisbremse Derzeit gilt die Mietpreisbremse nicht bei Vermietung &hellip; <\/p>\n<p class=\"link-more\"><a href=\"https:\/\/www.buhl.de\/vermieter-web\/gesetzentwurf-verschaerft-mietrecht\/\" class=\"more-link\"><span class=\"screen-reader-text\">\u201eGesetzentwurf versch\u00e4rft Mietrecht\u201c<\/span> weiterlesen<\/a><\/p>\n","protected":false},"author":15,"featured_media":14130,"comment_status":"closed","ping_status":"open","sticky":false,"template":"","format":"standard","meta":{"footnotes":""},"categories":[1],"tags":[5689,5630,5407,411],"class_list":["post-17820","post","type-post","status-publish","format-standard","has-post-thumbnail","hentry","category-allgemein","tag-gesetz","tag-indexmiete","tag-kappungsgrenze","tag-mietpreisbremse"],"yoast_head":"<!-- This site is optimized with the Yoast SEO Premium plugin v27.4 (Yoast SEO v27.5) - https:\/\/yoast.com\/product\/yoast-seo-premium-wordpress\/ -->\n<title>Gesetzentwurf versch\u00e4rft Mietrecht - Online-Nebenkostenabrechnung mit WISO Vermieter-Web<\/title>\n<meta name=\"robots\" content=\"noindex, nofollow\" \/>\n<meta property=\"og:locale\" content=\"de_DE\" \/>\n<meta property=\"og:type\" content=\"article\" \/>\n<meta property=\"og:title\" content=\"Gesetzentwurf versch\u00e4rft Mietrecht\" \/>\n<meta property=\"og:description\" content=\"Mit einem am 29.04.2026 von der Bundesregierung beschlossenen Gesetzentwurf soll das Mietrecht versch\u00e4rft werden. Unter anderem geht es hier auch um strengere Regelungen bez\u00fcglich der sogenannten Mietpreisbremse. Mit dem Beschluss des Bundeskabinetts geht der Gesetzentwurf in den gesetzgeberischen Prozess. Im Gesetzgebungsverfahren sind noch \u00c4nderungen m\u00f6glich. Kurzzeitvermietung und Mietpreisbremse Derzeit gilt die Mietpreisbremse nicht bei Vermietung &hellip; \u201eGesetzentwurf versch\u00e4rft Mietrecht\u201c weiterlesen\" \/>\n<meta property=\"og:url\" content=\"https:\/\/www.buhl.de\/vermieter-web\/gesetzentwurf-verschaerft-mietrecht\/\" \/>\n<meta property=\"og:site_name\" content=\"Online-Nebenkostenabrechnung mit WISO Vermieter-Web\" \/>\n<meta property=\"article:published_time\" content=\"2026-04-30T09:32:32+00:00\" \/>\n<meta property=\"og:image\" content=\"https:\/\/www.buhl.de\/vermieter-web\/wp-content\/uploads\/sites\/33\/2021\/11\/Eilmeldung.jpg\" \/>\n\t<meta property=\"og:image:width\" content=\"839\" \/>\n\t<meta property=\"og:image:height\" content=\"416\" \/>\n\t<meta property=\"og:image:type\" content=\"image\/jpeg\" \/>\n<meta name=\"author\" content=\"Hartmut Fischer\" \/>\n<meta name=\"twitter:card\" content=\"summary_large_image\" \/>\n<meta name=\"twitter:label1\" content=\"Verfasst von\" \/>\n\t<meta name=\"twitter:data1\" content=\"Hartmut Fischer\" \/>\n\t<meta name=\"twitter:label2\" content=\"Gesch\u00e4tzte Lesezeit\" \/>\n\t<meta name=\"twitter:data2\" content=\"3\u00a0Minuten\" \/>\n<script type=\"application\/ld+json\" class=\"yoast-schema-graph\">{\"@context\":\"https:\\\/\\\/schema.org\",\"@graph\":[{\"@type\":\"Article\",\"@id\":\"https:\\\/\\\/www.buhl.de\\\/vermieter-web\\\/gesetzentwurf-verschaerft-mietrecht\\\/#article\",\"isPartOf\":{\"@id\":\"https:\\\/\\\/www.buhl.de\\\/vermieter-web\\\/gesetzentwurf-verschaerft-mietrecht\\\/\"},\"author\":{\"name\":\"Hartmut Fischer\",\"@id\":\"https:\\\/\\\/www.buhl.de\\\/vermieter-web\\\/#\\\/schema\\\/person\\\/82903e1cb04eb553382702d503991b4f\"},\"headline\":\"Gesetzentwurf versch\u00e4rft Mietrecht\",\"datePublished\":\"2026-04-30T09:32:32+00:00\",\"mainEntityOfPage\":{\"@id\":\"https:\\\/\\\/www.buhl.de\\\/vermieter-web\\\/gesetzentwurf-verschaerft-mietrecht\\\/\"},\"wordCount\":526,\"image\":{\"@id\":\"https:\\\/\\\/www.buhl.de\\\/vermieter-web\\\/gesetzentwurf-verschaerft-mietrecht\\\/#primaryimage\"},\"thumbnailUrl\":\"https:\\\/\\\/www.buhl.de\\\/vermieter-web\\\/wp-content\\\/uploads\\\/sites\\\/33\\\/2021\\\/11\\\/Eilmeldung.jpg\",\"keywords\":[\"Gesetz\",\"Indexmiete\",\"Kappungsgrenze\",\"Mietpreisbremse\"],\"inLanguage\":\"de\"},{\"@type\":\"WebPage\",\"@id\":\"https:\\\/\\\/www.buhl.de\\\/vermieter-web\\\/gesetzentwurf-verschaerft-mietrecht\\\/\",\"url\":\"https:\\\/\\\/www.buhl.de\\\/vermieter-web\\\/gesetzentwurf-verschaerft-mietrecht\\\/\",\"name\":\"Gesetzentwurf versch\u00e4rft Mietrecht - Online-Nebenkostenabrechnung mit WISO Vermieter-Web\",\"isPartOf\":{\"@id\":\"https:\\\/\\\/www.buhl.de\\\/vermieter-web\\\/#website\"},\"primaryImageOfPage\":{\"@id\":\"https:\\\/\\\/www.buhl.de\\\/vermieter-web\\\/gesetzentwurf-verschaerft-mietrecht\\\/#primaryimage\"},\"image\":{\"@id\":\"https:\\\/\\\/www.buhl.de\\\/vermieter-web\\\/gesetzentwurf-verschaerft-mietrecht\\\/#primaryimage\"},\"thumbnailUrl\":\"https:\\\/\\\/www.buhl.de\\\/vermieter-web\\\/wp-content\\\/uploads\\\/sites\\\/33\\\/2021\\\/11\\\/Eilmeldung.jpg\",\"datePublished\":\"2026-04-30T09:32:32+00:00\",\"author\":{\"@id\":\"https:\\\/\\\/www.buhl.de\\\/vermieter-web\\\/#\\\/schema\\\/person\\\/82903e1cb04eb553382702d503991b4f\"},\"breadcrumb\":{\"@id\":\"https:\\\/\\\/www.buhl.de\\\/vermieter-web\\\/gesetzentwurf-verschaerft-mietrecht\\\/#breadcrumb\"},\"inLanguage\":\"de\",\"potentialAction\":[{\"@type\":\"ReadAction\",\"target\":[\"https:\\\/\\\/www.buhl.de\\\/vermieter-web\\\/gesetzentwurf-verschaerft-mietrecht\\\/\"]}]},{\"@type\":\"ImageObject\",\"inLanguage\":\"de\",\"@id\":\"https:\\\/\\\/www.buhl.de\\\/vermieter-web\\\/gesetzentwurf-verschaerft-mietrecht\\\/#primaryimage\",\"url\":\"https:\\\/\\\/www.buhl.de\\\/vermieter-web\\\/wp-content\\\/uploads\\\/sites\\\/33\\\/2021\\\/11\\\/Eilmeldung.jpg\",\"contentUrl\":\"https:\\\/\\\/www.buhl.de\\\/vermieter-web\\\/wp-content\\\/uploads\\\/sites\\\/33\\\/2021\\\/11\\\/Eilmeldung.jpg\",\"width\":839,\"height\":416},{\"@type\":\"BreadcrumbList\",\"@id\":\"https:\\\/\\\/www.buhl.de\\\/vermieter-web\\\/gesetzentwurf-verschaerft-mietrecht\\\/#breadcrumb\",\"itemListElement\":[{\"@type\":\"ListItem\",\"position\":1,\"name\":\"Startseite\",\"item\":\"https:\\\/\\\/www.buhl.de\\\/vermieter-web\\\/\"},{\"@type\":\"ListItem\",\"position\":2,\"name\":\"Gesetzentwurf versch\u00e4rft Mietrecht\"}]},{\"@type\":\"WebSite\",\"@id\":\"https:\\\/\\\/www.buhl.de\\\/vermieter-web\\\/#website\",\"url\":\"https:\\\/\\\/www.buhl.de\\\/vermieter-web\\\/\",\"name\":\"Online-Nebenkostenabrechnung mit WISO Vermieter-Web\",\"description\":\"\",\"potentialAction\":[{\"@type\":\"SearchAction\",\"target\":{\"@type\":\"EntryPoint\",\"urlTemplate\":\"https:\\\/\\\/www.buhl.de\\\/vermieter-web\\\/?s={search_term_string}\"},\"query-input\":{\"@type\":\"PropertyValueSpecification\",\"valueRequired\":true,\"valueName\":\"search_term_string\"}}],\"inLanguage\":\"de\"},{\"@type\":\"Person\",\"@id\":\"https:\\\/\\\/www.buhl.de\\\/vermieter-web\\\/#\\\/schema\\\/person\\\/82903e1cb04eb553382702d503991b4f\",\"name\":\"Hartmut Fischer\"}]}<\/script>\n<!-- \/ Yoast SEO Premium plugin. -->","yoast_head_json":{"title":"Gesetzentwurf versch\u00e4rft Mietrecht - Online-Nebenkostenabrechnung mit WISO Vermieter-Web","robots":{"index":"noindex","follow":"nofollow"},"og_locale":"de_DE","og_type":"article","og_title":"Gesetzentwurf versch\u00e4rft Mietrecht","og_description":"Mit einem am 29.04.2026 von der Bundesregierung beschlossenen Gesetzentwurf soll das Mietrecht versch\u00e4rft werden. Unter anderem geht es hier auch um strengere Regelungen bez\u00fcglich der sogenannten Mietpreisbremse. Mit dem Beschluss des Bundeskabinetts geht der Gesetzentwurf in den gesetzgeberischen Prozess. Im Gesetzgebungsverfahren sind noch \u00c4nderungen m\u00f6glich. Kurzzeitvermietung und Mietpreisbremse Derzeit gilt die Mietpreisbremse nicht bei Vermietung &hellip; \u201eGesetzentwurf versch\u00e4rft Mietrecht\u201c weiterlesen","og_url":"https:\/\/www.buhl.de\/vermieter-web\/gesetzentwurf-verschaerft-mietrecht\/","og_site_name":"Online-Nebenkostenabrechnung mit WISO Vermieter-Web","article_published_time":"2026-04-30T09:32:32+00:00","og_image":[{"width":839,"height":416,"url":"https:\/\/www.buhl.de\/vermieter-web\/wp-content\/uploads\/sites\/33\/2021\/11\/Eilmeldung.jpg","type":"image\/jpeg"}],"author":"Hartmut Fischer","twitter_card":"summary_large_image","twitter_misc":{"Verfasst von":"Hartmut Fischer","Gesch\u00e4tzte Lesezeit":"3\u00a0Minuten"},"schema":{"@context":"https:\/\/schema.org","@graph":[{"@type":"Article","@id":"https:\/\/www.buhl.de\/vermieter-web\/gesetzentwurf-verschaerft-mietrecht\/#article","isPartOf":{"@id":"https:\/\/www.buhl.de\/vermieter-web\/gesetzentwurf-verschaerft-mietrecht\/"},"author":{"name":"Hartmut Fischer","@id":"https:\/\/www.buhl.de\/vermieter-web\/#\/schema\/person\/82903e1cb04eb553382702d503991b4f"},"headline":"Gesetzentwurf versch\u00e4rft Mietrecht","datePublished":"2026-04-30T09:32:32+00:00","mainEntityOfPage":{"@id":"https:\/\/www.buhl.de\/vermieter-web\/gesetzentwurf-verschaerft-mietrecht\/"},"wordCount":526,"image":{"@id":"https:\/\/www.buhl.de\/vermieter-web\/gesetzentwurf-verschaerft-mietrecht\/#primaryimage"},"thumbnailUrl":"https:\/\/www.buhl.de\/vermieter-web\/wp-content\/uploads\/sites\/33\/2021\/11\/Eilmeldung.jpg","keywords":["Gesetz","Indexmiete","Kappungsgrenze","Mietpreisbremse"],"inLanguage":"de"},{"@type":"WebPage","@id":"https:\/\/www.buhl.de\/vermieter-web\/gesetzentwurf-verschaerft-mietrecht\/","url":"https:\/\/www.buhl.de\/vermieter-web\/gesetzentwurf-verschaerft-mietrecht\/","name":"Gesetzentwurf versch\u00e4rft Mietrecht - Online-Nebenkostenabrechnung mit WISO Vermieter-Web","isPartOf":{"@id":"https:\/\/www.buhl.de\/vermieter-web\/#website"},"primaryImageOfPage":{"@id":"https:\/\/www.buhl.de\/vermieter-web\/gesetzentwurf-verschaerft-mietrecht\/#primaryimage"},"image":{"@id":"https:\/\/www.buhl.de\/vermieter-web\/gesetzentwurf-verschaerft-mietrecht\/#primaryimage"},"thumbnailUrl":"https:\/\/www.buhl.de\/vermieter-web\/wp-content\/uploads\/sites\/33\/2021\/11\/Eilmeldung.jpg","datePublished":"2026-04-30T09:32:32+00:00","author":{"@id":"https:\/\/www.buhl.de\/vermieter-web\/#\/schema\/person\/82903e1cb04eb553382702d503991b4f"},"breadcrumb":{"@id":"https:\/\/www.buhl.de\/vermieter-web\/gesetzentwurf-verschaerft-mietrecht\/#breadcrumb"},"inLanguage":"de","potentialAction":[{"@type":"ReadAction","target":["https:\/\/www.buhl.de\/vermieter-web\/gesetzentwurf-verschaerft-mietrecht\/"]}]},{"@type":"ImageObject","inLanguage":"de","@id":"https:\/\/www.buhl.de\/vermieter-web\/gesetzentwurf-verschaerft-mietrecht\/#primaryimage","url":"https:\/\/www.buhl.de\/vermieter-web\/wp-content\/uploads\/sites\/33\/2021\/11\/Eilmeldung.jpg","contentUrl":"https:\/\/www.buhl.de\/vermieter-web\/wp-content\/uploads\/sites\/33\/2021\/11\/Eilmeldung.jpg","width":839,"height":416},{"@type":"BreadcrumbList","@id":"https:\/\/www.buhl.de\/vermieter-web\/gesetzentwurf-verschaerft-mietrecht\/#breadcrumb","itemListElement":[{"@type":"ListItem","position":1,"name":"Startseite","item":"https:\/\/www.buhl.de\/vermieter-web\/"},{"@type":"ListItem","position":2,"name":"Gesetzentwurf versch\u00e4rft Mietrecht"}]},{"@type":"WebSite","@id":"https:\/\/www.buhl.de\/vermieter-web\/#website","url":"https:\/\/www.buhl.de\/vermieter-web\/","name":"Online-Nebenkostenabrechnung mit WISO Vermieter-Web","description":"","potentialAction":[{"@type":"SearchAction","target":{"@type":"EntryPoint","urlTemplate":"https:\/\/www.buhl.de\/vermieter-web\/?s={search_term_string}"},"query-input":{"@type":"PropertyValueSpecification","valueRequired":true,"valueName":"search_term_string"}}],"inLanguage":"de"},{"@type":"Person","@id":"https:\/\/www.buhl.de\/vermieter-web\/#\/schema\/person\/82903e1cb04eb553382702d503991b4f","name":"Hartmut Fischer"}]}},"_links":{"self":[{"href":"https:\/\/www.buhl.de\/vermieter-web\/wp-json\/wp\/v2\/posts\/17820","targetHints":{"allow":["GET"]}}],"collection":[{"href":"https:\/\/www.buhl.de\/vermieter-web\/wp-json\/wp\/v2\/posts"}],"about":[{"href":"https:\/\/www.buhl.de\/vermieter-web\/wp-json\/wp\/v2\/types\/post"}],"author":[{"embeddable":true,"href":"https:\/\/www.buhl.de\/vermieter-web\/wp-json\/wp\/v2\/users\/15"}],"replies":[{"embeddable":true,"href":"https:\/\/www.buhl.de\/vermieter-web\/wp-json\/wp\/v2\/comments?post=17820"}],"version-history":[{"count":1,"href":"https:\/\/www.buhl.de\/vermieter-web\/wp-json\/wp\/v2\/posts\/17820\/revisions"}],"predecessor-version":[{"id":17822,"href":"https:\/\/www.buhl.de\/vermieter-web\/wp-json\/wp\/v2\/posts\/17820\/revisions\/17822"}],"wp:featuredmedia":[{"embeddable":true,"href":"https:\/\/www.buhl.de\/vermieter-web\/wp-json\/wp\/v2\/media\/14130"}],"wp:attachment":[{"href":"https:\/\/www.buhl.de\/vermieter-web\/wp-json\/wp\/v2\/media?parent=17820"}],"wp:term":[{"taxonomy":"category","embeddable":true,"href":"https:\/\/www.buhl.de\/vermieter-web\/wp-json\/wp\/v2\/categories?post=17820"},{"taxonomy":"post_tag","embeddable":true,"href":"https:\/\/www.buhl.de\/vermieter-web\/wp-json\/wp\/v2\/tags?post=17820"}],"curies":[{"name":"wp","href":"https:\/\/api.w.org\/{rel}","templated":true}]}}