{"id":18069,"date":"2026-08-28T15:00:22","date_gmt":"2026-08-28T13:00:22","guid":{"rendered":"https:\/\/www.buhl.de\/vermieter-web\/?p=18069"},"modified":"2026-08-28T15:00:22","modified_gmt":"2026-08-28T13:00:22","slug":"vermietung-an-grundsicherungsgeldbezieher","status":"publish","type":"post","link":"https:\/\/www.buhl.de\/vermieter-web\/vermietung-an-grundsicherungsgeldbezieher\/","title":{"rendered":"Vermietung an Grundsicherungsgeldbezieher"},"content":{"rendered":"<p><strong>Am 01.07.2026 wurde das \u201eB\u00fcrgergeld\u201c durch das \u201eGrundsicherungsgeld\u201c abgel\u00f6st. Mit der \u00c4nderung wurden auch die Regeln zur \u00dcbernahme von Unterkunftskosten versch\u00e4rft. Grunds\u00e4tzlich spricht nichts dagegen, an Grundsicherungsempf\u00e4nger zu vermieten. Dem Vermieter muss aber klar sein, dass immer der Mieter sein Vertragspartner ist und nicht das Jobcenter.<\/strong><\/p>\n<hr \/>\n<h5>Wo ist die Grundsicherung geregelt?<\/h5>\n<p>Die Anspr\u00fcche auf Grundsicherung im Alter und bei Erwerbsminderung werden <span style=\"font-size: 1rem\">im <\/span>Sozialgesetzbuch XII (SGB XII) in den \u00a7\u00a7 41\u201346b SGB XII geregelt<span style=\"font-size: 1rem\">. Die Voraussetzungen des Anspruchs stehen insbesondere in <\/span><a href=\"https:\/\/www.gesetze-im-internet.de\/sgb_12\/__41.html\">\u00a7 41 SGB XII<\/a><span style=\"font-size: 1rem\">.<\/span><\/p>\n<p>Grundsicherungsanspr\u00fcche f\u00fcr Arbeitsuchende werden im Sozialgesetzbuch II (SGB II) geregelt. Die grundlegenden Anspruchsvoraussetzungen finden sich in <a href=\"https:\/\/www.gesetze-im-internet.de\/sgb_2\/__7.html\">\u00a7 7 SGB II<\/a>; die einzelnen Leistungen und deren H\u00f6he werden in weiteren Vorschriften des SGB II geregelt.<\/p>\n<hr \/>\n<h5>Bezieher der Sozialleistung bleibt Vertragspartner<\/h5>\n<p>Auch wenn eine Person das Grundsicherungsgeld erh\u00e4lt, bleibt sie doch weiterhin der Vertragspartner des Vermieters. Das Jobcenter gew\u00e4hrt die Leistungen an den Betroffenen und dieser muss auch jetzt die vereinbarte Miete an den Vermieter zahlen \u2013 selbst wenn das Jobcenter die Mietkosten nicht komplett \u00fcbernimmt.<\/p>\n<h5>Kein Anspruch auf volle Kosten\u00fcbernahme<\/h5>\n<p>Bei der Berechnung des Grundsicherungsgeldes entscheidet das Jobcenter nach unterschiedlichen Kriterien, ob es die Mietkosten ganz oder nur teilweise \u00fcbernimmt. Wird nur ein Teil anerkannt, \u00e4ndert das aber nichts gegen\u00fcber dem Vermieter. Er hat weiterhin Anspruch auf die komplette vereinbarte Miete. Die Gefahr, dass nun Mietr\u00fcckst\u00e4nde entstehen, ist dann recht hoch.<\/p>\n<h5>Mietr\u00fcckst\u00e4nde k\u00f6nnen auch in der Karenzzeit entstehen<\/h5>\n<p>Beim B\u00fcrgergeld galt eine zw\u00f6lfmonatige Karenzzeit, in der das Jobcenter auch Mieten akzeptierte, die \u00fcber dem lagen, was nach den Regelungen f\u00fcr das B\u00fcrgergeld gezahlt werden sollte. Diese Karenzzeit gibt es auch beim Grundsicherungsgeld. Allerdings wird die \u00dcbernahme der Kosten einer nach den Regeln der Grundsicherung zu teuren Wohnung gedeckelt. Das Jobcenter \u00fcbernimmt in den ersten\u00a0 zw\u00f6lf Monaten maximal 150 % der \u00f6rtlichen Angemessenheitsgrenze.<\/p>\n<p>Hinzu kommt, dass Kommunen eine Quadratmeterh\u00f6chstmiete festlegen k\u00f6nnen. Wird diese Grenze festgelegt, \u00fcbernimmt das Jobcenter auch in der Karenzzeit nur den nach der Quadratmeterh\u00f6chstmiete zul\u00e4ssigen Betrag. Es k\u00f6nnen also auch hier Mietr\u00fcckst\u00e4nde entstehen. Nur in H\u00e4rtef\u00e4llen kann das Jobcenter h\u00f6here Leistungen ausnahmsweise gew\u00e4hren. Anspr\u00fcche auf diese Sonderregelungen bestehen jedoch nicht.<\/p>\n<h5>Vorsicht bei der Mietpreisbremse<\/h5>\n<p>Zu \u00c4rger kann es auch kommen, wenn die vermietete Wohnung in einem Gebiet liegt, in dem die Mietpreisbremse gilt. Da das Jobcenter das Grundsicherungsgeld an den Mieter zahlt, kann es ihn auch auffordern, den Vermieter zu r\u00fcgen, wenn die Miete \u00fcber der Grenze der Mietpreisbremse zu liegen scheint. Dann muss der Vermieter nachweisen, warum eine h\u00f6here Miete gerechtfertigt ist. Unter Umst\u00e4nden kann es sogar zu R\u00fcckforderungen kommen.<\/p>\n<h5>Wenn das Jobcenter direkt an den Vermieter zahlt<\/h5>\n<p>Da der Mieter der Vertragspartner ist, zahlt das Jobcenter normalerweise alle Leistungen der Grundsicherung \u2013 also auch die Mietkosten, soweit sie \u00fcbernommen werden. Eine direkte Zahlung an den Vermieter kommt nur in Ausnahmef\u00e4llen infrage.<\/p>\n<p>Aber auch wenn das Jobcenter die Grundsicherungsleistungen f\u00fcr die Miete direkt an den Vermieter \u00fcberweist \u2013 der Mieter bleibt f\u00fcr die Zahlungen verantwortlich. Werden die Anspr\u00fcche des Beziehers von Grundsicherungsgeld neu berechnet oder gar gestrichen, muss der Mieter f\u00fcr eventuell auftretende Zahlungsl\u00fccken bei der Miete aufkommen.<\/p>\n<h5>Sicherheit geht vor<\/h5>\n<p>Wenn man an den Bezieher von Grundsicherungsgeld vermieten will, sollte man sich eine Bescheinigung des Jobcenters vorlegen lassen, welche Miet- und Mietnebenkosten im Rahmen der Grundsicherung gezahlt werden. Diese Angaben sollten dann mit den Werten im Mietvertrag \u00fcbereinstimmen.<\/p>\n<hr \/>\n<h5>Das k\u00f6nnte Sie auch interessieren:<\/h5>\n<p><a href=\"https:\/\/www.buhl.de\/vermieter-web\/grundsicherung-wann-werden-mietkosten-nicht-mehr-uebernommen\/\">Grundsicherung: Wann werden Mietkosten nicht mehr \u00fcbernommen?<\/a><br \/>\n<a href=\"https:\/\/www.buhl.de\/vermieter-web\/psychische-erkrankung-kuendigung-nicht-wirksam\/\">Psychische Erkrankung &#8211;\u00a0 K\u00fcndigung nicht wirksam.<\/a><\/p>\n<hr \/>\n<p>&nbsp;<\/p>\n","protected":false},"excerpt":{"rendered":"<p>Am 01.07.2026 wurde das \u201eB\u00fcrgergeld\u201c durch das \u201eGrundsicherungsgeld\u201c abgel\u00f6st. Mit der \u00c4nderung wurden auch die Regeln zur \u00dcbernahme von Unterkunftskosten versch\u00e4rft. Grunds\u00e4tzlich spricht nichts dagegen, an Grundsicherungsempf\u00e4nger zu vermieten. Dem Vermieter muss aber klar sein, dass immer der Mieter sein Vertragspartner ist und nicht das Jobcenter. Wo ist die Grundsicherung geregelt? Die Anspr\u00fcche auf Grundsicherung &hellip; <\/p>\n<p class=\"link-more\"><a href=\"https:\/\/www.buhl.de\/vermieter-web\/vermietung-an-grundsicherungsgeldbezieher\/\" class=\"more-link\"><span class=\"screen-reader-text\">\u201eVermietung an Grundsicherungsgeldbezieher\u201c<\/span> weiterlesen<\/a><\/p>\n","protected":false},"author":15,"featured_media":18071,"comment_status":"closed","ping_status":"open","sticky":false,"template":"","format":"standard","meta":{"footnotes":""},"categories":[1],"tags":[6566,3118],"class_list":["post-18069","post","type-post","status-publish","format-standard","has-post-thumbnail","hentry","category-allgemein","tag-grundsicherung","tag-vermieten"],"yoast_head":"<!-- This site is optimized with the Yoast SEO Premium plugin v27.7 (Yoast SEO v27.7) - https:\/\/yoast.com\/product\/yoast-seo-premium-wordpress\/ -->\n<title>Grundsicherung: Der Mieter bleibt f\u00fcr die Miete verantwortlich<\/title>\n<meta name=\"description\" content=\"Grundsicherungsbezieher bleiben gegen\u00fcber dem Vermieter verantwortlich und m\u00fcssen f\u00fcr die Mietzahlung geradestehen.\" \/>\n<meta name=\"robots\" content=\"noindex, nofollow\" \/>\n<meta property=\"og:locale\" content=\"de_DE\" \/>\n<meta property=\"og:type\" content=\"article\" \/>\n<meta property=\"og:title\" content=\"Vermietung an Grundsicherungsgeldbezieher\" \/>\n<meta property=\"og:description\" content=\"Grundsicherungsbezieher bleiben gegen\u00fcber dem Vermieter verantwortlich und m\u00fcssen f\u00fcr die Mietzahlung geradestehen.\" \/>\n<meta property=\"og:url\" content=\"https:\/\/www.buhl.de\/vermieter-web\/vermietung-an-grundsicherungsgeldbezieher\/\" \/>\n<meta property=\"og:site_name\" content=\"Online-Nebenkostenabrechnung mit WISO Vermieter-Web\" \/>\n<meta property=\"article:published_time\" content=\"2026-08-28T13:00:22+00:00\" \/>\n<meta property=\"og:image\" content=\"https:\/\/www.buhl.de\/vermieter-web\/wp-content\/uploads\/sites\/33\/2026\/08\/Valeriy-Voennyy-Geld.jpg\" \/>\n\t<meta property=\"og:image:width\" content=\"1063\" \/>\n\t<meta property=\"og:image:height\" content=\"549\" \/>\n\t<meta property=\"og:image:type\" content=\"image\/jpeg\" \/>\n<meta name=\"author\" content=\"Hartmut Fischer\" \/>\n<meta name=\"twitter:card\" content=\"summary_large_image\" \/>\n<meta name=\"twitter:label1\" content=\"Verfasst von\" \/>\n\t<meta name=\"twitter:data1\" content=\"Hartmut Fischer\" \/>\n\t<meta name=\"twitter:label2\" content=\"Gesch\u00e4tzte Lesezeit\" \/>\n\t<meta name=\"twitter:data2\" content=\"4\u00a0Minuten\" \/>\n<script type=\"application\/ld+json\" class=\"yoast-schema-graph\">{\"@context\":\"https:\\\/\\\/schema.org\",\"@graph\":[{\"@type\":\"Article\",\"@id\":\"https:\\\/\\\/www.buhl.de\\\/vermieter-web\\\/vermietung-an-grundsicherungsgeldbezieher\\\/#article\",\"isPartOf\":{\"@id\":\"https:\\\/\\\/www.buhl.de\\\/vermieter-web\\\/vermietung-an-grundsicherungsgeldbezieher\\\/\"},\"author\":{\"name\":\"Hartmut Fischer\",\"@id\":\"https:\\\/\\\/www.buhl.de\\\/vermieter-web\\\/#\\\/schema\\\/person\\\/82903e1cb04eb553382702d503991b4f\"},\"headline\":\"Vermietung an Grundsicherungsgeldbezieher\",\"datePublished\":\"2026-08-28T13:00:22+00:00\",\"mainEntityOfPage\":{\"@id\":\"https:\\\/\\\/www.buhl.de\\\/vermieter-web\\\/vermietung-an-grundsicherungsgeldbezieher\\\/\"},\"wordCount\":603,\"image\":{\"@id\":\"https:\\\/\\\/www.buhl.de\\\/vermieter-web\\\/vermietung-an-grundsicherungsgeldbezieher\\\/#primaryimage\"},\"thumbnailUrl\":\"https:\\\/\\\/www.buhl.de\\\/vermieter-web\\\/wp-content\\\/uploads\\\/sites\\\/33\\\/2026\\\/08\\\/Valeriy-Voennyy-Geld.jpg\",\"keywords\":[\"Grundsicherung\",\"Vermieten\"],\"inLanguage\":\"de\"},{\"@type\":\"WebPage\",\"@id\":\"https:\\\/\\\/www.buhl.de\\\/vermieter-web\\\/vermietung-an-grundsicherungsgeldbezieher\\\/\",\"url\":\"https:\\\/\\\/www.buhl.de\\\/vermieter-web\\\/vermietung-an-grundsicherungsgeldbezieher\\\/\",\"name\":\"Grundsicherung: Der Mieter bleibt f\u00fcr die Miete verantwortlich\",\"isPartOf\":{\"@id\":\"https:\\\/\\\/www.buhl.de\\\/vermieter-web\\\/#website\"},\"primaryImageOfPage\":{\"@id\":\"https:\\\/\\\/www.buhl.de\\\/vermieter-web\\\/vermietung-an-grundsicherungsgeldbezieher\\\/#primaryimage\"},\"image\":{\"@id\":\"https:\\\/\\\/www.buhl.de\\\/vermieter-web\\\/vermietung-an-grundsicherungsgeldbezieher\\\/#primaryimage\"},\"thumbnailUrl\":\"https:\\\/\\\/www.buhl.de\\\/vermieter-web\\\/wp-content\\\/uploads\\\/sites\\\/33\\\/2026\\\/08\\\/Valeriy-Voennyy-Geld.jpg\",\"datePublished\":\"2026-08-28T13:00:22+00:00\",\"author\":{\"@id\":\"https:\\\/\\\/www.buhl.de\\\/vermieter-web\\\/#\\\/schema\\\/person\\\/82903e1cb04eb553382702d503991b4f\"},\"description\":\"Grundsicherungsbezieher bleiben gegen\u00fcber dem Vermieter verantwortlich und m\u00fcssen f\u00fcr die Mietzahlung geradestehen.\",\"breadcrumb\":{\"@id\":\"https:\\\/\\\/www.buhl.de\\\/vermieter-web\\\/vermietung-an-grundsicherungsgeldbezieher\\\/#breadcrumb\"},\"inLanguage\":\"de\",\"potentialAction\":[{\"@type\":\"ReadAction\",\"target\":[\"https:\\\/\\\/www.buhl.de\\\/vermieter-web\\\/vermietung-an-grundsicherungsgeldbezieher\\\/\"]}]},{\"@type\":\"ImageObject\",\"inLanguage\":\"de\",\"@id\":\"https:\\\/\\\/www.buhl.de\\\/vermieter-web\\\/vermietung-an-grundsicherungsgeldbezieher\\\/#primaryimage\",\"url\":\"https:\\\/\\\/www.buhl.de\\\/vermieter-web\\\/wp-content\\\/uploads\\\/sites\\\/33\\\/2026\\\/08\\\/Valeriy-Voennyy-Geld.jpg\",\"contentUrl\":\"https:\\\/\\\/www.buhl.de\\\/vermieter-web\\\/wp-content\\\/uploads\\\/sites\\\/33\\\/2026\\\/08\\\/Valeriy-Voennyy-Geld.jpg\",\"width\":1063,\"height\":549},{\"@type\":\"BreadcrumbList\",\"@id\":\"https:\\\/\\\/www.buhl.de\\\/vermieter-web\\\/vermietung-an-grundsicherungsgeldbezieher\\\/#breadcrumb\",\"itemListElement\":[{\"@type\":\"ListItem\",\"position\":1,\"name\":\"Startseite\",\"item\":\"https:\\\/\\\/www.buhl.de\\\/vermieter-web\\\/\"},{\"@type\":\"ListItem\",\"position\":2,\"name\":\"Vermietung an Grundsicherungsgeldbezieher\"}]},{\"@type\":\"WebSite\",\"@id\":\"https:\\\/\\\/www.buhl.de\\\/vermieter-web\\\/#website\",\"url\":\"https:\\\/\\\/www.buhl.de\\\/vermieter-web\\\/\",\"name\":\"Online-Nebenkostenabrechnung mit WISO Vermieter-Web\",\"description\":\"\",\"potentialAction\":[{\"@type\":\"SearchAction\",\"target\":{\"@type\":\"EntryPoint\",\"urlTemplate\":\"https:\\\/\\\/www.buhl.de\\\/vermieter-web\\\/?s={search_term_string}\"},\"query-input\":{\"@type\":\"PropertyValueSpecification\",\"valueRequired\":true,\"valueName\":\"search_term_string\"}}],\"inLanguage\":\"de\"},{\"@type\":\"Person\",\"@id\":\"https:\\\/\\\/www.buhl.de\\\/vermieter-web\\\/#\\\/schema\\\/person\\\/82903e1cb04eb553382702d503991b4f\",\"name\":\"Hartmut Fischer\"}]}<\/script>\n<!-- \/ Yoast SEO Premium plugin. -->","yoast_head_json":{"title":"Grundsicherung: Der Mieter bleibt f\u00fcr die Miete verantwortlich","description":"Grundsicherungsbezieher bleiben gegen\u00fcber dem Vermieter verantwortlich und m\u00fcssen f\u00fcr die Mietzahlung geradestehen.","robots":{"index":"noindex","follow":"nofollow"},"og_locale":"de_DE","og_type":"article","og_title":"Vermietung an Grundsicherungsgeldbezieher","og_description":"Grundsicherungsbezieher bleiben gegen\u00fcber dem Vermieter verantwortlich und m\u00fcssen f\u00fcr die Mietzahlung geradestehen.","og_url":"https:\/\/www.buhl.de\/vermieter-web\/vermietung-an-grundsicherungsgeldbezieher\/","og_site_name":"Online-Nebenkostenabrechnung mit WISO Vermieter-Web","article_published_time":"2026-08-28T13:00:22+00:00","og_image":[{"width":1063,"height":549,"url":"https:\/\/www.buhl.de\/vermieter-web\/wp-content\/uploads\/sites\/33\/2026\/08\/Valeriy-Voennyy-Geld.jpg","type":"image\/jpeg"}],"author":"Hartmut Fischer","twitter_card":"summary_large_image","twitter_misc":{"Verfasst von":"Hartmut Fischer","Gesch\u00e4tzte Lesezeit":"4\u00a0Minuten"},"schema":{"@context":"https:\/\/schema.org","@graph":[{"@type":"Article","@id":"https:\/\/www.buhl.de\/vermieter-web\/vermietung-an-grundsicherungsgeldbezieher\/#article","isPartOf":{"@id":"https:\/\/www.buhl.de\/vermieter-web\/vermietung-an-grundsicherungsgeldbezieher\/"},"author":{"name":"Hartmut Fischer","@id":"https:\/\/www.buhl.de\/vermieter-web\/#\/schema\/person\/82903e1cb04eb553382702d503991b4f"},"headline":"Vermietung an Grundsicherungsgeldbezieher","datePublished":"2026-08-28T13:00:22+00:00","mainEntityOfPage":{"@id":"https:\/\/www.buhl.de\/vermieter-web\/vermietung-an-grundsicherungsgeldbezieher\/"},"wordCount":603,"image":{"@id":"https:\/\/www.buhl.de\/vermieter-web\/vermietung-an-grundsicherungsgeldbezieher\/#primaryimage"},"thumbnailUrl":"https:\/\/www.buhl.de\/vermieter-web\/wp-content\/uploads\/sites\/33\/2026\/08\/Valeriy-Voennyy-Geld.jpg","keywords":["Grundsicherung","Vermieten"],"inLanguage":"de"},{"@type":"WebPage","@id":"https:\/\/www.buhl.de\/vermieter-web\/vermietung-an-grundsicherungsgeldbezieher\/","url":"https:\/\/www.buhl.de\/vermieter-web\/vermietung-an-grundsicherungsgeldbezieher\/","name":"Grundsicherung: Der Mieter bleibt f\u00fcr die Miete verantwortlich","isPartOf":{"@id":"https:\/\/www.buhl.de\/vermieter-web\/#website"},"primaryImageOfPage":{"@id":"https:\/\/www.buhl.de\/vermieter-web\/vermietung-an-grundsicherungsgeldbezieher\/#primaryimage"},"image":{"@id":"https:\/\/www.buhl.de\/vermieter-web\/vermietung-an-grundsicherungsgeldbezieher\/#primaryimage"},"thumbnailUrl":"https:\/\/www.buhl.de\/vermieter-web\/wp-content\/uploads\/sites\/33\/2026\/08\/Valeriy-Voennyy-Geld.jpg","datePublished":"2026-08-28T13:00:22+00:00","author":{"@id":"https:\/\/www.buhl.de\/vermieter-web\/#\/schema\/person\/82903e1cb04eb553382702d503991b4f"},"description":"Grundsicherungsbezieher bleiben gegen\u00fcber dem Vermieter verantwortlich und m\u00fcssen f\u00fcr die Mietzahlung geradestehen.","breadcrumb":{"@id":"https:\/\/www.buhl.de\/vermieter-web\/vermietung-an-grundsicherungsgeldbezieher\/#breadcrumb"},"inLanguage":"de","potentialAction":[{"@type":"ReadAction","target":["https:\/\/www.buhl.de\/vermieter-web\/vermietung-an-grundsicherungsgeldbezieher\/"]}]},{"@type":"ImageObject","inLanguage":"de","@id":"https:\/\/www.buhl.de\/vermieter-web\/vermietung-an-grundsicherungsgeldbezieher\/#primaryimage","url":"https:\/\/www.buhl.de\/vermieter-web\/wp-content\/uploads\/sites\/33\/2026\/08\/Valeriy-Voennyy-Geld.jpg","contentUrl":"https:\/\/www.buhl.de\/vermieter-web\/wp-content\/uploads\/sites\/33\/2026\/08\/Valeriy-Voennyy-Geld.jpg","width":1063,"height":549},{"@type":"BreadcrumbList","@id":"https:\/\/www.buhl.de\/vermieter-web\/vermietung-an-grundsicherungsgeldbezieher\/#breadcrumb","itemListElement":[{"@type":"ListItem","position":1,"name":"Startseite","item":"https:\/\/www.buhl.de\/vermieter-web\/"},{"@type":"ListItem","position":2,"name":"Vermietung an Grundsicherungsgeldbezieher"}]},{"@type":"WebSite","@id":"https:\/\/www.buhl.de\/vermieter-web\/#website","url":"https:\/\/www.buhl.de\/vermieter-web\/","name":"Online-Nebenkostenabrechnung mit WISO Vermieter-Web","description":"","potentialAction":[{"@type":"SearchAction","target":{"@type":"EntryPoint","urlTemplate":"https:\/\/www.buhl.de\/vermieter-web\/?s={search_term_string}"},"query-input":{"@type":"PropertyValueSpecification","valueRequired":true,"valueName":"search_term_string"}}],"inLanguage":"de"},{"@type":"Person","@id":"https:\/\/www.buhl.de\/vermieter-web\/#\/schema\/person\/82903e1cb04eb553382702d503991b4f","name":"Hartmut Fischer"}]}},"_links":{"self":[{"href":"https:\/\/www.buhl.de\/vermieter-web\/wp-json\/wp\/v2\/posts\/18069","targetHints":{"allow":["GET"]}}],"collection":[{"href":"https:\/\/www.buhl.de\/vermieter-web\/wp-json\/wp\/v2\/posts"}],"about":[{"href":"https:\/\/www.buhl.de\/vermieter-web\/wp-json\/wp\/v2\/types\/post"}],"author":[{"embeddable":true,"href":"https:\/\/www.buhl.de\/vermieter-web\/wp-json\/wp\/v2\/users\/15"}],"replies":[{"embeddable":true,"href":"https:\/\/www.buhl.de\/vermieter-web\/wp-json\/wp\/v2\/comments?post=18069"}],"version-history":[{"count":1,"href":"https:\/\/www.buhl.de\/vermieter-web\/wp-json\/wp\/v2\/posts\/18069\/revisions"}],"predecessor-version":[{"id":18070,"href":"https:\/\/www.buhl.de\/vermieter-web\/wp-json\/wp\/v2\/posts\/18069\/revisions\/18070"}],"wp:featuredmedia":[{"embeddable":true,"href":"https:\/\/www.buhl.de\/vermieter-web\/wp-json\/wp\/v2\/media\/18071"}],"wp:attachment":[{"href":"https:\/\/www.buhl.de\/vermieter-web\/wp-json\/wp\/v2\/media?parent=18069"}],"wp:term":[{"taxonomy":"category","embeddable":true,"href":"https:\/\/www.buhl.de\/vermieter-web\/wp-json\/wp\/v2\/categories?post=18069"},{"taxonomy":"post_tag","embeddable":true,"href":"https:\/\/www.buhl.de\/vermieter-web\/wp-json\/wp\/v2\/tags?post=18069"}],"curies":[{"name":"wp","href":"https:\/\/api.w.org\/{rel}","templated":true}]}}