{"id":18072,"date":"2026-08-30T11:05:19","date_gmt":"2026-08-30T09:05:19","guid":{"rendered":"https:\/\/www.buhl.de\/vermieter-web\/?p=18072"},"modified":"2026-08-30T11:05:19","modified_gmt":"2026-08-30T09:05:19","slug":"wann-ist-eine-wohnung-moebliert","status":"publish","type":"post","link":"https:\/\/www.buhl.de\/vermieter-web\/wann-ist-eine-wohnung-moebliert\/","title":{"rendered":"Wann ist eine Wohnung m\u00f6bliert?"},"content":{"rendered":"<p><strong>Vermieter d\u00fcrfen f\u00fcr eine M\u00f6blierung einen Zuschlag verlangen, der oft erheblich sein kann. Dies richtet sich auch nach der M\u00f6blierung und vor allem nach dem Umfang der vorhandenen Einrichtung. Doch wann ist eine Wohnung teilweise oder komplett m\u00f6bliert?<\/strong><\/p>\n<h5>Ist die Wohnung m\u00f6bliert?<\/h5>\n<p>Derzeit gibt es keine feste gesetzliche Definition, ab wann man von einer m\u00f6blierten Wohnung sprechen kann. Auch die Gerichte sind sich nicht immer einig, wann eine Wohnung teil- oder voll m\u00f6bliert anzusehen ist. Deshalb richtet sich die Einstufung vorwiegend nach den Vereinbarungen im Mietvertrag.<\/p>\n<h5>Was geh\u00f6rt zur M\u00f6blierung?<\/h5>\n<p>Allgemein versteht man unter einer \u201eM\u00f6blierung\u201c die Ausstattung der Wohnung mit den f\u00fcr das Wohnen \u00fcblicherweise ben\u00f6tigten M\u00f6beln. Hierzu geh\u00f6ren eine Schlafgelegenheit (meist ein Bett), ein Kleiderschrank, ein Tisch mit St\u00fchlen und weitere Sitzgelegenheiten. Grunds\u00e4tzlich ist die M\u00f6blierung abh\u00e4ngig von der Anzahl der angemieteten R\u00e4ume.<\/p>\n<h5>Was ist eine Vollm\u00f6blierung?<\/h5>\n<p>Wird eine Wohnung als \u201evoll m\u00f6bliert\u201c angeboten, geht man davon aus, dass der Mieter lediglich seine pers\u00f6nlichen Sachen mitbringen muss \u2013 das n\u00f6tige Mobiliar ist vorhanden. Bei einer Zweizimmerwohnung k\u00f6nnte man von einer voll m\u00f6blierten Wohnung sprechen, wenn sie mindestens \u00fcber die folgende Einrichtung verf\u00fcgt:<\/p>\n<p>Schlafzimmer: Bett mit Matratze und Kleiderschrank im Schlafzimmer.<br \/>\nSitzgelegenheiten, Tisch und ausreichende Aufbewahrungsm\u00f6glichkeiten im Wohnzimmer.<br \/>\nFunktionsf\u00e4hige K\u00fccheneinrichtung mit den \u00fcblichen wesentlichen Ger\u00e4ten (ob ein Geschirrsp\u00fcler hierzu geh\u00f6rt, ist umstritten).<br \/>\nBeleuchtung in allen R\u00e4umen.<\/p>\n<h5>Unterschied zwischen Vollm\u00f6blierung und Vollausstattung<\/h5>\n<p>Eine Vollm\u00f6blierung ist aber keine Vollausstattung. Die Vollausstattung gilt oft f\u00fcr Ferienwohnungen. Hier werden Geschirr, Besteck, T\u00f6pfe, Kaffeemaschine, Bettw\u00e4sche, Handt\u00fccher, Staubsauger, Fernseher usw. ebenfalls zur Verf\u00fcgung gestellt, was bei einer Vollm\u00f6blierung nicht \u00fcblich ist.<\/p>\n<h5>M\u00f6blierung im Mietvertrag kl\u00e4ren<\/h5>\n<p>Empfehlenswert ist es, in einer Anlage zum Mietvertrag die mit vermieteten M\u00f6bel aufzulisten. Im Vertrag sollte dann auch aufgenommen werden:<\/p>\n<p>\u201eDie Wohnung wird [voll]m\u00f6bliert vermietet. Art und Umfang der mitvermieteten Einrichtungsgegenst\u00e4nde ergeben sich aus der als Anlage beigef\u00fcgten Inventarliste.\u201c<\/p>\n<h5><strong>M\u00f6blierung als Teil der Mietsache<\/strong><\/h5>\n<p>Dies ist insofern wichtig, als die M\u00f6blierung mitvermietet wird. Sie geh\u00f6rt damit zum \u201evertragsgem\u00e4\u00dfen Zustand der Mietsache\u201c. Kommt es zur Besch\u00e4digung oder zum Verlust von mitvermieteten M\u00f6beln, kann der Mieter unter Umst\u00e4nden Ersatz verlangen.<\/p>\n<p>Au\u00dferdem kann die M\u00f6blierung auch eine Rolle spielen, wenn die Wohnung in einem Gebiet liegt, in dem die Mietpreisbremse gilt (siehe auch Kapitel \u201eUnd die Mietpreisbremse?\u201c).<\/p>\n<p>Mietzuschlag f\u00fcr M\u00f6blierung<\/p>\n<p>Wie bereits eingangs besprochen, gibt es keine eindeutige gesetzliche Regelung f\u00fcr die M\u00f6blierung einer Wohnung. Auch die H\u00f6he erlaubter Zuschl\u00e4ge ist gesetzlich nicht eindeutig geregelt. Als Leitlinie kann aber das sogenannte \u201eBerliner Modell\u201c dienen, das vom Landgericht Berlin best\u00e4tigt wurde (Urteil vom 21.03.2003 \u2013 Aktenzeichen 63 S 365\/01).<\/p>\n<p>Nach dem Berliner Modell wird ein monatlicher Zuschlag von 2 % des Zeitwerts der M\u00f6bel akzeptiert. Dabei geht man von einer Nutzungsdauer von 10 Jahren aus.<\/p>\n<table>\n<tbody>\n<tr>\n<td width=\"132\">Alter des Mobiliars<\/td>\n<td width=\"113\">Zeitwert in Euro<\/td>\n<td width=\"189\">Monatlicher Zuschlag in Euro<\/td>\n<\/tr>\n<tr>\n<td width=\"132\">Neu<\/td>\n<td width=\"113\">10.000<\/td>\n<td width=\"189\">200<\/td>\n<\/tr>\n<tr>\n<td width=\"132\">1 Jahr<\/td>\n<td width=\"113\">9.000<\/td>\n<td width=\"189\">180<\/td>\n<\/tr>\n<tr>\n<td width=\"132\">2 Jahre<\/td>\n<td width=\"113\">8.000<\/td>\n<td width=\"189\">160<\/td>\n<\/tr>\n<tr>\n<td width=\"132\">3 Jahre<\/td>\n<td width=\"113\">7.000<\/td>\n<td width=\"189\">140<\/td>\n<\/tr>\n<tr>\n<td width=\"132\">4 Jahre<\/td>\n<td width=\"113\">6.000<\/td>\n<td width=\"189\">120<\/td>\n<\/tr>\n<tr>\n<td width=\"132\">5 Jahre<\/td>\n<td width=\"113\">5.000<\/td>\n<td width=\"189\">100<\/td>\n<\/tr>\n<\/tbody>\n<\/table>\n<h5>Sonderfall Einbauk\u00fcche<\/h5>\n<p>In den meisten F\u00e4llen wird eine Einbauk\u00fcche zum Beispiel in einer Anzeige als Ausstattungsmerkmal herangezogen. Dann bleibt sie aber bei der Ermittlung des M\u00f6blierungszuschlags unber\u00fccksichtigt. Das ergibt sich auch aus dem Urteil des Amtsgerichts Hamburg vom 24.11.2023 (Aktenzeichen 49\u00a0C\u00a0235\/23).<\/p>\n<h5>Und die Mietpreisbremse?<\/h5>\n<p>Grunds\u00e4tzlich gilt die Mietpreisbremse auch bei m\u00f6bliert vermietetem Wohnraum. Der Zuschlag f\u00fcr die M\u00f6blierung wird jedoch auf die Miete aufgeschlagen.<\/p>\n<p>Das Landgericht Berlin hat allerdings in einem Urteil vom 13.09.2023 entschieden, dass bei umfangreicher M\u00f6blierung ein eigener Wohnungsteilmarkt vorliegen kann und die orts\u00fcbliche Vergleichsmiete gegebenenfalls durch Sachverst\u00e4ndigengutachten zu bestimmen ist (Aktenzeichen 67 S 51\/22)<\/p>\n<p>&nbsp;<\/p>\n","protected":false},"excerpt":{"rendered":"<p>Vermieter d\u00fcrfen f\u00fcr eine M\u00f6blierung einen Zuschlag verlangen, der oft erheblich sein kann. Dies richtet sich auch nach der M\u00f6blierung und vor allem nach dem Umfang der vorhandenen Einrichtung. Doch wann ist eine Wohnung teilweise oder komplett m\u00f6bliert? Ist die Wohnung m\u00f6bliert? Derzeit gibt es keine feste gesetzliche Definition, ab wann man von einer m\u00f6blierten &hellip; <\/p>\n<p class=\"link-more\"><a href=\"https:\/\/www.buhl.de\/vermieter-web\/wann-ist-eine-wohnung-moebliert\/\" class=\"more-link\"><span class=\"screen-reader-text\">\u201eWann ist eine Wohnung m\u00f6bliert?\u201c<\/span> weiterlesen<\/a><\/p>\n","protected":false},"author":15,"featured_media":17913,"comment_status":"closed","ping_status":"open","sticky":false,"template":"","format":"standard","meta":{"footnotes":""},"categories":[1],"tags":[5663,6584],"class_list":["post-18072","post","type-post","status-publish","format-standard","has-post-thumbnail","hentry","category-allgemein","tag-moebliert","tag-zuschlag"],"yoast_head":"<!-- This site is optimized with the Yoast SEO Premium plugin v27.7 (Yoast SEO v27.7) - https:\/\/yoast.com\/product\/yoast-seo-premium-wordpress\/ -->\n<title>M\u00f6blierte Wohnung vermieten<\/title>\n<meta name=\"description\" content=\"M\u00f6blierte Wohnungen k\u00f6nnen auch mit Zuschlag f\u00fcr die M\u00f6bel vermietet werden. Dabei sind jedoch eine Reihe von Regeln zu beachten.\" \/>\n<meta name=\"robots\" content=\"noindex, nofollow\" \/>\n<meta property=\"og:locale\" content=\"de_DE\" \/>\n<meta property=\"og:type\" content=\"article\" \/>\n<meta property=\"og:title\" content=\"Wann ist eine Wohnung m\u00f6bliert?\" \/>\n<meta property=\"og:description\" content=\"M\u00f6blierte Wohnungen k\u00f6nnen auch mit Zuschlag f\u00fcr die M\u00f6bel vermietet werden. Dabei sind jedoch eine Reihe von Regeln zu beachten.\" \/>\n<meta property=\"og:url\" content=\"https:\/\/www.buhl.de\/vermieter-web\/wann-ist-eine-wohnung-moebliert\/\" \/>\n<meta property=\"og:site_name\" content=\"Online-Nebenkostenabrechnung mit WISO Vermieter-Web\" \/>\n<meta property=\"article:published_time\" content=\"2026-08-30T09:05:19+00:00\" \/>\n<meta property=\"og:image\" content=\"https:\/\/www.buhl.de\/vermieter-web\/wp-content\/uploads\/sites\/33\/2026\/06\/Alberto-Giacomazzi-Sparschwein.jpg\" \/>\n\t<meta property=\"og:image:width\" content=\"1663\" \/>\n\t<meta property=\"og:image:height\" content=\"1069\" \/>\n\t<meta property=\"og:image:type\" content=\"image\/jpeg\" \/>\n<meta name=\"author\" content=\"Hartmut Fischer\" \/>\n<meta name=\"twitter:card\" content=\"summary_large_image\" \/>\n<meta name=\"twitter:label1\" content=\"Verfasst von\" \/>\n\t<meta name=\"twitter:data1\" content=\"Hartmut Fischer\" \/>\n\t<meta name=\"twitter:label2\" content=\"Gesch\u00e4tzte Lesezeit\" \/>\n\t<meta name=\"twitter:data2\" content=\"4\u00a0Minuten\" \/>\n<script type=\"application\/ld+json\" class=\"yoast-schema-graph\">{\"@context\":\"https:\\\/\\\/schema.org\",\"@graph\":[{\"@type\":\"Article\",\"@id\":\"https:\\\/\\\/www.buhl.de\\\/vermieter-web\\\/wann-ist-eine-wohnung-moebliert\\\/#article\",\"isPartOf\":{\"@id\":\"https:\\\/\\\/www.buhl.de\\\/vermieter-web\\\/wann-ist-eine-wohnung-moebliert\\\/\"},\"author\":{\"name\":\"Hartmut Fischer\",\"@id\":\"https:\\\/\\\/www.buhl.de\\\/vermieter-web\\\/#\\\/schema\\\/person\\\/82903e1cb04eb553382702d503991b4f\"},\"headline\":\"Wann ist eine Wohnung m\u00f6bliert?\",\"datePublished\":\"2026-08-30T09:05:19+00:00\",\"mainEntityOfPage\":{\"@id\":\"https:\\\/\\\/www.buhl.de\\\/vermieter-web\\\/wann-ist-eine-wohnung-moebliert\\\/\"},\"wordCount\":628,\"image\":{\"@id\":\"https:\\\/\\\/www.buhl.de\\\/vermieter-web\\\/wann-ist-eine-wohnung-moebliert\\\/#primaryimage\"},\"thumbnailUrl\":\"https:\\\/\\\/www.buhl.de\\\/vermieter-web\\\/wp-content\\\/uploads\\\/sites\\\/33\\\/2026\\\/06\\\/Alberto-Giacomazzi-Sparschwein.jpg\",\"keywords\":[\"m\u00f6bliert\",\"Zuschlag\"],\"inLanguage\":\"de\"},{\"@type\":\"WebPage\",\"@id\":\"https:\\\/\\\/www.buhl.de\\\/vermieter-web\\\/wann-ist-eine-wohnung-moebliert\\\/\",\"url\":\"https:\\\/\\\/www.buhl.de\\\/vermieter-web\\\/wann-ist-eine-wohnung-moebliert\\\/\",\"name\":\"M\u00f6blierte Wohnung vermieten\",\"isPartOf\":{\"@id\":\"https:\\\/\\\/www.buhl.de\\\/vermieter-web\\\/#website\"},\"primaryImageOfPage\":{\"@id\":\"https:\\\/\\\/www.buhl.de\\\/vermieter-web\\\/wann-ist-eine-wohnung-moebliert\\\/#primaryimage\"},\"image\":{\"@id\":\"https:\\\/\\\/www.buhl.de\\\/vermieter-web\\\/wann-ist-eine-wohnung-moebliert\\\/#primaryimage\"},\"thumbnailUrl\":\"https:\\\/\\\/www.buhl.de\\\/vermieter-web\\\/wp-content\\\/uploads\\\/sites\\\/33\\\/2026\\\/06\\\/Alberto-Giacomazzi-Sparschwein.jpg\",\"datePublished\":\"2026-08-30T09:05:19+00:00\",\"author\":{\"@id\":\"https:\\\/\\\/www.buhl.de\\\/vermieter-web\\\/#\\\/schema\\\/person\\\/82903e1cb04eb553382702d503991b4f\"},\"description\":\"M\u00f6blierte Wohnungen k\u00f6nnen auch mit Zuschlag f\u00fcr die M\u00f6bel vermietet werden. Dabei sind jedoch eine Reihe von Regeln zu beachten.\",\"breadcrumb\":{\"@id\":\"https:\\\/\\\/www.buhl.de\\\/vermieter-web\\\/wann-ist-eine-wohnung-moebliert\\\/#breadcrumb\"},\"inLanguage\":\"de\",\"potentialAction\":[{\"@type\":\"ReadAction\",\"target\":[\"https:\\\/\\\/www.buhl.de\\\/vermieter-web\\\/wann-ist-eine-wohnung-moebliert\\\/\"]}]},{\"@type\":\"ImageObject\",\"inLanguage\":\"de\",\"@id\":\"https:\\\/\\\/www.buhl.de\\\/vermieter-web\\\/wann-ist-eine-wohnung-moebliert\\\/#primaryimage\",\"url\":\"https:\\\/\\\/www.buhl.de\\\/vermieter-web\\\/wp-content\\\/uploads\\\/sites\\\/33\\\/2026\\\/06\\\/Alberto-Giacomazzi-Sparschwein.jpg\",\"contentUrl\":\"https:\\\/\\\/www.buhl.de\\\/vermieter-web\\\/wp-content\\\/uploads\\\/sites\\\/33\\\/2026\\\/06\\\/Alberto-Giacomazzi-Sparschwein.jpg\",\"width\":1663,\"height\":1069},{\"@type\":\"BreadcrumbList\",\"@id\":\"https:\\\/\\\/www.buhl.de\\\/vermieter-web\\\/wann-ist-eine-wohnung-moebliert\\\/#breadcrumb\",\"itemListElement\":[{\"@type\":\"ListItem\",\"position\":1,\"name\":\"Startseite\",\"item\":\"https:\\\/\\\/www.buhl.de\\\/vermieter-web\\\/\"},{\"@type\":\"ListItem\",\"position\":2,\"name\":\"Wann ist eine Wohnung m\u00f6bliert?\"}]},{\"@type\":\"WebSite\",\"@id\":\"https:\\\/\\\/www.buhl.de\\\/vermieter-web\\\/#website\",\"url\":\"https:\\\/\\\/www.buhl.de\\\/vermieter-web\\\/\",\"name\":\"Online-Nebenkostenabrechnung mit WISO Vermieter-Web\",\"description\":\"\",\"potentialAction\":[{\"@type\":\"SearchAction\",\"target\":{\"@type\":\"EntryPoint\",\"urlTemplate\":\"https:\\\/\\\/www.buhl.de\\\/vermieter-web\\\/?s={search_term_string}\"},\"query-input\":{\"@type\":\"PropertyValueSpecification\",\"valueRequired\":true,\"valueName\":\"search_term_string\"}}],\"inLanguage\":\"de\"},{\"@type\":\"Person\",\"@id\":\"https:\\\/\\\/www.buhl.de\\\/vermieter-web\\\/#\\\/schema\\\/person\\\/82903e1cb04eb553382702d503991b4f\",\"name\":\"Hartmut Fischer\"}]}<\/script>\n<!-- \/ Yoast SEO Premium plugin. -->","yoast_head_json":{"title":"M\u00f6blierte Wohnung vermieten","description":"M\u00f6blierte Wohnungen k\u00f6nnen auch mit Zuschlag f\u00fcr die M\u00f6bel vermietet werden. Dabei sind jedoch eine Reihe von Regeln zu beachten.","robots":{"index":"noindex","follow":"nofollow"},"og_locale":"de_DE","og_type":"article","og_title":"Wann ist eine Wohnung m\u00f6bliert?","og_description":"M\u00f6blierte Wohnungen k\u00f6nnen auch mit Zuschlag f\u00fcr die M\u00f6bel vermietet werden. Dabei sind jedoch eine Reihe von Regeln zu beachten.","og_url":"https:\/\/www.buhl.de\/vermieter-web\/wann-ist-eine-wohnung-moebliert\/","og_site_name":"Online-Nebenkostenabrechnung mit WISO Vermieter-Web","article_published_time":"2026-08-30T09:05:19+00:00","og_image":[{"width":1663,"height":1069,"url":"https:\/\/www.buhl.de\/vermieter-web\/wp-content\/uploads\/sites\/33\/2026\/06\/Alberto-Giacomazzi-Sparschwein.jpg","type":"image\/jpeg"}],"author":"Hartmut Fischer","twitter_card":"summary_large_image","twitter_misc":{"Verfasst von":"Hartmut Fischer","Gesch\u00e4tzte Lesezeit":"4\u00a0Minuten"},"schema":{"@context":"https:\/\/schema.org","@graph":[{"@type":"Article","@id":"https:\/\/www.buhl.de\/vermieter-web\/wann-ist-eine-wohnung-moebliert\/#article","isPartOf":{"@id":"https:\/\/www.buhl.de\/vermieter-web\/wann-ist-eine-wohnung-moebliert\/"},"author":{"name":"Hartmut Fischer","@id":"https:\/\/www.buhl.de\/vermieter-web\/#\/schema\/person\/82903e1cb04eb553382702d503991b4f"},"headline":"Wann ist eine Wohnung m\u00f6bliert?","datePublished":"2026-08-30T09:05:19+00:00","mainEntityOfPage":{"@id":"https:\/\/www.buhl.de\/vermieter-web\/wann-ist-eine-wohnung-moebliert\/"},"wordCount":628,"image":{"@id":"https:\/\/www.buhl.de\/vermieter-web\/wann-ist-eine-wohnung-moebliert\/#primaryimage"},"thumbnailUrl":"https:\/\/www.buhl.de\/vermieter-web\/wp-content\/uploads\/sites\/33\/2026\/06\/Alberto-Giacomazzi-Sparschwein.jpg","keywords":["m\u00f6bliert","Zuschlag"],"inLanguage":"de"},{"@type":"WebPage","@id":"https:\/\/www.buhl.de\/vermieter-web\/wann-ist-eine-wohnung-moebliert\/","url":"https:\/\/www.buhl.de\/vermieter-web\/wann-ist-eine-wohnung-moebliert\/","name":"M\u00f6blierte Wohnung vermieten","isPartOf":{"@id":"https:\/\/www.buhl.de\/vermieter-web\/#website"},"primaryImageOfPage":{"@id":"https:\/\/www.buhl.de\/vermieter-web\/wann-ist-eine-wohnung-moebliert\/#primaryimage"},"image":{"@id":"https:\/\/www.buhl.de\/vermieter-web\/wann-ist-eine-wohnung-moebliert\/#primaryimage"},"thumbnailUrl":"https:\/\/www.buhl.de\/vermieter-web\/wp-content\/uploads\/sites\/33\/2026\/06\/Alberto-Giacomazzi-Sparschwein.jpg","datePublished":"2026-08-30T09:05:19+00:00","author":{"@id":"https:\/\/www.buhl.de\/vermieter-web\/#\/schema\/person\/82903e1cb04eb553382702d503991b4f"},"description":"M\u00f6blierte Wohnungen k\u00f6nnen auch mit Zuschlag f\u00fcr die M\u00f6bel vermietet werden. Dabei sind jedoch eine Reihe von Regeln zu beachten.","breadcrumb":{"@id":"https:\/\/www.buhl.de\/vermieter-web\/wann-ist-eine-wohnung-moebliert\/#breadcrumb"},"inLanguage":"de","potentialAction":[{"@type":"ReadAction","target":["https:\/\/www.buhl.de\/vermieter-web\/wann-ist-eine-wohnung-moebliert\/"]}]},{"@type":"ImageObject","inLanguage":"de","@id":"https:\/\/www.buhl.de\/vermieter-web\/wann-ist-eine-wohnung-moebliert\/#primaryimage","url":"https:\/\/www.buhl.de\/vermieter-web\/wp-content\/uploads\/sites\/33\/2026\/06\/Alberto-Giacomazzi-Sparschwein.jpg","contentUrl":"https:\/\/www.buhl.de\/vermieter-web\/wp-content\/uploads\/sites\/33\/2026\/06\/Alberto-Giacomazzi-Sparschwein.jpg","width":1663,"height":1069},{"@type":"BreadcrumbList","@id":"https:\/\/www.buhl.de\/vermieter-web\/wann-ist-eine-wohnung-moebliert\/#breadcrumb","itemListElement":[{"@type":"ListItem","position":1,"name":"Startseite","item":"https:\/\/www.buhl.de\/vermieter-web\/"},{"@type":"ListItem","position":2,"name":"Wann ist eine Wohnung m\u00f6bliert?"}]},{"@type":"WebSite","@id":"https:\/\/www.buhl.de\/vermieter-web\/#website","url":"https:\/\/www.buhl.de\/vermieter-web\/","name":"Online-Nebenkostenabrechnung mit WISO Vermieter-Web","description":"","potentialAction":[{"@type":"SearchAction","target":{"@type":"EntryPoint","urlTemplate":"https:\/\/www.buhl.de\/vermieter-web\/?s={search_term_string}"},"query-input":{"@type":"PropertyValueSpecification","valueRequired":true,"valueName":"search_term_string"}}],"inLanguage":"de"},{"@type":"Person","@id":"https:\/\/www.buhl.de\/vermieter-web\/#\/schema\/person\/82903e1cb04eb553382702d503991b4f","name":"Hartmut Fischer"}]}},"_links":{"self":[{"href":"https:\/\/www.buhl.de\/vermieter-web\/wp-json\/wp\/v2\/posts\/18072","targetHints":{"allow":["GET"]}}],"collection":[{"href":"https:\/\/www.buhl.de\/vermieter-web\/wp-json\/wp\/v2\/posts"}],"about":[{"href":"https:\/\/www.buhl.de\/vermieter-web\/wp-json\/wp\/v2\/types\/post"}],"author":[{"embeddable":true,"href":"https:\/\/www.buhl.de\/vermieter-web\/wp-json\/wp\/v2\/users\/15"}],"replies":[{"embeddable":true,"href":"https:\/\/www.buhl.de\/vermieter-web\/wp-json\/wp\/v2\/comments?post=18072"}],"version-history":[{"count":3,"href":"https:\/\/www.buhl.de\/vermieter-web\/wp-json\/wp\/v2\/posts\/18072\/revisions"}],"predecessor-version":[{"id":18075,"href":"https:\/\/www.buhl.de\/vermieter-web\/wp-json\/wp\/v2\/posts\/18072\/revisions\/18075"}],"wp:featuredmedia":[{"embeddable":true,"href":"https:\/\/www.buhl.de\/vermieter-web\/wp-json\/wp\/v2\/media\/17913"}],"wp:attachment":[{"href":"https:\/\/www.buhl.de\/vermieter-web\/wp-json\/wp\/v2\/media?parent=18072"}],"wp:term":[{"taxonomy":"category","embeddable":true,"href":"https:\/\/www.buhl.de\/vermieter-web\/wp-json\/wp\/v2\/categories?post=18072"},{"taxonomy":"post_tag","embeddable":true,"href":"https:\/\/www.buhl.de\/vermieter-web\/wp-json\/wp\/v2\/tags?post=18072"}],"curies":[{"name":"wp","href":"https:\/\/api.w.org\/{rel}","templated":true}]}}