{"id":4184,"date":"2011-05-05T07:04:32","date_gmt":"2011-05-05T05:04:32","guid":{"rendered":"https:\/\/www.buhl.de\/vermieter-web\/?p=4184"},"modified":"2018-08-07T13:29:17","modified_gmt":"2018-08-07T11:29:17","slug":"analog-auf-digital-der-countdown-lauft","status":"publish","type":"post","link":"https:\/\/www.buhl.de\/vermieter-web\/analog-auf-digital-der-countdown-lauft\/","title":{"rendered":"Analog auf digital: der Countdown l\u00e4uft"},"content":{"rendered":"<p><strong><a href=\"https:\/\/www.buhl.de\/vermieter-web\/wp-content\/uploads\/sites\/33\/medien\/blog\/2011\/05\/cd-f-003464.jpg\"><img loading=\"lazy\" decoding=\"async\" class=\"alignright size-medium wp-image-858\" src=\"https:\/\/www.buhl.de\/vermieter-web\/wp-content\/uploads\/sites\/33\/medien\/blog\/2011\/05\/cd-f-003464-300x225.jpg\" alt=\"\" width=\"300\" height=\"225\" \/><\/a>Am 30.04.2012, 03:00 Uhr ist es soweit: Der Fernsehempfang via Satellit wird dann komplett auf den digitalen Dienst umgestellt. Daraus ergeben sich eine Reihe von Fragen, die sich Vermieter und Mieter jetzt stellen.\u00a0<\/strong><\/p>\n<p>Um fl\u00e4chendeckend das von der Bildqualit\u00e4t hochwertigere\u00a0Programm anbieten zu k\u00f6nnen, erfolgt die Abschaltung\u00a0der analogen \u00dcbertragung. Die Umstellung auf digitale Sendesignale f\u00fchrt gleichzeitig\u00a0zur M\u00f6glichkeit, noch mehr Programme zu empfangen. Ob Sie oder Ihre Mieter bereits digital empfangen, kann man leicht testen: Auf allen Kan\u00e4len mit Videotextangebot wird eine Testseite (Seite 198) angeboten. Wenn diese Seite empfangen wird &#8211; also lesbar ist &#8211; handelt es sich um einen analogen Anschluss.<\/p>\n<p>Die Umstellung betrifft nur die Empf\u00e4nger, die \u00fcber eine Satellitenanlage ihr Fernsehprogramm erhalten. Die Kabelnetzbetreiber werden das f\u00fcr den Empfang notwendige Signal sowohl digital als auch analog anbieten. Die Kosten, die\u00a0f\u00fcr die Umwandlung des Signals aufgewandt werden, werden vom Kabelnetzbetreiber getragen.\u00a0Um die Kosten abzuw\u00e4lzen muss dies mit dem Kunden vereinbart werden.\u00a0Die Bezieher eines analogen Fernsehprogramms m\u00fcssen dann bis zum 30.04.2012 um- beziehungsweise nachrs\u00fcten, um zuk\u00fcnftig das Fernsehbild empfangen zu k\u00f6nnen.<\/p>\n<p>Im Normalfall muss die Antennenanlage nicht komplett\u00a0ausgetauscht werden, da diese sowohl analoge als auch digitale Signale auffangen kann. Lediglich der LNB (Low Noise Block) muss in einzelnen F\u00e4llen ausgetauscht werden. Der LNB verwandelt die Funksignale in elektronische Signale. Da der Vermieter die Lieferung des Signals bis zur Wohnung des Mieters sicherstellen muss, braucht der Vermieter &#8211; wenn im Mietvertrag keine andere Regelung getroffen wurde &#8211; keine weiteren Kosten zu tragen. Die Beschaffung von f\u00fcr den Empfang notwendigen Receivern ist dann Sache des Mieters. Die Kosten f\u00fcr einen neuen LNB liegen im unteren dreistelligen Bereich. Digital-Receiver gibt es ab etwa 50 Euro\u00a0aufw\u00e4rts. Erheblich teurer sind Receiver mit eingebauter Festplatte, um Sendungen aufzunehmen und zu archivieren oder sp\u00e4ter anzusehen.<\/p>\n<p>Foto (c) Bilderkiste (<a href=\"http:\/\/www.bilderkiste.de\/galleryscript\/gallery\/fotos\/cd-f-003464.jpg\">http:\/\/www.bilderkiste.de\/galleryscript\/gallery\/fotos\/cd-f-003464.jpg<\/a>)<\/p>\n<p><a title=\"Quelle: Bilderkiste.de\" href=\"http:\/\/www.bilderkiste.de\/de\/fotos\/132\/satschuessel-auf-dach.html\" target=\"_blank\"><\/a><\/p>\n","protected":false},"excerpt":{"rendered":"<p>Am 30.04.2012, 03:00 Uhr ist es soweit: Der Fernsehempfang via Satellit wird dann komplett auf den digitalen Dienst umgestellt. Daraus ergeben sich eine Reihe von Fragen, die sich Vermieter und Mieter jetzt stellen.\u00a0 Um fl\u00e4chendeckend das von der Bildqualit\u00e4t hochwertigere\u00a0Programm anbieten zu k\u00f6nnen, erfolgt die Abschaltung\u00a0der analogen \u00dcbertragung. Die Umstellung auf digitale Sendesignale f\u00fchrt gleichzeitig\u00a0zur &hellip; <\/p>\n<p class=\"link-more\"><a href=\"https:\/\/www.buhl.de\/vermieter-web\/analog-auf-digital-der-countdown-lauft\/\" class=\"more-link\"><span class=\"screen-reader-text\">\u201eAnalog auf digital: der Countdown l\u00e4uft\u201c<\/span> weiterlesen<\/a><\/p>\n","protected":false},"author":15,"featured_media":0,"comment_status":"closed","ping_status":"open","sticky":false,"template":"","format":"standard","meta":{"footnotes":""},"categories":[1],"tags":[],"class_list":["post-4184","post","type-post","status-publish","format-standard","hentry","category-allgemein"],"yoast_head":"<!-- This site is optimized with the Yoast SEO Premium plugin v27.4 (Yoast SEO v27.5) - https:\/\/yoast.com\/product\/yoast-seo-premium-wordpress\/ -->\n<title>Analog auf digital: der Countdown l\u00e4uft - Online-Nebenkostenabrechnung mit WISO Vermieter-Web<\/title>\n<meta name=\"robots\" content=\"noindex, nofollow\" \/>\n<meta property=\"og:locale\" content=\"de_DE\" \/>\n<meta property=\"og:type\" content=\"article\" \/>\n<meta property=\"og:title\" content=\"Analog auf digital: der Countdown l\u00e4uft\" \/>\n<meta property=\"og:description\" content=\"Am 30.04.2012, 03:00 Uhr ist es soweit: Der Fernsehempfang via Satellit wird dann komplett auf den digitalen Dienst umgestellt. Daraus ergeben sich eine Reihe von Fragen, die sich Vermieter und Mieter jetzt stellen.\u00a0 Um fl\u00e4chendeckend das von der Bildqualit\u00e4t hochwertigere\u00a0Programm anbieten zu k\u00f6nnen, erfolgt die Abschaltung\u00a0der analogen \u00dcbertragung. Die Umstellung auf digitale Sendesignale f\u00fchrt gleichzeitig\u00a0zur &hellip; \u201eAnalog auf digital: der Countdown l\u00e4uft\u201c weiterlesen\" \/>\n<meta property=\"og:url\" content=\"https:\/\/www.buhl.de\/vermieter-web\/analog-auf-digital-der-countdown-lauft\/\" \/>\n<meta property=\"og:site_name\" content=\"Online-Nebenkostenabrechnung mit WISO Vermieter-Web\" \/>\n<meta property=\"article:published_time\" content=\"2011-05-05T05:04:32+00:00\" \/>\n<meta property=\"article:modified_time\" content=\"2018-08-07T11:29:17+00:00\" \/>\n<meta property=\"og:image\" content=\"https:\/\/www.buhl.de\/vermieter-web\/wp-content\/uploads\/sites\/33\/medien\/blog\/2011\/05\/cd-f-003464-300x225.jpg\" \/>\n<meta name=\"author\" content=\"Hartmut Fischer\" \/>\n<meta name=\"twitter:card\" content=\"summary_large_image\" \/>\n<meta name=\"twitter:label1\" content=\"Verfasst von\" \/>\n\t<meta name=\"twitter:data1\" content=\"Hartmut Fischer\" \/>\n\t<meta name=\"twitter:label2\" content=\"Gesch\u00e4tzte Lesezeit\" \/>\n\t<meta name=\"twitter:data2\" content=\"2\u00a0Minuten\" \/>\n<script type=\"application\/ld+json\" class=\"yoast-schema-graph\">{\"@context\":\"https:\\\/\\\/schema.org\",\"@graph\":[{\"@type\":\"Article\",\"@id\":\"https:\\\/\\\/www.buhl.de\\\/vermieter-web\\\/analog-auf-digital-der-countdown-lauft\\\/#article\",\"isPartOf\":{\"@id\":\"https:\\\/\\\/www.buhl.de\\\/vermieter-web\\\/analog-auf-digital-der-countdown-lauft\\\/\"},\"author\":{\"name\":\"Hartmut Fischer\",\"@id\":\"https:\\\/\\\/www.buhl.de\\\/vermieter-web\\\/#\\\/schema\\\/person\\\/82903e1cb04eb553382702d503991b4f\"},\"headline\":\"Analog auf digital: der Countdown l\u00e4uft\",\"datePublished\":\"2011-05-05T05:04:32+00:00\",\"dateModified\":\"2018-08-07T11:29:17+00:00\",\"mainEntityOfPage\":{\"@id\":\"https:\\\/\\\/www.buhl.de\\\/vermieter-web\\\/analog-auf-digital-der-countdown-lauft\\\/\"},\"wordCount\":329,\"image\":{\"@id\":\"https:\\\/\\\/www.buhl.de\\\/vermieter-web\\\/analog-auf-digital-der-countdown-lauft\\\/#primaryimage\"},\"thumbnailUrl\":\"https:\\\/\\\/www.buhl.de\\\/vermieter-web\\\/wp-content\\\/uploads\\\/sites\\\/33\\\/medien\\\/blog\\\/2011\\\/05\\\/cd-f-003464-300x225.jpg\",\"inLanguage\":\"de\"},{\"@type\":\"WebPage\",\"@id\":\"https:\\\/\\\/www.buhl.de\\\/vermieter-web\\\/analog-auf-digital-der-countdown-lauft\\\/\",\"url\":\"https:\\\/\\\/www.buhl.de\\\/vermieter-web\\\/analog-auf-digital-der-countdown-lauft\\\/\",\"name\":\"Analog auf digital: der Countdown l\u00e4uft - Online-Nebenkostenabrechnung mit WISO Vermieter-Web\",\"isPartOf\":{\"@id\":\"https:\\\/\\\/www.buhl.de\\\/vermieter-web\\\/#website\"},\"primaryImageOfPage\":{\"@id\":\"https:\\\/\\\/www.buhl.de\\\/vermieter-web\\\/analog-auf-digital-der-countdown-lauft\\\/#primaryimage\"},\"image\":{\"@id\":\"https:\\\/\\\/www.buhl.de\\\/vermieter-web\\\/analog-auf-digital-der-countdown-lauft\\\/#primaryimage\"},\"thumbnailUrl\":\"https:\\\/\\\/www.buhl.de\\\/vermieter-web\\\/wp-content\\\/uploads\\\/sites\\\/33\\\/medien\\\/blog\\\/2011\\\/05\\\/cd-f-003464-300x225.jpg\",\"datePublished\":\"2011-05-05T05:04:32+00:00\",\"dateModified\":\"2018-08-07T11:29:17+00:00\",\"author\":{\"@id\":\"https:\\\/\\\/www.buhl.de\\\/vermieter-web\\\/#\\\/schema\\\/person\\\/82903e1cb04eb553382702d503991b4f\"},\"breadcrumb\":{\"@id\":\"https:\\\/\\\/www.buhl.de\\\/vermieter-web\\\/analog-auf-digital-der-countdown-lauft\\\/#breadcrumb\"},\"inLanguage\":\"de\",\"potentialAction\":[{\"@type\":\"ReadAction\",\"target\":[\"https:\\\/\\\/www.buhl.de\\\/vermieter-web\\\/analog-auf-digital-der-countdown-lauft\\\/\"]}]},{\"@type\":\"ImageObject\",\"inLanguage\":\"de\",\"@id\":\"https:\\\/\\\/www.buhl.de\\\/vermieter-web\\\/analog-auf-digital-der-countdown-lauft\\\/#primaryimage\",\"url\":\"https:\\\/\\\/www.buhl.de\\\/vermieter-web\\\/wp-content\\\/uploads\\\/sites\\\/33\\\/medien\\\/blog\\\/2011\\\/05\\\/cd-f-003464-300x225.jpg\",\"contentUrl\":\"https:\\\/\\\/www.buhl.de\\\/vermieter-web\\\/wp-content\\\/uploads\\\/sites\\\/33\\\/medien\\\/blog\\\/2011\\\/05\\\/cd-f-003464-300x225.jpg\"},{\"@type\":\"BreadcrumbList\",\"@id\":\"https:\\\/\\\/www.buhl.de\\\/vermieter-web\\\/analog-auf-digital-der-countdown-lauft\\\/#breadcrumb\",\"itemListElement\":[{\"@type\":\"ListItem\",\"position\":1,\"name\":\"Startseite\",\"item\":\"https:\\\/\\\/www.buhl.de\\\/vermieter-web\\\/\"},{\"@type\":\"ListItem\",\"position\":2,\"name\":\"Analog auf digital: der Countdown l\u00e4uft\"}]},{\"@type\":\"WebSite\",\"@id\":\"https:\\\/\\\/www.buhl.de\\\/vermieter-web\\\/#website\",\"url\":\"https:\\\/\\\/www.buhl.de\\\/vermieter-web\\\/\",\"name\":\"Online-Nebenkostenabrechnung mit WISO Vermieter-Web\",\"description\":\"\",\"potentialAction\":[{\"@type\":\"SearchAction\",\"target\":{\"@type\":\"EntryPoint\",\"urlTemplate\":\"https:\\\/\\\/www.buhl.de\\\/vermieter-web\\\/?s={search_term_string}\"},\"query-input\":{\"@type\":\"PropertyValueSpecification\",\"valueRequired\":true,\"valueName\":\"search_term_string\"}}],\"inLanguage\":\"de\"},{\"@type\":\"Person\",\"@id\":\"https:\\\/\\\/www.buhl.de\\\/vermieter-web\\\/#\\\/schema\\\/person\\\/82903e1cb04eb553382702d503991b4f\",\"name\":\"Hartmut Fischer\"}]}<\/script>\n<!-- \/ Yoast SEO Premium plugin. -->","yoast_head_json":{"title":"Analog auf digital: der Countdown l\u00e4uft - Online-Nebenkostenabrechnung mit WISO Vermieter-Web","robots":{"index":"noindex","follow":"nofollow"},"og_locale":"de_DE","og_type":"article","og_title":"Analog auf digital: der Countdown l\u00e4uft","og_description":"Am 30.04.2012, 03:00 Uhr ist es soweit: Der Fernsehempfang via Satellit wird dann komplett auf den digitalen Dienst umgestellt. Daraus ergeben sich eine Reihe von Fragen, die sich Vermieter und Mieter jetzt stellen.\u00a0 Um fl\u00e4chendeckend das von der Bildqualit\u00e4t hochwertigere\u00a0Programm anbieten zu k\u00f6nnen, erfolgt die Abschaltung\u00a0der analogen \u00dcbertragung. Die Umstellung auf digitale Sendesignale f\u00fchrt gleichzeitig\u00a0zur &hellip; \u201eAnalog auf digital: der Countdown l\u00e4uft\u201c weiterlesen","og_url":"https:\/\/www.buhl.de\/vermieter-web\/analog-auf-digital-der-countdown-lauft\/","og_site_name":"Online-Nebenkostenabrechnung mit WISO Vermieter-Web","article_published_time":"2011-05-05T05:04:32+00:00","article_modified_time":"2018-08-07T11:29:17+00:00","og_image":[{"url":"https:\/\/www.buhl.de\/vermieter-web\/wp-content\/uploads\/sites\/33\/medien\/blog\/2011\/05\/cd-f-003464-300x225.jpg","type":"","width":"","height":""}],"author":"Hartmut Fischer","twitter_card":"summary_large_image","twitter_misc":{"Verfasst von":"Hartmut Fischer","Gesch\u00e4tzte Lesezeit":"2\u00a0Minuten"},"schema":{"@context":"https:\/\/schema.org","@graph":[{"@type":"Article","@id":"https:\/\/www.buhl.de\/vermieter-web\/analog-auf-digital-der-countdown-lauft\/#article","isPartOf":{"@id":"https:\/\/www.buhl.de\/vermieter-web\/analog-auf-digital-der-countdown-lauft\/"},"author":{"name":"Hartmut Fischer","@id":"https:\/\/www.buhl.de\/vermieter-web\/#\/schema\/person\/82903e1cb04eb553382702d503991b4f"},"headline":"Analog auf digital: der Countdown l\u00e4uft","datePublished":"2011-05-05T05:04:32+00:00","dateModified":"2018-08-07T11:29:17+00:00","mainEntityOfPage":{"@id":"https:\/\/www.buhl.de\/vermieter-web\/analog-auf-digital-der-countdown-lauft\/"},"wordCount":329,"image":{"@id":"https:\/\/www.buhl.de\/vermieter-web\/analog-auf-digital-der-countdown-lauft\/#primaryimage"},"thumbnailUrl":"https:\/\/www.buhl.de\/vermieter-web\/wp-content\/uploads\/sites\/33\/medien\/blog\/2011\/05\/cd-f-003464-300x225.jpg","inLanguage":"de"},{"@type":"WebPage","@id":"https:\/\/www.buhl.de\/vermieter-web\/analog-auf-digital-der-countdown-lauft\/","url":"https:\/\/www.buhl.de\/vermieter-web\/analog-auf-digital-der-countdown-lauft\/","name":"Analog auf digital: der Countdown l\u00e4uft - Online-Nebenkostenabrechnung mit WISO Vermieter-Web","isPartOf":{"@id":"https:\/\/www.buhl.de\/vermieter-web\/#website"},"primaryImageOfPage":{"@id":"https:\/\/www.buhl.de\/vermieter-web\/analog-auf-digital-der-countdown-lauft\/#primaryimage"},"image":{"@id":"https:\/\/www.buhl.de\/vermieter-web\/analog-auf-digital-der-countdown-lauft\/#primaryimage"},"thumbnailUrl":"https:\/\/www.buhl.de\/vermieter-web\/wp-content\/uploads\/sites\/33\/medien\/blog\/2011\/05\/cd-f-003464-300x225.jpg","datePublished":"2011-05-05T05:04:32+00:00","dateModified":"2018-08-07T11:29:17+00:00","author":{"@id":"https:\/\/www.buhl.de\/vermieter-web\/#\/schema\/person\/82903e1cb04eb553382702d503991b4f"},"breadcrumb":{"@id":"https:\/\/www.buhl.de\/vermieter-web\/analog-auf-digital-der-countdown-lauft\/#breadcrumb"},"inLanguage":"de","potentialAction":[{"@type":"ReadAction","target":["https:\/\/www.buhl.de\/vermieter-web\/analog-auf-digital-der-countdown-lauft\/"]}]},{"@type":"ImageObject","inLanguage":"de","@id":"https:\/\/www.buhl.de\/vermieter-web\/analog-auf-digital-der-countdown-lauft\/#primaryimage","url":"https:\/\/www.buhl.de\/vermieter-web\/wp-content\/uploads\/sites\/33\/medien\/blog\/2011\/05\/cd-f-003464-300x225.jpg","contentUrl":"https:\/\/www.buhl.de\/vermieter-web\/wp-content\/uploads\/sites\/33\/medien\/blog\/2011\/05\/cd-f-003464-300x225.jpg"},{"@type":"BreadcrumbList","@id":"https:\/\/www.buhl.de\/vermieter-web\/analog-auf-digital-der-countdown-lauft\/#breadcrumb","itemListElement":[{"@type":"ListItem","position":1,"name":"Startseite","item":"https:\/\/www.buhl.de\/vermieter-web\/"},{"@type":"ListItem","position":2,"name":"Analog auf digital: der Countdown l\u00e4uft"}]},{"@type":"WebSite","@id":"https:\/\/www.buhl.de\/vermieter-web\/#website","url":"https:\/\/www.buhl.de\/vermieter-web\/","name":"Online-Nebenkostenabrechnung mit WISO Vermieter-Web","description":"","potentialAction":[{"@type":"SearchAction","target":{"@type":"EntryPoint","urlTemplate":"https:\/\/www.buhl.de\/vermieter-web\/?s={search_term_string}"},"query-input":{"@type":"PropertyValueSpecification","valueRequired":true,"valueName":"search_term_string"}}],"inLanguage":"de"},{"@type":"Person","@id":"https:\/\/www.buhl.de\/vermieter-web\/#\/schema\/person\/82903e1cb04eb553382702d503991b4f","name":"Hartmut Fischer"}]}},"_links":{"self":[{"href":"https:\/\/www.buhl.de\/vermieter-web\/wp-json\/wp\/v2\/posts\/4184","targetHints":{"allow":["GET"]}}],"collection":[{"href":"https:\/\/www.buhl.de\/vermieter-web\/wp-json\/wp\/v2\/posts"}],"about":[{"href":"https:\/\/www.buhl.de\/vermieter-web\/wp-json\/wp\/v2\/types\/post"}],"author":[{"embeddable":true,"href":"https:\/\/www.buhl.de\/vermieter-web\/wp-json\/wp\/v2\/users\/15"}],"replies":[{"embeddable":true,"href":"https:\/\/www.buhl.de\/vermieter-web\/wp-json\/wp\/v2\/comments?post=4184"}],"version-history":[{"count":1,"href":"https:\/\/www.buhl.de\/vermieter-web\/wp-json\/wp\/v2\/posts\/4184\/revisions"}],"predecessor-version":[{"id":8670,"href":"https:\/\/www.buhl.de\/vermieter-web\/wp-json\/wp\/v2\/posts\/4184\/revisions\/8670"}],"wp:attachment":[{"href":"https:\/\/www.buhl.de\/vermieter-web\/wp-json\/wp\/v2\/media?parent=4184"}],"wp:term":[{"taxonomy":"category","embeddable":true,"href":"https:\/\/www.buhl.de\/vermieter-web\/wp-json\/wp\/v2\/categories?post=4184"},{"taxonomy":"post_tag","embeddable":true,"href":"https:\/\/www.buhl.de\/vermieter-web\/wp-json\/wp\/v2\/tags?post=4184"}],"curies":[{"name":"wp","href":"https:\/\/api.w.org\/{rel}","templated":true}]}}