{"id":4186,"date":"2011-05-10T09:24:35","date_gmt":"2011-05-10T07:24:35","guid":{"rendered":"https:\/\/www.buhl.de\/vermieter-web\/?p=4186"},"modified":"2022-07-27T10:05:56","modified_gmt":"2022-07-27T08:05:56","slug":"flyer-ist-keine-preismitteilung","status":"publish","type":"post","link":"https:\/\/www.buhl.de\/vermieter-web\/flyer-ist-keine-preismitteilung\/","title":{"rendered":"Flyer ist keine Preismitteilung"},"content":{"rendered":"<p><strong><a href=\"https:\/\/www.buhl.de\/vermieter-web\/wp-content\/uploads\/sites\/33\/medien\/blog\/2011\/05\/489810_R_B_by_Gerd-Altmann_pixelio.de_.jpg\"><img loading=\"lazy\" decoding=\"async\" class=\"alignleft size-medium wp-image-872\" src=\"https:\/\/www.buhl.de\/vermieter-web\/wp-content\/uploads\/sites\/33\/medien\/blog\/2011\/05\/489810_R_B_by_Gerd-Altmann_pixelio.de_-300x225.jpg\" alt=\"\" width=\"300\" height=\"225\" \/><\/a>Wer eine Preiserh\u00f6hung in einem Schreiben versteckt, das wie ein Werbeflyer aufgemacht ist, muss damit rechnen, dass dieser &#8222;Prospekt&#8220; von den Gerichten kassiert wird.\u00a0Diese schmerzliche Erfahrung \u00a0musste jetzt auch die Flex-Strom AG machen, die einen Prozess vor dem Landgericht verlor.<\/strong><\/p>\n<p>Die AG hatte ihren Kunden einen Flyer \u00fcbersandt, der von klassischer Werbung so gut wie nicht zu unterscheiden war. In diesem Flyer war aber eine brisante Botschaft versteckt: eine Preiserh\u00f6hung. Die Empf\u00e4nger hatten ein Sonderk\u00fcndigungsrecht. Ihnen wurde aber in dem &#8222;Flyer&#8220; der Eindruck vermittelt, dass ein weiterer Strombezug als Anerkennung der Preiserh\u00f6hung zu werten sei.<\/p>\n<p>Die Verbraucherzentrale Hamburg mahnte daraufhin den Energielieferanten ab.\u00a0Die Flex-Strom\u00a0verpflichtete sich daraufhin verbindlich, diese Form der Mitteilung \u00fcber eine Preiserh\u00f6hung zuk\u00fcnftig zu unterlassen.<\/p>\n<p>Das Landgericht Berlin stellte fest, dass die Empf\u00e4nger der &#8222;Werbebotschaft&#8220; ein Anrecht auf eine Richtigstellung haben. Die Flexstrom muss den Beziehern jetzt einen Brief mit folgendem Inhalt schicken:<\/p>\n<p><em>\u201eWir stellen richtig, dass die zuvor mit Ihnen getroffene Preisvereinbarung nur mit Ihrer Zustimmung ge\u00e4ndert werden kann. In diesem Zusammenhang kann es nicht als Zustimmung gewertet werden, wenn Sie weiterhin von uns Strom beziehen, ohne den mit uns bestehenden Liefervertrag zu k\u00fcndigen. Sofern Sie also auf unser Preiserh\u00f6hungsersuchen lediglich von einer Vertragsk\u00fcndigung abgesehen und weiter Strom bezogen, nicht aber auf andere Weise Ihre Zustimmung erkl\u00e4rt haben, ist es bei der vorangegangenen Preisvereinbarung verblieben. Sollten Sie dennoch erh\u00f6hte Zahlungen geleistet haben, k\u00f6nnen Sie die Erh\u00f6hungsbetr\u00e4ge von uns zur\u00fcckfordern\u201c.<\/em><\/p>\n<div>\n<div>\n<p>Damit ist die per Werbeflyer ausgesprochene Preiserh\u00f6hung unwirksam und die Bezieher m\u00fcssen den neuen Preis nicht zahlen.<\/p>\n<p>Urteil des Landgerichts Berlin vom 29.04.2011 &#8211; Aktenzeichen 103 O 198\/10<br \/>\nFoto: (c) Gerd Altmann \/\u00a0<a href=\"http:\/\/www.pixelio.de\">www.pixelio.de<\/a><\/p>\n<\/div>\n<\/div>\n","protected":false},"excerpt":{"rendered":"<p>Wer eine Preiserh\u00f6hung in einem Schreiben versteckt, das wie ein Werbeflyer aufgemacht ist, muss damit rechnen, dass dieser &#8222;Prospekt&#8220; von den Gerichten kassiert wird.\u00a0Diese schmerzliche Erfahrung \u00a0musste jetzt auch die Flex-Strom AG machen, die einen Prozess vor dem Landgericht verlor. Die AG hatte ihren Kunden einen Flyer \u00fcbersandt, der von klassischer Werbung so gut wie &hellip; <\/p>\n<p class=\"link-more\"><a href=\"https:\/\/www.buhl.de\/vermieter-web\/flyer-ist-keine-preismitteilung\/\" class=\"more-link\"><span class=\"screen-reader-text\">\u201eFlyer ist keine Preismitteilung\u201c<\/span> weiterlesen<\/a><\/p>\n","protected":false},"author":15,"featured_media":0,"comment_status":"closed","ping_status":"open","sticky":false,"template":"","format":"standard","meta":{"footnotes":""},"categories":[1],"tags":[],"class_list":["post-4186","post","type-post","status-publish","format-standard","hentry","category-allgemein"],"yoast_head":"<!-- This site is optimized with the Yoast SEO Premium plugin v27.4 (Yoast SEO v27.5) - https:\/\/yoast.com\/product\/yoast-seo-premium-wordpress\/ -->\n<title>Flyer ist keine Preismitteilung - Online-Nebenkostenabrechnung mit WISO Vermieter-Web<\/title>\n<meta name=\"robots\" content=\"noindex, nofollow\" \/>\n<meta property=\"og:locale\" content=\"de_DE\" \/>\n<meta property=\"og:type\" content=\"article\" \/>\n<meta property=\"og:title\" content=\"Flyer ist keine Preismitteilung\" \/>\n<meta property=\"og:description\" content=\"Wer eine Preiserh\u00f6hung in einem Schreiben versteckt, das wie ein Werbeflyer aufgemacht ist, muss damit rechnen, dass dieser &#8222;Prospekt&#8220; von den Gerichten kassiert wird.\u00a0Diese schmerzliche Erfahrung \u00a0musste jetzt auch die Flex-Strom AG machen, die einen Prozess vor dem Landgericht verlor. Die AG hatte ihren Kunden einen Flyer \u00fcbersandt, der von klassischer Werbung so gut wie &hellip; \u201eFlyer ist keine Preismitteilung\u201c weiterlesen\" \/>\n<meta property=\"og:url\" content=\"https:\/\/www.buhl.de\/vermieter-web\/flyer-ist-keine-preismitteilung\/\" \/>\n<meta property=\"og:site_name\" content=\"Online-Nebenkostenabrechnung mit WISO Vermieter-Web\" \/>\n<meta property=\"article:published_time\" content=\"2011-05-10T07:24:35+00:00\" \/>\n<meta property=\"article:modified_time\" content=\"2022-07-27T08:05:56+00:00\" \/>\n<meta property=\"og:image\" content=\"https:\/\/www.buhl.de\/vermieter-web\/wp-content\/uploads\/sites\/33\/medien\/blog\/2011\/05\/489810_R_B_by_Gerd-Altmann_pixelio.de_-300x225.jpg\" \/>\n<meta name=\"author\" content=\"Hartmut Fischer\" \/>\n<meta name=\"twitter:card\" content=\"summary_large_image\" \/>\n<meta name=\"twitter:label1\" content=\"Verfasst von\" \/>\n\t<meta name=\"twitter:data1\" content=\"Hartmut Fischer\" \/>\n\t<meta name=\"twitter:label2\" content=\"Gesch\u00e4tzte Lesezeit\" \/>\n\t<meta name=\"twitter:data2\" content=\"2\u00a0Minuten\" \/>\n<script type=\"application\/ld+json\" class=\"yoast-schema-graph\">{\"@context\":\"https:\\\/\\\/schema.org\",\"@graph\":[{\"@type\":\"Article\",\"@id\":\"https:\\\/\\\/www.buhl.de\\\/vermieter-web\\\/flyer-ist-keine-preismitteilung\\\/#article\",\"isPartOf\":{\"@id\":\"https:\\\/\\\/www.buhl.de\\\/vermieter-web\\\/flyer-ist-keine-preismitteilung\\\/\"},\"author\":{\"name\":\"Hartmut Fischer\",\"@id\":\"https:\\\/\\\/www.buhl.de\\\/vermieter-web\\\/#\\\/schema\\\/person\\\/82903e1cb04eb553382702d503991b4f\"},\"headline\":\"Flyer ist keine Preismitteilung\",\"datePublished\":\"2011-05-10T07:24:35+00:00\",\"dateModified\":\"2022-07-27T08:05:56+00:00\",\"mainEntityOfPage\":{\"@id\":\"https:\\\/\\\/www.buhl.de\\\/vermieter-web\\\/flyer-ist-keine-preismitteilung\\\/\"},\"wordCount\":291,\"image\":{\"@id\":\"https:\\\/\\\/www.buhl.de\\\/vermieter-web\\\/flyer-ist-keine-preismitteilung\\\/#primaryimage\"},\"thumbnailUrl\":\"https:\\\/\\\/www.buhl.de\\\/vermieter-web\\\/wp-content\\\/uploads\\\/sites\\\/33\\\/medien\\\/blog\\\/2011\\\/05\\\/489810_R_B_by_Gerd-Altmann_pixelio.de_-300x225.jpg\",\"inLanguage\":\"de\"},{\"@type\":\"WebPage\",\"@id\":\"https:\\\/\\\/www.buhl.de\\\/vermieter-web\\\/flyer-ist-keine-preismitteilung\\\/\",\"url\":\"https:\\\/\\\/www.buhl.de\\\/vermieter-web\\\/flyer-ist-keine-preismitteilung\\\/\",\"name\":\"Flyer ist keine Preismitteilung - Online-Nebenkostenabrechnung mit WISO Vermieter-Web\",\"isPartOf\":{\"@id\":\"https:\\\/\\\/www.buhl.de\\\/vermieter-web\\\/#website\"},\"primaryImageOfPage\":{\"@id\":\"https:\\\/\\\/www.buhl.de\\\/vermieter-web\\\/flyer-ist-keine-preismitteilung\\\/#primaryimage\"},\"image\":{\"@id\":\"https:\\\/\\\/www.buhl.de\\\/vermieter-web\\\/flyer-ist-keine-preismitteilung\\\/#primaryimage\"},\"thumbnailUrl\":\"https:\\\/\\\/www.buhl.de\\\/vermieter-web\\\/wp-content\\\/uploads\\\/sites\\\/33\\\/medien\\\/blog\\\/2011\\\/05\\\/489810_R_B_by_Gerd-Altmann_pixelio.de_-300x225.jpg\",\"datePublished\":\"2011-05-10T07:24:35+00:00\",\"dateModified\":\"2022-07-27T08:05:56+00:00\",\"author\":{\"@id\":\"https:\\\/\\\/www.buhl.de\\\/vermieter-web\\\/#\\\/schema\\\/person\\\/82903e1cb04eb553382702d503991b4f\"},\"breadcrumb\":{\"@id\":\"https:\\\/\\\/www.buhl.de\\\/vermieter-web\\\/flyer-ist-keine-preismitteilung\\\/#breadcrumb\"},\"inLanguage\":\"de\",\"potentialAction\":[{\"@type\":\"ReadAction\",\"target\":[\"https:\\\/\\\/www.buhl.de\\\/vermieter-web\\\/flyer-ist-keine-preismitteilung\\\/\"]}]},{\"@type\":\"ImageObject\",\"inLanguage\":\"de\",\"@id\":\"https:\\\/\\\/www.buhl.de\\\/vermieter-web\\\/flyer-ist-keine-preismitteilung\\\/#primaryimage\",\"url\":\"https:\\\/\\\/www.buhl.de\\\/vermieter-web\\\/wp-content\\\/uploads\\\/sites\\\/33\\\/medien\\\/blog\\\/2011\\\/05\\\/489810_R_B_by_Gerd-Altmann_pixelio.de_-300x225.jpg\",\"contentUrl\":\"https:\\\/\\\/www.buhl.de\\\/vermieter-web\\\/wp-content\\\/uploads\\\/sites\\\/33\\\/medien\\\/blog\\\/2011\\\/05\\\/489810_R_B_by_Gerd-Altmann_pixelio.de_-300x225.jpg\"},{\"@type\":\"BreadcrumbList\",\"@id\":\"https:\\\/\\\/www.buhl.de\\\/vermieter-web\\\/flyer-ist-keine-preismitteilung\\\/#breadcrumb\",\"itemListElement\":[{\"@type\":\"ListItem\",\"position\":1,\"name\":\"Startseite\",\"item\":\"https:\\\/\\\/www.buhl.de\\\/vermieter-web\\\/\"},{\"@type\":\"ListItem\",\"position\":2,\"name\":\"Flyer ist keine Preismitteilung\"}]},{\"@type\":\"WebSite\",\"@id\":\"https:\\\/\\\/www.buhl.de\\\/vermieter-web\\\/#website\",\"url\":\"https:\\\/\\\/www.buhl.de\\\/vermieter-web\\\/\",\"name\":\"Online-Nebenkostenabrechnung mit WISO Vermieter-Web\",\"description\":\"\",\"potentialAction\":[{\"@type\":\"SearchAction\",\"target\":{\"@type\":\"EntryPoint\",\"urlTemplate\":\"https:\\\/\\\/www.buhl.de\\\/vermieter-web\\\/?s={search_term_string}\"},\"query-input\":{\"@type\":\"PropertyValueSpecification\",\"valueRequired\":true,\"valueName\":\"search_term_string\"}}],\"inLanguage\":\"de\"},{\"@type\":\"Person\",\"@id\":\"https:\\\/\\\/www.buhl.de\\\/vermieter-web\\\/#\\\/schema\\\/person\\\/82903e1cb04eb553382702d503991b4f\",\"name\":\"Hartmut Fischer\"}]}<\/script>\n<!-- \/ Yoast SEO Premium plugin. -->","yoast_head_json":{"title":"Flyer ist keine Preismitteilung - Online-Nebenkostenabrechnung mit WISO Vermieter-Web","robots":{"index":"noindex","follow":"nofollow"},"og_locale":"de_DE","og_type":"article","og_title":"Flyer ist keine Preismitteilung","og_description":"Wer eine Preiserh\u00f6hung in einem Schreiben versteckt, das wie ein Werbeflyer aufgemacht ist, muss damit rechnen, dass dieser &#8222;Prospekt&#8220; von den Gerichten kassiert wird.\u00a0Diese schmerzliche Erfahrung \u00a0musste jetzt auch die Flex-Strom AG machen, die einen Prozess vor dem Landgericht verlor. Die AG hatte ihren Kunden einen Flyer \u00fcbersandt, der von klassischer Werbung so gut wie &hellip; \u201eFlyer ist keine Preismitteilung\u201c weiterlesen","og_url":"https:\/\/www.buhl.de\/vermieter-web\/flyer-ist-keine-preismitteilung\/","og_site_name":"Online-Nebenkostenabrechnung mit WISO Vermieter-Web","article_published_time":"2011-05-10T07:24:35+00:00","article_modified_time":"2022-07-27T08:05:56+00:00","og_image":[{"url":"https:\/\/www.buhl.de\/vermieter-web\/wp-content\/uploads\/sites\/33\/medien\/blog\/2011\/05\/489810_R_B_by_Gerd-Altmann_pixelio.de_-300x225.jpg","type":"","width":"","height":""}],"author":"Hartmut Fischer","twitter_card":"summary_large_image","twitter_misc":{"Verfasst von":"Hartmut Fischer","Gesch\u00e4tzte Lesezeit":"2\u00a0Minuten"},"schema":{"@context":"https:\/\/schema.org","@graph":[{"@type":"Article","@id":"https:\/\/www.buhl.de\/vermieter-web\/flyer-ist-keine-preismitteilung\/#article","isPartOf":{"@id":"https:\/\/www.buhl.de\/vermieter-web\/flyer-ist-keine-preismitteilung\/"},"author":{"name":"Hartmut Fischer","@id":"https:\/\/www.buhl.de\/vermieter-web\/#\/schema\/person\/82903e1cb04eb553382702d503991b4f"},"headline":"Flyer ist keine Preismitteilung","datePublished":"2011-05-10T07:24:35+00:00","dateModified":"2022-07-27T08:05:56+00:00","mainEntityOfPage":{"@id":"https:\/\/www.buhl.de\/vermieter-web\/flyer-ist-keine-preismitteilung\/"},"wordCount":291,"image":{"@id":"https:\/\/www.buhl.de\/vermieter-web\/flyer-ist-keine-preismitteilung\/#primaryimage"},"thumbnailUrl":"https:\/\/www.buhl.de\/vermieter-web\/wp-content\/uploads\/sites\/33\/medien\/blog\/2011\/05\/489810_R_B_by_Gerd-Altmann_pixelio.de_-300x225.jpg","inLanguage":"de"},{"@type":"WebPage","@id":"https:\/\/www.buhl.de\/vermieter-web\/flyer-ist-keine-preismitteilung\/","url":"https:\/\/www.buhl.de\/vermieter-web\/flyer-ist-keine-preismitteilung\/","name":"Flyer ist keine Preismitteilung - Online-Nebenkostenabrechnung mit WISO Vermieter-Web","isPartOf":{"@id":"https:\/\/www.buhl.de\/vermieter-web\/#website"},"primaryImageOfPage":{"@id":"https:\/\/www.buhl.de\/vermieter-web\/flyer-ist-keine-preismitteilung\/#primaryimage"},"image":{"@id":"https:\/\/www.buhl.de\/vermieter-web\/flyer-ist-keine-preismitteilung\/#primaryimage"},"thumbnailUrl":"https:\/\/www.buhl.de\/vermieter-web\/wp-content\/uploads\/sites\/33\/medien\/blog\/2011\/05\/489810_R_B_by_Gerd-Altmann_pixelio.de_-300x225.jpg","datePublished":"2011-05-10T07:24:35+00:00","dateModified":"2022-07-27T08:05:56+00:00","author":{"@id":"https:\/\/www.buhl.de\/vermieter-web\/#\/schema\/person\/82903e1cb04eb553382702d503991b4f"},"breadcrumb":{"@id":"https:\/\/www.buhl.de\/vermieter-web\/flyer-ist-keine-preismitteilung\/#breadcrumb"},"inLanguage":"de","potentialAction":[{"@type":"ReadAction","target":["https:\/\/www.buhl.de\/vermieter-web\/flyer-ist-keine-preismitteilung\/"]}]},{"@type":"ImageObject","inLanguage":"de","@id":"https:\/\/www.buhl.de\/vermieter-web\/flyer-ist-keine-preismitteilung\/#primaryimage","url":"https:\/\/www.buhl.de\/vermieter-web\/wp-content\/uploads\/sites\/33\/medien\/blog\/2011\/05\/489810_R_B_by_Gerd-Altmann_pixelio.de_-300x225.jpg","contentUrl":"https:\/\/www.buhl.de\/vermieter-web\/wp-content\/uploads\/sites\/33\/medien\/blog\/2011\/05\/489810_R_B_by_Gerd-Altmann_pixelio.de_-300x225.jpg"},{"@type":"BreadcrumbList","@id":"https:\/\/www.buhl.de\/vermieter-web\/flyer-ist-keine-preismitteilung\/#breadcrumb","itemListElement":[{"@type":"ListItem","position":1,"name":"Startseite","item":"https:\/\/www.buhl.de\/vermieter-web\/"},{"@type":"ListItem","position":2,"name":"Flyer ist keine Preismitteilung"}]},{"@type":"WebSite","@id":"https:\/\/www.buhl.de\/vermieter-web\/#website","url":"https:\/\/www.buhl.de\/vermieter-web\/","name":"Online-Nebenkostenabrechnung mit WISO Vermieter-Web","description":"","potentialAction":[{"@type":"SearchAction","target":{"@type":"EntryPoint","urlTemplate":"https:\/\/www.buhl.de\/vermieter-web\/?s={search_term_string}"},"query-input":{"@type":"PropertyValueSpecification","valueRequired":true,"valueName":"search_term_string"}}],"inLanguage":"de"},{"@type":"Person","@id":"https:\/\/www.buhl.de\/vermieter-web\/#\/schema\/person\/82903e1cb04eb553382702d503991b4f","name":"Hartmut Fischer"}]}},"_links":{"self":[{"href":"https:\/\/www.buhl.de\/vermieter-web\/wp-json\/wp\/v2\/posts\/4186","targetHints":{"allow":["GET"]}}],"collection":[{"href":"https:\/\/www.buhl.de\/vermieter-web\/wp-json\/wp\/v2\/posts"}],"about":[{"href":"https:\/\/www.buhl.de\/vermieter-web\/wp-json\/wp\/v2\/types\/post"}],"author":[{"embeddable":true,"href":"https:\/\/www.buhl.de\/vermieter-web\/wp-json\/wp\/v2\/users\/15"}],"replies":[{"embeddable":true,"href":"https:\/\/www.buhl.de\/vermieter-web\/wp-json\/wp\/v2\/comments?post=4186"}],"version-history":[{"count":2,"href":"https:\/\/www.buhl.de\/vermieter-web\/wp-json\/wp\/v2\/posts\/4186\/revisions"}],"predecessor-version":[{"id":14729,"href":"https:\/\/www.buhl.de\/vermieter-web\/wp-json\/wp\/v2\/posts\/4186\/revisions\/14729"}],"wp:attachment":[{"href":"https:\/\/www.buhl.de\/vermieter-web\/wp-json\/wp\/v2\/media?parent=4186"}],"wp:term":[{"taxonomy":"category","embeddable":true,"href":"https:\/\/www.buhl.de\/vermieter-web\/wp-json\/wp\/v2\/categories?post=4186"},{"taxonomy":"post_tag","embeddable":true,"href":"https:\/\/www.buhl.de\/vermieter-web\/wp-json\/wp\/v2\/tags?post=4186"}],"curies":[{"name":"wp","href":"https:\/\/api.w.org\/{rel}","templated":true}]}}