{"id":4200,"date":"2011-06-10T09:31:16","date_gmt":"2011-06-10T07:31:16","guid":{"rendered":"https:\/\/www.buhl.de\/vermieter-web\/?p=4200"},"modified":"2018-08-07T13:29:15","modified_gmt":"2018-08-07T11:29:15","slug":"rechte-der-vermieter-und-mieter-bei-verwertungskundigung","status":"publish","type":"post","link":"https:\/\/www.buhl.de\/vermieter-web\/rechte-der-vermieter-und-mieter-bei-verwertungskundigung\/","title":{"rendered":"Rechte der Vermieter und Mieter bei Verwertungsk\u00fcndigung"},"content":{"rendered":"<p>Nach \u00a7 573 BGB kann der Vermieter k\u00fcndigen, wenn er hierf\u00fcr ein &#8222;berechtigtes Interesse&#8220; nachweisen kann. Dieses Interesse sieht der Gesetzgeber unter anderem gegeben, wenn der Vermieter durch die Fortsetzung des Mietverh\u00e4ltnisses an einer angemessenen wirtschaftlichen Verwertung des Grundst\u00fccks gehindert und dadurch erhebliche Nachteile erleiden w\u00fcrde.\u00a0\u00a0Der Bundesgerichtshof (BGH) hat in einer j\u00fcngst ergangenen Entscheidung unterstrichen, dass\u00a0dieses Recht von hoher Bedeutung ist.\u00a0<\/p>\n<p>Zwar stellte der BGH fest, dass bei der Abw\u00e4gung der wirtschaftlichen Verwertung auch die Interessen des Mieters, in der Wohnung zu verbleiben, beachtet und in jedem Fall individuell ber\u00fccksichtigt werden m\u00fcssen.\u00a0Gleichzeitig stellten die Richter jedoch fest,\u00a0 dass das Recht der Verwertungsk\u00fcndigung\u00a0nicht schon deshalb abgelehnt werden k\u00f6nne, weil der Eigent\u00fcmer die Immobilie bereits unrentabel vermietet geerbt habe.<\/p>\n<p>In dem Verfahren ging es um einen recht komplizierten Fall bei der eine ungeteilte Erbengemeinschaft, deren Erben in Westdeutschland lebten, einer betagten Mieterin eines Einfamilienhauses in der ehemaligen DDR\u00a0k\u00fcndigen wollte. Der Mieterin war das Objekt bereits 1953 &#8211; damals noch unter staatlicher Verwaltung &#8211; vermietet worden. Nach dem Niedergang der DDR und dem Ende der staatlichen Verwaltung trat die Erbengemeinschaft in den Mietvertrag ein und k\u00fcndigte das Mietverh\u00e4ltnis. Sie f\u00fchrten an, dass das Objekt nur Verluste einbringe und sanierungsbed\u00fcrftig sei und es deshalb verkauft werden solle. Danach sei die Erbauseinandersetzung geplant. Ein Verkauf sei aber nur im unvermieteten Zustand in absehbarer Zeeit durchzuf\u00fchren. Mit einer entsprechenden R\u00e4umungsklage hatten die Erben aber weder vor dem Amts- noch im Berufungsverfahren vor dem Landgericht Erfolg.<\/p>\n<p>Die Richter des BGH sahen die Sache jedoch anders. Sie teilten nicht die Meinung der Vorinstanzen, dass der Nachteil der Erbengemeinschaft auch bestehen k\u00f6nne, wenn das Grundst\u00fcck bereits im unrentablen Zustand geerbt wurde und nach Ende der staatlichen Verwaltung keine wesentlichen Verschlechterungen eingetreten seien.\u00a0 Der BGH f\u00fchrte hierzu aus, dass die Sichtweise der Vorinstanzen dazu f\u00fchren w\u00fcrde, dass Eigent\u00fcmer von Wohnungen, die\u00a0unter staatlicher Verwaltung standen,\u00a0\u00a0an den bei Aufhebung der Verwaltung gegebenen Zust\u00e4nden festhalten und auf Dauer Verluste hinnehmen m\u00fcssten. Dies sei aber mit dem Grundrecht auf Eigentum (Art. 14 Abs. 1 GG) nicht vereinbar.\u00a0<\/p>\n<p>Aus diesem Grund wurde die Angelegenheit an das Berufungsgericht zur\u00fcckverwiesen. Dort m\u00fcssen nun die gesamten\u00a0Umst\u00e4nde (Unrentabilit\u00e4t des Grundst\u00fccks,\u00a0H\u00f6he des Mindesterl\u00f6ses beim Verkauf im vermieteten und unvermieteten Zustand, Unverk\u00e4uflichkeit\u00a0im vermieteten Zustand usw.) neu gepr\u00fcft und bewertet werden.<\/p>\n<p>Urteil des Bundesgerichtshofs vom\u00a008.06.2011, Aktenzeichen\u00a0VIII ZR 226\/09<\/p>\n","protected":false},"excerpt":{"rendered":"<p>Nach \u00a7 573 BGB kann der Vermieter k\u00fcndigen, wenn er hierf\u00fcr ein &#8222;berechtigtes Interesse&#8220; nachweisen kann. Dieses Interesse sieht der Gesetzgeber unter anderem gegeben, wenn der Vermieter durch die Fortsetzung des Mietverh\u00e4ltnisses an einer angemessenen wirtschaftlichen Verwertung des Grundst\u00fccks gehindert und dadurch erhebliche Nachteile erleiden w\u00fcrde.\u00a0\u00a0Der Bundesgerichtshof (BGH) hat in einer j\u00fcngst ergangenen Entscheidung unterstrichen, &hellip; <\/p>\n<p class=\"link-more\"><a href=\"https:\/\/www.buhl.de\/vermieter-web\/rechte-der-vermieter-und-mieter-bei-verwertungskundigung\/\" class=\"more-link\"><span class=\"screen-reader-text\">\u201eRechte der Vermieter und Mieter bei Verwertungsk\u00fcndigung\u201c<\/span> weiterlesen<\/a><\/p>\n","protected":false},"author":15,"featured_media":0,"comment_status":"closed","ping_status":"open","sticky":false,"template":"","format":"standard","meta":{"footnotes":""},"categories":[1],"tags":[],"class_list":["post-4200","post","type-post","status-publish","format-standard","hentry","category-allgemein"],"yoast_head":"<!-- This site is optimized with the Yoast SEO Premium plugin v27.4 (Yoast SEO v27.5) - https:\/\/yoast.com\/product\/yoast-seo-premium-wordpress\/ -->\n<title>Rechte der Vermieter und Mieter bei Verwertungsk\u00fcndigung - Online-Nebenkostenabrechnung mit WISO Vermieter-Web<\/title>\n<meta name=\"robots\" content=\"noindex, nofollow\" \/>\n<meta property=\"og:locale\" content=\"de_DE\" \/>\n<meta property=\"og:type\" content=\"article\" \/>\n<meta property=\"og:title\" content=\"Rechte der Vermieter und Mieter bei Verwertungsk\u00fcndigung\" \/>\n<meta property=\"og:description\" content=\"Nach \u00a7 573 BGB kann der Vermieter k\u00fcndigen, wenn er hierf\u00fcr ein &#8222;berechtigtes Interesse&#8220; nachweisen kann. Dieses Interesse sieht der Gesetzgeber unter anderem gegeben, wenn der Vermieter durch die Fortsetzung des Mietverh\u00e4ltnisses an einer angemessenen wirtschaftlichen Verwertung des Grundst\u00fccks gehindert und dadurch erhebliche Nachteile erleiden w\u00fcrde.\u00a0\u00a0Der Bundesgerichtshof (BGH) hat in einer j\u00fcngst ergangenen Entscheidung unterstrichen, &hellip; \u201eRechte der Vermieter und Mieter bei Verwertungsk\u00fcndigung\u201c weiterlesen\" \/>\n<meta property=\"og:url\" content=\"https:\/\/www.buhl.de\/vermieter-web\/rechte-der-vermieter-und-mieter-bei-verwertungskundigung\/\" \/>\n<meta property=\"og:site_name\" content=\"Online-Nebenkostenabrechnung mit WISO Vermieter-Web\" \/>\n<meta property=\"article:published_time\" content=\"2011-06-10T07:31:16+00:00\" \/>\n<meta property=\"article:modified_time\" content=\"2018-08-07T11:29:15+00:00\" \/>\n<meta name=\"author\" content=\"Hartmut Fischer\" \/>\n<meta name=\"twitter:card\" content=\"summary_large_image\" \/>\n<meta name=\"twitter:label1\" content=\"Verfasst von\" \/>\n\t<meta name=\"twitter:data1\" content=\"Hartmut Fischer\" \/>\n\t<meta name=\"twitter:label2\" content=\"Gesch\u00e4tzte Lesezeit\" \/>\n\t<meta name=\"twitter:data2\" content=\"2\u00a0Minuten\" \/>\n<script type=\"application\/ld+json\" class=\"yoast-schema-graph\">{\"@context\":\"https:\\\/\\\/schema.org\",\"@graph\":[{\"@type\":\"Article\",\"@id\":\"https:\\\/\\\/www.buhl.de\\\/vermieter-web\\\/rechte-der-vermieter-und-mieter-bei-verwertungskundigung\\\/#article\",\"isPartOf\":{\"@id\":\"https:\\\/\\\/www.buhl.de\\\/vermieter-web\\\/rechte-der-vermieter-und-mieter-bei-verwertungskundigung\\\/\"},\"author\":{\"name\":\"Hartmut Fischer\",\"@id\":\"https:\\\/\\\/www.buhl.de\\\/vermieter-web\\\/#\\\/schema\\\/person\\\/82903e1cb04eb553382702d503991b4f\"},\"headline\":\"Rechte der Vermieter und Mieter bei Verwertungsk\u00fcndigung\",\"datePublished\":\"2011-06-10T07:31:16+00:00\",\"dateModified\":\"2018-08-07T11:29:15+00:00\",\"mainEntityOfPage\":{\"@id\":\"https:\\\/\\\/www.buhl.de\\\/vermieter-web\\\/rechte-der-vermieter-und-mieter-bei-verwertungskundigung\\\/\"},\"wordCount\":425,\"inLanguage\":\"de\"},{\"@type\":\"WebPage\",\"@id\":\"https:\\\/\\\/www.buhl.de\\\/vermieter-web\\\/rechte-der-vermieter-und-mieter-bei-verwertungskundigung\\\/\",\"url\":\"https:\\\/\\\/www.buhl.de\\\/vermieter-web\\\/rechte-der-vermieter-und-mieter-bei-verwertungskundigung\\\/\",\"name\":\"Rechte der Vermieter und Mieter bei Verwertungsk\u00fcndigung - Online-Nebenkostenabrechnung mit WISO Vermieter-Web\",\"isPartOf\":{\"@id\":\"https:\\\/\\\/www.buhl.de\\\/vermieter-web\\\/#website\"},\"datePublished\":\"2011-06-10T07:31:16+00:00\",\"dateModified\":\"2018-08-07T11:29:15+00:00\",\"author\":{\"@id\":\"https:\\\/\\\/www.buhl.de\\\/vermieter-web\\\/#\\\/schema\\\/person\\\/82903e1cb04eb553382702d503991b4f\"},\"breadcrumb\":{\"@id\":\"https:\\\/\\\/www.buhl.de\\\/vermieter-web\\\/rechte-der-vermieter-und-mieter-bei-verwertungskundigung\\\/#breadcrumb\"},\"inLanguage\":\"de\",\"potentialAction\":[{\"@type\":\"ReadAction\",\"target\":[\"https:\\\/\\\/www.buhl.de\\\/vermieter-web\\\/rechte-der-vermieter-und-mieter-bei-verwertungskundigung\\\/\"]}]},{\"@type\":\"BreadcrumbList\",\"@id\":\"https:\\\/\\\/www.buhl.de\\\/vermieter-web\\\/rechte-der-vermieter-und-mieter-bei-verwertungskundigung\\\/#breadcrumb\",\"itemListElement\":[{\"@type\":\"ListItem\",\"position\":1,\"name\":\"Startseite\",\"item\":\"https:\\\/\\\/www.buhl.de\\\/vermieter-web\\\/\"},{\"@type\":\"ListItem\",\"position\":2,\"name\":\"Rechte der Vermieter und Mieter bei Verwertungsk\u00fcndigung\"}]},{\"@type\":\"WebSite\",\"@id\":\"https:\\\/\\\/www.buhl.de\\\/vermieter-web\\\/#website\",\"url\":\"https:\\\/\\\/www.buhl.de\\\/vermieter-web\\\/\",\"name\":\"Online-Nebenkostenabrechnung mit WISO Vermieter-Web\",\"description\":\"\",\"potentialAction\":[{\"@type\":\"SearchAction\",\"target\":{\"@type\":\"EntryPoint\",\"urlTemplate\":\"https:\\\/\\\/www.buhl.de\\\/vermieter-web\\\/?s={search_term_string}\"},\"query-input\":{\"@type\":\"PropertyValueSpecification\",\"valueRequired\":true,\"valueName\":\"search_term_string\"}}],\"inLanguage\":\"de\"},{\"@type\":\"Person\",\"@id\":\"https:\\\/\\\/www.buhl.de\\\/vermieter-web\\\/#\\\/schema\\\/person\\\/82903e1cb04eb553382702d503991b4f\",\"name\":\"Hartmut Fischer\"}]}<\/script>\n<!-- \/ Yoast SEO Premium plugin. -->","yoast_head_json":{"title":"Rechte der Vermieter und Mieter bei Verwertungsk\u00fcndigung - Online-Nebenkostenabrechnung mit WISO Vermieter-Web","robots":{"index":"noindex","follow":"nofollow"},"og_locale":"de_DE","og_type":"article","og_title":"Rechte der Vermieter und Mieter bei Verwertungsk\u00fcndigung","og_description":"Nach \u00a7 573 BGB kann der Vermieter k\u00fcndigen, wenn er hierf\u00fcr ein &#8222;berechtigtes Interesse&#8220; nachweisen kann. Dieses Interesse sieht der Gesetzgeber unter anderem gegeben, wenn der Vermieter durch die Fortsetzung des Mietverh\u00e4ltnisses an einer angemessenen wirtschaftlichen Verwertung des Grundst\u00fccks gehindert und dadurch erhebliche Nachteile erleiden w\u00fcrde.\u00a0\u00a0Der Bundesgerichtshof (BGH) hat in einer j\u00fcngst ergangenen Entscheidung unterstrichen, &hellip; \u201eRechte der Vermieter und Mieter bei Verwertungsk\u00fcndigung\u201c weiterlesen","og_url":"https:\/\/www.buhl.de\/vermieter-web\/rechte-der-vermieter-und-mieter-bei-verwertungskundigung\/","og_site_name":"Online-Nebenkostenabrechnung mit WISO Vermieter-Web","article_published_time":"2011-06-10T07:31:16+00:00","article_modified_time":"2018-08-07T11:29:15+00:00","author":"Hartmut Fischer","twitter_card":"summary_large_image","twitter_misc":{"Verfasst von":"Hartmut Fischer","Gesch\u00e4tzte Lesezeit":"2\u00a0Minuten"},"schema":{"@context":"https:\/\/schema.org","@graph":[{"@type":"Article","@id":"https:\/\/www.buhl.de\/vermieter-web\/rechte-der-vermieter-und-mieter-bei-verwertungskundigung\/#article","isPartOf":{"@id":"https:\/\/www.buhl.de\/vermieter-web\/rechte-der-vermieter-und-mieter-bei-verwertungskundigung\/"},"author":{"name":"Hartmut Fischer","@id":"https:\/\/www.buhl.de\/vermieter-web\/#\/schema\/person\/82903e1cb04eb553382702d503991b4f"},"headline":"Rechte der Vermieter und Mieter bei Verwertungsk\u00fcndigung","datePublished":"2011-06-10T07:31:16+00:00","dateModified":"2018-08-07T11:29:15+00:00","mainEntityOfPage":{"@id":"https:\/\/www.buhl.de\/vermieter-web\/rechte-der-vermieter-und-mieter-bei-verwertungskundigung\/"},"wordCount":425,"inLanguage":"de"},{"@type":"WebPage","@id":"https:\/\/www.buhl.de\/vermieter-web\/rechte-der-vermieter-und-mieter-bei-verwertungskundigung\/","url":"https:\/\/www.buhl.de\/vermieter-web\/rechte-der-vermieter-und-mieter-bei-verwertungskundigung\/","name":"Rechte der Vermieter und Mieter bei Verwertungsk\u00fcndigung - Online-Nebenkostenabrechnung mit WISO Vermieter-Web","isPartOf":{"@id":"https:\/\/www.buhl.de\/vermieter-web\/#website"},"datePublished":"2011-06-10T07:31:16+00:00","dateModified":"2018-08-07T11:29:15+00:00","author":{"@id":"https:\/\/www.buhl.de\/vermieter-web\/#\/schema\/person\/82903e1cb04eb553382702d503991b4f"},"breadcrumb":{"@id":"https:\/\/www.buhl.de\/vermieter-web\/rechte-der-vermieter-und-mieter-bei-verwertungskundigung\/#breadcrumb"},"inLanguage":"de","potentialAction":[{"@type":"ReadAction","target":["https:\/\/www.buhl.de\/vermieter-web\/rechte-der-vermieter-und-mieter-bei-verwertungskundigung\/"]}]},{"@type":"BreadcrumbList","@id":"https:\/\/www.buhl.de\/vermieter-web\/rechte-der-vermieter-und-mieter-bei-verwertungskundigung\/#breadcrumb","itemListElement":[{"@type":"ListItem","position":1,"name":"Startseite","item":"https:\/\/www.buhl.de\/vermieter-web\/"},{"@type":"ListItem","position":2,"name":"Rechte der Vermieter und Mieter bei Verwertungsk\u00fcndigung"}]},{"@type":"WebSite","@id":"https:\/\/www.buhl.de\/vermieter-web\/#website","url":"https:\/\/www.buhl.de\/vermieter-web\/","name":"Online-Nebenkostenabrechnung mit WISO Vermieter-Web","description":"","potentialAction":[{"@type":"SearchAction","target":{"@type":"EntryPoint","urlTemplate":"https:\/\/www.buhl.de\/vermieter-web\/?s={search_term_string}"},"query-input":{"@type":"PropertyValueSpecification","valueRequired":true,"valueName":"search_term_string"}}],"inLanguage":"de"},{"@type":"Person","@id":"https:\/\/www.buhl.de\/vermieter-web\/#\/schema\/person\/82903e1cb04eb553382702d503991b4f","name":"Hartmut Fischer"}]}},"_links":{"self":[{"href":"https:\/\/www.buhl.de\/vermieter-web\/wp-json\/wp\/v2\/posts\/4200","targetHints":{"allow":["GET"]}}],"collection":[{"href":"https:\/\/www.buhl.de\/vermieter-web\/wp-json\/wp\/v2\/posts"}],"about":[{"href":"https:\/\/www.buhl.de\/vermieter-web\/wp-json\/wp\/v2\/types\/post"}],"author":[{"embeddable":true,"href":"https:\/\/www.buhl.de\/vermieter-web\/wp-json\/wp\/v2\/users\/15"}],"replies":[{"embeddable":true,"href":"https:\/\/www.buhl.de\/vermieter-web\/wp-json\/wp\/v2\/comments?post=4200"}],"version-history":[{"count":1,"href":"https:\/\/www.buhl.de\/vermieter-web\/wp-json\/wp\/v2\/posts\/4200\/revisions"}],"predecessor-version":[{"id":8654,"href":"https:\/\/www.buhl.de\/vermieter-web\/wp-json\/wp\/v2\/posts\/4200\/revisions\/8654"}],"wp:attachment":[{"href":"https:\/\/www.buhl.de\/vermieter-web\/wp-json\/wp\/v2\/media?parent=4200"}],"wp:term":[{"taxonomy":"category","embeddable":true,"href":"https:\/\/www.buhl.de\/vermieter-web\/wp-json\/wp\/v2\/categories?post=4200"},{"taxonomy":"post_tag","embeddable":true,"href":"https:\/\/www.buhl.de\/vermieter-web\/wp-json\/wp\/v2\/tags?post=4200"}],"curies":[{"name":"wp","href":"https:\/\/api.w.org\/{rel}","templated":true}]}}