{"id":4509,"date":"2013-07-30T06:09:59","date_gmt":"2013-07-30T04:09:59","guid":{"rendered":"https:\/\/www.buhl.de\/vermieter-web\/?p=4509"},"modified":"2018-08-07T13:28:08","modified_gmt":"2018-08-07T11:28:08","slug":"mindestgebuehr-fuer-muellbeseitigung-zulaessig","status":"publish","type":"post","link":"https:\/\/www.buhl.de\/vermieter-web\/mindestgebuehr-fuer-muellbeseitigung-zulaessig\/","title":{"rendered":"Mindestgeb\u00fchr f\u00fcr M\u00fcllbeseitigung zul\u00e4ssig"},"content":{"rendered":"<p>Das Verwaltungsgericht Neustadt hat jetzt entschieden, dass Kommunen berechtigt sind, zur Finanzierung der M\u00fcllbeseitigung eine Mindestentleerunsgeb\u00fchr \u2013 auch neben einer Grundgeb\u00fchr &#8211; zu erheben.<\/p>\n<p>&nbsp;<\/p>\n<p>In dem Verfahren ging es um die Abfallgeb\u00fchrenordnung einer Kommune. Darin wurde von den Anwohnern neben Grund- auch Leistungsgeb\u00fchren verlangt. Strittig war nun die Erhebung einer Mindest-Leistungsgeb\u00fchr. F\u00fcr diese Mindest-Leistungsgeb\u00fchr wurde bei Abfallbeh\u00e4ltern von mindestens 18 Leerungen pro Jahr ausgegangen. Die Geb\u00fchr konnte auf Antrag f\u00fcr Alleinlebende auf Basis von 10 Leerungen gesenkt werden. Bei Bioabf\u00e4llen wurde eine Mindest-Leistungsgeb\u00fchr f\u00fcr 24 Leerungen vorgesehen. Bei der erstmaligen Festsetzung der Vorauszahlungen wurden pro Jahr 20 (Restm\u00fcll) beziehungsweise 26 (Bioabfall) Abfuhren als Mindestansatz zugrunde gelegt.<\/p>\n<p>Auf Basis dieser Geb\u00fchrenordnung erhielt ein Hausbesitzer eine Abrechnung f\u00fcr das Jahr 2012. Insgesamt waren danach 159,22 \u20ac zu zahlen. In diesem Betrag waren enthalten:<\/p>\n<table border=\"0\">\n<tbody>\n<tr>\n<td>\n<p><span style=\"background-color: #bbbbbb;\">Grundgeb\u00fchr f\u00fcr Restabfallbeh\u00e4lter (80 Liter):&nbsp;<\/span><\/p>\n<\/td>\n<td style=\"text-align: right;\">\n<p><span style=\"background-color: #bbbbbb;\">&nbsp;73,96 \u20ac<\/span><\/p>\n<\/td>\n<\/tr>\n<tr>\n<td><span style=\"background-color: #bbbbbb;\">Leistungsgeb\u00fchr Restabfall (20 Leerungen \u00e1 2,43 \u20ac)<\/span><\/td>\n<td style=\"text-align: right;\">\n<p><span style=\"background-color: #bbbbbb;\">48,60 \u20ac<\/span>&nbsp;<\/p>\n<\/td>\n<\/tr>\n<tr>\n<td><span style=\"background-color: #bbbbbb;\">Leistungsgeb\u00fchr Bioabfall (26 Leerungen \u00e1 1,41 \u20ac):<\/span><\/td>\n<td>&nbsp;<span style=\"background-color: #bbbbbb; text-align: right;\">36,66 \u20ac<\/span><\/td>\n<\/tr>\n<\/tbody>\n<\/table>\n<p>Der Hausbesitzer legte Widerspruch gegen den Bescheid ein, der abgewiesen wurde. Daraufhin klagte er. Durch die Geb\u00fchrenordnung w\u00fcrden seine Bem\u00fchungen, M\u00fcll zu vermeiden, nicht hinreichend honorieren. Da er nach eigenen Aussagen in einem Jahr lediglich sieben Restm\u00fcllabholungen und nur sechs Biom\u00fcllentleerungen ben\u00f6tigt habe, fand er die angesetzten Mindestentleerungen entschieden zu hoch.<\/p>\n<p>Der Kl\u00e4ger hatte vor dem Verwaltungsgericht Neustadt jedoch keinen Erfolg. Die Richter hielten den Geb\u00fchrenbescheid f\u00fcr rechtm\u00e4\u00dfig. Sie verwiesen hier auf das Kommunalabgabengesetz, das den Satzungsgebern bei der Festlegung von Abfallgeb\u00fchren einen gro\u00dfen Spielraum einr\u00e4ume. Die Grenze des M\u00f6glichen sei erst \u00fcberschritten, wenn die Regelungen nicht mehr sachlich begr\u00fcndet werden k\u00f6nnten. Hier lege jedoch eine sachliche Begr\u00fcndung vor. Die Grundgeb\u00fchren bez\u00f6gen sich auf die Gr\u00f6\u00dfe der zugeteilten M\u00fcllgef\u00e4\u00dfe, die Leistungsgeb\u00fchr bez\u00f6ge sich auf das Fassungsverm\u00f6gen der Beh\u00e4lter und die Anzahl der Leerungen.<\/p>\n<p>Auch die Festlegung von Mindestgeb\u00fchren f\u00fcr den Abtransport beanstandete das Gericht nicht. Aufgrund der Vielschichtigkeit des Problems der M\u00fcllbeseitigung sei es sachgerecht, durch Mindestabfuhrgeb\u00fchren zum Beispiel sicherzustellen, dass die Anlieger ihren M\u00fcll nicht rechtswidrig entsorgten. <strong><\/strong><\/p>\n<p>Urteil des Verwaltungsgerichts Neustadt vom&nbsp;09.07.2013&nbsp;\u2013 Aktenzeichen 4&nbsp;K&nbsp;7\/13.NW<\/p>\n","protected":false},"excerpt":{"rendered":"<p>Das Verwaltungsgericht Neustadt hat jetzt entschieden, dass Kommunen berechtigt sind, zur Finanzierung der M\u00fcllbeseitigung eine Mindestentleerunsgeb\u00fchr \u2013 auch neben einer Grundgeb\u00fchr &#8211; zu erheben. &nbsp; In dem Verfahren ging es um die Abfallgeb\u00fchrenordnung einer Kommune. Darin wurde von den Anwohnern neben Grund- auch Leistungsgeb\u00fchren verlangt. Strittig war nun die Erhebung einer Mindest-Leistungsgeb\u00fchr. F\u00fcr diese Mindest-Leistungsgeb\u00fchr &hellip; <\/p>\n<p class=\"link-more\"><a href=\"https:\/\/www.buhl.de\/vermieter-web\/mindestgebuehr-fuer-muellbeseitigung-zulaessig\/\" class=\"more-link\"><span class=\"screen-reader-text\">\u201eMindestgeb\u00fchr f\u00fcr M\u00fcllbeseitigung zul\u00e4ssig\u201c<\/span> weiterlesen<\/a><\/p>\n","protected":false},"author":15,"featured_media":0,"comment_status":"closed","ping_status":"open","sticky":false,"template":"","format":"standard","meta":{"footnotes":""},"categories":[1],"tags":[],"class_list":["post-4509","post","type-post","status-publish","format-standard","hentry","category-allgemein"],"yoast_head":"<!-- This site is optimized with the Yoast SEO Premium plugin v27.4 (Yoast SEO v27.5) - https:\/\/yoast.com\/product\/yoast-seo-premium-wordpress\/ -->\n<title>Mindestgeb\u00fchr f\u00fcr M\u00fcllbeseitigung zul\u00e4ssig - Online-Nebenkostenabrechnung mit WISO Vermieter-Web<\/title>\n<meta name=\"robots\" content=\"noindex, nofollow\" \/>\n<meta property=\"og:locale\" content=\"de_DE\" \/>\n<meta property=\"og:type\" content=\"article\" \/>\n<meta property=\"og:title\" content=\"Mindestgeb\u00fchr f\u00fcr M\u00fcllbeseitigung zul\u00e4ssig\" \/>\n<meta property=\"og:description\" content=\"Das Verwaltungsgericht Neustadt hat jetzt entschieden, dass Kommunen berechtigt sind, zur Finanzierung der M\u00fcllbeseitigung eine Mindestentleerunsgeb\u00fchr \u2013 auch neben einer Grundgeb\u00fchr &#8211; zu erheben. &nbsp; In dem Verfahren ging es um die Abfallgeb\u00fchrenordnung einer Kommune. Darin wurde von den Anwohnern neben Grund- auch Leistungsgeb\u00fchren verlangt. Strittig war nun die Erhebung einer Mindest-Leistungsgeb\u00fchr. F\u00fcr diese Mindest-Leistungsgeb\u00fchr &hellip; \u201eMindestgeb\u00fchr f\u00fcr M\u00fcllbeseitigung zul\u00e4ssig\u201c weiterlesen\" \/>\n<meta property=\"og:url\" content=\"https:\/\/www.buhl.de\/vermieter-web\/mindestgebuehr-fuer-muellbeseitigung-zulaessig\/\" \/>\n<meta property=\"og:site_name\" content=\"Online-Nebenkostenabrechnung mit WISO Vermieter-Web\" \/>\n<meta property=\"article:published_time\" content=\"2013-07-30T04:09:59+00:00\" \/>\n<meta property=\"article:modified_time\" content=\"2018-08-07T11:28:08+00:00\" \/>\n<meta name=\"author\" content=\"Hartmut Fischer\" \/>\n<meta name=\"twitter:card\" content=\"summary_large_image\" \/>\n<meta name=\"twitter:label1\" content=\"Verfasst von\" \/>\n\t<meta name=\"twitter:data1\" content=\"Hartmut Fischer\" \/>\n\t<meta name=\"twitter:label2\" content=\"Gesch\u00e4tzte Lesezeit\" \/>\n\t<meta name=\"twitter:data2\" content=\"2\u00a0Minuten\" \/>\n<script type=\"application\/ld+json\" class=\"yoast-schema-graph\">{\"@context\":\"https:\\\/\\\/schema.org\",\"@graph\":[{\"@type\":\"Article\",\"@id\":\"https:\\\/\\\/www.buhl.de\\\/vermieter-web\\\/mindestgebuehr-fuer-muellbeseitigung-zulaessig\\\/#article\",\"isPartOf\":{\"@id\":\"https:\\\/\\\/www.buhl.de\\\/vermieter-web\\\/mindestgebuehr-fuer-muellbeseitigung-zulaessig\\\/\"},\"author\":{\"name\":\"Hartmut Fischer\",\"@id\":\"https:\\\/\\\/www.buhl.de\\\/vermieter-web\\\/#\\\/schema\\\/person\\\/82903e1cb04eb553382702d503991b4f\"},\"headline\":\"Mindestgeb\u00fchr f\u00fcr M\u00fcllbeseitigung zul\u00e4ssig\",\"datePublished\":\"2013-07-30T04:09:59+00:00\",\"dateModified\":\"2018-08-07T11:28:08+00:00\",\"mainEntityOfPage\":{\"@id\":\"https:\\\/\\\/www.buhl.de\\\/vermieter-web\\\/mindestgebuehr-fuer-muellbeseitigung-zulaessig\\\/\"},\"wordCount\":379,\"inLanguage\":\"de\"},{\"@type\":\"WebPage\",\"@id\":\"https:\\\/\\\/www.buhl.de\\\/vermieter-web\\\/mindestgebuehr-fuer-muellbeseitigung-zulaessig\\\/\",\"url\":\"https:\\\/\\\/www.buhl.de\\\/vermieter-web\\\/mindestgebuehr-fuer-muellbeseitigung-zulaessig\\\/\",\"name\":\"Mindestgeb\u00fchr f\u00fcr M\u00fcllbeseitigung zul\u00e4ssig - Online-Nebenkostenabrechnung mit WISO Vermieter-Web\",\"isPartOf\":{\"@id\":\"https:\\\/\\\/www.buhl.de\\\/vermieter-web\\\/#website\"},\"datePublished\":\"2013-07-30T04:09:59+00:00\",\"dateModified\":\"2018-08-07T11:28:08+00:00\",\"author\":{\"@id\":\"https:\\\/\\\/www.buhl.de\\\/vermieter-web\\\/#\\\/schema\\\/person\\\/82903e1cb04eb553382702d503991b4f\"},\"breadcrumb\":{\"@id\":\"https:\\\/\\\/www.buhl.de\\\/vermieter-web\\\/mindestgebuehr-fuer-muellbeseitigung-zulaessig\\\/#breadcrumb\"},\"inLanguage\":\"de\",\"potentialAction\":[{\"@type\":\"ReadAction\",\"target\":[\"https:\\\/\\\/www.buhl.de\\\/vermieter-web\\\/mindestgebuehr-fuer-muellbeseitigung-zulaessig\\\/\"]}]},{\"@type\":\"BreadcrumbList\",\"@id\":\"https:\\\/\\\/www.buhl.de\\\/vermieter-web\\\/mindestgebuehr-fuer-muellbeseitigung-zulaessig\\\/#breadcrumb\",\"itemListElement\":[{\"@type\":\"ListItem\",\"position\":1,\"name\":\"Startseite\",\"item\":\"https:\\\/\\\/www.buhl.de\\\/vermieter-web\\\/\"},{\"@type\":\"ListItem\",\"position\":2,\"name\":\"Mindestgeb\u00fchr f\u00fcr M\u00fcllbeseitigung zul\u00e4ssig\"}]},{\"@type\":\"WebSite\",\"@id\":\"https:\\\/\\\/www.buhl.de\\\/vermieter-web\\\/#website\",\"url\":\"https:\\\/\\\/www.buhl.de\\\/vermieter-web\\\/\",\"name\":\"Online-Nebenkostenabrechnung mit WISO Vermieter-Web\",\"description\":\"\",\"potentialAction\":[{\"@type\":\"SearchAction\",\"target\":{\"@type\":\"EntryPoint\",\"urlTemplate\":\"https:\\\/\\\/www.buhl.de\\\/vermieter-web\\\/?s={search_term_string}\"},\"query-input\":{\"@type\":\"PropertyValueSpecification\",\"valueRequired\":true,\"valueName\":\"search_term_string\"}}],\"inLanguage\":\"de\"},{\"@type\":\"Person\",\"@id\":\"https:\\\/\\\/www.buhl.de\\\/vermieter-web\\\/#\\\/schema\\\/person\\\/82903e1cb04eb553382702d503991b4f\",\"name\":\"Hartmut Fischer\"}]}<\/script>\n<!-- \/ Yoast SEO Premium plugin. -->","yoast_head_json":{"title":"Mindestgeb\u00fchr f\u00fcr M\u00fcllbeseitigung zul\u00e4ssig - Online-Nebenkostenabrechnung mit WISO Vermieter-Web","robots":{"index":"noindex","follow":"nofollow"},"og_locale":"de_DE","og_type":"article","og_title":"Mindestgeb\u00fchr f\u00fcr M\u00fcllbeseitigung zul\u00e4ssig","og_description":"Das Verwaltungsgericht Neustadt hat jetzt entschieden, dass Kommunen berechtigt sind, zur Finanzierung der M\u00fcllbeseitigung eine Mindestentleerunsgeb\u00fchr \u2013 auch neben einer Grundgeb\u00fchr &#8211; zu erheben. &nbsp; In dem Verfahren ging es um die Abfallgeb\u00fchrenordnung einer Kommune. Darin wurde von den Anwohnern neben Grund- auch Leistungsgeb\u00fchren verlangt. Strittig war nun die Erhebung einer Mindest-Leistungsgeb\u00fchr. F\u00fcr diese Mindest-Leistungsgeb\u00fchr &hellip; \u201eMindestgeb\u00fchr f\u00fcr M\u00fcllbeseitigung zul\u00e4ssig\u201c weiterlesen","og_url":"https:\/\/www.buhl.de\/vermieter-web\/mindestgebuehr-fuer-muellbeseitigung-zulaessig\/","og_site_name":"Online-Nebenkostenabrechnung mit WISO Vermieter-Web","article_published_time":"2013-07-30T04:09:59+00:00","article_modified_time":"2018-08-07T11:28:08+00:00","author":"Hartmut Fischer","twitter_card":"summary_large_image","twitter_misc":{"Verfasst von":"Hartmut Fischer","Gesch\u00e4tzte Lesezeit":"2\u00a0Minuten"},"schema":{"@context":"https:\/\/schema.org","@graph":[{"@type":"Article","@id":"https:\/\/www.buhl.de\/vermieter-web\/mindestgebuehr-fuer-muellbeseitigung-zulaessig\/#article","isPartOf":{"@id":"https:\/\/www.buhl.de\/vermieter-web\/mindestgebuehr-fuer-muellbeseitigung-zulaessig\/"},"author":{"name":"Hartmut Fischer","@id":"https:\/\/www.buhl.de\/vermieter-web\/#\/schema\/person\/82903e1cb04eb553382702d503991b4f"},"headline":"Mindestgeb\u00fchr f\u00fcr M\u00fcllbeseitigung zul\u00e4ssig","datePublished":"2013-07-30T04:09:59+00:00","dateModified":"2018-08-07T11:28:08+00:00","mainEntityOfPage":{"@id":"https:\/\/www.buhl.de\/vermieter-web\/mindestgebuehr-fuer-muellbeseitigung-zulaessig\/"},"wordCount":379,"inLanguage":"de"},{"@type":"WebPage","@id":"https:\/\/www.buhl.de\/vermieter-web\/mindestgebuehr-fuer-muellbeseitigung-zulaessig\/","url":"https:\/\/www.buhl.de\/vermieter-web\/mindestgebuehr-fuer-muellbeseitigung-zulaessig\/","name":"Mindestgeb\u00fchr f\u00fcr M\u00fcllbeseitigung zul\u00e4ssig - Online-Nebenkostenabrechnung mit WISO Vermieter-Web","isPartOf":{"@id":"https:\/\/www.buhl.de\/vermieter-web\/#website"},"datePublished":"2013-07-30T04:09:59+00:00","dateModified":"2018-08-07T11:28:08+00:00","author":{"@id":"https:\/\/www.buhl.de\/vermieter-web\/#\/schema\/person\/82903e1cb04eb553382702d503991b4f"},"breadcrumb":{"@id":"https:\/\/www.buhl.de\/vermieter-web\/mindestgebuehr-fuer-muellbeseitigung-zulaessig\/#breadcrumb"},"inLanguage":"de","potentialAction":[{"@type":"ReadAction","target":["https:\/\/www.buhl.de\/vermieter-web\/mindestgebuehr-fuer-muellbeseitigung-zulaessig\/"]}]},{"@type":"BreadcrumbList","@id":"https:\/\/www.buhl.de\/vermieter-web\/mindestgebuehr-fuer-muellbeseitigung-zulaessig\/#breadcrumb","itemListElement":[{"@type":"ListItem","position":1,"name":"Startseite","item":"https:\/\/www.buhl.de\/vermieter-web\/"},{"@type":"ListItem","position":2,"name":"Mindestgeb\u00fchr f\u00fcr M\u00fcllbeseitigung zul\u00e4ssig"}]},{"@type":"WebSite","@id":"https:\/\/www.buhl.de\/vermieter-web\/#website","url":"https:\/\/www.buhl.de\/vermieter-web\/","name":"Online-Nebenkostenabrechnung mit WISO Vermieter-Web","description":"","potentialAction":[{"@type":"SearchAction","target":{"@type":"EntryPoint","urlTemplate":"https:\/\/www.buhl.de\/vermieter-web\/?s={search_term_string}"},"query-input":{"@type":"PropertyValueSpecification","valueRequired":true,"valueName":"search_term_string"}}],"inLanguage":"de"},{"@type":"Person","@id":"https:\/\/www.buhl.de\/vermieter-web\/#\/schema\/person\/82903e1cb04eb553382702d503991b4f","name":"Hartmut Fischer"}]}},"_links":{"self":[{"href":"https:\/\/www.buhl.de\/vermieter-web\/wp-json\/wp\/v2\/posts\/4509","targetHints":{"allow":["GET"]}}],"collection":[{"href":"https:\/\/www.buhl.de\/vermieter-web\/wp-json\/wp\/v2\/posts"}],"about":[{"href":"https:\/\/www.buhl.de\/vermieter-web\/wp-json\/wp\/v2\/types\/post"}],"author":[{"embeddable":true,"href":"https:\/\/www.buhl.de\/vermieter-web\/wp-json\/wp\/v2\/users\/15"}],"replies":[{"embeddable":true,"href":"https:\/\/www.buhl.de\/vermieter-web\/wp-json\/wp\/v2\/comments?post=4509"}],"version-history":[{"count":1,"href":"https:\/\/www.buhl.de\/vermieter-web\/wp-json\/wp\/v2\/posts\/4509\/revisions"}],"predecessor-version":[{"id":8345,"href":"https:\/\/www.buhl.de\/vermieter-web\/wp-json\/wp\/v2\/posts\/4509\/revisions\/8345"}],"wp:attachment":[{"href":"https:\/\/www.buhl.de\/vermieter-web\/wp-json\/wp\/v2\/media?parent=4509"}],"wp:term":[{"taxonomy":"category","embeddable":true,"href":"https:\/\/www.buhl.de\/vermieter-web\/wp-json\/wp\/v2\/categories?post=4509"},{"taxonomy":"post_tag","embeddable":true,"href":"https:\/\/www.buhl.de\/vermieter-web\/wp-json\/wp\/v2\/tags?post=4509"}],"curies":[{"name":"wp","href":"https:\/\/api.w.org\/{rel}","templated":true}]}}