{"id":4705,"date":"2014-12-04T07:34:14","date_gmt":"2014-12-04T06:34:14","guid":{"rendered":"https:\/\/www.buhl.de\/vermieter-web\/?p=4705"},"modified":"2018-08-07T13:27:00","modified_gmt":"2018-08-07T11:27:00","slug":"rueckforderungen-gegenueber-energieversorger","status":"publish","type":"post","link":"https:\/\/www.buhl.de\/vermieter-web\/rueckforderungen-gegenueber-energieversorger\/","title":{"rendered":"R\u00fcckforderungen gegen\u00fcber Energieversorger"},"content":{"rendered":"<p>In dem Verfahren ging es um einen Energieversorger, der von einem Sonderkunden verklagt wurde. Im Vertrag zwischen den beiden Parteien war ein fester Arbeitspreis vereinbart. Bez\u00fcglich einer Preisanpassung durch den Versorger war im Vertrag nichts geregelt. Dennoch erh\u00f6hte das Unternehmen mehrmals die Preise. Da der Verbraucher die Meinung vertrat, dass er lediglich zur Zahlung der vertraglich festgelegten Verg\u00fctung verpflichtet sei, verlangte er nun bereits geleistete \u00dcberzahlungen zur\u00fcck.<\/p>\n<p>Der Verbraucher erhielt vor dem Amtsgericht Recht, unterlag aber weitgehend Berufungsverfahren vor dem Landgericht. Im Revisionsverfahren vor dem Bundesgerichtshof konnte sich nun der Verbraucher erneut durchsetzen. F\u00fcr die Richter war nicht eindeutig gekl\u00e4rt, ob der Kunde mit seiner R\u00fcckforderung zu lange gewartet habe.<\/p>\n<p>Grunds\u00e4tzlich stellte das Gericht fest, dass etwaige Beanstandungen an der Jahresendabrechnung binnen drei Jahre nach Zugang der Abrechnung erfolgen m\u00fcsse. Danach seien etwaige Anspr\u00fcche verj\u00e4hrt.<\/p>\n<p>Urteil des Bundesgerichtshofs vom 03.12.2014 \u2013 Aktenzeichen VIII ZR 370\/13<\/p>\n","protected":false},"excerpt":{"rendered":"<p>In dem Verfahren ging es um einen Energieversorger, der von einem Sonderkunden verklagt wurde. Im Vertrag zwischen den beiden Parteien war ein fester Arbeitspreis vereinbart. Bez\u00fcglich einer Preisanpassung durch den Versorger war im Vertrag nichts geregelt. Dennoch erh\u00f6hte das Unternehmen mehrmals die Preise. Da der Verbraucher die Meinung vertrat, dass er lediglich zur Zahlung der &hellip; <\/p>\n<p class=\"link-more\"><a href=\"https:\/\/www.buhl.de\/vermieter-web\/rueckforderungen-gegenueber-energieversorger\/\" class=\"more-link\"><span class=\"screen-reader-text\">\u201eR\u00fcckforderungen gegen\u00fcber Energieversorger\u201c<\/span> weiterlesen<\/a><\/p>\n","protected":false},"author":15,"featured_media":0,"comment_status":"closed","ping_status":"open","sticky":false,"template":"","format":"standard","meta":{"footnotes":""},"categories":[1],"tags":[],"class_list":["post-4705","post","type-post","status-publish","format-standard","hentry","category-allgemein"],"yoast_head":"<!-- This site is optimized with the Yoast SEO Premium plugin v27.0 (Yoast SEO v27.0) - https:\/\/yoast.com\/product\/yoast-seo-premium-wordpress\/ -->\n<title>R\u00fcckforderungen gegen\u00fcber Energieversorger - Online-Nebenkostenabrechnung mit WISO Vermieter-Web<\/title>\n<meta name=\"robots\" content=\"noindex, nofollow\" \/>\n<meta property=\"og:locale\" content=\"de_DE\" \/>\n<meta property=\"og:type\" content=\"article\" \/>\n<meta property=\"og:title\" content=\"R\u00fcckforderungen gegen\u00fcber Energieversorger\" \/>\n<meta property=\"og:description\" content=\"In dem Verfahren ging es um einen Energieversorger, der von einem Sonderkunden verklagt wurde. Im Vertrag zwischen den beiden Parteien war ein fester Arbeitspreis vereinbart. Bez\u00fcglich einer Preisanpassung durch den Versorger war im Vertrag nichts geregelt. Dennoch erh\u00f6hte das Unternehmen mehrmals die Preise. Da der Verbraucher die Meinung vertrat, dass er lediglich zur Zahlung der &hellip; \u201eR\u00fcckforderungen gegen\u00fcber Energieversorger\u201c weiterlesen\" \/>\n<meta property=\"og:url\" content=\"https:\/\/www.buhl.de\/vermieter-web\/rueckforderungen-gegenueber-energieversorger\/\" \/>\n<meta property=\"og:site_name\" content=\"Online-Nebenkostenabrechnung mit WISO Vermieter-Web\" \/>\n<meta property=\"article:published_time\" content=\"2014-12-04T06:34:14+00:00\" \/>\n<meta property=\"article:modified_time\" content=\"2018-08-07T11:27:00+00:00\" \/>\n<meta name=\"author\" content=\"Hartmut Fischer\" \/>\n<meta name=\"twitter:card\" content=\"summary_large_image\" \/>\n<meta name=\"twitter:label1\" content=\"Verfasst von\" \/>\n\t<meta name=\"twitter:data1\" content=\"Hartmut Fischer\" \/>\n\t<meta name=\"twitter:label2\" content=\"Gesch\u00e4tzte Lesezeit\" \/>\n\t<meta name=\"twitter:data2\" content=\"1\u00a0Minute\" \/>\n<script type=\"application\/ld+json\" class=\"yoast-schema-graph\">{\"@context\":\"https:\/\/schema.org\",\"@graph\":[{\"@type\":\"Article\",\"@id\":\"https:\/\/www.buhl.de\/vermieter-web\/rueckforderungen-gegenueber-energieversorger\/#article\",\"isPartOf\":{\"@id\":\"https:\/\/www.buhl.de\/vermieter-web\/rueckforderungen-gegenueber-energieversorger\/\"},\"author\":{\"name\":\"Hartmut Fischer\",\"@id\":\"https:\/\/www.buhl.de\/vermieter-web\/#\/schema\/person\/82903e1cb04eb553382702d503991b4f\"},\"headline\":\"R\u00fcckforderungen gegen\u00fcber Energieversorger\",\"datePublished\":\"2014-12-04T06:34:14+00:00\",\"dateModified\":\"2018-08-07T11:27:00+00:00\",\"mainEntityOfPage\":{\"@id\":\"https:\/\/www.buhl.de\/vermieter-web\/rueckforderungen-gegenueber-energieversorger\/\"},\"wordCount\":158,\"inLanguage\":\"de\"},{\"@type\":\"WebPage\",\"@id\":\"https:\/\/www.buhl.de\/vermieter-web\/rueckforderungen-gegenueber-energieversorger\/\",\"url\":\"https:\/\/www.buhl.de\/vermieter-web\/rueckforderungen-gegenueber-energieversorger\/\",\"name\":\"R\u00fcckforderungen gegen\u00fcber Energieversorger - Online-Nebenkostenabrechnung mit WISO Vermieter-Web\",\"isPartOf\":{\"@id\":\"https:\/\/www.buhl.de\/vermieter-web\/#website\"},\"datePublished\":\"2014-12-04T06:34:14+00:00\",\"dateModified\":\"2018-08-07T11:27:00+00:00\",\"author\":{\"@id\":\"https:\/\/www.buhl.de\/vermieter-web\/#\/schema\/person\/82903e1cb04eb553382702d503991b4f\"},\"breadcrumb\":{\"@id\":\"https:\/\/www.buhl.de\/vermieter-web\/rueckforderungen-gegenueber-energieversorger\/#breadcrumb\"},\"inLanguage\":\"de\",\"potentialAction\":[{\"@type\":\"ReadAction\",\"target\":[\"https:\/\/www.buhl.de\/vermieter-web\/rueckforderungen-gegenueber-energieversorger\/\"]}]},{\"@type\":\"BreadcrumbList\",\"@id\":\"https:\/\/www.buhl.de\/vermieter-web\/rueckforderungen-gegenueber-energieversorger\/#breadcrumb\",\"itemListElement\":[{\"@type\":\"ListItem\",\"position\":1,\"name\":\"Startseite\",\"item\":\"https:\/\/www.buhl.de\/vermieter-web\/\"},{\"@type\":\"ListItem\",\"position\":2,\"name\":\"R\u00fcckforderungen gegen\u00fcber Energieversorger\"}]},{\"@type\":\"WebSite\",\"@id\":\"https:\/\/www.buhl.de\/vermieter-web\/#website\",\"url\":\"https:\/\/www.buhl.de\/vermieter-web\/\",\"name\":\"Online-Nebenkostenabrechnung mit WISO Vermieter-Web\",\"description\":\"\",\"potentialAction\":[{\"@type\":\"SearchAction\",\"target\":{\"@type\":\"EntryPoint\",\"urlTemplate\":\"https:\/\/www.buhl.de\/vermieter-web\/?s={search_term_string}\"},\"query-input\":{\"@type\":\"PropertyValueSpecification\",\"valueRequired\":true,\"valueName\":\"search_term_string\"}}],\"inLanguage\":\"de\"},{\"@type\":\"Person\",\"@id\":\"https:\/\/www.buhl.de\/vermieter-web\/#\/schema\/person\/82903e1cb04eb553382702d503991b4f\",\"name\":\"Hartmut Fischer\"}]}<\/script>\n<!-- \/ Yoast SEO Premium plugin. -->","yoast_head_json":{"title":"R\u00fcckforderungen gegen\u00fcber Energieversorger - Online-Nebenkostenabrechnung mit WISO Vermieter-Web","robots":{"index":"noindex","follow":"nofollow"},"og_locale":"de_DE","og_type":"article","og_title":"R\u00fcckforderungen gegen\u00fcber Energieversorger","og_description":"In dem Verfahren ging es um einen Energieversorger, der von einem Sonderkunden verklagt wurde. Im Vertrag zwischen den beiden Parteien war ein fester Arbeitspreis vereinbart. Bez\u00fcglich einer Preisanpassung durch den Versorger war im Vertrag nichts geregelt. Dennoch erh\u00f6hte das Unternehmen mehrmals die Preise. Da der Verbraucher die Meinung vertrat, dass er lediglich zur Zahlung der &hellip; \u201eR\u00fcckforderungen gegen\u00fcber Energieversorger\u201c weiterlesen","og_url":"https:\/\/www.buhl.de\/vermieter-web\/rueckforderungen-gegenueber-energieversorger\/","og_site_name":"Online-Nebenkostenabrechnung mit WISO Vermieter-Web","article_published_time":"2014-12-04T06:34:14+00:00","article_modified_time":"2018-08-07T11:27:00+00:00","author":"Hartmut Fischer","twitter_card":"summary_large_image","twitter_misc":{"Verfasst von":"Hartmut Fischer","Gesch\u00e4tzte Lesezeit":"1\u00a0Minute"},"schema":{"@context":"https:\/\/schema.org","@graph":[{"@type":"Article","@id":"https:\/\/www.buhl.de\/vermieter-web\/rueckforderungen-gegenueber-energieversorger\/#article","isPartOf":{"@id":"https:\/\/www.buhl.de\/vermieter-web\/rueckforderungen-gegenueber-energieversorger\/"},"author":{"name":"Hartmut Fischer","@id":"https:\/\/www.buhl.de\/vermieter-web\/#\/schema\/person\/82903e1cb04eb553382702d503991b4f"},"headline":"R\u00fcckforderungen gegen\u00fcber Energieversorger","datePublished":"2014-12-04T06:34:14+00:00","dateModified":"2018-08-07T11:27:00+00:00","mainEntityOfPage":{"@id":"https:\/\/www.buhl.de\/vermieter-web\/rueckforderungen-gegenueber-energieversorger\/"},"wordCount":158,"inLanguage":"de"},{"@type":"WebPage","@id":"https:\/\/www.buhl.de\/vermieter-web\/rueckforderungen-gegenueber-energieversorger\/","url":"https:\/\/www.buhl.de\/vermieter-web\/rueckforderungen-gegenueber-energieversorger\/","name":"R\u00fcckforderungen gegen\u00fcber Energieversorger - Online-Nebenkostenabrechnung mit WISO Vermieter-Web","isPartOf":{"@id":"https:\/\/www.buhl.de\/vermieter-web\/#website"},"datePublished":"2014-12-04T06:34:14+00:00","dateModified":"2018-08-07T11:27:00+00:00","author":{"@id":"https:\/\/www.buhl.de\/vermieter-web\/#\/schema\/person\/82903e1cb04eb553382702d503991b4f"},"breadcrumb":{"@id":"https:\/\/www.buhl.de\/vermieter-web\/rueckforderungen-gegenueber-energieversorger\/#breadcrumb"},"inLanguage":"de","potentialAction":[{"@type":"ReadAction","target":["https:\/\/www.buhl.de\/vermieter-web\/rueckforderungen-gegenueber-energieversorger\/"]}]},{"@type":"BreadcrumbList","@id":"https:\/\/www.buhl.de\/vermieter-web\/rueckforderungen-gegenueber-energieversorger\/#breadcrumb","itemListElement":[{"@type":"ListItem","position":1,"name":"Startseite","item":"https:\/\/www.buhl.de\/vermieter-web\/"},{"@type":"ListItem","position":2,"name":"R\u00fcckforderungen gegen\u00fcber Energieversorger"}]},{"@type":"WebSite","@id":"https:\/\/www.buhl.de\/vermieter-web\/#website","url":"https:\/\/www.buhl.de\/vermieter-web\/","name":"Online-Nebenkostenabrechnung mit WISO Vermieter-Web","description":"","potentialAction":[{"@type":"SearchAction","target":{"@type":"EntryPoint","urlTemplate":"https:\/\/www.buhl.de\/vermieter-web\/?s={search_term_string}"},"query-input":{"@type":"PropertyValueSpecification","valueRequired":true,"valueName":"search_term_string"}}],"inLanguage":"de"},{"@type":"Person","@id":"https:\/\/www.buhl.de\/vermieter-web\/#\/schema\/person\/82903e1cb04eb553382702d503991b4f","name":"Hartmut Fischer"}]}},"_links":{"self":[{"href":"https:\/\/www.buhl.de\/vermieter-web\/wp-json\/wp\/v2\/posts\/4705","targetHints":{"allow":["GET"]}}],"collection":[{"href":"https:\/\/www.buhl.de\/vermieter-web\/wp-json\/wp\/v2\/posts"}],"about":[{"href":"https:\/\/www.buhl.de\/vermieter-web\/wp-json\/wp\/v2\/types\/post"}],"author":[{"embeddable":true,"href":"https:\/\/www.buhl.de\/vermieter-web\/wp-json\/wp\/v2\/users\/15"}],"replies":[{"embeddable":true,"href":"https:\/\/www.buhl.de\/vermieter-web\/wp-json\/wp\/v2\/comments?post=4705"}],"version-history":[{"count":1,"href":"https:\/\/www.buhl.de\/vermieter-web\/wp-json\/wp\/v2\/posts\/4705\/revisions"}],"predecessor-version":[{"id":8154,"href":"https:\/\/www.buhl.de\/vermieter-web\/wp-json\/wp\/v2\/posts\/4705\/revisions\/8154"}],"wp:attachment":[{"href":"https:\/\/www.buhl.de\/vermieter-web\/wp-json\/wp\/v2\/media?parent=4705"}],"wp:term":[{"taxonomy":"category","embeddable":true,"href":"https:\/\/www.buhl.de\/vermieter-web\/wp-json\/wp\/v2\/categories?post=4705"},{"taxonomy":"post_tag","embeddable":true,"href":"https:\/\/www.buhl.de\/vermieter-web\/wp-json\/wp\/v2\/tags?post=4705"}],"curies":[{"name":"wp","href":"https:\/\/api.w.org\/{rel}","templated":true}]}}