{"id":4708,"date":"2014-12-12T13:37:19","date_gmt":"2014-12-12T12:37:19","guid":{"rendered":"https:\/\/www.buhl.de\/vermieter-web\/?p=4708"},"modified":"2018-08-07T13:27:00","modified_gmt":"2018-08-07T11:27:00","slug":"rundfunkbeitrag-verfassungskonform","status":"publish","type":"post","link":"https:\/\/www.buhl.de\/vermieter-web\/rundfunkbeitrag-verfassungskonform\/","title":{"rendered":"Rundfunkbeitrag verfassungskonform"},"content":{"rendered":"<p><strong><img loading=\"lazy\" decoding=\"async\" style=\"margin: 10px; float: left;\" src=\"https:\/\/www.buhl.de\/vermieter-web\/wp-content\/uploads\/sites\/33\/medien\/images\/sonstiges\/606983_web_R_by_Dieter_Schtz_pixelio.de.jpg\" alt=\"606983_web_R_by_Dieter_Schtz_pixelio.de\" width=\"200\" height=\"147\" \/>Aufgrund einer Klage eines Rundfunknutzers aus Hessen hatte das Verwaltungsgericht Gie\u00dfen zu pr\u00fcfen, ob die Erhebung des Rundfunkbeitrags einen Verfassungsversto\u00df darstelle. Das Gericht verneinte diese Frage und lehnte eine Vorlage der Klage beim Bundesverfassungsgericht ab.<\/strong><\/p>\n<p>In der Urteilsbegr\u00fcndung stellten die Richter klar, dass der Rundfunkbeitrag&nbsp;keine Steuer sei, sondern eine Geb\u00fchr f\u00fcr das Programmangebot des \u00f6ffentlich-rechtlichen Rundfunks. Das Gericht sah auch nicht \u2013 wie der Kl\u00e4ger \u2013 den Gleichbehandlungsgrundsatz des Artikels&nbsp;3&nbsp;Grundgesetz verletzt. Dieser Einsch\u00e4tzung wiederspreche auch nicht, dass jeder den vollen Beitrag zahlen m\u00fcsse, auch wenn seine Empf\u00e4nger nicht alle M\u00f6glichkeiten des Programms nutzen k\u00f6nnten. Es sei das Recht des Gesetzgebers in diesem Zusammenhang weitgehende Typisierungen und Generalisierungen vorzunehmen. Auch die vom Kl\u00e4ger ebenfalls angesprochenen Grundrechte (Allgemeine Handlungsfreiheit, &nbsp;Informationsfreiheit und Bekenntnisfreiheit) seien durch den Rundfunkbeitrag&nbsp;nicht eingeschr\u00e4nkt.<\/p>\n<p align=\"left\">Urteil des Verwaltungsgerichts Gie\u00dfen&nbsp;vom&nbsp;10.12.2014&nbsp;\u2013 Aktenzeichen 5&nbsp;K&nbsp;237\/14.GI<br \/>Foto: (c) Dieter Sch\u00fctz \/ pixelio.de&nbsp;<\/p>\n","protected":false},"excerpt":{"rendered":"<p>Aufgrund einer Klage eines Rundfunknutzers aus Hessen hatte das Verwaltungsgericht Gie\u00dfen zu pr\u00fcfen, ob die Erhebung des Rundfunkbeitrags einen Verfassungsversto\u00df darstelle. Das Gericht verneinte diese Frage und lehnte eine Vorlage der Klage beim Bundesverfassungsgericht ab. In der Urteilsbegr\u00fcndung stellten die Richter klar, dass der Rundfunkbeitrag&nbsp;keine Steuer sei, sondern eine Geb\u00fchr f\u00fcr das Programmangebot des \u00f6ffentlich-rechtlichen &hellip; <\/p>\n<p class=\"link-more\"><a href=\"https:\/\/www.buhl.de\/vermieter-web\/rundfunkbeitrag-verfassungskonform\/\" class=\"more-link\"><span class=\"screen-reader-text\">\u201eRundfunkbeitrag verfassungskonform\u201c<\/span> weiterlesen<\/a><\/p>\n","protected":false},"author":15,"featured_media":0,"comment_status":"closed","ping_status":"open","sticky":false,"template":"","format":"standard","meta":{"footnotes":""},"categories":[1],"tags":[],"class_list":["post-4708","post","type-post","status-publish","format-standard","hentry","category-allgemein"],"yoast_head":"<!-- This site is optimized with the Yoast SEO Premium plugin v27.0 (Yoast SEO v27.0) - https:\/\/yoast.com\/product\/yoast-seo-premium-wordpress\/ -->\n<title>Rundfunkbeitrag verfassungskonform - Online-Nebenkostenabrechnung mit WISO Vermieter-Web<\/title>\n<meta name=\"robots\" content=\"noindex, nofollow\" \/>\n<meta property=\"og:locale\" content=\"de_DE\" \/>\n<meta property=\"og:type\" content=\"article\" \/>\n<meta property=\"og:title\" content=\"Rundfunkbeitrag verfassungskonform\" \/>\n<meta property=\"og:description\" content=\"Aufgrund einer Klage eines Rundfunknutzers aus Hessen hatte das Verwaltungsgericht Gie\u00dfen zu pr\u00fcfen, ob die Erhebung des Rundfunkbeitrags einen Verfassungsversto\u00df darstelle. Das Gericht verneinte diese Frage und lehnte eine Vorlage der Klage beim Bundesverfassungsgericht ab. In der Urteilsbegr\u00fcndung stellten die Richter klar, dass der Rundfunkbeitrag&nbsp;keine Steuer sei, sondern eine Geb\u00fchr f\u00fcr das Programmangebot des \u00f6ffentlich-rechtlichen &hellip; \u201eRundfunkbeitrag verfassungskonform\u201c weiterlesen\" \/>\n<meta property=\"og:url\" content=\"https:\/\/www.buhl.de\/vermieter-web\/rundfunkbeitrag-verfassungskonform\/\" \/>\n<meta property=\"og:site_name\" content=\"Online-Nebenkostenabrechnung mit WISO Vermieter-Web\" \/>\n<meta property=\"article:published_time\" content=\"2014-12-12T12:37:19+00:00\" \/>\n<meta property=\"article:modified_time\" content=\"2018-08-07T11:27:00+00:00\" \/>\n<meta property=\"og:image\" content=\"https:\/\/www.buhl.de\/vermieter-web\/wp-content\/uploads\/sites\/33\/medien\/images\/sonstiges\/606983_web_R_by_Dieter_Schtz_pixelio.de.jpg\" \/>\n<meta name=\"author\" content=\"Hartmut Fischer\" \/>\n<meta name=\"twitter:card\" content=\"summary_large_image\" \/>\n<meta name=\"twitter:label1\" content=\"Verfasst von\" \/>\n\t<meta name=\"twitter:data1\" content=\"Hartmut Fischer\" \/>\n\t<meta name=\"twitter:label2\" content=\"Gesch\u00e4tzte Lesezeit\" \/>\n\t<meta name=\"twitter:data2\" content=\"1\u00a0Minute\" \/>\n<script type=\"application\/ld+json\" class=\"yoast-schema-graph\">{\"@context\":\"https:\/\/schema.org\",\"@graph\":[{\"@type\":\"Article\",\"@id\":\"https:\/\/www.buhl.de\/vermieter-web\/rundfunkbeitrag-verfassungskonform\/#article\",\"isPartOf\":{\"@id\":\"https:\/\/www.buhl.de\/vermieter-web\/rundfunkbeitrag-verfassungskonform\/\"},\"author\":{\"name\":\"Hartmut Fischer\",\"@id\":\"https:\/\/www.buhl.de\/vermieter-web\/#\/schema\/person\/82903e1cb04eb553382702d503991b4f\"},\"headline\":\"Rundfunkbeitrag verfassungskonform\",\"datePublished\":\"2014-12-12T12:37:19+00:00\",\"dateModified\":\"2018-08-07T11:27:00+00:00\",\"mainEntityOfPage\":{\"@id\":\"https:\/\/www.buhl.de\/vermieter-web\/rundfunkbeitrag-verfassungskonform\/\"},\"wordCount\":167,\"image\":{\"@id\":\"https:\/\/www.buhl.de\/vermieter-web\/rundfunkbeitrag-verfassungskonform\/#primaryimage\"},\"thumbnailUrl\":\"https:\/\/www.buhl.de\/vermieter-web\/wp-content\/uploads\/sites\/33\/medien\/images\/sonstiges\/606983_web_R_by_Dieter_Schtz_pixelio.de.jpg\",\"inLanguage\":\"de\"},{\"@type\":\"WebPage\",\"@id\":\"https:\/\/www.buhl.de\/vermieter-web\/rundfunkbeitrag-verfassungskonform\/\",\"url\":\"https:\/\/www.buhl.de\/vermieter-web\/rundfunkbeitrag-verfassungskonform\/\",\"name\":\"Rundfunkbeitrag verfassungskonform - Online-Nebenkostenabrechnung mit WISO Vermieter-Web\",\"isPartOf\":{\"@id\":\"https:\/\/www.buhl.de\/vermieter-web\/#website\"},\"primaryImageOfPage\":{\"@id\":\"https:\/\/www.buhl.de\/vermieter-web\/rundfunkbeitrag-verfassungskonform\/#primaryimage\"},\"image\":{\"@id\":\"https:\/\/www.buhl.de\/vermieter-web\/rundfunkbeitrag-verfassungskonform\/#primaryimage\"},\"thumbnailUrl\":\"https:\/\/www.buhl.de\/vermieter-web\/wp-content\/uploads\/sites\/33\/medien\/images\/sonstiges\/606983_web_R_by_Dieter_Schtz_pixelio.de.jpg\",\"datePublished\":\"2014-12-12T12:37:19+00:00\",\"dateModified\":\"2018-08-07T11:27:00+00:00\",\"author\":{\"@id\":\"https:\/\/www.buhl.de\/vermieter-web\/#\/schema\/person\/82903e1cb04eb553382702d503991b4f\"},\"breadcrumb\":{\"@id\":\"https:\/\/www.buhl.de\/vermieter-web\/rundfunkbeitrag-verfassungskonform\/#breadcrumb\"},\"inLanguage\":\"de\",\"potentialAction\":[{\"@type\":\"ReadAction\",\"target\":[\"https:\/\/www.buhl.de\/vermieter-web\/rundfunkbeitrag-verfassungskonform\/\"]}]},{\"@type\":\"ImageObject\",\"inLanguage\":\"de\",\"@id\":\"https:\/\/www.buhl.de\/vermieter-web\/rundfunkbeitrag-verfassungskonform\/#primaryimage\",\"url\":\"https:\/\/www.buhl.de\/vermieter-web\/wp-content\/uploads\/sites\/33\/medien\/images\/sonstiges\/606983_web_R_by_Dieter_Schtz_pixelio.de.jpg\",\"contentUrl\":\"https:\/\/www.buhl.de\/vermieter-web\/wp-content\/uploads\/sites\/33\/medien\/images\/sonstiges\/606983_web_R_by_Dieter_Schtz_pixelio.de.jpg\"},{\"@type\":\"BreadcrumbList\",\"@id\":\"https:\/\/www.buhl.de\/vermieter-web\/rundfunkbeitrag-verfassungskonform\/#breadcrumb\",\"itemListElement\":[{\"@type\":\"ListItem\",\"position\":1,\"name\":\"Startseite\",\"item\":\"https:\/\/www.buhl.de\/vermieter-web\/\"},{\"@type\":\"ListItem\",\"position\":2,\"name\":\"Rundfunkbeitrag verfassungskonform\"}]},{\"@type\":\"WebSite\",\"@id\":\"https:\/\/www.buhl.de\/vermieter-web\/#website\",\"url\":\"https:\/\/www.buhl.de\/vermieter-web\/\",\"name\":\"Online-Nebenkostenabrechnung mit WISO Vermieter-Web\",\"description\":\"\",\"potentialAction\":[{\"@type\":\"SearchAction\",\"target\":{\"@type\":\"EntryPoint\",\"urlTemplate\":\"https:\/\/www.buhl.de\/vermieter-web\/?s={search_term_string}\"},\"query-input\":{\"@type\":\"PropertyValueSpecification\",\"valueRequired\":true,\"valueName\":\"search_term_string\"}}],\"inLanguage\":\"de\"},{\"@type\":\"Person\",\"@id\":\"https:\/\/www.buhl.de\/vermieter-web\/#\/schema\/person\/82903e1cb04eb553382702d503991b4f\",\"name\":\"Hartmut Fischer\"}]}<\/script>\n<!-- \/ Yoast SEO Premium plugin. -->","yoast_head_json":{"title":"Rundfunkbeitrag verfassungskonform - Online-Nebenkostenabrechnung mit WISO Vermieter-Web","robots":{"index":"noindex","follow":"nofollow"},"og_locale":"de_DE","og_type":"article","og_title":"Rundfunkbeitrag verfassungskonform","og_description":"Aufgrund einer Klage eines Rundfunknutzers aus Hessen hatte das Verwaltungsgericht Gie\u00dfen zu pr\u00fcfen, ob die Erhebung des Rundfunkbeitrags einen Verfassungsversto\u00df darstelle. Das Gericht verneinte diese Frage und lehnte eine Vorlage der Klage beim Bundesverfassungsgericht ab. In der Urteilsbegr\u00fcndung stellten die Richter klar, dass der Rundfunkbeitrag&nbsp;keine Steuer sei, sondern eine Geb\u00fchr f\u00fcr das Programmangebot des \u00f6ffentlich-rechtlichen &hellip; \u201eRundfunkbeitrag verfassungskonform\u201c weiterlesen","og_url":"https:\/\/www.buhl.de\/vermieter-web\/rundfunkbeitrag-verfassungskonform\/","og_site_name":"Online-Nebenkostenabrechnung mit WISO Vermieter-Web","article_published_time":"2014-12-12T12:37:19+00:00","article_modified_time":"2018-08-07T11:27:00+00:00","og_image":[{"url":"https:\/\/www.buhl.de\/vermieter-web\/wp-content\/uploads\/sites\/33\/medien\/images\/sonstiges\/606983_web_R_by_Dieter_Schtz_pixelio.de.jpg","type":"","width":"","height":""}],"author":"Hartmut Fischer","twitter_card":"summary_large_image","twitter_misc":{"Verfasst von":"Hartmut Fischer","Gesch\u00e4tzte Lesezeit":"1\u00a0Minute"},"schema":{"@context":"https:\/\/schema.org","@graph":[{"@type":"Article","@id":"https:\/\/www.buhl.de\/vermieter-web\/rundfunkbeitrag-verfassungskonform\/#article","isPartOf":{"@id":"https:\/\/www.buhl.de\/vermieter-web\/rundfunkbeitrag-verfassungskonform\/"},"author":{"name":"Hartmut Fischer","@id":"https:\/\/www.buhl.de\/vermieter-web\/#\/schema\/person\/82903e1cb04eb553382702d503991b4f"},"headline":"Rundfunkbeitrag verfassungskonform","datePublished":"2014-12-12T12:37:19+00:00","dateModified":"2018-08-07T11:27:00+00:00","mainEntityOfPage":{"@id":"https:\/\/www.buhl.de\/vermieter-web\/rundfunkbeitrag-verfassungskonform\/"},"wordCount":167,"image":{"@id":"https:\/\/www.buhl.de\/vermieter-web\/rundfunkbeitrag-verfassungskonform\/#primaryimage"},"thumbnailUrl":"https:\/\/www.buhl.de\/vermieter-web\/wp-content\/uploads\/sites\/33\/medien\/images\/sonstiges\/606983_web_R_by_Dieter_Schtz_pixelio.de.jpg","inLanguage":"de"},{"@type":"WebPage","@id":"https:\/\/www.buhl.de\/vermieter-web\/rundfunkbeitrag-verfassungskonform\/","url":"https:\/\/www.buhl.de\/vermieter-web\/rundfunkbeitrag-verfassungskonform\/","name":"Rundfunkbeitrag verfassungskonform - Online-Nebenkostenabrechnung mit WISO Vermieter-Web","isPartOf":{"@id":"https:\/\/www.buhl.de\/vermieter-web\/#website"},"primaryImageOfPage":{"@id":"https:\/\/www.buhl.de\/vermieter-web\/rundfunkbeitrag-verfassungskonform\/#primaryimage"},"image":{"@id":"https:\/\/www.buhl.de\/vermieter-web\/rundfunkbeitrag-verfassungskonform\/#primaryimage"},"thumbnailUrl":"https:\/\/www.buhl.de\/vermieter-web\/wp-content\/uploads\/sites\/33\/medien\/images\/sonstiges\/606983_web_R_by_Dieter_Schtz_pixelio.de.jpg","datePublished":"2014-12-12T12:37:19+00:00","dateModified":"2018-08-07T11:27:00+00:00","author":{"@id":"https:\/\/www.buhl.de\/vermieter-web\/#\/schema\/person\/82903e1cb04eb553382702d503991b4f"},"breadcrumb":{"@id":"https:\/\/www.buhl.de\/vermieter-web\/rundfunkbeitrag-verfassungskonform\/#breadcrumb"},"inLanguage":"de","potentialAction":[{"@type":"ReadAction","target":["https:\/\/www.buhl.de\/vermieter-web\/rundfunkbeitrag-verfassungskonform\/"]}]},{"@type":"ImageObject","inLanguage":"de","@id":"https:\/\/www.buhl.de\/vermieter-web\/rundfunkbeitrag-verfassungskonform\/#primaryimage","url":"https:\/\/www.buhl.de\/vermieter-web\/wp-content\/uploads\/sites\/33\/medien\/images\/sonstiges\/606983_web_R_by_Dieter_Schtz_pixelio.de.jpg","contentUrl":"https:\/\/www.buhl.de\/vermieter-web\/wp-content\/uploads\/sites\/33\/medien\/images\/sonstiges\/606983_web_R_by_Dieter_Schtz_pixelio.de.jpg"},{"@type":"BreadcrumbList","@id":"https:\/\/www.buhl.de\/vermieter-web\/rundfunkbeitrag-verfassungskonform\/#breadcrumb","itemListElement":[{"@type":"ListItem","position":1,"name":"Startseite","item":"https:\/\/www.buhl.de\/vermieter-web\/"},{"@type":"ListItem","position":2,"name":"Rundfunkbeitrag verfassungskonform"}]},{"@type":"WebSite","@id":"https:\/\/www.buhl.de\/vermieter-web\/#website","url":"https:\/\/www.buhl.de\/vermieter-web\/","name":"Online-Nebenkostenabrechnung mit WISO Vermieter-Web","description":"","potentialAction":[{"@type":"SearchAction","target":{"@type":"EntryPoint","urlTemplate":"https:\/\/www.buhl.de\/vermieter-web\/?s={search_term_string}"},"query-input":{"@type":"PropertyValueSpecification","valueRequired":true,"valueName":"search_term_string"}}],"inLanguage":"de"},{"@type":"Person","@id":"https:\/\/www.buhl.de\/vermieter-web\/#\/schema\/person\/82903e1cb04eb553382702d503991b4f","name":"Hartmut Fischer"}]}},"_links":{"self":[{"href":"https:\/\/www.buhl.de\/vermieter-web\/wp-json\/wp\/v2\/posts\/4708","targetHints":{"allow":["GET"]}}],"collection":[{"href":"https:\/\/www.buhl.de\/vermieter-web\/wp-json\/wp\/v2\/posts"}],"about":[{"href":"https:\/\/www.buhl.de\/vermieter-web\/wp-json\/wp\/v2\/types\/post"}],"author":[{"embeddable":true,"href":"https:\/\/www.buhl.de\/vermieter-web\/wp-json\/wp\/v2\/users\/15"}],"replies":[{"embeddable":true,"href":"https:\/\/www.buhl.de\/vermieter-web\/wp-json\/wp\/v2\/comments?post=4708"}],"version-history":[{"count":1,"href":"https:\/\/www.buhl.de\/vermieter-web\/wp-json\/wp\/v2\/posts\/4708\/revisions"}],"predecessor-version":[{"id":8151,"href":"https:\/\/www.buhl.de\/vermieter-web\/wp-json\/wp\/v2\/posts\/4708\/revisions\/8151"}],"wp:attachment":[{"href":"https:\/\/www.buhl.de\/vermieter-web\/wp-json\/wp\/v2\/media?parent=4708"}],"wp:term":[{"taxonomy":"category","embeddable":true,"href":"https:\/\/www.buhl.de\/vermieter-web\/wp-json\/wp\/v2\/categories?post=4708"},{"taxonomy":"post_tag","embeddable":true,"href":"https:\/\/www.buhl.de\/vermieter-web\/wp-json\/wp\/v2\/tags?post=4708"}],"curies":[{"name":"wp","href":"https:\/\/api.w.org\/{rel}","templated":true}]}}