{"id":4859,"date":"2015-11-05T10:16:32","date_gmt":"2015-11-05T09:16:32","guid":{"rendered":"https:\/\/www.buhl.de\/vermieter-web\/?p=4859"},"modified":"2018-08-07T13:26:16","modified_gmt":"2018-08-07T11:26:16","slug":"bundesgerichtshof-bestaetigt-berliner-kappungsgrenze","status":"publish","type":"post","link":"https:\/\/www.buhl.de\/vermieter-web\/bundesgerichtshof-bestaetigt-berliner-kappungsgrenze\/","title":{"rendered":"Bundesgerichtshof best\u00e4tigt Berliner Kappungsgrenze"},"content":{"rendered":"<p><strong>Bundesgerichtshof best\u00e4tigt Berliner Kappungsgrenze<\/strong><\/p>\n<p>Die f\u00fcr das gesamte Stadtgebiet geltende Kappungsgrenze-Verordnung von Berlin ist rechtlich nicht zu beanstanden. Zu diesem Ergebnis kommt der Bundesgerichtshof (BGH) in einem jetzt ergangenen Urteil. Die Verordnung f\u00fchrt dazu, dass in ganz Berlin f\u00fcr die n\u00e4chsten f\u00fcnf Jahre eine Kappungsgrenze von 15 % gilt. Die Kappungsgrenze bestimmt, um wie viel Prozent die Kaltmiete innerhalb von drei Jahren angehoben werden darf.<\/p>\n<p>Geklagt hatte ein Vermieter, der von seinem Mieter die Zustimmung f\u00fcr eine Mieterh\u00f6hung von 20 % gefordert hatte. Seiner Meinung nach war die Kappungsgrenzen-Verordnung von Berlin nicht rechtswirksam. Unter anderem f\u00fchrte er an, dass die Verordnung f\u00fcr ganz Berlin gelte, obwohl nicht \u00fcberall eine angespannte Wohnraumsituation bestehe, die die Anwendung des \u00a7 558 Abs. 3 erlaube.<\/p>\n<div class=\"kasten_gesetz\">\n<h3>Rechtliches<\/h3>\n<div>\n<p><strong>\u00a7&nbsp;558&nbsp;BGB \u2013 Auszug &#8211; <\/strong>\u2026 (3) Bei Erh\u00f6hungen nach Absatz 1 darf sich die Miete innerhalb von drei Jahren, von Erh\u00f6hungen nach den \u00a7\u00a7&nbsp;559&nbsp;bis 560 abgesehen, nicht um mehr als 20 vom Hundert erh\u00f6hen (Kappungsgrenze).<br \/> Der Prozentsatz nach Satz&nbsp;1&nbsp;betr\u00e4gt 15 vom Hundert, wenn die ausreichende Versorgung der Bev\u00f6lkerung mit Mietwohnungen zu angemessenen Bedingungen in einer Gemeinde oder einem Teil einer Gemeinde besonders gef\u00e4hrdet ist und diese Gebiete nach Satz&nbsp;3&nbsp;bestimmt sind.<br \/> Die Landesregierungen werden erm\u00e4chtigt, diese Gebiete durch Rechtsverordnung f\u00fcr die Dauer von jeweils h\u00f6chstens f\u00fcnf Jahren zu bestimmen.<\/p>\n<\/div>\n<\/div>\n<p>Der Mieter erkl\u00e4rte sich aber nur mit einer Erh\u00f6hung der Miete um 15 % einverstanden. Der Vermieter versuchte deshalb sein Erh\u00f6hungsverlangen auf dem Klageweg durchzusetzen \u2013 verlor aber in allen Instanzen. Auch vor dem BGH hatte er keinen Erfolg.<\/p>\n<p>Die Richter des BGH stellten fest, dass die Kappungsgrenzen-Regelung nach \u00a7 558 BGB verfassungsgem\u00e4\u00df sei und keine \u00fcbergeordneten Gesetze verletzt w\u00fcrden. Sie sei auch zumutbar, da der Kernbereich des Eigentums (Bestandsgarantie) hierdurch nicht ber\u00fchrt werde. Auch die Wirtschaftlichkeit der Vermietung sei durch die Regelung nicht ernsthaft in Frage gestellt.<\/p>\n<p>Damit sei auch die Kappungsgrenzen-Verordnung des Landes Berlin vom 07.05.2013 gesetzlich gedeckt. Dass der Berliner Senat die gesamte Stadt Berlin als Gebiet ausgewiesen hat, in dem die ausreichende Versorgung der Bev\u00f6lkerung mit Mietwohnungen zu angemessenen Bedingungen besonders gef\u00e4hrdet sei, k\u00f6nne nicht beanstandet werden.<\/p>\n<p>Der Gesetzgeber habe den L\u00e4ndern beim Erlass der Verordnungen bei der Beurteilung und Ermittlung eines Gebietes, in dem eine Mietwohnung-Versorgungsgef\u00e4hrdung bestehe, einen weiten wohnungsmarkt- und sozialpolitischen Beurteilungs- und Einsch\u00e4tzungsspielraum einger\u00e4umt. So bestimme er welche Gebiete relevant seien und f\u00fcr welchen Zeitraum die Kappungsgrenze herabgesetzt werde. Der Berliner Senat habe sich deshalb mit seiner Verordnung innerhalb der ihm gesetzlich auferlegten Grenzen bewegt. Das Gesetz schreibe nicht vor, dass bei Erlass der Verordnung nach Gemeindeteilen differenziert werden m\u00fcsse. &nbsp;<\/p>\n<p>Die Berliner Kappungsgrenzen-Verordnung verletze auch nicht das Eigentumsgrundrecht (Art.&nbsp;14&nbsp;Abs.&nbsp;1&nbsp;GG). Mit der Verordnung werde in einem verh\u00e4ltnism\u00e4\u00dfigen Rahmen in dieses Recht eingegriffen.<\/p>\n<div class=\"kasten_gesetz\">\n<h3>Rechtliches<\/h3>\n<div>\n<p><strong>Artikel&nbsp;14&nbsp;Grundgesetz: <\/strong>(1) Das Eigentum und das Erbrecht werden gew\u00e4hrleistet. Inhalt und Schranken werden durch die Gesetze bestimmt.<br \/>(2) Eigentum verpflichtet. Sein Gebrauch soll zugleich dem Wohle der Allgemeinheit dienen.<\/p>\n<\/div>\n<\/div>\n<p>Au\u00dferdem gingen die Richter davon aus, dass der Senat die mit der Verordnung verbundenen Ziele nicht erreichen w\u00fcrde, wenn er die Herabsetzung der Kappungsgrenze auf einzelne Bezirke Berlins begrenze. Die besondere Gef\u00e4hrdung einer ausreichenden Versorgung der Bev\u00f6lkerung mit Mietwohnungen zu angemessenen Bedingungen sei in einer Stadt wie Berlin mit herausgehobener zentraler Lage oder Funktion wirkenden vielf\u00e4ltigen Impulse und der hierdurch ausgel\u00f6sten spezifischen Labilit\u00e4t des Wohnungsmarktes grunds\u00e4tzlich r\u00e4umlich nicht exakt eingrenzbar.<\/p>\n<p>Urteil des Bundesgerichtshofs vom 04.11.2015 \u2013 Aktenzeichen VIII&nbsp;ZR&nbsp;217\/14<\/p>\n","protected":false},"excerpt":{"rendered":"<p>Bundesgerichtshof best\u00e4tigt Berliner Kappungsgrenze Die f\u00fcr das gesamte Stadtgebiet geltende Kappungsgrenze-Verordnung von Berlin ist rechtlich nicht zu beanstanden. Zu diesem Ergebnis kommt der Bundesgerichtshof (BGH) in einem jetzt ergangenen Urteil. Die Verordnung f\u00fchrt dazu, dass in ganz Berlin f\u00fcr die n\u00e4chsten f\u00fcnf Jahre eine Kappungsgrenze von 15 % gilt. Die Kappungsgrenze bestimmt, um wie viel &hellip; <\/p>\n<p class=\"link-more\"><a href=\"https:\/\/www.buhl.de\/vermieter-web\/bundesgerichtshof-bestaetigt-berliner-kappungsgrenze\/\" class=\"more-link\"><span class=\"screen-reader-text\">\u201eBundesgerichtshof best\u00e4tigt Berliner Kappungsgrenze\u201c<\/span> weiterlesen<\/a><\/p>\n","protected":false},"author":15,"featured_media":0,"comment_status":"closed","ping_status":"open","sticky":false,"template":"","format":"standard","meta":{"footnotes":""},"categories":[1],"tags":[],"class_list":["post-4859","post","type-post","status-publish","format-standard","hentry","category-allgemein"],"yoast_head":"<!-- This site is optimized with the Yoast SEO Premium plugin v27.4 (Yoast SEO v27.5) - https:\/\/yoast.com\/product\/yoast-seo-premium-wordpress\/ -->\n<title>Bundesgerichtshof best\u00e4tigt Berliner Kappungsgrenze - Online-Nebenkostenabrechnung mit WISO Vermieter-Web<\/title>\n<meta name=\"robots\" content=\"noindex, nofollow\" \/>\n<meta property=\"og:locale\" content=\"de_DE\" \/>\n<meta property=\"og:type\" content=\"article\" \/>\n<meta property=\"og:title\" content=\"Bundesgerichtshof best\u00e4tigt Berliner Kappungsgrenze\" \/>\n<meta property=\"og:description\" content=\"Bundesgerichtshof best\u00e4tigt Berliner Kappungsgrenze Die f\u00fcr das gesamte Stadtgebiet geltende Kappungsgrenze-Verordnung von Berlin ist rechtlich nicht zu beanstanden. Zu diesem Ergebnis kommt der Bundesgerichtshof (BGH) in einem jetzt ergangenen Urteil. Die Verordnung f\u00fchrt dazu, dass in ganz Berlin f\u00fcr die n\u00e4chsten f\u00fcnf Jahre eine Kappungsgrenze von 15 % gilt. Die Kappungsgrenze bestimmt, um wie viel &hellip; \u201eBundesgerichtshof best\u00e4tigt Berliner Kappungsgrenze\u201c weiterlesen\" \/>\n<meta property=\"og:url\" content=\"https:\/\/www.buhl.de\/vermieter-web\/bundesgerichtshof-bestaetigt-berliner-kappungsgrenze\/\" \/>\n<meta property=\"og:site_name\" content=\"Online-Nebenkostenabrechnung mit WISO Vermieter-Web\" \/>\n<meta property=\"article:published_time\" content=\"2015-11-05T09:16:32+00:00\" \/>\n<meta property=\"article:modified_time\" content=\"2018-08-07T11:26:16+00:00\" \/>\n<meta name=\"author\" content=\"Hartmut Fischer\" \/>\n<meta name=\"twitter:card\" content=\"summary_large_image\" \/>\n<meta name=\"twitter:label1\" content=\"Verfasst von\" \/>\n\t<meta name=\"twitter:data1\" content=\"Hartmut Fischer\" \/>\n\t<meta name=\"twitter:label2\" content=\"Gesch\u00e4tzte Lesezeit\" \/>\n\t<meta name=\"twitter:data2\" content=\"3\u00a0Minuten\" \/>\n<script type=\"application\/ld+json\" class=\"yoast-schema-graph\">{\"@context\":\"https:\\\/\\\/schema.org\",\"@graph\":[{\"@type\":\"Article\",\"@id\":\"https:\\\/\\\/www.buhl.de\\\/vermieter-web\\\/bundesgerichtshof-bestaetigt-berliner-kappungsgrenze\\\/#article\",\"isPartOf\":{\"@id\":\"https:\\\/\\\/www.buhl.de\\\/vermieter-web\\\/bundesgerichtshof-bestaetigt-berliner-kappungsgrenze\\\/\"},\"author\":{\"name\":\"Hartmut Fischer\",\"@id\":\"https:\\\/\\\/www.buhl.de\\\/vermieter-web\\\/#\\\/schema\\\/person\\\/82903e1cb04eb553382702d503991b4f\"},\"headline\":\"Bundesgerichtshof best\u00e4tigt Berliner Kappungsgrenze\",\"datePublished\":\"2015-11-05T09:16:32+00:00\",\"dateModified\":\"2018-08-07T11:26:16+00:00\",\"mainEntityOfPage\":{\"@id\":\"https:\\\/\\\/www.buhl.de\\\/vermieter-web\\\/bundesgerichtshof-bestaetigt-berliner-kappungsgrenze\\\/\"},\"wordCount\":596,\"inLanguage\":\"de\"},{\"@type\":\"WebPage\",\"@id\":\"https:\\\/\\\/www.buhl.de\\\/vermieter-web\\\/bundesgerichtshof-bestaetigt-berliner-kappungsgrenze\\\/\",\"url\":\"https:\\\/\\\/www.buhl.de\\\/vermieter-web\\\/bundesgerichtshof-bestaetigt-berliner-kappungsgrenze\\\/\",\"name\":\"Bundesgerichtshof best\u00e4tigt Berliner Kappungsgrenze - Online-Nebenkostenabrechnung mit WISO Vermieter-Web\",\"isPartOf\":{\"@id\":\"https:\\\/\\\/www.buhl.de\\\/vermieter-web\\\/#website\"},\"datePublished\":\"2015-11-05T09:16:32+00:00\",\"dateModified\":\"2018-08-07T11:26:16+00:00\",\"author\":{\"@id\":\"https:\\\/\\\/www.buhl.de\\\/vermieter-web\\\/#\\\/schema\\\/person\\\/82903e1cb04eb553382702d503991b4f\"},\"breadcrumb\":{\"@id\":\"https:\\\/\\\/www.buhl.de\\\/vermieter-web\\\/bundesgerichtshof-bestaetigt-berliner-kappungsgrenze\\\/#breadcrumb\"},\"inLanguage\":\"de\",\"potentialAction\":[{\"@type\":\"ReadAction\",\"target\":[\"https:\\\/\\\/www.buhl.de\\\/vermieter-web\\\/bundesgerichtshof-bestaetigt-berliner-kappungsgrenze\\\/\"]}]},{\"@type\":\"BreadcrumbList\",\"@id\":\"https:\\\/\\\/www.buhl.de\\\/vermieter-web\\\/bundesgerichtshof-bestaetigt-berliner-kappungsgrenze\\\/#breadcrumb\",\"itemListElement\":[{\"@type\":\"ListItem\",\"position\":1,\"name\":\"Startseite\",\"item\":\"https:\\\/\\\/www.buhl.de\\\/vermieter-web\\\/\"},{\"@type\":\"ListItem\",\"position\":2,\"name\":\"Bundesgerichtshof best\u00e4tigt Berliner Kappungsgrenze\"}]},{\"@type\":\"WebSite\",\"@id\":\"https:\\\/\\\/www.buhl.de\\\/vermieter-web\\\/#website\",\"url\":\"https:\\\/\\\/www.buhl.de\\\/vermieter-web\\\/\",\"name\":\"Online-Nebenkostenabrechnung mit WISO Vermieter-Web\",\"description\":\"\",\"potentialAction\":[{\"@type\":\"SearchAction\",\"target\":{\"@type\":\"EntryPoint\",\"urlTemplate\":\"https:\\\/\\\/www.buhl.de\\\/vermieter-web\\\/?s={search_term_string}\"},\"query-input\":{\"@type\":\"PropertyValueSpecification\",\"valueRequired\":true,\"valueName\":\"search_term_string\"}}],\"inLanguage\":\"de\"},{\"@type\":\"Person\",\"@id\":\"https:\\\/\\\/www.buhl.de\\\/vermieter-web\\\/#\\\/schema\\\/person\\\/82903e1cb04eb553382702d503991b4f\",\"name\":\"Hartmut Fischer\"}]}<\/script>\n<!-- \/ Yoast SEO Premium plugin. -->","yoast_head_json":{"title":"Bundesgerichtshof best\u00e4tigt Berliner Kappungsgrenze - Online-Nebenkostenabrechnung mit WISO Vermieter-Web","robots":{"index":"noindex","follow":"nofollow"},"og_locale":"de_DE","og_type":"article","og_title":"Bundesgerichtshof best\u00e4tigt Berliner Kappungsgrenze","og_description":"Bundesgerichtshof best\u00e4tigt Berliner Kappungsgrenze Die f\u00fcr das gesamte Stadtgebiet geltende Kappungsgrenze-Verordnung von Berlin ist rechtlich nicht zu beanstanden. Zu diesem Ergebnis kommt der Bundesgerichtshof (BGH) in einem jetzt ergangenen Urteil. Die Verordnung f\u00fchrt dazu, dass in ganz Berlin f\u00fcr die n\u00e4chsten f\u00fcnf Jahre eine Kappungsgrenze von 15 % gilt. Die Kappungsgrenze bestimmt, um wie viel &hellip; \u201eBundesgerichtshof best\u00e4tigt Berliner Kappungsgrenze\u201c weiterlesen","og_url":"https:\/\/www.buhl.de\/vermieter-web\/bundesgerichtshof-bestaetigt-berliner-kappungsgrenze\/","og_site_name":"Online-Nebenkostenabrechnung mit WISO Vermieter-Web","article_published_time":"2015-11-05T09:16:32+00:00","article_modified_time":"2018-08-07T11:26:16+00:00","author":"Hartmut Fischer","twitter_card":"summary_large_image","twitter_misc":{"Verfasst von":"Hartmut Fischer","Gesch\u00e4tzte Lesezeit":"3\u00a0Minuten"},"schema":{"@context":"https:\/\/schema.org","@graph":[{"@type":"Article","@id":"https:\/\/www.buhl.de\/vermieter-web\/bundesgerichtshof-bestaetigt-berliner-kappungsgrenze\/#article","isPartOf":{"@id":"https:\/\/www.buhl.de\/vermieter-web\/bundesgerichtshof-bestaetigt-berliner-kappungsgrenze\/"},"author":{"name":"Hartmut Fischer","@id":"https:\/\/www.buhl.de\/vermieter-web\/#\/schema\/person\/82903e1cb04eb553382702d503991b4f"},"headline":"Bundesgerichtshof best\u00e4tigt Berliner Kappungsgrenze","datePublished":"2015-11-05T09:16:32+00:00","dateModified":"2018-08-07T11:26:16+00:00","mainEntityOfPage":{"@id":"https:\/\/www.buhl.de\/vermieter-web\/bundesgerichtshof-bestaetigt-berliner-kappungsgrenze\/"},"wordCount":596,"inLanguage":"de"},{"@type":"WebPage","@id":"https:\/\/www.buhl.de\/vermieter-web\/bundesgerichtshof-bestaetigt-berliner-kappungsgrenze\/","url":"https:\/\/www.buhl.de\/vermieter-web\/bundesgerichtshof-bestaetigt-berliner-kappungsgrenze\/","name":"Bundesgerichtshof best\u00e4tigt Berliner Kappungsgrenze - Online-Nebenkostenabrechnung mit WISO Vermieter-Web","isPartOf":{"@id":"https:\/\/www.buhl.de\/vermieter-web\/#website"},"datePublished":"2015-11-05T09:16:32+00:00","dateModified":"2018-08-07T11:26:16+00:00","author":{"@id":"https:\/\/www.buhl.de\/vermieter-web\/#\/schema\/person\/82903e1cb04eb553382702d503991b4f"},"breadcrumb":{"@id":"https:\/\/www.buhl.de\/vermieter-web\/bundesgerichtshof-bestaetigt-berliner-kappungsgrenze\/#breadcrumb"},"inLanguage":"de","potentialAction":[{"@type":"ReadAction","target":["https:\/\/www.buhl.de\/vermieter-web\/bundesgerichtshof-bestaetigt-berliner-kappungsgrenze\/"]}]},{"@type":"BreadcrumbList","@id":"https:\/\/www.buhl.de\/vermieter-web\/bundesgerichtshof-bestaetigt-berliner-kappungsgrenze\/#breadcrumb","itemListElement":[{"@type":"ListItem","position":1,"name":"Startseite","item":"https:\/\/www.buhl.de\/vermieter-web\/"},{"@type":"ListItem","position":2,"name":"Bundesgerichtshof best\u00e4tigt Berliner Kappungsgrenze"}]},{"@type":"WebSite","@id":"https:\/\/www.buhl.de\/vermieter-web\/#website","url":"https:\/\/www.buhl.de\/vermieter-web\/","name":"Online-Nebenkostenabrechnung mit WISO Vermieter-Web","description":"","potentialAction":[{"@type":"SearchAction","target":{"@type":"EntryPoint","urlTemplate":"https:\/\/www.buhl.de\/vermieter-web\/?s={search_term_string}"},"query-input":{"@type":"PropertyValueSpecification","valueRequired":true,"valueName":"search_term_string"}}],"inLanguage":"de"},{"@type":"Person","@id":"https:\/\/www.buhl.de\/vermieter-web\/#\/schema\/person\/82903e1cb04eb553382702d503991b4f","name":"Hartmut Fischer"}]}},"_links":{"self":[{"href":"https:\/\/www.buhl.de\/vermieter-web\/wp-json\/wp\/v2\/posts\/4859","targetHints":{"allow":["GET"]}}],"collection":[{"href":"https:\/\/www.buhl.de\/vermieter-web\/wp-json\/wp\/v2\/posts"}],"about":[{"href":"https:\/\/www.buhl.de\/vermieter-web\/wp-json\/wp\/v2\/types\/post"}],"author":[{"embeddable":true,"href":"https:\/\/www.buhl.de\/vermieter-web\/wp-json\/wp\/v2\/users\/15"}],"replies":[{"embeddable":true,"href":"https:\/\/www.buhl.de\/vermieter-web\/wp-json\/wp\/v2\/comments?post=4859"}],"version-history":[{"count":1,"href":"https:\/\/www.buhl.de\/vermieter-web\/wp-json\/wp\/v2\/posts\/4859\/revisions"}],"predecessor-version":[{"id":8005,"href":"https:\/\/www.buhl.de\/vermieter-web\/wp-json\/wp\/v2\/posts\/4859\/revisions\/8005"}],"wp:attachment":[{"href":"https:\/\/www.buhl.de\/vermieter-web\/wp-json\/wp\/v2\/media?parent=4859"}],"wp:term":[{"taxonomy":"category","embeddable":true,"href":"https:\/\/www.buhl.de\/vermieter-web\/wp-json\/wp\/v2\/categories?post=4859"},{"taxonomy":"post_tag","embeddable":true,"href":"https:\/\/www.buhl.de\/vermieter-web\/wp-json\/wp\/v2\/tags?post=4859"}],"curies":[{"name":"wp","href":"https:\/\/api.w.org\/{rel}","templated":true}]}}