{"id":4860,"date":"2015-11-11T07:05:10","date_gmt":"2015-11-11T06:05:10","guid":{"rendered":"https:\/\/www.buhl.de\/vermieter-web\/?p=4860"},"modified":"2018-08-07T13:26:16","modified_gmt":"2018-08-07T11:26:16","slug":"rueckkanalfaehiges-breitband-wohnwertverbesserung","status":"publish","type":"post","link":"https:\/\/www.buhl.de\/vermieter-web\/rueckkanalfaehiges-breitband-wohnwertverbesserung\/","title":{"rendered":"R\u00fcckkanalf\u00e4higes Breitband: Wohnwertverbesserung"},"content":{"rendered":"<p>Ein r\u00fcckkanalf\u00e4higer Breitband\u00adkabel\u00adanschluss stellt eine Wohnwertverbesserung dar, wenn dar\u00fcber ohne zus\u00e4tzliche Kosten oder Vertragsbindung Fernsehprogramme empfangen werden k\u00f6nnen. Es spielt dabei keine Rolle, ob \u00fcber das Breitbandkabel auch ohne Vertragsbindung Internet und Telefon genutzt werden k\u00f6nnen. Das ergibt sich aus einem Urteil des Amtsgerichts Charlottenburg.<\/p>\n<p>In dem vom Gericht zu entscheidenden Fall verlangte der Vermieter eine Mieterh\u00f6hungszustimmung von seinen Mietern. Unter anderem vertrat er die Ansicht, dass der r\u00fcckkanalf\u00e4hige Breitbandkabelanschluss eine Wohnwerterh\u00f6hung darstelle. Er begr\u00fcndete dies damit, dass \u00fcber den Kabelanschluss ohne Kosten Fernsehprogramme empfangen werden konnten. Bei Abschluss eines entsprechenden Vertrages konnte der Anschluss f\u00fcr Internet und Telefon genutzt werden. Da die Mieter dem widersprachen, kam es zur gerichtlichen Auseinandersetzung.<\/p>\n<p>Der Richter sah die Angelegenheit wie der Vermieter. Auch f\u00fcr ihn stellte der Anschluss ein Wohnwert erh\u00f6hendes Merkmal dar, da man hier\u00fcber kostenlos und ohne vertragliche Bindungen Fernsehsender empfangen k\u00f6nne.<\/p>\n<p>Die Nutzung von Internet und Telefon ohne Zusatzvertrag m\u00fcsse nicht m\u00f6glich sein, um die Wohnwertverbesserung zu rechtfertigen. Der Vermieter m\u00fcsse weder Internet- noch Telefonanschluss ohne Vertragsbindung anbieten, um die Verbesserung durchzusetzen. Schon die M\u00f6glichkeit zwischen Telekommunikations- oder Kabelanbieter w\u00e4hlen zu k\u00f6nnen, stelle einen Mehrwert f\u00fcr die Mieter dar.<\/p>\n<p>Urteil des Amtsgerichts Charlottenburg vom 28.06.2013 \u2013 Aktenzeichen 213 C 497\/12<\/p>\n","protected":false},"excerpt":{"rendered":"<p>Ein r\u00fcckkanalf\u00e4higer Breitband\u00adkabel\u00adanschluss stellt eine Wohnwertverbesserung dar, wenn dar\u00fcber ohne zus\u00e4tzliche Kosten oder Vertragsbindung Fernsehprogramme empfangen werden k\u00f6nnen. Es spielt dabei keine Rolle, ob \u00fcber das Breitbandkabel auch ohne Vertragsbindung Internet und Telefon genutzt werden k\u00f6nnen. Das ergibt sich aus einem Urteil des Amtsgerichts Charlottenburg. In dem vom Gericht zu entscheidenden Fall verlangte der Vermieter &hellip; <\/p>\n<p class=\"link-more\"><a href=\"https:\/\/www.buhl.de\/vermieter-web\/rueckkanalfaehiges-breitband-wohnwertverbesserung\/\" class=\"more-link\"><span class=\"screen-reader-text\">\u201eR\u00fcckkanalf\u00e4higes Breitband: Wohnwertverbesserung\u201c<\/span> weiterlesen<\/a><\/p>\n","protected":false},"author":15,"featured_media":0,"comment_status":"closed","ping_status":"open","sticky":false,"template":"","format":"standard","meta":{"footnotes":""},"categories":[1],"tags":[],"class_list":["post-4860","post","type-post","status-publish","format-standard","hentry","category-allgemein"],"yoast_head":"<!-- This site is optimized with the Yoast SEO Premium plugin v27.4 (Yoast SEO v27.5) - https:\/\/yoast.com\/product\/yoast-seo-premium-wordpress\/ -->\n<title>R\u00fcckkanalf\u00e4higes Breitband: Wohnwertverbesserung - Online-Nebenkostenabrechnung mit WISO Vermieter-Web<\/title>\n<meta name=\"robots\" content=\"noindex, nofollow\" \/>\n<meta property=\"og:locale\" content=\"de_DE\" \/>\n<meta property=\"og:type\" content=\"article\" \/>\n<meta property=\"og:title\" content=\"R\u00fcckkanalf\u00e4higes Breitband: Wohnwertverbesserung\" \/>\n<meta property=\"og:description\" content=\"Ein r\u00fcckkanalf\u00e4higer Breitband\u00adkabel\u00adanschluss stellt eine Wohnwertverbesserung dar, wenn dar\u00fcber ohne zus\u00e4tzliche Kosten oder Vertragsbindung Fernsehprogramme empfangen werden k\u00f6nnen. Es spielt dabei keine Rolle, ob \u00fcber das Breitbandkabel auch ohne Vertragsbindung Internet und Telefon genutzt werden k\u00f6nnen. Das ergibt sich aus einem Urteil des Amtsgerichts Charlottenburg. In dem vom Gericht zu entscheidenden Fall verlangte der Vermieter &hellip; \u201eR\u00fcckkanalf\u00e4higes Breitband: Wohnwertverbesserung\u201c weiterlesen\" \/>\n<meta property=\"og:url\" content=\"https:\/\/www.buhl.de\/vermieter-web\/rueckkanalfaehiges-breitband-wohnwertverbesserung\/\" \/>\n<meta property=\"og:site_name\" content=\"Online-Nebenkostenabrechnung mit WISO Vermieter-Web\" \/>\n<meta property=\"article:published_time\" content=\"2015-11-11T06:05:10+00:00\" \/>\n<meta property=\"article:modified_time\" content=\"2018-08-07T11:26:16+00:00\" \/>\n<meta name=\"author\" content=\"Hartmut Fischer\" \/>\n<meta name=\"twitter:card\" content=\"summary_large_image\" \/>\n<meta name=\"twitter:label1\" content=\"Verfasst von\" \/>\n\t<meta name=\"twitter:data1\" content=\"Hartmut Fischer\" \/>\n\t<meta name=\"twitter:label2\" content=\"Gesch\u00e4tzte Lesezeit\" \/>\n\t<meta name=\"twitter:data2\" content=\"1\u00a0Minute\" \/>\n<script type=\"application\/ld+json\" class=\"yoast-schema-graph\">{\"@context\":\"https:\\\/\\\/schema.org\",\"@graph\":[{\"@type\":\"Article\",\"@id\":\"https:\\\/\\\/www.buhl.de\\\/vermieter-web\\\/rueckkanalfaehiges-breitband-wohnwertverbesserung\\\/#article\",\"isPartOf\":{\"@id\":\"https:\\\/\\\/www.buhl.de\\\/vermieter-web\\\/rueckkanalfaehiges-breitband-wohnwertverbesserung\\\/\"},\"author\":{\"name\":\"Hartmut Fischer\",\"@id\":\"https:\\\/\\\/www.buhl.de\\\/vermieter-web\\\/#\\\/schema\\\/person\\\/82903e1cb04eb553382702d503991b4f\"},\"headline\":\"R\u00fcckkanalf\u00e4higes Breitband: Wohnwertverbesserung\",\"datePublished\":\"2015-11-11T06:05:10+00:00\",\"dateModified\":\"2018-08-07T11:26:16+00:00\",\"mainEntityOfPage\":{\"@id\":\"https:\\\/\\\/www.buhl.de\\\/vermieter-web\\\/rueckkanalfaehiges-breitband-wohnwertverbesserung\\\/\"},\"wordCount\":226,\"inLanguage\":\"de\"},{\"@type\":\"WebPage\",\"@id\":\"https:\\\/\\\/www.buhl.de\\\/vermieter-web\\\/rueckkanalfaehiges-breitband-wohnwertverbesserung\\\/\",\"url\":\"https:\\\/\\\/www.buhl.de\\\/vermieter-web\\\/rueckkanalfaehiges-breitband-wohnwertverbesserung\\\/\",\"name\":\"R\u00fcckkanalf\u00e4higes Breitband: Wohnwertverbesserung - Online-Nebenkostenabrechnung mit WISO Vermieter-Web\",\"isPartOf\":{\"@id\":\"https:\\\/\\\/www.buhl.de\\\/vermieter-web\\\/#website\"},\"datePublished\":\"2015-11-11T06:05:10+00:00\",\"dateModified\":\"2018-08-07T11:26:16+00:00\",\"author\":{\"@id\":\"https:\\\/\\\/www.buhl.de\\\/vermieter-web\\\/#\\\/schema\\\/person\\\/82903e1cb04eb553382702d503991b4f\"},\"breadcrumb\":{\"@id\":\"https:\\\/\\\/www.buhl.de\\\/vermieter-web\\\/rueckkanalfaehiges-breitband-wohnwertverbesserung\\\/#breadcrumb\"},\"inLanguage\":\"de\",\"potentialAction\":[{\"@type\":\"ReadAction\",\"target\":[\"https:\\\/\\\/www.buhl.de\\\/vermieter-web\\\/rueckkanalfaehiges-breitband-wohnwertverbesserung\\\/\"]}]},{\"@type\":\"BreadcrumbList\",\"@id\":\"https:\\\/\\\/www.buhl.de\\\/vermieter-web\\\/rueckkanalfaehiges-breitband-wohnwertverbesserung\\\/#breadcrumb\",\"itemListElement\":[{\"@type\":\"ListItem\",\"position\":1,\"name\":\"Startseite\",\"item\":\"https:\\\/\\\/www.buhl.de\\\/vermieter-web\\\/\"},{\"@type\":\"ListItem\",\"position\":2,\"name\":\"R\u00fcckkanalf\u00e4higes Breitband: Wohnwertverbesserung\"}]},{\"@type\":\"WebSite\",\"@id\":\"https:\\\/\\\/www.buhl.de\\\/vermieter-web\\\/#website\",\"url\":\"https:\\\/\\\/www.buhl.de\\\/vermieter-web\\\/\",\"name\":\"Online-Nebenkostenabrechnung mit WISO Vermieter-Web\",\"description\":\"\",\"potentialAction\":[{\"@type\":\"SearchAction\",\"target\":{\"@type\":\"EntryPoint\",\"urlTemplate\":\"https:\\\/\\\/www.buhl.de\\\/vermieter-web\\\/?s={search_term_string}\"},\"query-input\":{\"@type\":\"PropertyValueSpecification\",\"valueRequired\":true,\"valueName\":\"search_term_string\"}}],\"inLanguage\":\"de\"},{\"@type\":\"Person\",\"@id\":\"https:\\\/\\\/www.buhl.de\\\/vermieter-web\\\/#\\\/schema\\\/person\\\/82903e1cb04eb553382702d503991b4f\",\"name\":\"Hartmut Fischer\"}]}<\/script>\n<!-- \/ Yoast SEO Premium plugin. -->","yoast_head_json":{"title":"R\u00fcckkanalf\u00e4higes Breitband: Wohnwertverbesserung - Online-Nebenkostenabrechnung mit WISO Vermieter-Web","robots":{"index":"noindex","follow":"nofollow"},"og_locale":"de_DE","og_type":"article","og_title":"R\u00fcckkanalf\u00e4higes Breitband: Wohnwertverbesserung","og_description":"Ein r\u00fcckkanalf\u00e4higer Breitband\u00adkabel\u00adanschluss stellt eine Wohnwertverbesserung dar, wenn dar\u00fcber ohne zus\u00e4tzliche Kosten oder Vertragsbindung Fernsehprogramme empfangen werden k\u00f6nnen. Es spielt dabei keine Rolle, ob \u00fcber das Breitbandkabel auch ohne Vertragsbindung Internet und Telefon genutzt werden k\u00f6nnen. Das ergibt sich aus einem Urteil des Amtsgerichts Charlottenburg. In dem vom Gericht zu entscheidenden Fall verlangte der Vermieter &hellip; \u201eR\u00fcckkanalf\u00e4higes Breitband: Wohnwertverbesserung\u201c weiterlesen","og_url":"https:\/\/www.buhl.de\/vermieter-web\/rueckkanalfaehiges-breitband-wohnwertverbesserung\/","og_site_name":"Online-Nebenkostenabrechnung mit WISO Vermieter-Web","article_published_time":"2015-11-11T06:05:10+00:00","article_modified_time":"2018-08-07T11:26:16+00:00","author":"Hartmut Fischer","twitter_card":"summary_large_image","twitter_misc":{"Verfasst von":"Hartmut Fischer","Gesch\u00e4tzte Lesezeit":"1\u00a0Minute"},"schema":{"@context":"https:\/\/schema.org","@graph":[{"@type":"Article","@id":"https:\/\/www.buhl.de\/vermieter-web\/rueckkanalfaehiges-breitband-wohnwertverbesserung\/#article","isPartOf":{"@id":"https:\/\/www.buhl.de\/vermieter-web\/rueckkanalfaehiges-breitband-wohnwertverbesserung\/"},"author":{"name":"Hartmut Fischer","@id":"https:\/\/www.buhl.de\/vermieter-web\/#\/schema\/person\/82903e1cb04eb553382702d503991b4f"},"headline":"R\u00fcckkanalf\u00e4higes Breitband: Wohnwertverbesserung","datePublished":"2015-11-11T06:05:10+00:00","dateModified":"2018-08-07T11:26:16+00:00","mainEntityOfPage":{"@id":"https:\/\/www.buhl.de\/vermieter-web\/rueckkanalfaehiges-breitband-wohnwertverbesserung\/"},"wordCount":226,"inLanguage":"de"},{"@type":"WebPage","@id":"https:\/\/www.buhl.de\/vermieter-web\/rueckkanalfaehiges-breitband-wohnwertverbesserung\/","url":"https:\/\/www.buhl.de\/vermieter-web\/rueckkanalfaehiges-breitband-wohnwertverbesserung\/","name":"R\u00fcckkanalf\u00e4higes Breitband: Wohnwertverbesserung - Online-Nebenkostenabrechnung mit WISO Vermieter-Web","isPartOf":{"@id":"https:\/\/www.buhl.de\/vermieter-web\/#website"},"datePublished":"2015-11-11T06:05:10+00:00","dateModified":"2018-08-07T11:26:16+00:00","author":{"@id":"https:\/\/www.buhl.de\/vermieter-web\/#\/schema\/person\/82903e1cb04eb553382702d503991b4f"},"breadcrumb":{"@id":"https:\/\/www.buhl.de\/vermieter-web\/rueckkanalfaehiges-breitband-wohnwertverbesserung\/#breadcrumb"},"inLanguage":"de","potentialAction":[{"@type":"ReadAction","target":["https:\/\/www.buhl.de\/vermieter-web\/rueckkanalfaehiges-breitband-wohnwertverbesserung\/"]}]},{"@type":"BreadcrumbList","@id":"https:\/\/www.buhl.de\/vermieter-web\/rueckkanalfaehiges-breitband-wohnwertverbesserung\/#breadcrumb","itemListElement":[{"@type":"ListItem","position":1,"name":"Startseite","item":"https:\/\/www.buhl.de\/vermieter-web\/"},{"@type":"ListItem","position":2,"name":"R\u00fcckkanalf\u00e4higes Breitband: Wohnwertverbesserung"}]},{"@type":"WebSite","@id":"https:\/\/www.buhl.de\/vermieter-web\/#website","url":"https:\/\/www.buhl.de\/vermieter-web\/","name":"Online-Nebenkostenabrechnung mit WISO Vermieter-Web","description":"","potentialAction":[{"@type":"SearchAction","target":{"@type":"EntryPoint","urlTemplate":"https:\/\/www.buhl.de\/vermieter-web\/?s={search_term_string}"},"query-input":{"@type":"PropertyValueSpecification","valueRequired":true,"valueName":"search_term_string"}}],"inLanguage":"de"},{"@type":"Person","@id":"https:\/\/www.buhl.de\/vermieter-web\/#\/schema\/person\/82903e1cb04eb553382702d503991b4f","name":"Hartmut Fischer"}]}},"_links":{"self":[{"href":"https:\/\/www.buhl.de\/vermieter-web\/wp-json\/wp\/v2\/posts\/4860","targetHints":{"allow":["GET"]}}],"collection":[{"href":"https:\/\/www.buhl.de\/vermieter-web\/wp-json\/wp\/v2\/posts"}],"about":[{"href":"https:\/\/www.buhl.de\/vermieter-web\/wp-json\/wp\/v2\/types\/post"}],"author":[{"embeddable":true,"href":"https:\/\/www.buhl.de\/vermieter-web\/wp-json\/wp\/v2\/users\/15"}],"replies":[{"embeddable":true,"href":"https:\/\/www.buhl.de\/vermieter-web\/wp-json\/wp\/v2\/comments?post=4860"}],"version-history":[{"count":1,"href":"https:\/\/www.buhl.de\/vermieter-web\/wp-json\/wp\/v2\/posts\/4860\/revisions"}],"predecessor-version":[{"id":8004,"href":"https:\/\/www.buhl.de\/vermieter-web\/wp-json\/wp\/v2\/posts\/4860\/revisions\/8004"}],"wp:attachment":[{"href":"https:\/\/www.buhl.de\/vermieter-web\/wp-json\/wp\/v2\/media?parent=4860"}],"wp:term":[{"taxonomy":"category","embeddable":true,"href":"https:\/\/www.buhl.de\/vermieter-web\/wp-json\/wp\/v2\/categories?post=4860"},{"taxonomy":"post_tag","embeddable":true,"href":"https:\/\/www.buhl.de\/vermieter-web\/wp-json\/wp\/v2\/tags?post=4860"}],"curies":[{"name":"wp","href":"https:\/\/api.w.org\/{rel}","templated":true}]}}