{"id":5058,"date":"2017-03-29T15:56:50","date_gmt":"2017-03-29T13:56:50","guid":{"rendered":"https:\/\/www.buhl.de\/vermieter-web\/?p=5058"},"modified":"2021-08-17T08:57:19","modified_gmt":"2021-08-17T06:57:19","slug":"vorgetaeuschter-eigenbedarf-kann-teuer-werden","status":"publish","type":"post","link":"https:\/\/www.buhl.de\/vermieter-web\/vorgetaeuschter-eigenbedarf-kann-teuer-werden\/","title":{"rendered":"Vorget\u00e4uschter Eigenbedarf kann teuer werden"},"content":{"rendered":"<p><strong>\u00dcber 25.000 \u20ac verlangte ein Mieter als Schadenersatz wegen eines seiner Meinung nach vorget\u00e4uschten Eigenbedarfs. Kein Wunder, dass bei dieser Summe alle Rechtsmittel ausgesch\u00f6pft wurden. Am 29.03.2017 kam es zur Entscheidung des Bundesgerichtshofs \u2013 und der verwies das Verfahren wieder an das Berufungsgericht zur\u00fcck. (Aktenzeichen VIII ZR 44\/16).<\/strong><\/p>\n<p>Dem Verfahren ging eine Eigenbedarfsk\u00fcndigung voraus, in der der Vermieter angab, die Wohnung seinem Hausmeister zur Verf\u00fcgung zu stellen. Nachdem die Vertragspartner einen Vergleich geschlossen hatten, zog der Mieter aus \u2013 aber kein Hausmeister ein. Darum verlangte der ehemalige Mieter Schadenersatz in H\u00f6he von 25.833,43 (zuz\u00fcglich Zinsen und Anwaltskosten).<\/p>\n<p>Damit hatte er in den Vorinstanzen keinen Erfolg. Die Gerichte stellten zum Einen fest, dass mit dem geschlossenen Vergleich ein Schlussstrich unter die Angelegenheit gezogen wurde. Zum Anderen sagte der Hausmeister f\u00fcr den Vermieter aus und versicherte Glaubhaft, dass er sogar noch bis zum Auszug des Mieters die Wohnung h\u00e4tte \u00fcbernehmen wollen, dann aber aus gesundheitlichen Gr\u00fcnden davon Abstand genommen habe.<\/p>\n<p>Vor dem Bundesgerichtshof konnte der Mieter jedoch einen Teilerfolg erzielen: Das Verfahren wurde an eine andere Kammer des Berufungsgerichts zur\u00fcck\u00fcberwiesen. Nach Meinung der Richter, habe man beim Berufungsgericht die Angelegenheit nicht ausreichend gepr\u00fcft. Hier m\u00fcsse besonders sorgf\u00e4ltig vorgegangen werden, wenn der Grund f\u00fcr die Eigenbedarfsk\u00fcndigung nachtr\u00e4glich entfalle.<\/p>\n<p>Der BGH stellte fest, dass der Vermieter nicht nachgewiesen h\u00e4tte, warum der Eigenbedarf nachtr\u00e4glich entfallen sei. \u00a0Unklar sei, warum der Mietvertrag mit dem Hausmeister nicht zeitnah nach dem geschlossenen Vergleich abgeschlossen wurde. Hierzu hatte der Vermieter keine Angaben gemacht sondern nur festgestellt, dass der Hausmeister zu einem sp\u00e4teren Zeitpunkt nicht mehr an der Wohnung interessiert gewesen sei.<\/p>\n<div class=\"kasten_wichtig\">\n<h3>Wichtig<\/h3>\n<div>\n<p><span style=\"background-color: #bbbbbb;\">Der Vermieter muss beweisen, dass nachvollziehbare Gr\u00fcnde zum Wgfall der Eigenbedarfsgr\u00fcnde f\u00fchrten. Tut er dies nicht, wird angenommen, dass die K\u00fcndigung vorget\u00e4uscht wurde!<\/span><\/p>\n<\/div>\n<\/div>\n<p>Kann der Vermieter nicht beweisen, dass nachvollziehbare Gr\u00fcnde dazu f\u00fchrten, dass der Grund zur Eigenbedarfsk\u00fcndigung entfiel, wird angenommen, dass die K\u00fcndigung vorget\u00e4uscht wurde.<\/p>\n<p>Der BGH warf dem Berufungsgericht dar\u00fcber hinaus vor, dass die Zeugenaussage des Hausmeisters nicht auf ihren Wahrheitsgehalt gepr\u00fcft habe. Dar\u00fcber hinaus sei unklar geblieben, warum die Wohnung des gek\u00fcndigten Mieters f\u00fcr den angegebenen Eigenbedarf ausgew\u00e4hlt wurde.<\/p>\n","protected":false},"excerpt":{"rendered":"<p>\u00dcber 25.000 \u20ac verlangte ein Mieter als Schadenersatz wegen eines seiner Meinung nach vorget\u00e4uschten Eigenbedarfs. Kein Wunder, dass bei dieser Summe alle Rechtsmittel ausgesch\u00f6pft wurden. Am 29.03.2017 kam es zur Entscheidung des Bundesgerichtshofs \u2013 und der verwies das Verfahren wieder an das Berufungsgericht zur\u00fcck. (Aktenzeichen VIII ZR 44\/16). Dem Verfahren ging eine Eigenbedarfsk\u00fcndigung voraus, in &hellip; <\/p>\n<p class=\"link-more\"><a href=\"https:\/\/www.buhl.de\/vermieter-web\/vorgetaeuschter-eigenbedarf-kann-teuer-werden\/\" class=\"more-link\"><span class=\"screen-reader-text\">\u201eVorget\u00e4uschter Eigenbedarf kann teuer werden\u201c<\/span> weiterlesen<\/a><\/p>\n","protected":false},"author":15,"featured_media":0,"comment_status":"closed","ping_status":"open","sticky":false,"template":"","format":"standard","meta":{"footnotes":""},"categories":[1],"tags":[648,420,649],"class_list":["post-5058","post","type-post","status-publish","format-standard","hentry","category-allgemein","tag-eigenbedarf","tag-schadenersatz","tag-taeuschung"],"yoast_head":"<!-- This site is optimized with the Yoast SEO Premium plugin v27.4 (Yoast SEO v27.5) - https:\/\/yoast.com\/product\/yoast-seo-premium-wordpress\/ -->\n<title>Vorget\u00e4uschter Eigenbedarf kann teuer werden - Online-Nebenkostenabrechnung mit WISO Vermieter-Web<\/title>\n<meta name=\"robots\" content=\"noindex, nofollow\" \/>\n<meta property=\"og:locale\" content=\"de_DE\" \/>\n<meta property=\"og:type\" content=\"article\" \/>\n<meta property=\"og:title\" content=\"Vorget\u00e4uschter Eigenbedarf kann teuer werden\" \/>\n<meta property=\"og:description\" content=\"\u00dcber 25.000 \u20ac verlangte ein Mieter als Schadenersatz wegen eines seiner Meinung nach vorget\u00e4uschten Eigenbedarfs. Kein Wunder, dass bei dieser Summe alle Rechtsmittel ausgesch\u00f6pft wurden. Am 29.03.2017 kam es zur Entscheidung des Bundesgerichtshofs \u2013 und der verwies das Verfahren wieder an das Berufungsgericht zur\u00fcck. (Aktenzeichen VIII ZR 44\/16). Dem Verfahren ging eine Eigenbedarfsk\u00fcndigung voraus, in &hellip; \u201eVorget\u00e4uschter Eigenbedarf kann teuer werden\u201c weiterlesen\" \/>\n<meta property=\"og:url\" content=\"https:\/\/www.buhl.de\/vermieter-web\/vorgetaeuschter-eigenbedarf-kann-teuer-werden\/\" \/>\n<meta property=\"og:site_name\" content=\"Online-Nebenkostenabrechnung mit WISO Vermieter-Web\" \/>\n<meta property=\"article:published_time\" content=\"2017-03-29T13:56:50+00:00\" \/>\n<meta property=\"article:modified_time\" content=\"2021-08-17T06:57:19+00:00\" \/>\n<meta name=\"author\" content=\"Hartmut Fischer\" \/>\n<meta name=\"twitter:card\" content=\"summary_large_image\" \/>\n<meta name=\"twitter:label1\" content=\"Verfasst von\" \/>\n\t<meta name=\"twitter:data1\" content=\"Hartmut Fischer\" \/>\n\t<meta name=\"twitter:label2\" content=\"Gesch\u00e4tzte Lesezeit\" \/>\n\t<meta name=\"twitter:data2\" content=\"2\u00a0Minuten\" \/>\n<script type=\"application\/ld+json\" class=\"yoast-schema-graph\">{\"@context\":\"https:\\\/\\\/schema.org\",\"@graph\":[{\"@type\":\"Article\",\"@id\":\"https:\\\/\\\/www.buhl.de\\\/vermieter-web\\\/vorgetaeuschter-eigenbedarf-kann-teuer-werden\\\/#article\",\"isPartOf\":{\"@id\":\"https:\\\/\\\/www.buhl.de\\\/vermieter-web\\\/vorgetaeuschter-eigenbedarf-kann-teuer-werden\\\/\"},\"author\":{\"name\":\"Hartmut Fischer\",\"@id\":\"https:\\\/\\\/www.buhl.de\\\/vermieter-web\\\/#\\\/schema\\\/person\\\/82903e1cb04eb553382702d503991b4f\"},\"headline\":\"Vorget\u00e4uschter Eigenbedarf kann teuer werden\",\"datePublished\":\"2017-03-29T13:56:50+00:00\",\"dateModified\":\"2021-08-17T06:57:19+00:00\",\"mainEntityOfPage\":{\"@id\":\"https:\\\/\\\/www.buhl.de\\\/vermieter-web\\\/vorgetaeuschter-eigenbedarf-kann-teuer-werden\\\/\"},\"wordCount\":381,\"keywords\":[\"Eigenbedarf\",\"Schadenersatz\",\"T\u00e4uschung\"],\"inLanguage\":\"de\"},{\"@type\":\"WebPage\",\"@id\":\"https:\\\/\\\/www.buhl.de\\\/vermieter-web\\\/vorgetaeuschter-eigenbedarf-kann-teuer-werden\\\/\",\"url\":\"https:\\\/\\\/www.buhl.de\\\/vermieter-web\\\/vorgetaeuschter-eigenbedarf-kann-teuer-werden\\\/\",\"name\":\"Vorget\u00e4uschter Eigenbedarf kann teuer werden - Online-Nebenkostenabrechnung mit WISO Vermieter-Web\",\"isPartOf\":{\"@id\":\"https:\\\/\\\/www.buhl.de\\\/vermieter-web\\\/#website\"},\"datePublished\":\"2017-03-29T13:56:50+00:00\",\"dateModified\":\"2021-08-17T06:57:19+00:00\",\"author\":{\"@id\":\"https:\\\/\\\/www.buhl.de\\\/vermieter-web\\\/#\\\/schema\\\/person\\\/82903e1cb04eb553382702d503991b4f\"},\"breadcrumb\":{\"@id\":\"https:\\\/\\\/www.buhl.de\\\/vermieter-web\\\/vorgetaeuschter-eigenbedarf-kann-teuer-werden\\\/#breadcrumb\"},\"inLanguage\":\"de\",\"potentialAction\":[{\"@type\":\"ReadAction\",\"target\":[\"https:\\\/\\\/www.buhl.de\\\/vermieter-web\\\/vorgetaeuschter-eigenbedarf-kann-teuer-werden\\\/\"]}]},{\"@type\":\"BreadcrumbList\",\"@id\":\"https:\\\/\\\/www.buhl.de\\\/vermieter-web\\\/vorgetaeuschter-eigenbedarf-kann-teuer-werden\\\/#breadcrumb\",\"itemListElement\":[{\"@type\":\"ListItem\",\"position\":1,\"name\":\"Startseite\",\"item\":\"https:\\\/\\\/www.buhl.de\\\/vermieter-web\\\/\"},{\"@type\":\"ListItem\",\"position\":2,\"name\":\"Vorget\u00e4uschter Eigenbedarf kann teuer werden\"}]},{\"@type\":\"WebSite\",\"@id\":\"https:\\\/\\\/www.buhl.de\\\/vermieter-web\\\/#website\",\"url\":\"https:\\\/\\\/www.buhl.de\\\/vermieter-web\\\/\",\"name\":\"Online-Nebenkostenabrechnung mit WISO Vermieter-Web\",\"description\":\"\",\"potentialAction\":[{\"@type\":\"SearchAction\",\"target\":{\"@type\":\"EntryPoint\",\"urlTemplate\":\"https:\\\/\\\/www.buhl.de\\\/vermieter-web\\\/?s={search_term_string}\"},\"query-input\":{\"@type\":\"PropertyValueSpecification\",\"valueRequired\":true,\"valueName\":\"search_term_string\"}}],\"inLanguage\":\"de\"},{\"@type\":\"Person\",\"@id\":\"https:\\\/\\\/www.buhl.de\\\/vermieter-web\\\/#\\\/schema\\\/person\\\/82903e1cb04eb553382702d503991b4f\",\"name\":\"Hartmut Fischer\"}]}<\/script>\n<!-- \/ Yoast SEO Premium plugin. -->","yoast_head_json":{"title":"Vorget\u00e4uschter Eigenbedarf kann teuer werden - Online-Nebenkostenabrechnung mit WISO Vermieter-Web","robots":{"index":"noindex","follow":"nofollow"},"og_locale":"de_DE","og_type":"article","og_title":"Vorget\u00e4uschter Eigenbedarf kann teuer werden","og_description":"\u00dcber 25.000 \u20ac verlangte ein Mieter als Schadenersatz wegen eines seiner Meinung nach vorget\u00e4uschten Eigenbedarfs. Kein Wunder, dass bei dieser Summe alle Rechtsmittel ausgesch\u00f6pft wurden. Am 29.03.2017 kam es zur Entscheidung des Bundesgerichtshofs \u2013 und der verwies das Verfahren wieder an das Berufungsgericht zur\u00fcck. (Aktenzeichen VIII ZR 44\/16). Dem Verfahren ging eine Eigenbedarfsk\u00fcndigung voraus, in &hellip; \u201eVorget\u00e4uschter Eigenbedarf kann teuer werden\u201c weiterlesen","og_url":"https:\/\/www.buhl.de\/vermieter-web\/vorgetaeuschter-eigenbedarf-kann-teuer-werden\/","og_site_name":"Online-Nebenkostenabrechnung mit WISO Vermieter-Web","article_published_time":"2017-03-29T13:56:50+00:00","article_modified_time":"2021-08-17T06:57:19+00:00","author":"Hartmut Fischer","twitter_card":"summary_large_image","twitter_misc":{"Verfasst von":"Hartmut Fischer","Gesch\u00e4tzte Lesezeit":"2\u00a0Minuten"},"schema":{"@context":"https:\/\/schema.org","@graph":[{"@type":"Article","@id":"https:\/\/www.buhl.de\/vermieter-web\/vorgetaeuschter-eigenbedarf-kann-teuer-werden\/#article","isPartOf":{"@id":"https:\/\/www.buhl.de\/vermieter-web\/vorgetaeuschter-eigenbedarf-kann-teuer-werden\/"},"author":{"name":"Hartmut Fischer","@id":"https:\/\/www.buhl.de\/vermieter-web\/#\/schema\/person\/82903e1cb04eb553382702d503991b4f"},"headline":"Vorget\u00e4uschter Eigenbedarf kann teuer werden","datePublished":"2017-03-29T13:56:50+00:00","dateModified":"2021-08-17T06:57:19+00:00","mainEntityOfPage":{"@id":"https:\/\/www.buhl.de\/vermieter-web\/vorgetaeuschter-eigenbedarf-kann-teuer-werden\/"},"wordCount":381,"keywords":["Eigenbedarf","Schadenersatz","T\u00e4uschung"],"inLanguage":"de"},{"@type":"WebPage","@id":"https:\/\/www.buhl.de\/vermieter-web\/vorgetaeuschter-eigenbedarf-kann-teuer-werden\/","url":"https:\/\/www.buhl.de\/vermieter-web\/vorgetaeuschter-eigenbedarf-kann-teuer-werden\/","name":"Vorget\u00e4uschter Eigenbedarf kann teuer werden - Online-Nebenkostenabrechnung mit WISO Vermieter-Web","isPartOf":{"@id":"https:\/\/www.buhl.de\/vermieter-web\/#website"},"datePublished":"2017-03-29T13:56:50+00:00","dateModified":"2021-08-17T06:57:19+00:00","author":{"@id":"https:\/\/www.buhl.de\/vermieter-web\/#\/schema\/person\/82903e1cb04eb553382702d503991b4f"},"breadcrumb":{"@id":"https:\/\/www.buhl.de\/vermieter-web\/vorgetaeuschter-eigenbedarf-kann-teuer-werden\/#breadcrumb"},"inLanguage":"de","potentialAction":[{"@type":"ReadAction","target":["https:\/\/www.buhl.de\/vermieter-web\/vorgetaeuschter-eigenbedarf-kann-teuer-werden\/"]}]},{"@type":"BreadcrumbList","@id":"https:\/\/www.buhl.de\/vermieter-web\/vorgetaeuschter-eigenbedarf-kann-teuer-werden\/#breadcrumb","itemListElement":[{"@type":"ListItem","position":1,"name":"Startseite","item":"https:\/\/www.buhl.de\/vermieter-web\/"},{"@type":"ListItem","position":2,"name":"Vorget\u00e4uschter Eigenbedarf kann teuer werden"}]},{"@type":"WebSite","@id":"https:\/\/www.buhl.de\/vermieter-web\/#website","url":"https:\/\/www.buhl.de\/vermieter-web\/","name":"Online-Nebenkostenabrechnung mit WISO Vermieter-Web","description":"","potentialAction":[{"@type":"SearchAction","target":{"@type":"EntryPoint","urlTemplate":"https:\/\/www.buhl.de\/vermieter-web\/?s={search_term_string}"},"query-input":{"@type":"PropertyValueSpecification","valueRequired":true,"valueName":"search_term_string"}}],"inLanguage":"de"},{"@type":"Person","@id":"https:\/\/www.buhl.de\/vermieter-web\/#\/schema\/person\/82903e1cb04eb553382702d503991b4f","name":"Hartmut Fischer"}]}},"_links":{"self":[{"href":"https:\/\/www.buhl.de\/vermieter-web\/wp-json\/wp\/v2\/posts\/5058","targetHints":{"allow":["GET"]}}],"collection":[{"href":"https:\/\/www.buhl.de\/vermieter-web\/wp-json\/wp\/v2\/posts"}],"about":[{"href":"https:\/\/www.buhl.de\/vermieter-web\/wp-json\/wp\/v2\/types\/post"}],"author":[{"embeddable":true,"href":"https:\/\/www.buhl.de\/vermieter-web\/wp-json\/wp\/v2\/users\/15"}],"replies":[{"embeddable":true,"href":"https:\/\/www.buhl.de\/vermieter-web\/wp-json\/wp\/v2\/comments?post=5058"}],"version-history":[{"count":3,"href":"https:\/\/www.buhl.de\/vermieter-web\/wp-json\/wp\/v2\/posts\/5058\/revisions"}],"predecessor-version":[{"id":13852,"href":"https:\/\/www.buhl.de\/vermieter-web\/wp-json\/wp\/v2\/posts\/5058\/revisions\/13852"}],"wp:attachment":[{"href":"https:\/\/www.buhl.de\/vermieter-web\/wp-json\/wp\/v2\/media?parent=5058"}],"wp:term":[{"taxonomy":"category","embeddable":true,"href":"https:\/\/www.buhl.de\/vermieter-web\/wp-json\/wp\/v2\/categories?post=5058"},{"taxonomy":"post_tag","embeddable":true,"href":"https:\/\/www.buhl.de\/vermieter-web\/wp-json\/wp\/v2\/tags?post=5058"}],"curies":[{"name":"wp","href":"https:\/\/api.w.org\/{rel}","templated":true}]}}