{"id":5060,"date":"2017-04-04T08:09:11","date_gmt":"2017-04-04T06:09:11","guid":{"rendered":"https:\/\/www.buhl.de\/vermieter-web\/?p=5060"},"modified":"2018-08-07T13:24:01","modified_gmt":"2018-08-07T11:24:01","slug":"verfassungsgemaesse-kuendigung","status":"publish","type":"post","link":"https:\/\/www.buhl.de\/vermieter-web\/verfassungsgemaesse-kuendigung\/","title":{"rendered":"Verfassungsgem\u00e4\u00dfe K\u00fcndigung"},"content":{"rendered":"<p><strong>Reagiert ein Mieter nicht auf das Schreiben eines Jobcenters, wonach dieses keine Mietzahlungen mehr leistet, kann der Vermieter wegen der Mietr\u00fcckst\u00e4nde k\u00fcndigen. Dass dies verfassungsrechtlich nicht zu beanstanden ist, hat das Verfassungsgericht des Saarlandes am 28.03.2017 festgestellt (Aktenzeichen Lv 1\/17).<\/strong><\/p>\n<p>In dem Verfahren ging es um eine vermietete Eigentumswohnung, deren Miete von einem Jobcenter bezahlt wurde. Weil er die Wohnung verkaufen wollte, k\u00fcndigte der Vermieter den Mietvertrag, obwohl dies laut Mietvertrag ausgeschlossen war. Der Vermieter informierte auch das zust\u00e4ndige Jobcenter von der K\u00fcndigung.<\/p>\n<p>Deshalb strich das Jobcenter die Mietkosten und informierte den Mieter entsprechend. Dieser wehrte sich nicht gegen den \u00c4nderungsbescheid, zahlte aber auch keine Miete mehr. Nach zwei Monaten k\u00fcndigte der Vermieter die Wohnung wegen Zahlungsverzug und reichte R\u00e4umungsklage ein.<\/p>\n<p>Das zust\u00e4ndige Amtsgericht gab der R\u00e4umungsklage statt, da der Mieter nicht gegen den Jobcenter-Bescheid Einspruch eingelegt hatte. Eine Berufung gegen das Urteil wurde vom zust\u00e4ndigen Landgericht zur\u00fcckgewiesen.<\/p>\n<p>Der Mieter legte Verfassungsbeschwerde beim Verfassungsgerichtshof des Saarlandes ein. Er sah prim\u00e4r eine Verletzung seines Rechts auf eine dem Gleichheitsgrundsatz Rechnung tragende Entscheidung. Das Gericht konnte jedoch keine Verst\u00f6\u00dfe gegen mietrechtliche Bestimmungen oder richterliche Entscheidungen feststellen. Der Vermieter sein berechtigt, wegen Mietr\u00fcckst\u00e4nde zu k\u00fcndigen. Der Mieter k\u00f6nne durch Zahlung der R\u00fcckst\u00e4nde innerhalb von zwei Monaten nach Erhebung der R\u00e4umungsklage die K\u00fcndigung gegenstandslos machen. Die Zahlung k\u00f6nne auch durch die Vorlage einer \u00dcbernahmeerkl\u00e4rung einer \u00f6ffentlichen Stelle ersetzt werden.<\/p>\n<p>(\u00a7&nbsp;569&nbsp;Abs.&nbsp;3&nbsp;Nr.&nbsp;2&nbsp;Satz&nbsp;1&nbsp;BGB).<\/p>\n<p>Grunds\u00e4tzlich d\u00fcrfe ein Vermieter nicht wegen Mietr\u00fcckst\u00e4nde k\u00fcndigen, wenn er die Zahlungseinstellung durch sein Verhalten verursacht habe. Dieser Fall liege hier auch vor. Allerdings sei es verfassungsrechtlich nicht zu beanstanden, dass die Gerichte in ihrer Entscheidung auch das Verhalten des Mieters ber\u00fccksichtigten. Der Mieter habe in Kauf genommen, dass keine Miete mehr gezahlt wurde und nichts gegen den Bescheid des Jobcenters \u00fcbernommen und sei deshalb f\u00fcr die K\u00fcndigung mitverantwortlich. Der Argumentation des Mieters, es sei Sache des Vermieters, sich an das Jobcenter zu wenden, m\u00fcssten die Gerichte nicht folgen.<\/p>\n","protected":false},"excerpt":{"rendered":"<p>Reagiert ein Mieter nicht auf das Schreiben eines Jobcenters, wonach dieses keine Mietzahlungen mehr leistet, kann der Vermieter wegen der Mietr\u00fcckst\u00e4nde k\u00fcndigen. Dass dies verfassungsrechtlich nicht zu beanstanden ist, hat das Verfassungsgericht des Saarlandes am 28.03.2017 festgestellt (Aktenzeichen Lv 1\/17). In dem Verfahren ging es um eine vermietete Eigentumswohnung, deren Miete von einem Jobcenter bezahlt &hellip; <\/p>\n<p class=\"link-more\"><a href=\"https:\/\/www.buhl.de\/vermieter-web\/verfassungsgemaesse-kuendigung\/\" class=\"more-link\"><span class=\"screen-reader-text\">\u201eVerfassungsgem\u00e4\u00dfe K\u00fcndigung\u201c<\/span> weiterlesen<\/a><\/p>\n","protected":false},"author":15,"featured_media":0,"comment_status":"closed","ping_status":"open","sticky":false,"template":"","format":"standard","meta":{"footnotes":""},"categories":[1],"tags":[461,647,646],"class_list":["post-5060","post","type-post","status-publish","format-standard","hentry","category-allgemein","tag-jobcenter","tag-mietrueckstaende","tag-mietzahlungen"],"yoast_head":"<!-- This site is optimized with the Yoast SEO Premium plugin v27.4 (Yoast SEO v27.5) - https:\/\/yoast.com\/product\/yoast-seo-premium-wordpress\/ -->\n<title>Verfassungsgem\u00e4\u00dfe K\u00fcndigung - Online-Nebenkostenabrechnung mit WISO Vermieter-Web<\/title>\n<meta name=\"robots\" content=\"noindex, nofollow\" \/>\n<meta property=\"og:locale\" content=\"de_DE\" \/>\n<meta property=\"og:type\" content=\"article\" \/>\n<meta property=\"og:title\" content=\"Verfassungsgem\u00e4\u00dfe K\u00fcndigung\" \/>\n<meta property=\"og:description\" content=\"Reagiert ein Mieter nicht auf das Schreiben eines Jobcenters, wonach dieses keine Mietzahlungen mehr leistet, kann der Vermieter wegen der Mietr\u00fcckst\u00e4nde k\u00fcndigen. Dass dies verfassungsrechtlich nicht zu beanstanden ist, hat das Verfassungsgericht des Saarlandes am 28.03.2017 festgestellt (Aktenzeichen Lv 1\/17). In dem Verfahren ging es um eine vermietete Eigentumswohnung, deren Miete von einem Jobcenter bezahlt &hellip; \u201eVerfassungsgem\u00e4\u00dfe K\u00fcndigung\u201c weiterlesen\" \/>\n<meta property=\"og:url\" content=\"https:\/\/www.buhl.de\/vermieter-web\/verfassungsgemaesse-kuendigung\/\" \/>\n<meta property=\"og:site_name\" content=\"Online-Nebenkostenabrechnung mit WISO Vermieter-Web\" \/>\n<meta property=\"article:published_time\" content=\"2017-04-04T06:09:11+00:00\" \/>\n<meta property=\"article:modified_time\" content=\"2018-08-07T11:24:01+00:00\" \/>\n<meta name=\"author\" content=\"Hartmut Fischer\" \/>\n<meta name=\"twitter:card\" content=\"summary_large_image\" \/>\n<meta name=\"twitter:label1\" content=\"Verfasst von\" \/>\n\t<meta name=\"twitter:data1\" content=\"Hartmut Fischer\" \/>\n\t<meta name=\"twitter:label2\" content=\"Gesch\u00e4tzte Lesezeit\" \/>\n\t<meta name=\"twitter:data2\" content=\"2\u00a0Minuten\" \/>\n<script type=\"application\/ld+json\" class=\"yoast-schema-graph\">{\"@context\":\"https:\\\/\\\/schema.org\",\"@graph\":[{\"@type\":\"Article\",\"@id\":\"https:\\\/\\\/www.buhl.de\\\/vermieter-web\\\/verfassungsgemaesse-kuendigung\\\/#article\",\"isPartOf\":{\"@id\":\"https:\\\/\\\/www.buhl.de\\\/vermieter-web\\\/verfassungsgemaesse-kuendigung\\\/\"},\"author\":{\"name\":\"Hartmut Fischer\",\"@id\":\"https:\\\/\\\/www.buhl.de\\\/vermieter-web\\\/#\\\/schema\\\/person\\\/82903e1cb04eb553382702d503991b4f\"},\"headline\":\"Verfassungsgem\u00e4\u00dfe K\u00fcndigung\",\"datePublished\":\"2017-04-04T06:09:11+00:00\",\"dateModified\":\"2018-08-07T11:24:01+00:00\",\"mainEntityOfPage\":{\"@id\":\"https:\\\/\\\/www.buhl.de\\\/vermieter-web\\\/verfassungsgemaesse-kuendigung\\\/\"},\"wordCount\":361,\"keywords\":[\"Jobcenter\",\"Mietr\u00fcckst\u00e4nde\",\"Mietzahlungen\"],\"inLanguage\":\"de\"},{\"@type\":\"WebPage\",\"@id\":\"https:\\\/\\\/www.buhl.de\\\/vermieter-web\\\/verfassungsgemaesse-kuendigung\\\/\",\"url\":\"https:\\\/\\\/www.buhl.de\\\/vermieter-web\\\/verfassungsgemaesse-kuendigung\\\/\",\"name\":\"Verfassungsgem\u00e4\u00dfe K\u00fcndigung - Online-Nebenkostenabrechnung mit WISO Vermieter-Web\",\"isPartOf\":{\"@id\":\"https:\\\/\\\/www.buhl.de\\\/vermieter-web\\\/#website\"},\"datePublished\":\"2017-04-04T06:09:11+00:00\",\"dateModified\":\"2018-08-07T11:24:01+00:00\",\"author\":{\"@id\":\"https:\\\/\\\/www.buhl.de\\\/vermieter-web\\\/#\\\/schema\\\/person\\\/82903e1cb04eb553382702d503991b4f\"},\"breadcrumb\":{\"@id\":\"https:\\\/\\\/www.buhl.de\\\/vermieter-web\\\/verfassungsgemaesse-kuendigung\\\/#breadcrumb\"},\"inLanguage\":\"de\",\"potentialAction\":[{\"@type\":\"ReadAction\",\"target\":[\"https:\\\/\\\/www.buhl.de\\\/vermieter-web\\\/verfassungsgemaesse-kuendigung\\\/\"]}]},{\"@type\":\"BreadcrumbList\",\"@id\":\"https:\\\/\\\/www.buhl.de\\\/vermieter-web\\\/verfassungsgemaesse-kuendigung\\\/#breadcrumb\",\"itemListElement\":[{\"@type\":\"ListItem\",\"position\":1,\"name\":\"Startseite\",\"item\":\"https:\\\/\\\/www.buhl.de\\\/vermieter-web\\\/\"},{\"@type\":\"ListItem\",\"position\":2,\"name\":\"Verfassungsgem\u00e4\u00dfe K\u00fcndigung\"}]},{\"@type\":\"WebSite\",\"@id\":\"https:\\\/\\\/www.buhl.de\\\/vermieter-web\\\/#website\",\"url\":\"https:\\\/\\\/www.buhl.de\\\/vermieter-web\\\/\",\"name\":\"Online-Nebenkostenabrechnung mit WISO Vermieter-Web\",\"description\":\"\",\"potentialAction\":[{\"@type\":\"SearchAction\",\"target\":{\"@type\":\"EntryPoint\",\"urlTemplate\":\"https:\\\/\\\/www.buhl.de\\\/vermieter-web\\\/?s={search_term_string}\"},\"query-input\":{\"@type\":\"PropertyValueSpecification\",\"valueRequired\":true,\"valueName\":\"search_term_string\"}}],\"inLanguage\":\"de\"},{\"@type\":\"Person\",\"@id\":\"https:\\\/\\\/www.buhl.de\\\/vermieter-web\\\/#\\\/schema\\\/person\\\/82903e1cb04eb553382702d503991b4f\",\"name\":\"Hartmut Fischer\"}]}<\/script>\n<!-- \/ Yoast SEO Premium plugin. -->","yoast_head_json":{"title":"Verfassungsgem\u00e4\u00dfe K\u00fcndigung - Online-Nebenkostenabrechnung mit WISO Vermieter-Web","robots":{"index":"noindex","follow":"nofollow"},"og_locale":"de_DE","og_type":"article","og_title":"Verfassungsgem\u00e4\u00dfe K\u00fcndigung","og_description":"Reagiert ein Mieter nicht auf das Schreiben eines Jobcenters, wonach dieses keine Mietzahlungen mehr leistet, kann der Vermieter wegen der Mietr\u00fcckst\u00e4nde k\u00fcndigen. Dass dies verfassungsrechtlich nicht zu beanstanden ist, hat das Verfassungsgericht des Saarlandes am 28.03.2017 festgestellt (Aktenzeichen Lv 1\/17). In dem Verfahren ging es um eine vermietete Eigentumswohnung, deren Miete von einem Jobcenter bezahlt &hellip; \u201eVerfassungsgem\u00e4\u00dfe K\u00fcndigung\u201c weiterlesen","og_url":"https:\/\/www.buhl.de\/vermieter-web\/verfassungsgemaesse-kuendigung\/","og_site_name":"Online-Nebenkostenabrechnung mit WISO Vermieter-Web","article_published_time":"2017-04-04T06:09:11+00:00","article_modified_time":"2018-08-07T11:24:01+00:00","author":"Hartmut Fischer","twitter_card":"summary_large_image","twitter_misc":{"Verfasst von":"Hartmut Fischer","Gesch\u00e4tzte Lesezeit":"2\u00a0Minuten"},"schema":{"@context":"https:\/\/schema.org","@graph":[{"@type":"Article","@id":"https:\/\/www.buhl.de\/vermieter-web\/verfassungsgemaesse-kuendigung\/#article","isPartOf":{"@id":"https:\/\/www.buhl.de\/vermieter-web\/verfassungsgemaesse-kuendigung\/"},"author":{"name":"Hartmut Fischer","@id":"https:\/\/www.buhl.de\/vermieter-web\/#\/schema\/person\/82903e1cb04eb553382702d503991b4f"},"headline":"Verfassungsgem\u00e4\u00dfe K\u00fcndigung","datePublished":"2017-04-04T06:09:11+00:00","dateModified":"2018-08-07T11:24:01+00:00","mainEntityOfPage":{"@id":"https:\/\/www.buhl.de\/vermieter-web\/verfassungsgemaesse-kuendigung\/"},"wordCount":361,"keywords":["Jobcenter","Mietr\u00fcckst\u00e4nde","Mietzahlungen"],"inLanguage":"de"},{"@type":"WebPage","@id":"https:\/\/www.buhl.de\/vermieter-web\/verfassungsgemaesse-kuendigung\/","url":"https:\/\/www.buhl.de\/vermieter-web\/verfassungsgemaesse-kuendigung\/","name":"Verfassungsgem\u00e4\u00dfe K\u00fcndigung - Online-Nebenkostenabrechnung mit WISO Vermieter-Web","isPartOf":{"@id":"https:\/\/www.buhl.de\/vermieter-web\/#website"},"datePublished":"2017-04-04T06:09:11+00:00","dateModified":"2018-08-07T11:24:01+00:00","author":{"@id":"https:\/\/www.buhl.de\/vermieter-web\/#\/schema\/person\/82903e1cb04eb553382702d503991b4f"},"breadcrumb":{"@id":"https:\/\/www.buhl.de\/vermieter-web\/verfassungsgemaesse-kuendigung\/#breadcrumb"},"inLanguage":"de","potentialAction":[{"@type":"ReadAction","target":["https:\/\/www.buhl.de\/vermieter-web\/verfassungsgemaesse-kuendigung\/"]}]},{"@type":"BreadcrumbList","@id":"https:\/\/www.buhl.de\/vermieter-web\/verfassungsgemaesse-kuendigung\/#breadcrumb","itemListElement":[{"@type":"ListItem","position":1,"name":"Startseite","item":"https:\/\/www.buhl.de\/vermieter-web\/"},{"@type":"ListItem","position":2,"name":"Verfassungsgem\u00e4\u00dfe K\u00fcndigung"}]},{"@type":"WebSite","@id":"https:\/\/www.buhl.de\/vermieter-web\/#website","url":"https:\/\/www.buhl.de\/vermieter-web\/","name":"Online-Nebenkostenabrechnung mit WISO Vermieter-Web","description":"","potentialAction":[{"@type":"SearchAction","target":{"@type":"EntryPoint","urlTemplate":"https:\/\/www.buhl.de\/vermieter-web\/?s={search_term_string}"},"query-input":{"@type":"PropertyValueSpecification","valueRequired":true,"valueName":"search_term_string"}}],"inLanguage":"de"},{"@type":"Person","@id":"https:\/\/www.buhl.de\/vermieter-web\/#\/schema\/person\/82903e1cb04eb553382702d503991b4f","name":"Hartmut Fischer"}]}},"_links":{"self":[{"href":"https:\/\/www.buhl.de\/vermieter-web\/wp-json\/wp\/v2\/posts\/5060","targetHints":{"allow":["GET"]}}],"collection":[{"href":"https:\/\/www.buhl.de\/vermieter-web\/wp-json\/wp\/v2\/posts"}],"about":[{"href":"https:\/\/www.buhl.de\/vermieter-web\/wp-json\/wp\/v2\/types\/post"}],"author":[{"embeddable":true,"href":"https:\/\/www.buhl.de\/vermieter-web\/wp-json\/wp\/v2\/users\/15"}],"replies":[{"embeddable":true,"href":"https:\/\/www.buhl.de\/vermieter-web\/wp-json\/wp\/v2\/comments?post=5060"}],"version-history":[{"count":2,"href":"https:\/\/www.buhl.de\/vermieter-web\/wp-json\/wp\/v2\/posts\/5060\/revisions"}],"predecessor-version":[{"id":7838,"href":"https:\/\/www.buhl.de\/vermieter-web\/wp-json\/wp\/v2\/posts\/5060\/revisions\/7838"}],"wp:attachment":[{"href":"https:\/\/www.buhl.de\/vermieter-web\/wp-json\/wp\/v2\/media?parent=5060"}],"wp:term":[{"taxonomy":"category","embeddable":true,"href":"https:\/\/www.buhl.de\/vermieter-web\/wp-json\/wp\/v2\/categories?post=5060"},{"taxonomy":"post_tag","embeddable":true,"href":"https:\/\/www.buhl.de\/vermieter-web\/wp-json\/wp\/v2\/tags?post=5060"}],"curies":[{"name":"wp","href":"https:\/\/api.w.org\/{rel}","templated":true}]}}