{"id":5073,"date":"2017-05-18T06:34:56","date_gmt":"2017-05-18T04:34:56","guid":{"rendered":"https:\/\/www.buhl.de\/vermieter-web\/?p=5073"},"modified":"2021-08-17T08:55:09","modified_gmt":"2021-08-17T06:55:09","slug":"der-holzstapel-an-der-grundstuecksgrenze","status":"publish","type":"post","link":"https:\/\/www.buhl.de\/vermieter-web\/der-holzstapel-an-der-grundstuecksgrenze\/","title":{"rendered":"Der Holzstapel an der Grundst\u00fccksgrenze"},"content":{"rendered":"<p><strong>Ein Stapel Brennholz, der sich direkt an der Grundst\u00fccksgrenze befindet, muss nicht entfernt werden, wenn er eine H\u00f6he von zwei Metern nicht \u00fcberschreitet und die Tiefe des Stapels bei 40 Zentimetern liegt. Daran \u00e4ndert auch die L\u00e4nge des Stapels nichts (hier acht Meter). Darauf weist das Landgericht Trier in einem Beschluss vom 11.01.2017 hin (Aktenzeichen 1 S 151\/16).<\/strong><\/p>\n<p>In dem dem Hinweisbeschluss zugrundeliegenden Verfahren, beschwerte sich ein Grundst\u00fcckseigent\u00fcmer \u00fcber einen Holzstapel, den sein Nachbar direkt an der Grundst\u00fcckgrenze aufgeschichtet hatte. Der Stapel war keine zwei Meter hoch, rund 40 Zentimeter tief und ca. acht Meter lang. Der sich beschwerende Nachbar bef\u00fcrchtete, dass der Holzstapel seiner ebenfalls direkt an der Grundst\u00fccksgrenze befindlichen Thuja-Hecke das Licht entziehen w\u00fcrde.<\/p>\n<p>Vom Eigent\u00fcmer des Holzstapels verlangte er, dass der Stapel um mindestens drei Meter von der Grenze entfernt aufgeschichtet werde. Alternativ forderte er, den Stapel auf eine L\u00e4nge von drei Metern zu k\u00fcrzen. Da der Nachbar dieser Forderung nicht nachkam, kam es zur Klage.<\/p>\n<p>Diese wurde jedoch vom zust\u00e4ndigen Amtsgericht abgewiesen. Da der Stapel die H\u00f6he von zwei Metern nicht \u00fcberschreiten w\u00fcrde, m\u00fcsse er nicht entfernt werden. Die Landesbauordnung (hier von Rheinland-Pfalz) m\u00fcsse in diesem Fall nicht beachtet werden. Auch der eventuelle Lichtentzug f\u00fcr die Hecke des Kl\u00e4gers stelle kleinen Grund dar, den Stapel zu entfernen. Der Kl\u00e4ger akzeptierte diese Entscheidung nicht und ging in Berufung.<\/p>\n<p>Doch auch das Landgericht sprach sich gegen einen Beseitigungsanspruch aus. Der Holzstapel k\u00f6nne nicht mit einem oberirdischen Geb\u00e4ude vergleichen werden sondern k\u00f6nne eher mit einer Einfriedung verglichen werden. Auch der vom Gericht best\u00e4tigte Lichtentzug reiche nicht aus, eine Entfernung des Holzstapels zu verlangen, ein Anspruch nach \u00a7 906 BGB bestehe hier nicht.<\/p>\n<div class=\"kasten_gesetz\">\n<h3>Rechtliches<\/h3>\n<div>\n<p><strong>\u00a7 906 BGB: Zuf\u00fchrung unw\u00e4gbarer Stoffe<br \/>\n<\/strong>(1) Der Eigent\u00fcmer eines Grundst\u00fccks kann die Zuf\u00fchrung von Gasen, D\u00e4mpfen, Ger\u00fcchen, Rauch, Ru\u00df, W\u00e4rme, Ger\u00e4usch, Ersch\u00fctterungen und \u00e4hnliche von einem anderen Grundst\u00fcck ausgehende Einwirkungen insoweit nicht verbieten, als die Einwirkung die Benutzung seines Grundst\u00fccks nicht oder nur unwesentlich beeintr\u00e4chtigt. Eine unwesentliche Beeintr\u00e4chtigung liegt in der Regel vor, wenn die in Gesetzen oder Rechtsverordnungen festgelegten Grenz- oder Richtwerte von den nach diesen Vorschriften ermittelten und bewerteten Einwirkungen nicht \u00fcberschritten werden. Gleiches gilt f\u00fcr Werte in allgemeinen Verwaltungsvorschriften, die nach \u00a7 48 des Bundes-Immissionsschutzgesetzes erlassen worden sind und den Stand der Technik wiedergeben.<br \/>\n(2) Das Gleiche gilt insoweit, als eine wesentliche Beeintr\u00e4chtigung durch eine orts\u00fcbliche Benutzung des anderen Grundst\u00fccks herbeigef\u00fchrt wird und nicht durch Ma\u00dfnahmen verhindert werden kann, die Benutzern dieser Art wirtschaftlich zumutbar sind. Hat der Eigent\u00fcmer hiernach eine Einwirkung zu dulden, so kann er von dem Benutzer des anderen Grundst\u00fccks einen angemessenen Ausgleich in Geld verlangen, wenn die Einwirkung eine orts\u00fcbliche Benutzung seines Grundst\u00fccks oder dessen Ertrag \u00fcber das zumutbare Ma\u00df hinaus beeintr\u00e4chtigt.<br \/>\n(3) Die Zuf\u00fchrung durch eine besondere Leitung ist unzul\u00e4ssig.<\/p>\n<\/div>\n<\/div>\n","protected":false},"excerpt":{"rendered":"<p>Ein Stapel Brennholz, der sich direkt an der Grundst\u00fccksgrenze befindet, muss nicht entfernt werden, wenn er eine H\u00f6he von zwei Metern nicht \u00fcberschreitet und die Tiefe des Stapels bei 40 Zentimetern liegt. Daran \u00e4ndert auch die L\u00e4nge des Stapels nichts (hier acht Meter). Darauf weist das Landgericht Trier in einem Beschluss vom 11.01.2017 hin (Aktenzeichen &hellip; <\/p>\n<p class=\"link-more\"><a href=\"https:\/\/www.buhl.de\/vermieter-web\/der-holzstapel-an-der-grundstuecksgrenze\/\" class=\"more-link\"><span class=\"screen-reader-text\">\u201eDer Holzstapel an der Grundst\u00fccksgrenze\u201c<\/span> weiterlesen<\/a><\/p>\n","protected":false},"author":15,"featured_media":0,"comment_status":"closed","ping_status":"open","sticky":false,"template":"","format":"standard","meta":{"footnotes":""},"categories":[1],"tags":[453,625],"class_list":["post-5073","post","type-post","status-publish","format-standard","hentry","category-allgemein","tag-grundstuecksgrenze","tag-holzstape"],"yoast_head":"<!-- This site is optimized with the Yoast SEO Premium plugin v27.4 (Yoast SEO v27.5) - https:\/\/yoast.com\/product\/yoast-seo-premium-wordpress\/ -->\n<title>Der Holzstapel an der Grundst\u00fccksgrenze - Online-Nebenkostenabrechnung mit WISO Vermieter-Web<\/title>\n<meta name=\"robots\" content=\"noindex, nofollow\" \/>\n<meta property=\"og:locale\" content=\"de_DE\" \/>\n<meta property=\"og:type\" content=\"article\" \/>\n<meta property=\"og:title\" content=\"Der Holzstapel an der Grundst\u00fccksgrenze\" \/>\n<meta property=\"og:description\" content=\"Ein Stapel Brennholz, der sich direkt an der Grundst\u00fccksgrenze befindet, muss nicht entfernt werden, wenn er eine H\u00f6he von zwei Metern nicht \u00fcberschreitet und die Tiefe des Stapels bei 40 Zentimetern liegt. Daran \u00e4ndert auch die L\u00e4nge des Stapels nichts (hier acht Meter). Darauf weist das Landgericht Trier in einem Beschluss vom 11.01.2017 hin (Aktenzeichen &hellip; \u201eDer Holzstapel an der Grundst\u00fccksgrenze\u201c weiterlesen\" \/>\n<meta property=\"og:url\" content=\"https:\/\/www.buhl.de\/vermieter-web\/der-holzstapel-an-der-grundstuecksgrenze\/\" \/>\n<meta property=\"og:site_name\" content=\"Online-Nebenkostenabrechnung mit WISO Vermieter-Web\" \/>\n<meta property=\"article:published_time\" content=\"2017-05-18T04:34:56+00:00\" \/>\n<meta property=\"article:modified_time\" content=\"2021-08-17T06:55:09+00:00\" \/>\n<meta name=\"author\" content=\"Hartmut Fischer\" \/>\n<meta name=\"twitter:card\" content=\"summary_large_image\" \/>\n<meta name=\"twitter:label1\" content=\"Verfasst von\" \/>\n\t<meta name=\"twitter:data1\" content=\"Hartmut Fischer\" \/>\n\t<meta name=\"twitter:label2\" content=\"Gesch\u00e4tzte Lesezeit\" \/>\n\t<meta name=\"twitter:data2\" content=\"2\u00a0Minuten\" \/>\n<script type=\"application\/ld+json\" class=\"yoast-schema-graph\">{\"@context\":\"https:\\\/\\\/schema.org\",\"@graph\":[{\"@type\":\"Article\",\"@id\":\"https:\\\/\\\/www.buhl.de\\\/vermieter-web\\\/der-holzstapel-an-der-grundstuecksgrenze\\\/#article\",\"isPartOf\":{\"@id\":\"https:\\\/\\\/www.buhl.de\\\/vermieter-web\\\/der-holzstapel-an-der-grundstuecksgrenze\\\/\"},\"author\":{\"name\":\"Hartmut Fischer\",\"@id\":\"https:\\\/\\\/www.buhl.de\\\/vermieter-web\\\/#\\\/schema\\\/person\\\/82903e1cb04eb553382702d503991b4f\"},\"headline\":\"Der Holzstapel an der Grundst\u00fccksgrenze\",\"datePublished\":\"2017-05-18T04:34:56+00:00\",\"dateModified\":\"2021-08-17T06:55:09+00:00\",\"mainEntityOfPage\":{\"@id\":\"https:\\\/\\\/www.buhl.de\\\/vermieter-web\\\/der-holzstapel-an-der-grundstuecksgrenze\\\/\"},\"wordCount\":496,\"keywords\":[\"Grundst\u00fccksgrenze\",\"Holzstape\"],\"inLanguage\":\"de\"},{\"@type\":\"WebPage\",\"@id\":\"https:\\\/\\\/www.buhl.de\\\/vermieter-web\\\/der-holzstapel-an-der-grundstuecksgrenze\\\/\",\"url\":\"https:\\\/\\\/www.buhl.de\\\/vermieter-web\\\/der-holzstapel-an-der-grundstuecksgrenze\\\/\",\"name\":\"Der Holzstapel an der Grundst\u00fccksgrenze - Online-Nebenkostenabrechnung mit WISO Vermieter-Web\",\"isPartOf\":{\"@id\":\"https:\\\/\\\/www.buhl.de\\\/vermieter-web\\\/#website\"},\"datePublished\":\"2017-05-18T04:34:56+00:00\",\"dateModified\":\"2021-08-17T06:55:09+00:00\",\"author\":{\"@id\":\"https:\\\/\\\/www.buhl.de\\\/vermieter-web\\\/#\\\/schema\\\/person\\\/82903e1cb04eb553382702d503991b4f\"},\"breadcrumb\":{\"@id\":\"https:\\\/\\\/www.buhl.de\\\/vermieter-web\\\/der-holzstapel-an-der-grundstuecksgrenze\\\/#breadcrumb\"},\"inLanguage\":\"de\",\"potentialAction\":[{\"@type\":\"ReadAction\",\"target\":[\"https:\\\/\\\/www.buhl.de\\\/vermieter-web\\\/der-holzstapel-an-der-grundstuecksgrenze\\\/\"]}]},{\"@type\":\"BreadcrumbList\",\"@id\":\"https:\\\/\\\/www.buhl.de\\\/vermieter-web\\\/der-holzstapel-an-der-grundstuecksgrenze\\\/#breadcrumb\",\"itemListElement\":[{\"@type\":\"ListItem\",\"position\":1,\"name\":\"Startseite\",\"item\":\"https:\\\/\\\/www.buhl.de\\\/vermieter-web\\\/\"},{\"@type\":\"ListItem\",\"position\":2,\"name\":\"Der Holzstapel an der Grundst\u00fccksgrenze\"}]},{\"@type\":\"WebSite\",\"@id\":\"https:\\\/\\\/www.buhl.de\\\/vermieter-web\\\/#website\",\"url\":\"https:\\\/\\\/www.buhl.de\\\/vermieter-web\\\/\",\"name\":\"Online-Nebenkostenabrechnung mit WISO Vermieter-Web\",\"description\":\"\",\"potentialAction\":[{\"@type\":\"SearchAction\",\"target\":{\"@type\":\"EntryPoint\",\"urlTemplate\":\"https:\\\/\\\/www.buhl.de\\\/vermieter-web\\\/?s={search_term_string}\"},\"query-input\":{\"@type\":\"PropertyValueSpecification\",\"valueRequired\":true,\"valueName\":\"search_term_string\"}}],\"inLanguage\":\"de\"},{\"@type\":\"Person\",\"@id\":\"https:\\\/\\\/www.buhl.de\\\/vermieter-web\\\/#\\\/schema\\\/person\\\/82903e1cb04eb553382702d503991b4f\",\"name\":\"Hartmut Fischer\"}]}<\/script>\n<!-- \/ Yoast SEO Premium plugin. -->","yoast_head_json":{"title":"Der Holzstapel an der Grundst\u00fccksgrenze - Online-Nebenkostenabrechnung mit WISO Vermieter-Web","robots":{"index":"noindex","follow":"nofollow"},"og_locale":"de_DE","og_type":"article","og_title":"Der Holzstapel an der Grundst\u00fccksgrenze","og_description":"Ein Stapel Brennholz, der sich direkt an der Grundst\u00fccksgrenze befindet, muss nicht entfernt werden, wenn er eine H\u00f6he von zwei Metern nicht \u00fcberschreitet und die Tiefe des Stapels bei 40 Zentimetern liegt. Daran \u00e4ndert auch die L\u00e4nge des Stapels nichts (hier acht Meter). Darauf weist das Landgericht Trier in einem Beschluss vom 11.01.2017 hin (Aktenzeichen &hellip; \u201eDer Holzstapel an der Grundst\u00fccksgrenze\u201c weiterlesen","og_url":"https:\/\/www.buhl.de\/vermieter-web\/der-holzstapel-an-der-grundstuecksgrenze\/","og_site_name":"Online-Nebenkostenabrechnung mit WISO Vermieter-Web","article_published_time":"2017-05-18T04:34:56+00:00","article_modified_time":"2021-08-17T06:55:09+00:00","author":"Hartmut Fischer","twitter_card":"summary_large_image","twitter_misc":{"Verfasst von":"Hartmut Fischer","Gesch\u00e4tzte Lesezeit":"2\u00a0Minuten"},"schema":{"@context":"https:\/\/schema.org","@graph":[{"@type":"Article","@id":"https:\/\/www.buhl.de\/vermieter-web\/der-holzstapel-an-der-grundstuecksgrenze\/#article","isPartOf":{"@id":"https:\/\/www.buhl.de\/vermieter-web\/der-holzstapel-an-der-grundstuecksgrenze\/"},"author":{"name":"Hartmut Fischer","@id":"https:\/\/www.buhl.de\/vermieter-web\/#\/schema\/person\/82903e1cb04eb553382702d503991b4f"},"headline":"Der Holzstapel an der Grundst\u00fccksgrenze","datePublished":"2017-05-18T04:34:56+00:00","dateModified":"2021-08-17T06:55:09+00:00","mainEntityOfPage":{"@id":"https:\/\/www.buhl.de\/vermieter-web\/der-holzstapel-an-der-grundstuecksgrenze\/"},"wordCount":496,"keywords":["Grundst\u00fccksgrenze","Holzstape"],"inLanguage":"de"},{"@type":"WebPage","@id":"https:\/\/www.buhl.de\/vermieter-web\/der-holzstapel-an-der-grundstuecksgrenze\/","url":"https:\/\/www.buhl.de\/vermieter-web\/der-holzstapel-an-der-grundstuecksgrenze\/","name":"Der Holzstapel an der Grundst\u00fccksgrenze - Online-Nebenkostenabrechnung mit WISO Vermieter-Web","isPartOf":{"@id":"https:\/\/www.buhl.de\/vermieter-web\/#website"},"datePublished":"2017-05-18T04:34:56+00:00","dateModified":"2021-08-17T06:55:09+00:00","author":{"@id":"https:\/\/www.buhl.de\/vermieter-web\/#\/schema\/person\/82903e1cb04eb553382702d503991b4f"},"breadcrumb":{"@id":"https:\/\/www.buhl.de\/vermieter-web\/der-holzstapel-an-der-grundstuecksgrenze\/#breadcrumb"},"inLanguage":"de","potentialAction":[{"@type":"ReadAction","target":["https:\/\/www.buhl.de\/vermieter-web\/der-holzstapel-an-der-grundstuecksgrenze\/"]}]},{"@type":"BreadcrumbList","@id":"https:\/\/www.buhl.de\/vermieter-web\/der-holzstapel-an-der-grundstuecksgrenze\/#breadcrumb","itemListElement":[{"@type":"ListItem","position":1,"name":"Startseite","item":"https:\/\/www.buhl.de\/vermieter-web\/"},{"@type":"ListItem","position":2,"name":"Der Holzstapel an der Grundst\u00fccksgrenze"}]},{"@type":"WebSite","@id":"https:\/\/www.buhl.de\/vermieter-web\/#website","url":"https:\/\/www.buhl.de\/vermieter-web\/","name":"Online-Nebenkostenabrechnung mit WISO Vermieter-Web","description":"","potentialAction":[{"@type":"SearchAction","target":{"@type":"EntryPoint","urlTemplate":"https:\/\/www.buhl.de\/vermieter-web\/?s={search_term_string}"},"query-input":{"@type":"PropertyValueSpecification","valueRequired":true,"valueName":"search_term_string"}}],"inLanguage":"de"},{"@type":"Person","@id":"https:\/\/www.buhl.de\/vermieter-web\/#\/schema\/person\/82903e1cb04eb553382702d503991b4f","name":"Hartmut Fischer"}]}},"_links":{"self":[{"href":"https:\/\/www.buhl.de\/vermieter-web\/wp-json\/wp\/v2\/posts\/5073","targetHints":{"allow":["GET"]}}],"collection":[{"href":"https:\/\/www.buhl.de\/vermieter-web\/wp-json\/wp\/v2\/posts"}],"about":[{"href":"https:\/\/www.buhl.de\/vermieter-web\/wp-json\/wp\/v2\/types\/post"}],"author":[{"embeddable":true,"href":"https:\/\/www.buhl.de\/vermieter-web\/wp-json\/wp\/v2\/users\/15"}],"replies":[{"embeddable":true,"href":"https:\/\/www.buhl.de\/vermieter-web\/wp-json\/wp\/v2\/comments?post=5073"}],"version-history":[{"count":3,"href":"https:\/\/www.buhl.de\/vermieter-web\/wp-json\/wp\/v2\/posts\/5073\/revisions"}],"predecessor-version":[{"id":13849,"href":"https:\/\/www.buhl.de\/vermieter-web\/wp-json\/wp\/v2\/posts\/5073\/revisions\/13849"}],"wp:attachment":[{"href":"https:\/\/www.buhl.de\/vermieter-web\/wp-json\/wp\/v2\/media?parent=5073"}],"wp:term":[{"taxonomy":"category","embeddable":true,"href":"https:\/\/www.buhl.de\/vermieter-web\/wp-json\/wp\/v2\/categories?post=5073"},{"taxonomy":"post_tag","embeddable":true,"href":"https:\/\/www.buhl.de\/vermieter-web\/wp-json\/wp\/v2\/tags?post=5073"}],"curies":[{"name":"wp","href":"https:\/\/api.w.org\/{rel}","templated":true}]}}