{"id":5102,"date":"2017-08-01T06:30:02","date_gmt":"2017-08-01T04:30:02","guid":{"rendered":"https:\/\/www.buhl.de\/vermieter-web\/?p=5102"},"modified":"2021-08-17T08:50:34","modified_gmt":"2021-08-17T06:50:34","slug":"zahlt-das-jobcenter","status":"publish","type":"post","link":"https:\/\/www.buhl.de\/vermieter-web\/zahlt-das-jobcenter\/","title":{"rendered":"Zahlt das Jobcenter?"},"content":{"rendered":"<p><strong>Eine Erkl\u00e4rung des Jobcenters, ausstehende Mietzahlungen \u201enach aktuellem Stand\u201c zu \u00fcbernehmen, kann dies nicht als eine ausreichende Verpflichtung einer \u00f6ffentlichen Stelle angesehen werden. Der Vermieter kann deshalb trotz der Erkl\u00e4rung des Jobcenters die R\u00e4umung der Wohnung und die Zahlung der r\u00fcckst\u00e4ndigen Mieten einklagen. Dies geht aus einem Urteil des Landgerichts Berlin vom 10.01.2017 hervor (Aktenzeichen 67 S 408\/16).<\/strong><\/p>\n<p>Im zu verhandelnden Fall hatte der Vermieter dem Mieter wegen Mietschulden gek\u00fcndigt. Da der Mieter die Wohnung nicht r\u00e4umen wollte, klagte der Vermieter. Im Laufe des Prozesses legte der Mieter jedoch eine Bescheinigung des Jobcenters vor, in dem dieses erkl\u00e4rte, die Mietschulden \u201enach aktuellem Stand\u201c zu \u00fcbernehmen. Das Amtsgericht entschied jedoch trotz dieser Erkl\u00e4rung, dass die K\u00fcndigung rechtens sei. Hiergegen legte der Mieter Berufung beim Landgericht Berlin ein.<\/p>\n<p>Doch auch das Landgericht Berlin entschied, dass der Vermieter die R\u00e4umung und Herausgabe der Wohnung verlangen d\u00fcrfe und auch die Forderung auf Zahlung der\u00a0Mietr\u00fcckst\u00e4nde\u00a0zu Recht bestehe. Die Erkl\u00e4rung des Jobcenters reiche nicht aus, um \u00a7\u00a0569\u00a0Abs.\u00a03\u00a0Nr.\u00a02\u00a0BGB anzuwenden und die K\u00fcndigung f\u00fcr nichtig zu erkl\u00e4ren.<\/p>\n<div class=\"kasten_gesetz\">\n<h3>Rechtliches<\/h3>\n<div>\n<p>\u00a7 569 Abs. 3 Nr. 2 BGB: Die K\u00fcndigung wird auch dann unwirksam, wenn der Vermieter sp\u00e4testens bis zum Ablauf von zwei Monaten nach Eintritt der Rechtsh\u00e4ngigkeit des R\u00e4umungsanspruchs hinsichtlich der f\u00e4lligen Miete und der f\u00e4lligen Entsch\u00e4digung nach \u00a7 546a Abs. 1 befriedigt wird oder sich eine \u00f6ffentliche Stelle zur Befriedigung verpflichtet. Dies gilt nicht, wenn der K\u00fcndigung vor nicht l\u00e4nger als zwei Jahren bereits eine nach Satz 1 unwirksam gewordene K\u00fcndigung vorausgegangen ist.<\/p>\n<\/div>\n<\/div>\n<p>Die Erkl\u00e4rung des Jobcenters sei nicht pr\u00e4zise genug. Aus ihr gehe nicht hervor, welche Schulden des Mieters konkret \u00fcbernommen w\u00fcrden.<\/p>\n","protected":false},"excerpt":{"rendered":"<p>Eine Erkl\u00e4rung des Jobcenters, ausstehende Mietzahlungen \u201enach aktuellem Stand\u201c zu \u00fcbernehmen, kann dies nicht als eine ausreichende Verpflichtung einer \u00f6ffentlichen Stelle angesehen werden. Der Vermieter kann deshalb trotz der Erkl\u00e4rung des Jobcenters die R\u00e4umung der Wohnung und die Zahlung der r\u00fcckst\u00e4ndigen Mieten einklagen. Dies geht aus einem Urteil des Landgerichts Berlin vom 10.01.2017 hervor (Aktenzeichen &hellip; <\/p>\n<p class=\"link-more\"><a href=\"https:\/\/www.buhl.de\/vermieter-web\/zahlt-das-jobcenter\/\" class=\"more-link\"><span class=\"screen-reader-text\">\u201eZahlt das Jobcenter?\u201c<\/span> weiterlesen<\/a><\/p>\n","protected":false},"author":15,"featured_media":0,"comment_status":"closed","ping_status":"open","sticky":false,"template":"","format":"standard","meta":{"footnotes":""},"categories":[1],"tags":[461,576,400],"class_list":["post-5102","post","type-post","status-publish","format-standard","hentry","category-allgemein","tag-jobcenter","tag-raeumung","tag-zahlung"],"yoast_head":"<!-- This site is optimized with the Yoast SEO Premium plugin v27.4 (Yoast SEO v27.5) - https:\/\/yoast.com\/product\/yoast-seo-premium-wordpress\/ -->\n<title>Zahlt das Jobcenter? - Online-Nebenkostenabrechnung mit WISO Vermieter-Web<\/title>\n<meta name=\"robots\" content=\"noindex, nofollow\" \/>\n<meta property=\"og:locale\" content=\"de_DE\" \/>\n<meta property=\"og:type\" content=\"article\" \/>\n<meta property=\"og:title\" content=\"Zahlt das Jobcenter?\" \/>\n<meta property=\"og:description\" content=\"Eine Erkl\u00e4rung des Jobcenters, ausstehende Mietzahlungen \u201enach aktuellem Stand\u201c zu \u00fcbernehmen, kann dies nicht als eine ausreichende Verpflichtung einer \u00f6ffentlichen Stelle angesehen werden. Der Vermieter kann deshalb trotz der Erkl\u00e4rung des Jobcenters die R\u00e4umung der Wohnung und die Zahlung der r\u00fcckst\u00e4ndigen Mieten einklagen. Dies geht aus einem Urteil des Landgerichts Berlin vom 10.01.2017 hervor (Aktenzeichen &hellip; \u201eZahlt das Jobcenter?\u201c weiterlesen\" \/>\n<meta property=\"og:url\" content=\"https:\/\/www.buhl.de\/vermieter-web\/zahlt-das-jobcenter\/\" \/>\n<meta property=\"og:site_name\" content=\"Online-Nebenkostenabrechnung mit WISO Vermieter-Web\" \/>\n<meta property=\"article:published_time\" content=\"2017-08-01T04:30:02+00:00\" \/>\n<meta property=\"article:modified_time\" content=\"2021-08-17T06:50:34+00:00\" \/>\n<meta name=\"author\" content=\"Hartmut Fischer\" \/>\n<meta name=\"twitter:card\" content=\"summary_large_image\" \/>\n<meta name=\"twitter:label1\" content=\"Verfasst von\" \/>\n\t<meta name=\"twitter:data1\" content=\"Hartmut Fischer\" \/>\n\t<meta name=\"twitter:label2\" content=\"Gesch\u00e4tzte Lesezeit\" \/>\n\t<meta name=\"twitter:data2\" content=\"2\u00a0Minuten\" \/>\n<script type=\"application\/ld+json\" class=\"yoast-schema-graph\">{\"@context\":\"https:\\\/\\\/schema.org\",\"@graph\":[{\"@type\":\"Article\",\"@id\":\"https:\\\/\\\/www.buhl.de\\\/vermieter-web\\\/zahlt-das-jobcenter\\\/#article\",\"isPartOf\":{\"@id\":\"https:\\\/\\\/www.buhl.de\\\/vermieter-web\\\/zahlt-das-jobcenter\\\/\"},\"author\":{\"name\":\"Hartmut Fischer\",\"@id\":\"https:\\\/\\\/www.buhl.de\\\/vermieter-web\\\/#\\\/schema\\\/person\\\/82903e1cb04eb553382702d503991b4f\"},\"headline\":\"Zahlt das Jobcenter?\",\"datePublished\":\"2017-08-01T04:30:02+00:00\",\"dateModified\":\"2021-08-17T06:50:34+00:00\",\"mainEntityOfPage\":{\"@id\":\"https:\\\/\\\/www.buhl.de\\\/vermieter-web\\\/zahlt-das-jobcenter\\\/\"},\"wordCount\":292,\"keywords\":[\"Jobcenter\",\"R\u00e4umung\",\"Zahlung\"],\"inLanguage\":\"de\"},{\"@type\":\"WebPage\",\"@id\":\"https:\\\/\\\/www.buhl.de\\\/vermieter-web\\\/zahlt-das-jobcenter\\\/\",\"url\":\"https:\\\/\\\/www.buhl.de\\\/vermieter-web\\\/zahlt-das-jobcenter\\\/\",\"name\":\"Zahlt das Jobcenter? - Online-Nebenkostenabrechnung mit WISO Vermieter-Web\",\"isPartOf\":{\"@id\":\"https:\\\/\\\/www.buhl.de\\\/vermieter-web\\\/#website\"},\"datePublished\":\"2017-08-01T04:30:02+00:00\",\"dateModified\":\"2021-08-17T06:50:34+00:00\",\"author\":{\"@id\":\"https:\\\/\\\/www.buhl.de\\\/vermieter-web\\\/#\\\/schema\\\/person\\\/82903e1cb04eb553382702d503991b4f\"},\"breadcrumb\":{\"@id\":\"https:\\\/\\\/www.buhl.de\\\/vermieter-web\\\/zahlt-das-jobcenter\\\/#breadcrumb\"},\"inLanguage\":\"de\",\"potentialAction\":[{\"@type\":\"ReadAction\",\"target\":[\"https:\\\/\\\/www.buhl.de\\\/vermieter-web\\\/zahlt-das-jobcenter\\\/\"]}]},{\"@type\":\"BreadcrumbList\",\"@id\":\"https:\\\/\\\/www.buhl.de\\\/vermieter-web\\\/zahlt-das-jobcenter\\\/#breadcrumb\",\"itemListElement\":[{\"@type\":\"ListItem\",\"position\":1,\"name\":\"Startseite\",\"item\":\"https:\\\/\\\/www.buhl.de\\\/vermieter-web\\\/\"},{\"@type\":\"ListItem\",\"position\":2,\"name\":\"Zahlt das Jobcenter?\"}]},{\"@type\":\"WebSite\",\"@id\":\"https:\\\/\\\/www.buhl.de\\\/vermieter-web\\\/#website\",\"url\":\"https:\\\/\\\/www.buhl.de\\\/vermieter-web\\\/\",\"name\":\"Online-Nebenkostenabrechnung mit WISO Vermieter-Web\",\"description\":\"\",\"potentialAction\":[{\"@type\":\"SearchAction\",\"target\":{\"@type\":\"EntryPoint\",\"urlTemplate\":\"https:\\\/\\\/www.buhl.de\\\/vermieter-web\\\/?s={search_term_string}\"},\"query-input\":{\"@type\":\"PropertyValueSpecification\",\"valueRequired\":true,\"valueName\":\"search_term_string\"}}],\"inLanguage\":\"de\"},{\"@type\":\"Person\",\"@id\":\"https:\\\/\\\/www.buhl.de\\\/vermieter-web\\\/#\\\/schema\\\/person\\\/82903e1cb04eb553382702d503991b4f\",\"name\":\"Hartmut Fischer\"}]}<\/script>\n<!-- \/ Yoast SEO Premium plugin. -->","yoast_head_json":{"title":"Zahlt das Jobcenter? - Online-Nebenkostenabrechnung mit WISO Vermieter-Web","robots":{"index":"noindex","follow":"nofollow"},"og_locale":"de_DE","og_type":"article","og_title":"Zahlt das Jobcenter?","og_description":"Eine Erkl\u00e4rung des Jobcenters, ausstehende Mietzahlungen \u201enach aktuellem Stand\u201c zu \u00fcbernehmen, kann dies nicht als eine ausreichende Verpflichtung einer \u00f6ffentlichen Stelle angesehen werden. Der Vermieter kann deshalb trotz der Erkl\u00e4rung des Jobcenters die R\u00e4umung der Wohnung und die Zahlung der r\u00fcckst\u00e4ndigen Mieten einklagen. Dies geht aus einem Urteil des Landgerichts Berlin vom 10.01.2017 hervor (Aktenzeichen &hellip; \u201eZahlt das Jobcenter?\u201c weiterlesen","og_url":"https:\/\/www.buhl.de\/vermieter-web\/zahlt-das-jobcenter\/","og_site_name":"Online-Nebenkostenabrechnung mit WISO Vermieter-Web","article_published_time":"2017-08-01T04:30:02+00:00","article_modified_time":"2021-08-17T06:50:34+00:00","author":"Hartmut Fischer","twitter_card":"summary_large_image","twitter_misc":{"Verfasst von":"Hartmut Fischer","Gesch\u00e4tzte Lesezeit":"2\u00a0Minuten"},"schema":{"@context":"https:\/\/schema.org","@graph":[{"@type":"Article","@id":"https:\/\/www.buhl.de\/vermieter-web\/zahlt-das-jobcenter\/#article","isPartOf":{"@id":"https:\/\/www.buhl.de\/vermieter-web\/zahlt-das-jobcenter\/"},"author":{"name":"Hartmut Fischer","@id":"https:\/\/www.buhl.de\/vermieter-web\/#\/schema\/person\/82903e1cb04eb553382702d503991b4f"},"headline":"Zahlt das Jobcenter?","datePublished":"2017-08-01T04:30:02+00:00","dateModified":"2021-08-17T06:50:34+00:00","mainEntityOfPage":{"@id":"https:\/\/www.buhl.de\/vermieter-web\/zahlt-das-jobcenter\/"},"wordCount":292,"keywords":["Jobcenter","R\u00e4umung","Zahlung"],"inLanguage":"de"},{"@type":"WebPage","@id":"https:\/\/www.buhl.de\/vermieter-web\/zahlt-das-jobcenter\/","url":"https:\/\/www.buhl.de\/vermieter-web\/zahlt-das-jobcenter\/","name":"Zahlt das Jobcenter? - Online-Nebenkostenabrechnung mit WISO Vermieter-Web","isPartOf":{"@id":"https:\/\/www.buhl.de\/vermieter-web\/#website"},"datePublished":"2017-08-01T04:30:02+00:00","dateModified":"2021-08-17T06:50:34+00:00","author":{"@id":"https:\/\/www.buhl.de\/vermieter-web\/#\/schema\/person\/82903e1cb04eb553382702d503991b4f"},"breadcrumb":{"@id":"https:\/\/www.buhl.de\/vermieter-web\/zahlt-das-jobcenter\/#breadcrumb"},"inLanguage":"de","potentialAction":[{"@type":"ReadAction","target":["https:\/\/www.buhl.de\/vermieter-web\/zahlt-das-jobcenter\/"]}]},{"@type":"BreadcrumbList","@id":"https:\/\/www.buhl.de\/vermieter-web\/zahlt-das-jobcenter\/#breadcrumb","itemListElement":[{"@type":"ListItem","position":1,"name":"Startseite","item":"https:\/\/www.buhl.de\/vermieter-web\/"},{"@type":"ListItem","position":2,"name":"Zahlt das Jobcenter?"}]},{"@type":"WebSite","@id":"https:\/\/www.buhl.de\/vermieter-web\/#website","url":"https:\/\/www.buhl.de\/vermieter-web\/","name":"Online-Nebenkostenabrechnung mit WISO Vermieter-Web","description":"","potentialAction":[{"@type":"SearchAction","target":{"@type":"EntryPoint","urlTemplate":"https:\/\/www.buhl.de\/vermieter-web\/?s={search_term_string}"},"query-input":{"@type":"PropertyValueSpecification","valueRequired":true,"valueName":"search_term_string"}}],"inLanguage":"de"},{"@type":"Person","@id":"https:\/\/www.buhl.de\/vermieter-web\/#\/schema\/person\/82903e1cb04eb553382702d503991b4f","name":"Hartmut Fischer"}]}},"_links":{"self":[{"href":"https:\/\/www.buhl.de\/vermieter-web\/wp-json\/wp\/v2\/posts\/5102","targetHints":{"allow":["GET"]}}],"collection":[{"href":"https:\/\/www.buhl.de\/vermieter-web\/wp-json\/wp\/v2\/posts"}],"about":[{"href":"https:\/\/www.buhl.de\/vermieter-web\/wp-json\/wp\/v2\/types\/post"}],"author":[{"embeddable":true,"href":"https:\/\/www.buhl.de\/vermieter-web\/wp-json\/wp\/v2\/users\/15"}],"replies":[{"embeddable":true,"href":"https:\/\/www.buhl.de\/vermieter-web\/wp-json\/wp\/v2\/comments?post=5102"}],"version-history":[{"count":3,"href":"https:\/\/www.buhl.de\/vermieter-web\/wp-json\/wp\/v2\/posts\/5102\/revisions"}],"predecessor-version":[{"id":13840,"href":"https:\/\/www.buhl.de\/vermieter-web\/wp-json\/wp\/v2\/posts\/5102\/revisions\/13840"}],"wp:attachment":[{"href":"https:\/\/www.buhl.de\/vermieter-web\/wp-json\/wp\/v2\/media?parent=5102"}],"wp:term":[{"taxonomy":"category","embeddable":true,"href":"https:\/\/www.buhl.de\/vermieter-web\/wp-json\/wp\/v2\/categories?post=5102"},{"taxonomy":"post_tag","embeddable":true,"href":"https:\/\/www.buhl.de\/vermieter-web\/wp-json\/wp\/v2\/tags?post=5102"}],"curies":[{"name":"wp","href":"https:\/\/api.w.org\/{rel}","templated":true}]}}