{"id":5135,"date":"2017-11-10T09:24:11","date_gmt":"2017-11-10T08:24:11","guid":{"rendered":"https:\/\/www.buhl.de\/vermieter-web\/?p=5135"},"modified":"2018-08-07T13:23:46","modified_gmt":"2018-08-07T11:23:46","slug":"modernisierungsmassnahmen","status":"publish","type":"post","link":"https:\/\/www.buhl.de\/vermieter-web\/modernisierungsmassnahmen\/","title":{"rendered":"Modernisierungsma\u00dfnahmen"},"content":{"rendered":"<p style=\"margin-bottom: 0.0001pt; line-height: 15.6pt; background: white;\"><strong><span style=\"font-size: 10pt; font-family: Tahoma, sans-serif;\">Ein Mieter hat einen Aufzug, der auf den Podesten anh\u00e4lt, ebenso als Modernisierungsma\u00dfnahme zu akzeptieren, wie die D\u00e4mmung mit feuergef\u00e4hrlichen EPS-D\u00e4mmplatten. Das hat das Amtsgericht Berlin Mitte am 14.06.2017 entschieden. (Aktenzeichen: 17 C 158\/16)<\/span><\/strong><\/p>\n<p style=\"margin-bottom: 0.0001pt; line-height: 15.6pt; background: white;\"><span style=\"font-size: 10pt; font-family: Tahoma, sans-serif;\">Geklagt hatte ein Vermieter, dessen Mieter sich weigerte Modernisierungsma\u00dfnahmen zu dulden. Dabei ging es um den Einbau eines Aufzuges und W\u00e4rmed\u00e4mmungen mit EPS-D\u00e4mmplatten. Der Mieter argumentierte, dass es sich nicht um Modernisierungsma\u00dfnahmen handele. Dies begr\u00fcndete er damit, dass der Fahrstuhl nicht in H\u00f6he der Wohnungst\u00fcren halte, sondern lediglich auf den Treppenpodesten. Bez\u00fcglich der W\u00e4rmed\u00e4mmung bem\u00e4ngelte er, dass hierbei feuergef\u00e4hrliches Polystyrol eingesetzt werde. Der Vermieter akzeptierte diese Argumentation nicht und ging vor Gericht.<\/span><\/p>\n<p style=\"margin-bottom: 0.0001pt; line-height: 15.6pt; background: white;\"><span style=\"font-size: 10pt; font-family: Tahoma, sans-serif;\">Das zust\u00e4ndige Amtsgericht best\u00e4tigte dem Mieter, dass er Anspruch auf die Duldung des Mieters habe. In beiden F\u00e4llen handele es sich um Modernisierungsma\u00dfnahmen, die der Mieter nach \u00a7 555d zu dulden habe. <\/span><\/p>\n<p style=\"margin-bottom: 0.0001pt; line-height: 15.6pt; background: white;\"><span style=\"font-size: 10pt; font-family: Tahoma, sans-serif;\">Bez\u00fcglich des Fahrstuhls stellte das Gericht fest, dass dieser den Gebrauchswert der Wohnungen steigere. Dass die Haltepunkte zwischen den Geschossen l\u00e4gen, spiele dabei keine Rolle. Dennoch w\u00fcrden die Wohnungen durch den Fahrstuhl leichter erreichbar und schwere Gegenst\u00e4nde k\u00f6nnten leichter in die Wohnungen gebraucht werden. <\/span><\/p>\n<p style=\"margin-bottom: 0.0001pt; line-height: 15.6pt; background: white;\"><span style=\"font-size: 10pt; font-family: Tahoma, sans-serif;\">Im Falle der W\u00e4rmed\u00e4mmung r\u00e4umte das Gericht ein, dass der verwendete D\u00e4mmstoff gewisse Risiken in sich trage. Die EPS-Platten seien jedoch als D\u00e4mm-Material zugelassen. Der Gesetzgeber stelle jedoch nur auf die w\u00e4rmed\u00e4mmende Wirkung des Baustoffes ab, der hier erf\u00fcllt w\u00fcrde. Deshalb habe der Mieter auch diese Ma\u00dfnahme zu dulden.<\/span><\/p>\n","protected":false},"excerpt":{"rendered":"<p>Ein Mieter hat einen Aufzug, der auf den Podesten anh\u00e4lt, ebenso als Modernisierungsma\u00dfnahme zu akzeptieren, wie die D\u00e4mmung mit feuergef\u00e4hrlichen EPS-D\u00e4mmplatten. Das hat das Amtsgericht Berlin Mitte am 14.06.2017 entschieden. (Aktenzeichen: 17 C 158\/16) Geklagt hatte ein Vermieter, dessen Mieter sich weigerte Modernisierungsma\u00dfnahmen zu dulden. Dabei ging es um den Einbau eines Aufzuges und W\u00e4rmed\u00e4mmungen &hellip; <\/p>\n<p class=\"link-more\"><a href=\"https:\/\/www.buhl.de\/vermieter-web\/modernisierungsmassnahmen\/\" class=\"more-link\"><span class=\"screen-reader-text\">\u201eModernisierungsma\u00dfnahmen\u201c<\/span> weiterlesen<\/a><\/p>\n","protected":false},"author":15,"featured_media":0,"comment_status":"closed","ping_status":"open","sticky":false,"template":"","format":"standard","meta":{"footnotes":""},"categories":[1],"tags":[521,373],"class_list":["post-5135","post","type-post","status-publish","format-standard","hentry","category-allgemein","tag-daemmung","tag-modernisierungsmassnahmen"],"yoast_head":"<!-- This site is optimized with the Yoast SEO Premium plugin v27.4 (Yoast SEO v27.5) - https:\/\/yoast.com\/product\/yoast-seo-premium-wordpress\/ -->\n<title>Modernisierungsma\u00dfnahmen - Online-Nebenkostenabrechnung mit WISO Vermieter-Web<\/title>\n<meta name=\"robots\" content=\"noindex, nofollow\" \/>\n<meta property=\"og:locale\" content=\"de_DE\" \/>\n<meta property=\"og:type\" content=\"article\" \/>\n<meta property=\"og:title\" content=\"Modernisierungsma\u00dfnahmen\" \/>\n<meta property=\"og:description\" content=\"Ein Mieter hat einen Aufzug, der auf den Podesten anh\u00e4lt, ebenso als Modernisierungsma\u00dfnahme zu akzeptieren, wie die D\u00e4mmung mit feuergef\u00e4hrlichen EPS-D\u00e4mmplatten. Das hat das Amtsgericht Berlin Mitte am 14.06.2017 entschieden. (Aktenzeichen: 17 C 158\/16) Geklagt hatte ein Vermieter, dessen Mieter sich weigerte Modernisierungsma\u00dfnahmen zu dulden. Dabei ging es um den Einbau eines Aufzuges und W\u00e4rmed\u00e4mmungen &hellip; \u201eModernisierungsma\u00dfnahmen\u201c weiterlesen\" \/>\n<meta property=\"og:url\" content=\"https:\/\/www.buhl.de\/vermieter-web\/modernisierungsmassnahmen\/\" \/>\n<meta property=\"og:site_name\" content=\"Online-Nebenkostenabrechnung mit WISO Vermieter-Web\" \/>\n<meta property=\"article:published_time\" content=\"2017-11-10T08:24:11+00:00\" \/>\n<meta property=\"article:modified_time\" content=\"2018-08-07T11:23:46+00:00\" \/>\n<meta name=\"author\" content=\"Hartmut Fischer\" \/>\n<meta name=\"twitter:card\" content=\"summary_large_image\" \/>\n<meta name=\"twitter:label1\" content=\"Verfasst von\" \/>\n\t<meta name=\"twitter:data1\" content=\"Hartmut Fischer\" \/>\n\t<meta name=\"twitter:label2\" content=\"Gesch\u00e4tzte Lesezeit\" \/>\n\t<meta name=\"twitter:data2\" content=\"1\u00a0Minute\" \/>\n<script type=\"application\/ld+json\" class=\"yoast-schema-graph\">{\"@context\":\"https:\\\/\\\/schema.org\",\"@graph\":[{\"@type\":\"Article\",\"@id\":\"https:\\\/\\\/www.buhl.de\\\/vermieter-web\\\/modernisierungsmassnahmen\\\/#article\",\"isPartOf\":{\"@id\":\"https:\\\/\\\/www.buhl.de\\\/vermieter-web\\\/modernisierungsmassnahmen\\\/\"},\"author\":{\"name\":\"Hartmut Fischer\",\"@id\":\"https:\\\/\\\/www.buhl.de\\\/vermieter-web\\\/#\\\/schema\\\/person\\\/82903e1cb04eb553382702d503991b4f\"},\"headline\":\"Modernisierungsma\u00dfnahmen\",\"datePublished\":\"2017-11-10T08:24:11+00:00\",\"dateModified\":\"2018-08-07T11:23:46+00:00\",\"mainEntityOfPage\":{\"@id\":\"https:\\\/\\\/www.buhl.de\\\/vermieter-web\\\/modernisierungsmassnahmen\\\/\"},\"wordCount\":266,\"keywords\":[\"D\u00e4mmung\",\"Modernisierungsma\u00dfnahmen\"],\"inLanguage\":\"de\"},{\"@type\":\"WebPage\",\"@id\":\"https:\\\/\\\/www.buhl.de\\\/vermieter-web\\\/modernisierungsmassnahmen\\\/\",\"url\":\"https:\\\/\\\/www.buhl.de\\\/vermieter-web\\\/modernisierungsmassnahmen\\\/\",\"name\":\"Modernisierungsma\u00dfnahmen - Online-Nebenkostenabrechnung mit WISO Vermieter-Web\",\"isPartOf\":{\"@id\":\"https:\\\/\\\/www.buhl.de\\\/vermieter-web\\\/#website\"},\"datePublished\":\"2017-11-10T08:24:11+00:00\",\"dateModified\":\"2018-08-07T11:23:46+00:00\",\"author\":{\"@id\":\"https:\\\/\\\/www.buhl.de\\\/vermieter-web\\\/#\\\/schema\\\/person\\\/82903e1cb04eb553382702d503991b4f\"},\"breadcrumb\":{\"@id\":\"https:\\\/\\\/www.buhl.de\\\/vermieter-web\\\/modernisierungsmassnahmen\\\/#breadcrumb\"},\"inLanguage\":\"de\",\"potentialAction\":[{\"@type\":\"ReadAction\",\"target\":[\"https:\\\/\\\/www.buhl.de\\\/vermieter-web\\\/modernisierungsmassnahmen\\\/\"]}]},{\"@type\":\"BreadcrumbList\",\"@id\":\"https:\\\/\\\/www.buhl.de\\\/vermieter-web\\\/modernisierungsmassnahmen\\\/#breadcrumb\",\"itemListElement\":[{\"@type\":\"ListItem\",\"position\":1,\"name\":\"Startseite\",\"item\":\"https:\\\/\\\/www.buhl.de\\\/vermieter-web\\\/\"},{\"@type\":\"ListItem\",\"position\":2,\"name\":\"Modernisierungsma\u00dfnahmen\"}]},{\"@type\":\"WebSite\",\"@id\":\"https:\\\/\\\/www.buhl.de\\\/vermieter-web\\\/#website\",\"url\":\"https:\\\/\\\/www.buhl.de\\\/vermieter-web\\\/\",\"name\":\"Online-Nebenkostenabrechnung mit WISO Vermieter-Web\",\"description\":\"\",\"potentialAction\":[{\"@type\":\"SearchAction\",\"target\":{\"@type\":\"EntryPoint\",\"urlTemplate\":\"https:\\\/\\\/www.buhl.de\\\/vermieter-web\\\/?s={search_term_string}\"},\"query-input\":{\"@type\":\"PropertyValueSpecification\",\"valueRequired\":true,\"valueName\":\"search_term_string\"}}],\"inLanguage\":\"de\"},{\"@type\":\"Person\",\"@id\":\"https:\\\/\\\/www.buhl.de\\\/vermieter-web\\\/#\\\/schema\\\/person\\\/82903e1cb04eb553382702d503991b4f\",\"name\":\"Hartmut Fischer\"}]}<\/script>\n<!-- \/ Yoast SEO Premium plugin. -->","yoast_head_json":{"title":"Modernisierungsma\u00dfnahmen - Online-Nebenkostenabrechnung mit WISO Vermieter-Web","robots":{"index":"noindex","follow":"nofollow"},"og_locale":"de_DE","og_type":"article","og_title":"Modernisierungsma\u00dfnahmen","og_description":"Ein Mieter hat einen Aufzug, der auf den Podesten anh\u00e4lt, ebenso als Modernisierungsma\u00dfnahme zu akzeptieren, wie die D\u00e4mmung mit feuergef\u00e4hrlichen EPS-D\u00e4mmplatten. Das hat das Amtsgericht Berlin Mitte am 14.06.2017 entschieden. (Aktenzeichen: 17 C 158\/16) Geklagt hatte ein Vermieter, dessen Mieter sich weigerte Modernisierungsma\u00dfnahmen zu dulden. Dabei ging es um den Einbau eines Aufzuges und W\u00e4rmed\u00e4mmungen &hellip; \u201eModernisierungsma\u00dfnahmen\u201c weiterlesen","og_url":"https:\/\/www.buhl.de\/vermieter-web\/modernisierungsmassnahmen\/","og_site_name":"Online-Nebenkostenabrechnung mit WISO Vermieter-Web","article_published_time":"2017-11-10T08:24:11+00:00","article_modified_time":"2018-08-07T11:23:46+00:00","author":"Hartmut Fischer","twitter_card":"summary_large_image","twitter_misc":{"Verfasst von":"Hartmut Fischer","Gesch\u00e4tzte Lesezeit":"1\u00a0Minute"},"schema":{"@context":"https:\/\/schema.org","@graph":[{"@type":"Article","@id":"https:\/\/www.buhl.de\/vermieter-web\/modernisierungsmassnahmen\/#article","isPartOf":{"@id":"https:\/\/www.buhl.de\/vermieter-web\/modernisierungsmassnahmen\/"},"author":{"name":"Hartmut Fischer","@id":"https:\/\/www.buhl.de\/vermieter-web\/#\/schema\/person\/82903e1cb04eb553382702d503991b4f"},"headline":"Modernisierungsma\u00dfnahmen","datePublished":"2017-11-10T08:24:11+00:00","dateModified":"2018-08-07T11:23:46+00:00","mainEntityOfPage":{"@id":"https:\/\/www.buhl.de\/vermieter-web\/modernisierungsmassnahmen\/"},"wordCount":266,"keywords":["D\u00e4mmung","Modernisierungsma\u00dfnahmen"],"inLanguage":"de"},{"@type":"WebPage","@id":"https:\/\/www.buhl.de\/vermieter-web\/modernisierungsmassnahmen\/","url":"https:\/\/www.buhl.de\/vermieter-web\/modernisierungsmassnahmen\/","name":"Modernisierungsma\u00dfnahmen - Online-Nebenkostenabrechnung mit WISO Vermieter-Web","isPartOf":{"@id":"https:\/\/www.buhl.de\/vermieter-web\/#website"},"datePublished":"2017-11-10T08:24:11+00:00","dateModified":"2018-08-07T11:23:46+00:00","author":{"@id":"https:\/\/www.buhl.de\/vermieter-web\/#\/schema\/person\/82903e1cb04eb553382702d503991b4f"},"breadcrumb":{"@id":"https:\/\/www.buhl.de\/vermieter-web\/modernisierungsmassnahmen\/#breadcrumb"},"inLanguage":"de","potentialAction":[{"@type":"ReadAction","target":["https:\/\/www.buhl.de\/vermieter-web\/modernisierungsmassnahmen\/"]}]},{"@type":"BreadcrumbList","@id":"https:\/\/www.buhl.de\/vermieter-web\/modernisierungsmassnahmen\/#breadcrumb","itemListElement":[{"@type":"ListItem","position":1,"name":"Startseite","item":"https:\/\/www.buhl.de\/vermieter-web\/"},{"@type":"ListItem","position":2,"name":"Modernisierungsma\u00dfnahmen"}]},{"@type":"WebSite","@id":"https:\/\/www.buhl.de\/vermieter-web\/#website","url":"https:\/\/www.buhl.de\/vermieter-web\/","name":"Online-Nebenkostenabrechnung mit WISO Vermieter-Web","description":"","potentialAction":[{"@type":"SearchAction","target":{"@type":"EntryPoint","urlTemplate":"https:\/\/www.buhl.de\/vermieter-web\/?s={search_term_string}"},"query-input":{"@type":"PropertyValueSpecification","valueRequired":true,"valueName":"search_term_string"}}],"inLanguage":"de"},{"@type":"Person","@id":"https:\/\/www.buhl.de\/vermieter-web\/#\/schema\/person\/82903e1cb04eb553382702d503991b4f","name":"Hartmut Fischer"}]}},"_links":{"self":[{"href":"https:\/\/www.buhl.de\/vermieter-web\/wp-json\/wp\/v2\/posts\/5135","targetHints":{"allow":["GET"]}}],"collection":[{"href":"https:\/\/www.buhl.de\/vermieter-web\/wp-json\/wp\/v2\/posts"}],"about":[{"href":"https:\/\/www.buhl.de\/vermieter-web\/wp-json\/wp\/v2\/types\/post"}],"author":[{"embeddable":true,"href":"https:\/\/www.buhl.de\/vermieter-web\/wp-json\/wp\/v2\/users\/15"}],"replies":[{"embeddable":true,"href":"https:\/\/www.buhl.de\/vermieter-web\/wp-json\/wp\/v2\/comments?post=5135"}],"version-history":[{"count":2,"href":"https:\/\/www.buhl.de\/vermieter-web\/wp-json\/wp\/v2\/posts\/5135\/revisions"}],"predecessor-version":[{"id":7765,"href":"https:\/\/www.buhl.de\/vermieter-web\/wp-json\/wp\/v2\/posts\/5135\/revisions\/7765"}],"wp:attachment":[{"href":"https:\/\/www.buhl.de\/vermieter-web\/wp-json\/wp\/v2\/media?parent=5135"}],"wp:term":[{"taxonomy":"category","embeddable":true,"href":"https:\/\/www.buhl.de\/vermieter-web\/wp-json\/wp\/v2\/categories?post=5135"},{"taxonomy":"post_tag","embeddable":true,"href":"https:\/\/www.buhl.de\/vermieter-web\/wp-json\/wp\/v2\/tags?post=5135"}],"curies":[{"name":"wp","href":"https:\/\/api.w.org\/{rel}","templated":true}]}}