{"id":5137,"date":"2017-11-15T08:14:14","date_gmt":"2017-11-15T07:14:14","guid":{"rendered":"https:\/\/www.buhl.de\/vermieter-web\/?p=5137"},"modified":"2018-08-07T13:23:46","modified_gmt":"2018-08-07T11:23:46","slug":"mietkostenuebernahme-durch-jobcenter","status":"publish","type":"post","link":"https:\/\/www.buhl.de\/vermieter-web\/mietkostenuebernahme-durch-jobcenter\/","title":{"rendered":"Mietkosten\u00fcbernahme durch Jobcenter"},"content":{"rendered":"<p><strong>Das Jobcenter ist lediglich verpflichtet, die Kosten f\u00fcr einen \u201eangemessenen\u201c Wohnraum zu \u00fcbernehmen. Es ist nicht verpflichtet, grunds\u00e4tzlich die gesamten Kosten einer Wohnung zu \u00fcbernehmen. Dies hat das Bundesverfassungsgericht in einem Beschluss vom 06.10.2017 festgestellt (Aktenzeichen 1 BvR 617\/14).<\/strong><\/p>\n<p>In dem Verfahren ging es um die Beschwerde eines Leistungsbeziehers, der in einer 77 Quadratmeter gro\u00dfen Wohnung lebte. Nachdem das Jobcenter zun\u00e4chst die Mietkosten komplett \u00fcbernommen hatte, k\u00fcrzte es die Leistungen hierf\u00fcr, wogegen sich der Leistungsbezieher zur Wehr setzte. Er hatte jedoch in allen Instanzen keinen Erfolg. Er vertrat nun in seiner Verfassungsbeschwerde die Ansicht, dass in seinem Fall das Grundrecht auf ein menschenw\u00fcrdiges Existenzminimum verweigert w\u00fcrde.<\/p>\n<p>Aber auch mit dieser Meinung konnte sich der Beschwerdef\u00fchrer nicht durchsetzen. Die Richter stellten fest, dass mit der Definition in <span style=\"font-size: 10pt; line-height: 107%; font-family: Tahoma, sans-serif;\">\u00a7&nbsp;22&nbsp;Abs.&nbsp;1&nbsp;Satz&nbsp;1&nbsp;SGB II (\u201eBedarfe f\u00fcr Unterkunft und Heizung werden in H\u00f6he der tats\u00e4chlichen Aufwendungen anerkannt, soweit diese angemessen sind.\u201c) sichergestellt werde, dass dem Leistungsbezieher gegen\u00fcber ein menschenw\u00fcrdiges Existenzminimum garantier w\u00fcrde.<\/span><\/p>\n<p><span style=\"font-size: 10pt; line-height: 107%; font-family: Tahoma, sans-serif;\">Aus Artikel 1 Abs. 1 und Artikel 20 Abs. 1 Grundgesetz lasse sich ein grunds\u00e4tzlicher Anspruch auf Sozialleistungen zur Sicherung eines menschenw\u00fcrdigen Existenzminimums ableiten. Dieser werde jedoch nicht n\u00e4her beziffert. <\/span><\/p>\n<p>Es sei aber verfassungskonform, dass im Sozialgesetzbuch II eine Begrenzung der Leistung auf ein angemessenes Ma\u00df zu begrenzen. Der Bed\u00fcrftige habe zwar Anspruch auf Absicherung der grundlegenden Lebenssituation eines Menschen, daraus ergebe sich aber keine unbegrenzte \u00dcbernahme von Miet- und Mietnebenkosten. Was als \u201eangemessen\u201c gelte m\u00fcsse im Einzelfall gepr\u00fcft werden. Dabei werde zu Recht vergleichbarer Wohnraum im unteren Preissegment und deren mark\u00fcbliche Miete zugrunde gelegt.&nbsp;<\/p>\n","protected":false},"excerpt":{"rendered":"<p>Das Jobcenter ist lediglich verpflichtet, die Kosten f\u00fcr einen \u201eangemessenen\u201c Wohnraum zu \u00fcbernehmen. Es ist nicht verpflichtet, grunds\u00e4tzlich die gesamten Kosten einer Wohnung zu \u00fcbernehmen. Dies hat das Bundesverfassungsgericht in einem Beschluss vom 06.10.2017 festgestellt (Aktenzeichen 1 BvR 617\/14). In dem Verfahren ging es um die Beschwerde eines Leistungsbeziehers, der in einer 77 Quadratmeter gro\u00dfen &hellip; <\/p>\n<p class=\"link-more\"><a href=\"https:\/\/www.buhl.de\/vermieter-web\/mietkostenuebernahme-durch-jobcenter\/\" class=\"more-link\"><span class=\"screen-reader-text\">\u201eMietkosten\u00fcbernahme durch Jobcenter\u201c<\/span> weiterlesen<\/a><\/p>\n","protected":false},"author":15,"featured_media":0,"comment_status":"closed","ping_status":"open","sticky":false,"template":"","format":"standard","meta":{"footnotes":""},"categories":[1],"tags":[482,461,517],"class_list":["post-5137","post","type-post","status-publish","format-standard","hentry","category-allgemein","tag-bundesverfassungsgericht","tag-jobcenter","tag-mietkostenuebernahme"],"yoast_head":"<!-- This site is optimized with the Yoast SEO Premium plugin v27.4 (Yoast SEO v27.5) - https:\/\/yoast.com\/product\/yoast-seo-premium-wordpress\/ -->\n<title>Mietkosten\u00fcbernahme durch Jobcenter - Online-Nebenkostenabrechnung mit WISO Vermieter-Web<\/title>\n<meta name=\"robots\" content=\"noindex, nofollow\" \/>\n<meta property=\"og:locale\" content=\"de_DE\" \/>\n<meta property=\"og:type\" content=\"article\" \/>\n<meta property=\"og:title\" content=\"Mietkosten\u00fcbernahme durch Jobcenter\" \/>\n<meta property=\"og:description\" content=\"Das Jobcenter ist lediglich verpflichtet, die Kosten f\u00fcr einen \u201eangemessenen\u201c Wohnraum zu \u00fcbernehmen. Es ist nicht verpflichtet, grunds\u00e4tzlich die gesamten Kosten einer Wohnung zu \u00fcbernehmen. Dies hat das Bundesverfassungsgericht in einem Beschluss vom 06.10.2017 festgestellt (Aktenzeichen 1 BvR 617\/14). In dem Verfahren ging es um die Beschwerde eines Leistungsbeziehers, der in einer 77 Quadratmeter gro\u00dfen &hellip; \u201eMietkosten\u00fcbernahme durch Jobcenter\u201c weiterlesen\" \/>\n<meta property=\"og:url\" content=\"https:\/\/www.buhl.de\/vermieter-web\/mietkostenuebernahme-durch-jobcenter\/\" \/>\n<meta property=\"og:site_name\" content=\"Online-Nebenkostenabrechnung mit WISO Vermieter-Web\" \/>\n<meta property=\"article:published_time\" content=\"2017-11-15T07:14:14+00:00\" \/>\n<meta property=\"article:modified_time\" content=\"2018-08-07T11:23:46+00:00\" \/>\n<meta name=\"author\" content=\"Hartmut Fischer\" \/>\n<meta name=\"twitter:card\" content=\"summary_large_image\" \/>\n<meta name=\"twitter:label1\" content=\"Verfasst von\" \/>\n\t<meta name=\"twitter:data1\" content=\"Hartmut Fischer\" \/>\n\t<meta name=\"twitter:label2\" content=\"Gesch\u00e4tzte Lesezeit\" \/>\n\t<meta name=\"twitter:data2\" content=\"1\u00a0Minute\" \/>\n<script type=\"application\/ld+json\" class=\"yoast-schema-graph\">{\"@context\":\"https:\\\/\\\/schema.org\",\"@graph\":[{\"@type\":\"Article\",\"@id\":\"https:\\\/\\\/www.buhl.de\\\/vermieter-web\\\/mietkostenuebernahme-durch-jobcenter\\\/#article\",\"isPartOf\":{\"@id\":\"https:\\\/\\\/www.buhl.de\\\/vermieter-web\\\/mietkostenuebernahme-durch-jobcenter\\\/\"},\"author\":{\"name\":\"Hartmut Fischer\",\"@id\":\"https:\\\/\\\/www.buhl.de\\\/vermieter-web\\\/#\\\/schema\\\/person\\\/82903e1cb04eb553382702d503991b4f\"},\"headline\":\"Mietkosten\u00fcbernahme durch Jobcenter\",\"datePublished\":\"2017-11-15T07:14:14+00:00\",\"dateModified\":\"2018-08-07T11:23:46+00:00\",\"mainEntityOfPage\":{\"@id\":\"https:\\\/\\\/www.buhl.de\\\/vermieter-web\\\/mietkostenuebernahme-durch-jobcenter\\\/\"},\"wordCount\":277,\"keywords\":[\"Bundesverfassungsgericht\",\"Jobcenter\",\"Mietkosten\u00fcbernahme\"],\"inLanguage\":\"de\"},{\"@type\":\"WebPage\",\"@id\":\"https:\\\/\\\/www.buhl.de\\\/vermieter-web\\\/mietkostenuebernahme-durch-jobcenter\\\/\",\"url\":\"https:\\\/\\\/www.buhl.de\\\/vermieter-web\\\/mietkostenuebernahme-durch-jobcenter\\\/\",\"name\":\"Mietkosten\u00fcbernahme durch Jobcenter - Online-Nebenkostenabrechnung mit WISO Vermieter-Web\",\"isPartOf\":{\"@id\":\"https:\\\/\\\/www.buhl.de\\\/vermieter-web\\\/#website\"},\"datePublished\":\"2017-11-15T07:14:14+00:00\",\"dateModified\":\"2018-08-07T11:23:46+00:00\",\"author\":{\"@id\":\"https:\\\/\\\/www.buhl.de\\\/vermieter-web\\\/#\\\/schema\\\/person\\\/82903e1cb04eb553382702d503991b4f\"},\"breadcrumb\":{\"@id\":\"https:\\\/\\\/www.buhl.de\\\/vermieter-web\\\/mietkostenuebernahme-durch-jobcenter\\\/#breadcrumb\"},\"inLanguage\":\"de\",\"potentialAction\":[{\"@type\":\"ReadAction\",\"target\":[\"https:\\\/\\\/www.buhl.de\\\/vermieter-web\\\/mietkostenuebernahme-durch-jobcenter\\\/\"]}]},{\"@type\":\"BreadcrumbList\",\"@id\":\"https:\\\/\\\/www.buhl.de\\\/vermieter-web\\\/mietkostenuebernahme-durch-jobcenter\\\/#breadcrumb\",\"itemListElement\":[{\"@type\":\"ListItem\",\"position\":1,\"name\":\"Startseite\",\"item\":\"https:\\\/\\\/www.buhl.de\\\/vermieter-web\\\/\"},{\"@type\":\"ListItem\",\"position\":2,\"name\":\"Mietkosten\u00fcbernahme durch Jobcenter\"}]},{\"@type\":\"WebSite\",\"@id\":\"https:\\\/\\\/www.buhl.de\\\/vermieter-web\\\/#website\",\"url\":\"https:\\\/\\\/www.buhl.de\\\/vermieter-web\\\/\",\"name\":\"Online-Nebenkostenabrechnung mit WISO Vermieter-Web\",\"description\":\"\",\"potentialAction\":[{\"@type\":\"SearchAction\",\"target\":{\"@type\":\"EntryPoint\",\"urlTemplate\":\"https:\\\/\\\/www.buhl.de\\\/vermieter-web\\\/?s={search_term_string}\"},\"query-input\":{\"@type\":\"PropertyValueSpecification\",\"valueRequired\":true,\"valueName\":\"search_term_string\"}}],\"inLanguage\":\"de\"},{\"@type\":\"Person\",\"@id\":\"https:\\\/\\\/www.buhl.de\\\/vermieter-web\\\/#\\\/schema\\\/person\\\/82903e1cb04eb553382702d503991b4f\",\"name\":\"Hartmut Fischer\"}]}<\/script>\n<!-- \/ Yoast SEO Premium plugin. -->","yoast_head_json":{"title":"Mietkosten\u00fcbernahme durch Jobcenter - Online-Nebenkostenabrechnung mit WISO Vermieter-Web","robots":{"index":"noindex","follow":"nofollow"},"og_locale":"de_DE","og_type":"article","og_title":"Mietkosten\u00fcbernahme durch Jobcenter","og_description":"Das Jobcenter ist lediglich verpflichtet, die Kosten f\u00fcr einen \u201eangemessenen\u201c Wohnraum zu \u00fcbernehmen. Es ist nicht verpflichtet, grunds\u00e4tzlich die gesamten Kosten einer Wohnung zu \u00fcbernehmen. Dies hat das Bundesverfassungsgericht in einem Beschluss vom 06.10.2017 festgestellt (Aktenzeichen 1 BvR 617\/14). In dem Verfahren ging es um die Beschwerde eines Leistungsbeziehers, der in einer 77 Quadratmeter gro\u00dfen &hellip; \u201eMietkosten\u00fcbernahme durch Jobcenter\u201c weiterlesen","og_url":"https:\/\/www.buhl.de\/vermieter-web\/mietkostenuebernahme-durch-jobcenter\/","og_site_name":"Online-Nebenkostenabrechnung mit WISO Vermieter-Web","article_published_time":"2017-11-15T07:14:14+00:00","article_modified_time":"2018-08-07T11:23:46+00:00","author":"Hartmut Fischer","twitter_card":"summary_large_image","twitter_misc":{"Verfasst von":"Hartmut Fischer","Gesch\u00e4tzte Lesezeit":"1\u00a0Minute"},"schema":{"@context":"https:\/\/schema.org","@graph":[{"@type":"Article","@id":"https:\/\/www.buhl.de\/vermieter-web\/mietkostenuebernahme-durch-jobcenter\/#article","isPartOf":{"@id":"https:\/\/www.buhl.de\/vermieter-web\/mietkostenuebernahme-durch-jobcenter\/"},"author":{"name":"Hartmut Fischer","@id":"https:\/\/www.buhl.de\/vermieter-web\/#\/schema\/person\/82903e1cb04eb553382702d503991b4f"},"headline":"Mietkosten\u00fcbernahme durch Jobcenter","datePublished":"2017-11-15T07:14:14+00:00","dateModified":"2018-08-07T11:23:46+00:00","mainEntityOfPage":{"@id":"https:\/\/www.buhl.de\/vermieter-web\/mietkostenuebernahme-durch-jobcenter\/"},"wordCount":277,"keywords":["Bundesverfassungsgericht","Jobcenter","Mietkosten\u00fcbernahme"],"inLanguage":"de"},{"@type":"WebPage","@id":"https:\/\/www.buhl.de\/vermieter-web\/mietkostenuebernahme-durch-jobcenter\/","url":"https:\/\/www.buhl.de\/vermieter-web\/mietkostenuebernahme-durch-jobcenter\/","name":"Mietkosten\u00fcbernahme durch Jobcenter - Online-Nebenkostenabrechnung mit WISO Vermieter-Web","isPartOf":{"@id":"https:\/\/www.buhl.de\/vermieter-web\/#website"},"datePublished":"2017-11-15T07:14:14+00:00","dateModified":"2018-08-07T11:23:46+00:00","author":{"@id":"https:\/\/www.buhl.de\/vermieter-web\/#\/schema\/person\/82903e1cb04eb553382702d503991b4f"},"breadcrumb":{"@id":"https:\/\/www.buhl.de\/vermieter-web\/mietkostenuebernahme-durch-jobcenter\/#breadcrumb"},"inLanguage":"de","potentialAction":[{"@type":"ReadAction","target":["https:\/\/www.buhl.de\/vermieter-web\/mietkostenuebernahme-durch-jobcenter\/"]}]},{"@type":"BreadcrumbList","@id":"https:\/\/www.buhl.de\/vermieter-web\/mietkostenuebernahme-durch-jobcenter\/#breadcrumb","itemListElement":[{"@type":"ListItem","position":1,"name":"Startseite","item":"https:\/\/www.buhl.de\/vermieter-web\/"},{"@type":"ListItem","position":2,"name":"Mietkosten\u00fcbernahme durch Jobcenter"}]},{"@type":"WebSite","@id":"https:\/\/www.buhl.de\/vermieter-web\/#website","url":"https:\/\/www.buhl.de\/vermieter-web\/","name":"Online-Nebenkostenabrechnung mit WISO Vermieter-Web","description":"","potentialAction":[{"@type":"SearchAction","target":{"@type":"EntryPoint","urlTemplate":"https:\/\/www.buhl.de\/vermieter-web\/?s={search_term_string}"},"query-input":{"@type":"PropertyValueSpecification","valueRequired":true,"valueName":"search_term_string"}}],"inLanguage":"de"},{"@type":"Person","@id":"https:\/\/www.buhl.de\/vermieter-web\/#\/schema\/person\/82903e1cb04eb553382702d503991b4f","name":"Hartmut Fischer"}]}},"_links":{"self":[{"href":"https:\/\/www.buhl.de\/vermieter-web\/wp-json\/wp\/v2\/posts\/5137","targetHints":{"allow":["GET"]}}],"collection":[{"href":"https:\/\/www.buhl.de\/vermieter-web\/wp-json\/wp\/v2\/posts"}],"about":[{"href":"https:\/\/www.buhl.de\/vermieter-web\/wp-json\/wp\/v2\/types\/post"}],"author":[{"embeddable":true,"href":"https:\/\/www.buhl.de\/vermieter-web\/wp-json\/wp\/v2\/users\/15"}],"replies":[{"embeddable":true,"href":"https:\/\/www.buhl.de\/vermieter-web\/wp-json\/wp\/v2\/comments?post=5137"}],"version-history":[{"count":2,"href":"https:\/\/www.buhl.de\/vermieter-web\/wp-json\/wp\/v2\/posts\/5137\/revisions"}],"predecessor-version":[{"id":7763,"href":"https:\/\/www.buhl.de\/vermieter-web\/wp-json\/wp\/v2\/posts\/5137\/revisions\/7763"}],"wp:attachment":[{"href":"https:\/\/www.buhl.de\/vermieter-web\/wp-json\/wp\/v2\/media?parent=5137"}],"wp:term":[{"taxonomy":"category","embeddable":true,"href":"https:\/\/www.buhl.de\/vermieter-web\/wp-json\/wp\/v2\/categories?post=5137"},{"taxonomy":"post_tag","embeddable":true,"href":"https:\/\/www.buhl.de\/vermieter-web\/wp-json\/wp\/v2\/tags?post=5137"}],"curies":[{"name":"wp","href":"https:\/\/api.w.org\/{rel}","templated":true}]}}