{"id":5153,"date":"2018-01-16T16:10:32","date_gmt":"2018-01-16T15:10:32","guid":{"rendered":"https:\/\/www.buhl.de\/vermieter-web\/?p=5153"},"modified":"2021-08-17T08:46:40","modified_gmt":"2021-08-17T06:46:40","slug":"nachts-am-fenster-rauchen","status":"publish","type":"post","link":"https:\/\/www.buhl.de\/vermieter-web\/nachts-am-fenster-rauchen\/","title":{"rendered":"Nachts am Fenster rauchen"},"content":{"rendered":"<p><strong>Ein Mieter darf nicht nachts am Fenster rauchen, wenn dadurch Rauch in das Schlafzimmer einer dar\u00fcberliegenden Wohnung gelangt. Die dadurch entstehende Geruchsbel\u00e4stigung stellt eine St\u00f6rung der Nachtruhe dar, das eine Mietminderung von 3 % rechtfertigt. Zu diesem Ergebnis kam das Landgericht Berlin in einem Urteil vom 10.08.2017 (Aktenzeichen 65 S 362\/16).<\/strong><\/p>\n<p>In dem Streitfall hatte der Mieter einer Wohnung seinen Vermieter verklagt, daf\u00fcr zu sorgen, dass der unter ihm wohnende Mieter nachts nicht mehr am offenen Fenster rauche, da der Nikotingeruch durch sein offenes Fenster ins Schlafzimmer gelangte. Au\u00dferdem solle das Gericht feststellen, dass er Anspruch auf eine Mietminderung habe.<\/p>\n<p>Das Landgericht Berlin entschied gab ihm Recht. Die Richter stellten zwar grunds\u00e4tzlich fest, dass das Rauchen in den eigenen R\u00e4umen zum normalen Mietgebrauch geh\u00f6re. Der Mieter k\u00f6nne also nicht davon ausgehen, dass im Haus nur Nichtraucher wohnen w\u00fcrden.<\/p>\n<p>Allerdings st\u00f6re der Nikotingeruch die Nachtruhe des Kl\u00e4gers. Dies sei eine starke Beeintr\u00e4chtigung der Gebrauchsf\u00e4higkeit einer Wohnung dar. Der Mieter k\u00f6nne nichts gegen die Bel\u00e4stigung unternehmen und konnte nicht vorhersehen, dass diese Beeintr\u00e4chtigung w\u00e4hrend der allgemeinen Ruhezeiten auftreten w\u00fcrde. Hier spiele es auch keine Rolle, wie h\u00e4ufig es zu solchen Bel\u00e4stigungen komme.<\/p>\n<p>Das Gericht verwies auch auf das Gebot der R\u00fccksichtnahme, das von dem Raucher verlange, zumutbare Ma\u00dfnahmen zur Beeintr\u00e4chtigungsvermeidung zu ergreifen. Hierzu geh\u00f6re beispielsweise, dass der Raucher an ein anderes Fenster ginge, um zu rauchen.<\/p>\n<p>Das Landgericht entschied, das im vorliegenden Fall eine Mietminderung\u00a0von 3\u00a0% angemessen sei.<\/p>\n","protected":false},"excerpt":{"rendered":"<p>Ein Mieter darf nicht nachts am Fenster rauchen, wenn dadurch Rauch in das Schlafzimmer einer dar\u00fcberliegenden Wohnung gelangt. Die dadurch entstehende Geruchsbel\u00e4stigung stellt eine St\u00f6rung der Nachtruhe dar, das eine Mietminderung von 3 % rechtfertigt. Zu diesem Ergebnis kam das Landgericht Berlin in einem Urteil vom 10.08.2017 (Aktenzeichen 65 S 362\/16). In dem Streitfall hatte &hellip; <\/p>\n<p class=\"link-more\"><a href=\"https:\/\/www.buhl.de\/vermieter-web\/nachts-am-fenster-rauchen\/\" class=\"more-link\"><span class=\"screen-reader-text\">\u201eNachts am Fenster rauchen\u201c<\/span> weiterlesen<\/a><\/p>\n","protected":false},"author":15,"featured_media":0,"comment_status":"closed","ping_status":"open","sticky":false,"template":"","format":"standard","meta":{"footnotes":""},"categories":[1],"tags":[485,473,486],"class_list":["post-5153","post","type-post","status-publish","format-standard","hentry","category-allgemein","tag-geruchsbelaestigung","tag-mietminderung","tag-rauchen"],"yoast_head":"<!-- This site is optimized with the Yoast SEO Premium plugin v27.4 (Yoast SEO v27.5) - https:\/\/yoast.com\/product\/yoast-seo-premium-wordpress\/ -->\n<title>Nachts am Fenster rauchen - Online-Nebenkostenabrechnung mit WISO Vermieter-Web<\/title>\n<meta name=\"robots\" content=\"noindex, nofollow\" \/>\n<meta property=\"og:locale\" content=\"de_DE\" \/>\n<meta property=\"og:type\" content=\"article\" \/>\n<meta property=\"og:title\" content=\"Nachts am Fenster rauchen\" \/>\n<meta property=\"og:description\" content=\"Ein Mieter darf nicht nachts am Fenster rauchen, wenn dadurch Rauch in das Schlafzimmer einer dar\u00fcberliegenden Wohnung gelangt. Die dadurch entstehende Geruchsbel\u00e4stigung stellt eine St\u00f6rung der Nachtruhe dar, das eine Mietminderung von 3 % rechtfertigt. Zu diesem Ergebnis kam das Landgericht Berlin in einem Urteil vom 10.08.2017 (Aktenzeichen 65 S 362\/16). In dem Streitfall hatte &hellip; \u201eNachts am Fenster rauchen\u201c weiterlesen\" \/>\n<meta property=\"og:url\" content=\"https:\/\/www.buhl.de\/vermieter-web\/nachts-am-fenster-rauchen\/\" \/>\n<meta property=\"og:site_name\" content=\"Online-Nebenkostenabrechnung mit WISO Vermieter-Web\" \/>\n<meta property=\"article:published_time\" content=\"2018-01-16T15:10:32+00:00\" \/>\n<meta property=\"article:modified_time\" content=\"2021-08-17T06:46:40+00:00\" \/>\n<meta name=\"author\" content=\"Hartmut Fischer\" \/>\n<meta name=\"twitter:card\" content=\"summary_large_image\" \/>\n<meta name=\"twitter:label1\" content=\"Verfasst von\" \/>\n\t<meta name=\"twitter:data1\" content=\"Hartmut Fischer\" \/>\n\t<meta name=\"twitter:label2\" content=\"Gesch\u00e4tzte Lesezeit\" \/>\n\t<meta name=\"twitter:data2\" content=\"1\u00a0Minute\" \/>\n<script type=\"application\/ld+json\" class=\"yoast-schema-graph\">{\"@context\":\"https:\\\/\\\/schema.org\",\"@graph\":[{\"@type\":\"Article\",\"@id\":\"https:\\\/\\\/www.buhl.de\\\/vermieter-web\\\/nachts-am-fenster-rauchen\\\/#article\",\"isPartOf\":{\"@id\":\"https:\\\/\\\/www.buhl.de\\\/vermieter-web\\\/nachts-am-fenster-rauchen\\\/\"},\"author\":{\"name\":\"Hartmut Fischer\",\"@id\":\"https:\\\/\\\/www.buhl.de\\\/vermieter-web\\\/#\\\/schema\\\/person\\\/82903e1cb04eb553382702d503991b4f\"},\"headline\":\"Nachts am Fenster rauchen\",\"datePublished\":\"2018-01-16T15:10:32+00:00\",\"dateModified\":\"2021-08-17T06:46:40+00:00\",\"mainEntityOfPage\":{\"@id\":\"https:\\\/\\\/www.buhl.de\\\/vermieter-web\\\/nachts-am-fenster-rauchen\\\/\"},\"wordCount\":260,\"keywords\":[\"Geruchsbel\u00e4stigung\",\"Mietminderung\",\"Rauchen\"],\"inLanguage\":\"de\"},{\"@type\":\"WebPage\",\"@id\":\"https:\\\/\\\/www.buhl.de\\\/vermieter-web\\\/nachts-am-fenster-rauchen\\\/\",\"url\":\"https:\\\/\\\/www.buhl.de\\\/vermieter-web\\\/nachts-am-fenster-rauchen\\\/\",\"name\":\"Nachts am Fenster rauchen - Online-Nebenkostenabrechnung mit WISO Vermieter-Web\",\"isPartOf\":{\"@id\":\"https:\\\/\\\/www.buhl.de\\\/vermieter-web\\\/#website\"},\"datePublished\":\"2018-01-16T15:10:32+00:00\",\"dateModified\":\"2021-08-17T06:46:40+00:00\",\"author\":{\"@id\":\"https:\\\/\\\/www.buhl.de\\\/vermieter-web\\\/#\\\/schema\\\/person\\\/82903e1cb04eb553382702d503991b4f\"},\"breadcrumb\":{\"@id\":\"https:\\\/\\\/www.buhl.de\\\/vermieter-web\\\/nachts-am-fenster-rauchen\\\/#breadcrumb\"},\"inLanguage\":\"de\",\"potentialAction\":[{\"@type\":\"ReadAction\",\"target\":[\"https:\\\/\\\/www.buhl.de\\\/vermieter-web\\\/nachts-am-fenster-rauchen\\\/\"]}]},{\"@type\":\"BreadcrumbList\",\"@id\":\"https:\\\/\\\/www.buhl.de\\\/vermieter-web\\\/nachts-am-fenster-rauchen\\\/#breadcrumb\",\"itemListElement\":[{\"@type\":\"ListItem\",\"position\":1,\"name\":\"Startseite\",\"item\":\"https:\\\/\\\/www.buhl.de\\\/vermieter-web\\\/\"},{\"@type\":\"ListItem\",\"position\":2,\"name\":\"Nachts am Fenster rauchen\"}]},{\"@type\":\"WebSite\",\"@id\":\"https:\\\/\\\/www.buhl.de\\\/vermieter-web\\\/#website\",\"url\":\"https:\\\/\\\/www.buhl.de\\\/vermieter-web\\\/\",\"name\":\"Online-Nebenkostenabrechnung mit WISO Vermieter-Web\",\"description\":\"\",\"potentialAction\":[{\"@type\":\"SearchAction\",\"target\":{\"@type\":\"EntryPoint\",\"urlTemplate\":\"https:\\\/\\\/www.buhl.de\\\/vermieter-web\\\/?s={search_term_string}\"},\"query-input\":{\"@type\":\"PropertyValueSpecification\",\"valueRequired\":true,\"valueName\":\"search_term_string\"}}],\"inLanguage\":\"de\"},{\"@type\":\"Person\",\"@id\":\"https:\\\/\\\/www.buhl.de\\\/vermieter-web\\\/#\\\/schema\\\/person\\\/82903e1cb04eb553382702d503991b4f\",\"name\":\"Hartmut Fischer\"}]}<\/script>\n<!-- \/ Yoast SEO Premium plugin. -->","yoast_head_json":{"title":"Nachts am Fenster rauchen - Online-Nebenkostenabrechnung mit WISO Vermieter-Web","robots":{"index":"noindex","follow":"nofollow"},"og_locale":"de_DE","og_type":"article","og_title":"Nachts am Fenster rauchen","og_description":"Ein Mieter darf nicht nachts am Fenster rauchen, wenn dadurch Rauch in das Schlafzimmer einer dar\u00fcberliegenden Wohnung gelangt. Die dadurch entstehende Geruchsbel\u00e4stigung stellt eine St\u00f6rung der Nachtruhe dar, das eine Mietminderung von 3 % rechtfertigt. Zu diesem Ergebnis kam das Landgericht Berlin in einem Urteil vom 10.08.2017 (Aktenzeichen 65 S 362\/16). In dem Streitfall hatte &hellip; \u201eNachts am Fenster rauchen\u201c weiterlesen","og_url":"https:\/\/www.buhl.de\/vermieter-web\/nachts-am-fenster-rauchen\/","og_site_name":"Online-Nebenkostenabrechnung mit WISO Vermieter-Web","article_published_time":"2018-01-16T15:10:32+00:00","article_modified_time":"2021-08-17T06:46:40+00:00","author":"Hartmut Fischer","twitter_card":"summary_large_image","twitter_misc":{"Verfasst von":"Hartmut Fischer","Gesch\u00e4tzte Lesezeit":"1\u00a0Minute"},"schema":{"@context":"https:\/\/schema.org","@graph":[{"@type":"Article","@id":"https:\/\/www.buhl.de\/vermieter-web\/nachts-am-fenster-rauchen\/#article","isPartOf":{"@id":"https:\/\/www.buhl.de\/vermieter-web\/nachts-am-fenster-rauchen\/"},"author":{"name":"Hartmut Fischer","@id":"https:\/\/www.buhl.de\/vermieter-web\/#\/schema\/person\/82903e1cb04eb553382702d503991b4f"},"headline":"Nachts am Fenster rauchen","datePublished":"2018-01-16T15:10:32+00:00","dateModified":"2021-08-17T06:46:40+00:00","mainEntityOfPage":{"@id":"https:\/\/www.buhl.de\/vermieter-web\/nachts-am-fenster-rauchen\/"},"wordCount":260,"keywords":["Geruchsbel\u00e4stigung","Mietminderung","Rauchen"],"inLanguage":"de"},{"@type":"WebPage","@id":"https:\/\/www.buhl.de\/vermieter-web\/nachts-am-fenster-rauchen\/","url":"https:\/\/www.buhl.de\/vermieter-web\/nachts-am-fenster-rauchen\/","name":"Nachts am Fenster rauchen - Online-Nebenkostenabrechnung mit WISO Vermieter-Web","isPartOf":{"@id":"https:\/\/www.buhl.de\/vermieter-web\/#website"},"datePublished":"2018-01-16T15:10:32+00:00","dateModified":"2021-08-17T06:46:40+00:00","author":{"@id":"https:\/\/www.buhl.de\/vermieter-web\/#\/schema\/person\/82903e1cb04eb553382702d503991b4f"},"breadcrumb":{"@id":"https:\/\/www.buhl.de\/vermieter-web\/nachts-am-fenster-rauchen\/#breadcrumb"},"inLanguage":"de","potentialAction":[{"@type":"ReadAction","target":["https:\/\/www.buhl.de\/vermieter-web\/nachts-am-fenster-rauchen\/"]}]},{"@type":"BreadcrumbList","@id":"https:\/\/www.buhl.de\/vermieter-web\/nachts-am-fenster-rauchen\/#breadcrumb","itemListElement":[{"@type":"ListItem","position":1,"name":"Startseite","item":"https:\/\/www.buhl.de\/vermieter-web\/"},{"@type":"ListItem","position":2,"name":"Nachts am Fenster rauchen"}]},{"@type":"WebSite","@id":"https:\/\/www.buhl.de\/vermieter-web\/#website","url":"https:\/\/www.buhl.de\/vermieter-web\/","name":"Online-Nebenkostenabrechnung mit WISO Vermieter-Web","description":"","potentialAction":[{"@type":"SearchAction","target":{"@type":"EntryPoint","urlTemplate":"https:\/\/www.buhl.de\/vermieter-web\/?s={search_term_string}"},"query-input":{"@type":"PropertyValueSpecification","valueRequired":true,"valueName":"search_term_string"}}],"inLanguage":"de"},{"@type":"Person","@id":"https:\/\/www.buhl.de\/vermieter-web\/#\/schema\/person\/82903e1cb04eb553382702d503991b4f","name":"Hartmut Fischer"}]}},"_links":{"self":[{"href":"https:\/\/www.buhl.de\/vermieter-web\/wp-json\/wp\/v2\/posts\/5153","targetHints":{"allow":["GET"]}}],"collection":[{"href":"https:\/\/www.buhl.de\/vermieter-web\/wp-json\/wp\/v2\/posts"}],"about":[{"href":"https:\/\/www.buhl.de\/vermieter-web\/wp-json\/wp\/v2\/types\/post"}],"author":[{"embeddable":true,"href":"https:\/\/www.buhl.de\/vermieter-web\/wp-json\/wp\/v2\/users\/15"}],"replies":[{"embeddable":true,"href":"https:\/\/www.buhl.de\/vermieter-web\/wp-json\/wp\/v2\/comments?post=5153"}],"version-history":[{"count":4,"href":"https:\/\/www.buhl.de\/vermieter-web\/wp-json\/wp\/v2\/posts\/5153\/revisions"}],"predecessor-version":[{"id":13832,"href":"https:\/\/www.buhl.de\/vermieter-web\/wp-json\/wp\/v2\/posts\/5153\/revisions\/13832"}],"wp:attachment":[{"href":"https:\/\/www.buhl.de\/vermieter-web\/wp-json\/wp\/v2\/media?parent=5153"}],"wp:term":[{"taxonomy":"category","embeddable":true,"href":"https:\/\/www.buhl.de\/vermieter-web\/wp-json\/wp\/v2\/categories?post=5153"},{"taxonomy":"post_tag","embeddable":true,"href":"https:\/\/www.buhl.de\/vermieter-web\/wp-json\/wp\/v2\/tags?post=5153"}],"curies":[{"name":"wp","href":"https:\/\/api.w.org\/{rel}","templated":true}]}}