{"id":5154,"date":"2018-01-18T07:28:27","date_gmt":"2018-01-18T06:28:27","guid":{"rendered":"https:\/\/www.buhl.de\/vermieter-web\/?p=5154"},"modified":"2022-07-27T10:00:30","modified_gmt":"2022-07-27T08:00:30","slug":"einheitswert-auf-dem-pruefstand","status":"publish","type":"post","link":"https:\/\/www.buhl.de\/vermieter-web\/einheitswert-auf-dem-pruefstand\/","title":{"rendered":"Einheitswert auf dem Pr\u00fcfstand"},"content":{"rendered":"<p>Derzeit verhandelt das Bundesverfassungsgericht \u00fcber das sogenannte Einheitswertprinzip, mit dem die Basis f\u00fcr die Grundsteuererhebung festgelegt wird. Bereits in den ersten Verhandlungstagen kritisierten die Richter das Verfahren und bezweifelten, dass es mit dem Grundgesetz vereinbar sei.<\/p>\n<div class=\"kasten_tipp\">\n<div>Mehr zum Thema <a title=\"Einheitswert &amp; Einheitswertbescheid\" href=\"https:\/\/www.buhl.de\/steuer\/ratgeber\/einheitswert-einheitswertbescheid\/\">Einheitswert<\/a> und <a title=\"Grundsteuer berechnen\" href=\"https:\/\/www.buhl.de\/steuer\/grundsteuer\/\">Grundsteuer<\/a>\u00a0erfahren Sie in unserem<a href=\"https:\/\/www.hausblick.de\/wissen-rechte-pflichten\/2-leitfaden-finanzieren\/408-steuerthemen\"> Beitrag im Leitfaden Wissen | Steuerthemen.<\/a><\/div>\n<\/div>\n<p>Unter anderem bem\u00e4ngelte der Vizepr\u00e4sident des Bundesverfassungsgerichts, Ferdinand Kichhof, dass \u2013 entgegen der bei Einf\u00fchrung des Gesetzes geplanten Regelung \u2013 keine Neubewertung nach sechs Jahren erfolgt sei.<\/p>\n<p>Wir halten Sie \u00fcber das Verfahren auf dem Laufenden.<\/p>\n","protected":false},"excerpt":{"rendered":"<p>Derzeit verhandelt das Bundesverfassungsgericht \u00fcber das sogenannte Einheitswertprinzip, mit dem die Basis f\u00fcr die Grundsteuererhebung festgelegt wird. Bereits in den ersten Verhandlungstagen kritisierten die Richter das Verfahren und bezweifelten, dass es mit dem Grundgesetz vereinbar sei. Mehr zum Thema Einheitswert und Grundsteuer\u00a0erfahren Sie in unserem Beitrag im Leitfaden Wissen | Steuerthemen. Unter anderem bem\u00e4ngelte der &hellip; <\/p>\n<p class=\"link-more\"><a href=\"https:\/\/www.buhl.de\/vermieter-web\/einheitswert-auf-dem-pruefstand\/\" class=\"more-link\"><span class=\"screen-reader-text\">\u201eEinheitswert auf dem Pr\u00fcfstand\u201c<\/span> weiterlesen<\/a><\/p>\n","protected":false},"author":15,"featured_media":0,"comment_status":"closed","ping_status":"open","sticky":false,"template":"","format":"standard","meta":{"footnotes":""},"categories":[1],"tags":[482,483,484],"class_list":["post-5154","post","type-post","status-publish","format-standard","hentry","category-allgemein","tag-bundesverfassungsgericht","tag-einheitswert","tag-pruefstand"],"yoast_head":"<!-- This site is optimized with the Yoast SEO Premium plugin v27.4 (Yoast SEO v27.5) - https:\/\/yoast.com\/product\/yoast-seo-premium-wordpress\/ -->\n<title>Einheitswert auf dem Pr\u00fcfstand - Online-Nebenkostenabrechnung mit WISO Vermieter-Web<\/title>\n<meta name=\"robots\" content=\"noindex, nofollow\" \/>\n<meta property=\"og:locale\" content=\"de_DE\" \/>\n<meta property=\"og:type\" content=\"article\" \/>\n<meta property=\"og:title\" content=\"Einheitswert auf dem Pr\u00fcfstand\" \/>\n<meta property=\"og:description\" content=\"Derzeit verhandelt das Bundesverfassungsgericht \u00fcber das sogenannte Einheitswertprinzip, mit dem die Basis f\u00fcr die Grundsteuererhebung festgelegt wird. Bereits in den ersten Verhandlungstagen kritisierten die Richter das Verfahren und bezweifelten, dass es mit dem Grundgesetz vereinbar sei. Mehr zum Thema Einheitswert und Grundsteuer\u00a0erfahren Sie in unserem Beitrag im Leitfaden Wissen | Steuerthemen. Unter anderem bem\u00e4ngelte der &hellip; \u201eEinheitswert auf dem Pr\u00fcfstand\u201c weiterlesen\" \/>\n<meta property=\"og:url\" content=\"https:\/\/www.buhl.de\/vermieter-web\/einheitswert-auf-dem-pruefstand\/\" \/>\n<meta property=\"og:site_name\" content=\"Online-Nebenkostenabrechnung mit WISO Vermieter-Web\" \/>\n<meta property=\"article:published_time\" content=\"2018-01-18T06:28:27+00:00\" \/>\n<meta property=\"article:modified_time\" content=\"2022-07-27T08:00:30+00:00\" \/>\n<meta name=\"author\" content=\"Hartmut Fischer\" \/>\n<meta name=\"twitter:card\" content=\"summary_large_image\" \/>\n<meta name=\"twitter:label1\" content=\"Verfasst von\" \/>\n\t<meta name=\"twitter:data1\" content=\"Hartmut Fischer\" \/>\n\t<meta name=\"twitter:label2\" content=\"Gesch\u00e4tzte Lesezeit\" \/>\n\t<meta name=\"twitter:data2\" content=\"1\u00a0Minute\" \/>\n<script type=\"application\/ld+json\" class=\"yoast-schema-graph\">{\"@context\":\"https:\\\/\\\/schema.org\",\"@graph\":[{\"@type\":\"Article\",\"@id\":\"https:\\\/\\\/www.buhl.de\\\/vermieter-web\\\/einheitswert-auf-dem-pruefstand\\\/#article\",\"isPartOf\":{\"@id\":\"https:\\\/\\\/www.buhl.de\\\/vermieter-web\\\/einheitswert-auf-dem-pruefstand\\\/\"},\"author\":{\"name\":\"Hartmut Fischer\",\"@id\":\"https:\\\/\\\/www.buhl.de\\\/vermieter-web\\\/#\\\/schema\\\/person\\\/82903e1cb04eb553382702d503991b4f\"},\"headline\":\"Einheitswert auf dem Pr\u00fcfstand\",\"datePublished\":\"2018-01-18T06:28:27+00:00\",\"dateModified\":\"2022-07-27T08:00:30+00:00\",\"mainEntityOfPage\":{\"@id\":\"https:\\\/\\\/www.buhl.de\\\/vermieter-web\\\/einheitswert-auf-dem-pruefstand\\\/\"},\"wordCount\":94,\"keywords\":[\"Bundesverfassungsgericht\",\"Einheitswert\",\"Pr\u00fcfstand\"],\"inLanguage\":\"de\"},{\"@type\":\"WebPage\",\"@id\":\"https:\\\/\\\/www.buhl.de\\\/vermieter-web\\\/einheitswert-auf-dem-pruefstand\\\/\",\"url\":\"https:\\\/\\\/www.buhl.de\\\/vermieter-web\\\/einheitswert-auf-dem-pruefstand\\\/\",\"name\":\"Einheitswert auf dem Pr\u00fcfstand - Online-Nebenkostenabrechnung mit WISO Vermieter-Web\",\"isPartOf\":{\"@id\":\"https:\\\/\\\/www.buhl.de\\\/vermieter-web\\\/#website\"},\"datePublished\":\"2018-01-18T06:28:27+00:00\",\"dateModified\":\"2022-07-27T08:00:30+00:00\",\"author\":{\"@id\":\"https:\\\/\\\/www.buhl.de\\\/vermieter-web\\\/#\\\/schema\\\/person\\\/82903e1cb04eb553382702d503991b4f\"},\"breadcrumb\":{\"@id\":\"https:\\\/\\\/www.buhl.de\\\/vermieter-web\\\/einheitswert-auf-dem-pruefstand\\\/#breadcrumb\"},\"inLanguage\":\"de\",\"potentialAction\":[{\"@type\":\"ReadAction\",\"target\":[\"https:\\\/\\\/www.buhl.de\\\/vermieter-web\\\/einheitswert-auf-dem-pruefstand\\\/\"]}]},{\"@type\":\"BreadcrumbList\",\"@id\":\"https:\\\/\\\/www.buhl.de\\\/vermieter-web\\\/einheitswert-auf-dem-pruefstand\\\/#breadcrumb\",\"itemListElement\":[{\"@type\":\"ListItem\",\"position\":1,\"name\":\"Startseite\",\"item\":\"https:\\\/\\\/www.buhl.de\\\/vermieter-web\\\/\"},{\"@type\":\"ListItem\",\"position\":2,\"name\":\"Einheitswert auf dem Pr\u00fcfstand\"}]},{\"@type\":\"WebSite\",\"@id\":\"https:\\\/\\\/www.buhl.de\\\/vermieter-web\\\/#website\",\"url\":\"https:\\\/\\\/www.buhl.de\\\/vermieter-web\\\/\",\"name\":\"Online-Nebenkostenabrechnung mit WISO Vermieter-Web\",\"description\":\"\",\"potentialAction\":[{\"@type\":\"SearchAction\",\"target\":{\"@type\":\"EntryPoint\",\"urlTemplate\":\"https:\\\/\\\/www.buhl.de\\\/vermieter-web\\\/?s={search_term_string}\"},\"query-input\":{\"@type\":\"PropertyValueSpecification\",\"valueRequired\":true,\"valueName\":\"search_term_string\"}}],\"inLanguage\":\"de\"},{\"@type\":\"Person\",\"@id\":\"https:\\\/\\\/www.buhl.de\\\/vermieter-web\\\/#\\\/schema\\\/person\\\/82903e1cb04eb553382702d503991b4f\",\"name\":\"Hartmut Fischer\"}]}<\/script>\n<!-- \/ Yoast SEO Premium plugin. -->","yoast_head_json":{"title":"Einheitswert auf dem Pr\u00fcfstand - Online-Nebenkostenabrechnung mit WISO Vermieter-Web","robots":{"index":"noindex","follow":"nofollow"},"og_locale":"de_DE","og_type":"article","og_title":"Einheitswert auf dem Pr\u00fcfstand","og_description":"Derzeit verhandelt das Bundesverfassungsgericht \u00fcber das sogenannte Einheitswertprinzip, mit dem die Basis f\u00fcr die Grundsteuererhebung festgelegt wird. Bereits in den ersten Verhandlungstagen kritisierten die Richter das Verfahren und bezweifelten, dass es mit dem Grundgesetz vereinbar sei. Mehr zum Thema Einheitswert und Grundsteuer\u00a0erfahren Sie in unserem Beitrag im Leitfaden Wissen | Steuerthemen. Unter anderem bem\u00e4ngelte der &hellip; \u201eEinheitswert auf dem Pr\u00fcfstand\u201c weiterlesen","og_url":"https:\/\/www.buhl.de\/vermieter-web\/einheitswert-auf-dem-pruefstand\/","og_site_name":"Online-Nebenkostenabrechnung mit WISO Vermieter-Web","article_published_time":"2018-01-18T06:28:27+00:00","article_modified_time":"2022-07-27T08:00:30+00:00","author":"Hartmut Fischer","twitter_card":"summary_large_image","twitter_misc":{"Verfasst von":"Hartmut Fischer","Gesch\u00e4tzte Lesezeit":"1\u00a0Minute"},"schema":{"@context":"https:\/\/schema.org","@graph":[{"@type":"Article","@id":"https:\/\/www.buhl.de\/vermieter-web\/einheitswert-auf-dem-pruefstand\/#article","isPartOf":{"@id":"https:\/\/www.buhl.de\/vermieter-web\/einheitswert-auf-dem-pruefstand\/"},"author":{"name":"Hartmut Fischer","@id":"https:\/\/www.buhl.de\/vermieter-web\/#\/schema\/person\/82903e1cb04eb553382702d503991b4f"},"headline":"Einheitswert auf dem Pr\u00fcfstand","datePublished":"2018-01-18T06:28:27+00:00","dateModified":"2022-07-27T08:00:30+00:00","mainEntityOfPage":{"@id":"https:\/\/www.buhl.de\/vermieter-web\/einheitswert-auf-dem-pruefstand\/"},"wordCount":94,"keywords":["Bundesverfassungsgericht","Einheitswert","Pr\u00fcfstand"],"inLanguage":"de"},{"@type":"WebPage","@id":"https:\/\/www.buhl.de\/vermieter-web\/einheitswert-auf-dem-pruefstand\/","url":"https:\/\/www.buhl.de\/vermieter-web\/einheitswert-auf-dem-pruefstand\/","name":"Einheitswert auf dem Pr\u00fcfstand - Online-Nebenkostenabrechnung mit WISO Vermieter-Web","isPartOf":{"@id":"https:\/\/www.buhl.de\/vermieter-web\/#website"},"datePublished":"2018-01-18T06:28:27+00:00","dateModified":"2022-07-27T08:00:30+00:00","author":{"@id":"https:\/\/www.buhl.de\/vermieter-web\/#\/schema\/person\/82903e1cb04eb553382702d503991b4f"},"breadcrumb":{"@id":"https:\/\/www.buhl.de\/vermieter-web\/einheitswert-auf-dem-pruefstand\/#breadcrumb"},"inLanguage":"de","potentialAction":[{"@type":"ReadAction","target":["https:\/\/www.buhl.de\/vermieter-web\/einheitswert-auf-dem-pruefstand\/"]}]},{"@type":"BreadcrumbList","@id":"https:\/\/www.buhl.de\/vermieter-web\/einheitswert-auf-dem-pruefstand\/#breadcrumb","itemListElement":[{"@type":"ListItem","position":1,"name":"Startseite","item":"https:\/\/www.buhl.de\/vermieter-web\/"},{"@type":"ListItem","position":2,"name":"Einheitswert auf dem Pr\u00fcfstand"}]},{"@type":"WebSite","@id":"https:\/\/www.buhl.de\/vermieter-web\/#website","url":"https:\/\/www.buhl.de\/vermieter-web\/","name":"Online-Nebenkostenabrechnung mit WISO Vermieter-Web","description":"","potentialAction":[{"@type":"SearchAction","target":{"@type":"EntryPoint","urlTemplate":"https:\/\/www.buhl.de\/vermieter-web\/?s={search_term_string}"},"query-input":{"@type":"PropertyValueSpecification","valueRequired":true,"valueName":"search_term_string"}}],"inLanguage":"de"},{"@type":"Person","@id":"https:\/\/www.buhl.de\/vermieter-web\/#\/schema\/person\/82903e1cb04eb553382702d503991b4f","name":"Hartmut Fischer"}]}},"_links":{"self":[{"href":"https:\/\/www.buhl.de\/vermieter-web\/wp-json\/wp\/v2\/posts\/5154","targetHints":{"allow":["GET"]}}],"collection":[{"href":"https:\/\/www.buhl.de\/vermieter-web\/wp-json\/wp\/v2\/posts"}],"about":[{"href":"https:\/\/www.buhl.de\/vermieter-web\/wp-json\/wp\/v2\/types\/post"}],"author":[{"embeddable":true,"href":"https:\/\/www.buhl.de\/vermieter-web\/wp-json\/wp\/v2\/users\/15"}],"replies":[{"embeddable":true,"href":"https:\/\/www.buhl.de\/vermieter-web\/wp-json\/wp\/v2\/comments?post=5154"}],"version-history":[{"count":6,"href":"https:\/\/www.buhl.de\/vermieter-web\/wp-json\/wp\/v2\/posts\/5154\/revisions"}],"predecessor-version":[{"id":14278,"href":"https:\/\/www.buhl.de\/vermieter-web\/wp-json\/wp\/v2\/posts\/5154\/revisions\/14278"}],"wp:attachment":[{"href":"https:\/\/www.buhl.de\/vermieter-web\/wp-json\/wp\/v2\/media?parent=5154"}],"wp:term":[{"taxonomy":"category","embeddable":true,"href":"https:\/\/www.buhl.de\/vermieter-web\/wp-json\/wp\/v2\/categories?post=5154"},{"taxonomy":"post_tag","embeddable":true,"href":"https:\/\/www.buhl.de\/vermieter-web\/wp-json\/wp\/v2\/tags?post=5154"}],"curies":[{"name":"wp","href":"https:\/\/api.w.org\/{rel}","templated":true}]}}