{"id":5172,"date":"2018-02-23T09:52:00","date_gmt":"2018-02-23T08:52:00","guid":{"rendered":"https:\/\/www.buhl.de\/vermieter-web\/?p=5172"},"modified":"2018-08-07T13:23:39","modified_gmt":"2018-08-07T11:23:39","slug":"kuendigungsschutz-bei-weitervermietung","status":"publish","type":"post","link":"https:\/\/www.buhl.de\/vermieter-web\/kuendigungsschutz-bei-weitervermietung\/","title":{"rendered":"K\u00fcndigungsschutz bei Weitervermietung"},"content":{"rendered":"<p><strong>K\u00fcndigungsschutz bei Weitervermietung<\/strong><\/p>\n<p><strong>Wir eine Wohnung gewerblich weitervermietet, genie\u00dft der Endmieter vollen K\u00fcndigungsschutz. Dies gilt auch, wenn die Weitervermietung ohne die Absicht der Gewinnerzielung erfolgt. Dies entschied der Bundesgerichtshof in einem Urteil vom 17.01.2018 (Aktenzeichen VIII ZR 241\/16).<\/strong><\/p>\n<p>In dem Verfahren ging es um eine Wohnung, die ein Arbeitgeber f\u00fcr einen Mitarbeiter anmietete und an diesen zu den gleichen Konditionen, wie er gemietet hatte, weitervermietete. Aufgrund eines Sozialplanes konnte der Untermieter die Wohnung auch nach Verrentung weiter nutzen. Nach dem Verkauf der Wohnung k\u00fcndigte der neue Vermieter den Hauptmietvertrag und verlangte vom Untermieter die Herausgabe der Wohnung.<\/p>\n<p>Durch die K\u00fcndigung schied der Hauptmieter aus dem Mietvertrag aus. Nach \u00a7 565 BGB, Absatz 1, Satz 1 wird aber bei einer gewerblichen Weitervermietung der Vermieter automatisch zum Vertragspartner des Untermieters, wenn der Hauptmieter aus dem Vertragsverh\u00e4ltnis ausscheidet.<\/p>\n<p><strong>\u00a7 565 BGB (Auszug): <\/strong>Soll der Mieter nach dem Mietvertrag den gemieteten Wohnraum gewerblich einem Dritten zu Wohnzwecken weitervermieten, so tritt der Vermieter bei der Beendigung des Mietverh\u00e4ltnisses in die Rechte und Pflichten aus dem Mietverh\u00e4ltnis zwischen dem Mieter und dem Dritten ein.&nbsp;\u2026<\/p>\n<p>Der Gesetzgeber wollte mit dieser Bestimmung erreichen, dass ein Untermieter bei einer gewerblichen Untervermietung den gleichen sozialen K\u00fcndigungsschutz geniest, der ihm bei einer direkten Anmietung beim Vermieter zugestanden h\u00e4tte. Im vorliegenden Fall war aber zu kl\u00e4ren, ob es sich \u00fcberhaupt um eine gewerbliche Weitervermietung handelte, da der Hauptmieter keine Gewinne erzielen wollte.<\/p>\n<p>Dies sei auch nicht notwendig, stellten die Richter des BGH fest. Es reiche, dass der Hauptmieter mit der Untervermietung eigene wirtschaftliche Interessen verfolge. Dies sei hier gegeben, da der Hauptmieter seinen Arbeitnehmer mit der Untervermietung st\u00e4rker ans Unternehmen binden wolle und sich davon Wettbewerbsvorteile gegen\u00fcber anderen Firmen versprach, die den Mitarbeitern keine Wohnungen stellten.<\/p>\n","protected":false},"excerpt":{"rendered":"<p>K\u00fcndigungsschutz bei Weitervermietung Wir eine Wohnung gewerblich weitervermietet, genie\u00dft der Endmieter vollen K\u00fcndigungsschutz. Dies gilt auch, wenn die Weitervermietung ohne die Absicht der Gewinnerzielung erfolgt. Dies entschied der Bundesgerichtshof in einem Urteil vom 17.01.2018 (Aktenzeichen VIII ZR 241\/16). In dem Verfahren ging es um eine Wohnung, die ein Arbeitgeber f\u00fcr einen Mitarbeiter anmietete und an &hellip; <\/p>\n<p class=\"link-more\"><a href=\"https:\/\/www.buhl.de\/vermieter-web\/kuendigungsschutz-bei-weitervermietung\/\" class=\"more-link\"><span class=\"screen-reader-text\">\u201eK\u00fcndigungsschutz bei Weitervermietung\u201c<\/span> weiterlesen<\/a><\/p>\n","protected":false},"author":15,"featured_media":0,"comment_status":"closed","ping_status":"open","sticky":false,"template":"","format":"standard","meta":{"footnotes":""},"categories":[1],"tags":[415,446,447],"class_list":["post-5172","post","type-post","status-publish","format-standard","hentry","category-allgemein","tag-bundesgerichtshof","tag-kuendigungsschutz","tag-weitervermietung"],"yoast_head":"<!-- This site is optimized with the Yoast SEO Premium plugin v27.4 (Yoast SEO v27.5) - https:\/\/yoast.com\/product\/yoast-seo-premium-wordpress\/ -->\n<title>K\u00fcndigungsschutz bei Weitervermietung - Online-Nebenkostenabrechnung mit WISO Vermieter-Web<\/title>\n<meta name=\"robots\" content=\"noindex, nofollow\" \/>\n<meta property=\"og:locale\" content=\"de_DE\" \/>\n<meta property=\"og:type\" content=\"article\" \/>\n<meta property=\"og:title\" content=\"K\u00fcndigungsschutz bei Weitervermietung\" \/>\n<meta property=\"og:description\" content=\"K\u00fcndigungsschutz bei Weitervermietung Wir eine Wohnung gewerblich weitervermietet, genie\u00dft der Endmieter vollen K\u00fcndigungsschutz. Dies gilt auch, wenn die Weitervermietung ohne die Absicht der Gewinnerzielung erfolgt. Dies entschied der Bundesgerichtshof in einem Urteil vom 17.01.2018 (Aktenzeichen VIII ZR 241\/16). In dem Verfahren ging es um eine Wohnung, die ein Arbeitgeber f\u00fcr einen Mitarbeiter anmietete und an &hellip; \u201eK\u00fcndigungsschutz bei Weitervermietung\u201c weiterlesen\" \/>\n<meta property=\"og:url\" content=\"https:\/\/www.buhl.de\/vermieter-web\/kuendigungsschutz-bei-weitervermietung\/\" \/>\n<meta property=\"og:site_name\" content=\"Online-Nebenkostenabrechnung mit WISO Vermieter-Web\" \/>\n<meta property=\"article:published_time\" content=\"2018-02-23T08:52:00+00:00\" \/>\n<meta property=\"article:modified_time\" content=\"2018-08-07T11:23:39+00:00\" \/>\n<meta name=\"author\" content=\"Hartmut Fischer\" \/>\n<meta name=\"twitter:card\" content=\"summary_large_image\" \/>\n<meta name=\"twitter:label1\" content=\"Verfasst von\" \/>\n\t<meta name=\"twitter:data1\" content=\"Hartmut Fischer\" \/>\n\t<meta name=\"twitter:label2\" content=\"Gesch\u00e4tzte Lesezeit\" \/>\n\t<meta name=\"twitter:data2\" content=\"1\u00a0Minute\" \/>\n<script type=\"application\/ld+json\" class=\"yoast-schema-graph\">{\"@context\":\"https:\\\/\\\/schema.org\",\"@graph\":[{\"@type\":\"Article\",\"@id\":\"https:\\\/\\\/www.buhl.de\\\/vermieter-web\\\/kuendigungsschutz-bei-weitervermietung\\\/#article\",\"isPartOf\":{\"@id\":\"https:\\\/\\\/www.buhl.de\\\/vermieter-web\\\/kuendigungsschutz-bei-weitervermietung\\\/\"},\"author\":{\"name\":\"Hartmut Fischer\",\"@id\":\"https:\\\/\\\/www.buhl.de\\\/vermieter-web\\\/#\\\/schema\\\/person\\\/82903e1cb04eb553382702d503991b4f\"},\"headline\":\"K\u00fcndigungsschutz bei Weitervermietung\",\"datePublished\":\"2018-02-23T08:52:00+00:00\",\"dateModified\":\"2018-08-07T11:23:39+00:00\",\"mainEntityOfPage\":{\"@id\":\"https:\\\/\\\/www.buhl.de\\\/vermieter-web\\\/kuendigungsschutz-bei-weitervermietung\\\/\"},\"wordCount\":295,\"keywords\":[\"Bundesgerichtshof\",\"K\u00fcndigungsschutz\",\"Weitervermietung\"],\"inLanguage\":\"de\"},{\"@type\":\"WebPage\",\"@id\":\"https:\\\/\\\/www.buhl.de\\\/vermieter-web\\\/kuendigungsschutz-bei-weitervermietung\\\/\",\"url\":\"https:\\\/\\\/www.buhl.de\\\/vermieter-web\\\/kuendigungsschutz-bei-weitervermietung\\\/\",\"name\":\"K\u00fcndigungsschutz bei Weitervermietung - Online-Nebenkostenabrechnung mit WISO Vermieter-Web\",\"isPartOf\":{\"@id\":\"https:\\\/\\\/www.buhl.de\\\/vermieter-web\\\/#website\"},\"datePublished\":\"2018-02-23T08:52:00+00:00\",\"dateModified\":\"2018-08-07T11:23:39+00:00\",\"author\":{\"@id\":\"https:\\\/\\\/www.buhl.de\\\/vermieter-web\\\/#\\\/schema\\\/person\\\/82903e1cb04eb553382702d503991b4f\"},\"breadcrumb\":{\"@id\":\"https:\\\/\\\/www.buhl.de\\\/vermieter-web\\\/kuendigungsschutz-bei-weitervermietung\\\/#breadcrumb\"},\"inLanguage\":\"de\",\"potentialAction\":[{\"@type\":\"ReadAction\",\"target\":[\"https:\\\/\\\/www.buhl.de\\\/vermieter-web\\\/kuendigungsschutz-bei-weitervermietung\\\/\"]}]},{\"@type\":\"BreadcrumbList\",\"@id\":\"https:\\\/\\\/www.buhl.de\\\/vermieter-web\\\/kuendigungsschutz-bei-weitervermietung\\\/#breadcrumb\",\"itemListElement\":[{\"@type\":\"ListItem\",\"position\":1,\"name\":\"Startseite\",\"item\":\"https:\\\/\\\/www.buhl.de\\\/vermieter-web\\\/\"},{\"@type\":\"ListItem\",\"position\":2,\"name\":\"K\u00fcndigungsschutz bei Weitervermietung\"}]},{\"@type\":\"WebSite\",\"@id\":\"https:\\\/\\\/www.buhl.de\\\/vermieter-web\\\/#website\",\"url\":\"https:\\\/\\\/www.buhl.de\\\/vermieter-web\\\/\",\"name\":\"Online-Nebenkostenabrechnung mit WISO Vermieter-Web\",\"description\":\"\",\"potentialAction\":[{\"@type\":\"SearchAction\",\"target\":{\"@type\":\"EntryPoint\",\"urlTemplate\":\"https:\\\/\\\/www.buhl.de\\\/vermieter-web\\\/?s={search_term_string}\"},\"query-input\":{\"@type\":\"PropertyValueSpecification\",\"valueRequired\":true,\"valueName\":\"search_term_string\"}}],\"inLanguage\":\"de\"},{\"@type\":\"Person\",\"@id\":\"https:\\\/\\\/www.buhl.de\\\/vermieter-web\\\/#\\\/schema\\\/person\\\/82903e1cb04eb553382702d503991b4f\",\"name\":\"Hartmut Fischer\"}]}<\/script>\n<!-- \/ Yoast SEO Premium plugin. -->","yoast_head_json":{"title":"K\u00fcndigungsschutz bei Weitervermietung - Online-Nebenkostenabrechnung mit WISO Vermieter-Web","robots":{"index":"noindex","follow":"nofollow"},"og_locale":"de_DE","og_type":"article","og_title":"K\u00fcndigungsschutz bei Weitervermietung","og_description":"K\u00fcndigungsschutz bei Weitervermietung Wir eine Wohnung gewerblich weitervermietet, genie\u00dft der Endmieter vollen K\u00fcndigungsschutz. Dies gilt auch, wenn die Weitervermietung ohne die Absicht der Gewinnerzielung erfolgt. Dies entschied der Bundesgerichtshof in einem Urteil vom 17.01.2018 (Aktenzeichen VIII ZR 241\/16). In dem Verfahren ging es um eine Wohnung, die ein Arbeitgeber f\u00fcr einen Mitarbeiter anmietete und an &hellip; \u201eK\u00fcndigungsschutz bei Weitervermietung\u201c weiterlesen","og_url":"https:\/\/www.buhl.de\/vermieter-web\/kuendigungsschutz-bei-weitervermietung\/","og_site_name":"Online-Nebenkostenabrechnung mit WISO Vermieter-Web","article_published_time":"2018-02-23T08:52:00+00:00","article_modified_time":"2018-08-07T11:23:39+00:00","author":"Hartmut Fischer","twitter_card":"summary_large_image","twitter_misc":{"Verfasst von":"Hartmut Fischer","Gesch\u00e4tzte Lesezeit":"1\u00a0Minute"},"schema":{"@context":"https:\/\/schema.org","@graph":[{"@type":"Article","@id":"https:\/\/www.buhl.de\/vermieter-web\/kuendigungsschutz-bei-weitervermietung\/#article","isPartOf":{"@id":"https:\/\/www.buhl.de\/vermieter-web\/kuendigungsschutz-bei-weitervermietung\/"},"author":{"name":"Hartmut Fischer","@id":"https:\/\/www.buhl.de\/vermieter-web\/#\/schema\/person\/82903e1cb04eb553382702d503991b4f"},"headline":"K\u00fcndigungsschutz bei Weitervermietung","datePublished":"2018-02-23T08:52:00+00:00","dateModified":"2018-08-07T11:23:39+00:00","mainEntityOfPage":{"@id":"https:\/\/www.buhl.de\/vermieter-web\/kuendigungsschutz-bei-weitervermietung\/"},"wordCount":295,"keywords":["Bundesgerichtshof","K\u00fcndigungsschutz","Weitervermietung"],"inLanguage":"de"},{"@type":"WebPage","@id":"https:\/\/www.buhl.de\/vermieter-web\/kuendigungsschutz-bei-weitervermietung\/","url":"https:\/\/www.buhl.de\/vermieter-web\/kuendigungsschutz-bei-weitervermietung\/","name":"K\u00fcndigungsschutz bei Weitervermietung - Online-Nebenkostenabrechnung mit WISO Vermieter-Web","isPartOf":{"@id":"https:\/\/www.buhl.de\/vermieter-web\/#website"},"datePublished":"2018-02-23T08:52:00+00:00","dateModified":"2018-08-07T11:23:39+00:00","author":{"@id":"https:\/\/www.buhl.de\/vermieter-web\/#\/schema\/person\/82903e1cb04eb553382702d503991b4f"},"breadcrumb":{"@id":"https:\/\/www.buhl.de\/vermieter-web\/kuendigungsschutz-bei-weitervermietung\/#breadcrumb"},"inLanguage":"de","potentialAction":[{"@type":"ReadAction","target":["https:\/\/www.buhl.de\/vermieter-web\/kuendigungsschutz-bei-weitervermietung\/"]}]},{"@type":"BreadcrumbList","@id":"https:\/\/www.buhl.de\/vermieter-web\/kuendigungsschutz-bei-weitervermietung\/#breadcrumb","itemListElement":[{"@type":"ListItem","position":1,"name":"Startseite","item":"https:\/\/www.buhl.de\/vermieter-web\/"},{"@type":"ListItem","position":2,"name":"K\u00fcndigungsschutz bei Weitervermietung"}]},{"@type":"WebSite","@id":"https:\/\/www.buhl.de\/vermieter-web\/#website","url":"https:\/\/www.buhl.de\/vermieter-web\/","name":"Online-Nebenkostenabrechnung mit WISO Vermieter-Web","description":"","potentialAction":[{"@type":"SearchAction","target":{"@type":"EntryPoint","urlTemplate":"https:\/\/www.buhl.de\/vermieter-web\/?s={search_term_string}"},"query-input":{"@type":"PropertyValueSpecification","valueRequired":true,"valueName":"search_term_string"}}],"inLanguage":"de"},{"@type":"Person","@id":"https:\/\/www.buhl.de\/vermieter-web\/#\/schema\/person\/82903e1cb04eb553382702d503991b4f","name":"Hartmut Fischer"}]}},"_links":{"self":[{"href":"https:\/\/www.buhl.de\/vermieter-web\/wp-json\/wp\/v2\/posts\/5172","targetHints":{"allow":["GET"]}}],"collection":[{"href":"https:\/\/www.buhl.de\/vermieter-web\/wp-json\/wp\/v2\/posts"}],"about":[{"href":"https:\/\/www.buhl.de\/vermieter-web\/wp-json\/wp\/v2\/types\/post"}],"author":[{"embeddable":true,"href":"https:\/\/www.buhl.de\/vermieter-web\/wp-json\/wp\/v2\/users\/15"}],"replies":[{"embeddable":true,"href":"https:\/\/www.buhl.de\/vermieter-web\/wp-json\/wp\/v2\/comments?post=5172"}],"version-history":[{"count":2,"href":"https:\/\/www.buhl.de\/vermieter-web\/wp-json\/wp\/v2\/posts\/5172\/revisions"}],"predecessor-version":[{"id":7728,"href":"https:\/\/www.buhl.de\/vermieter-web\/wp-json\/wp\/v2\/posts\/5172\/revisions\/7728"}],"wp:attachment":[{"href":"https:\/\/www.buhl.de\/vermieter-web\/wp-json\/wp\/v2\/media?parent=5172"}],"wp:term":[{"taxonomy":"category","embeddable":true,"href":"https:\/\/www.buhl.de\/vermieter-web\/wp-json\/wp\/v2\/categories?post=5172"},{"taxonomy":"post_tag","embeddable":true,"href":"https:\/\/www.buhl.de\/vermieter-web\/wp-json\/wp\/v2\/tags?post=5172"}],"curies":[{"name":"wp","href":"https:\/\/api.w.org\/{rel}","templated":true}]}}