{"id":5178,"date":"2018-03-07T09:17:55","date_gmt":"2018-03-07T08:17:55","guid":{"rendered":"https:\/\/www.buhl.de\/vermieter-web\/?p=5178"},"modified":"2018-08-07T13:23:37","modified_gmt":"2018-08-07T11:23:37","slug":"straeucher-die-auf-oeffentliche-strassen-ragen","status":"publish","type":"post","link":"https:\/\/www.buhl.de\/vermieter-web\/straeucher-die-auf-oeffentliche-strassen-ragen\/","title":{"rendered":"Str\u00e4ucher, die auf \u00f6ffentliche Stra\u00dfen ragen"},"content":{"rendered":"<p><strong>Der Eigent\u00fcmer von Str\u00e4ucher oder B\u00e4umen, deren \u00c4ste auf \u00f6ffentliche Stra\u00dfen ragen, muss diesen \u00dcberhang entfernen. Kommt er dieser Verpflichtung nicht nach, kann die zust\u00e4ndige Beh\u00f6rde die Zweige auf Kosten des Eigent\u00fcmers entfernen lassen. Dies entschied das Verwaltungsgericht Mainz in einem Urteil vom 21.02.2018 (Aktenzeichen 3 K 363\/17.MZ).<\/strong><\/p>\n<p>In dem Verfahren ging es um \u00c4ste von B\u00e4umen und Heckenstr\u00e4uchern, die auf eine \u00f6ffentliche Stra\u00dfe ragten. Trotz zweimaliger Aufforderung hatte der Eigent\u00fcmer diese nicht zur\u00fcckgeschnitten. Deshalb lie\u00df die zust\u00e4ndige Beh\u00f6rde den R\u00fcckschnitt von einem Gartenbaubetrieb durchf\u00fchren und verlangte die dabei entstandenen Kosten vom Eigent\u00fcmer de Gew\u00e4chse zur\u00fcck.<\/p>\n<p>Der Eigent\u00fcmer weigerte sich zu zahlen und ging vor Gericht. Zum einen behauptete er, dass er keine Aufforderung erhalten habe, die \u00c4ste zur\u00fcckzuschneiden. Ein R\u00fcckschnitt sei auch erst im Vorjahr erfolgt. Au\u00dferdem hielt er die geforderte Summe von 525,39 \u20ac f\u00fcr die Beseitigung der \u00fcberh\u00e4ngenden \u00c4ste und den Abtransport auf eine Deponie f\u00fcr nicht nachvollziehbar.<\/p>\n<p>Das Verwaltungsgericht stellte fest, dass der Eigent\u00fcmer nach dem Landesstra\u00dfengesetz Rheinland-Pfalz zum R\u00fcckschnitt verpflichtet sei. Komme er der Pflicht trotz Aufforderung und Fristsetzung nicht nach, k\u00f6nne die zust\u00e4ndige Beh\u00f6rde die Entfernung der \u00c4ste veranlassen und die dabei entstehenden Kosten gegen\u00fcber dem Eigent\u00fcmer geltend machen.<\/p>\n<p>Dass der Eigent\u00fcmer beide Aufforderungen zum R\u00fcckschnitt der B\u00e4ume und Str\u00e4ucher nicht erhalten habe, wollte das Gericht nicht glauben. Ein einfaches Bestreiten, dass man beide Schreiben nicht bekommen habe, reiche hier nicht aus.<\/p>\n","protected":false},"excerpt":{"rendered":"<p>Der Eigent\u00fcmer von Str\u00e4ucher oder B\u00e4umen, deren \u00c4ste auf \u00f6ffentliche Stra\u00dfen ragen, muss diesen \u00dcberhang entfernen. Kommt er dieser Verpflichtung nicht nach, kann die zust\u00e4ndige Beh\u00f6rde die Zweige auf Kosten des Eigent\u00fcmers entfernen lassen. Dies entschied das Verwaltungsgericht Mainz in einem Urteil vom 21.02.2018 (Aktenzeichen 3 K 363\/17.MZ). In dem Verfahren ging es um \u00c4ste &hellip; <\/p>\n<p class=\"link-more\"><a href=\"https:\/\/www.buhl.de\/vermieter-web\/straeucher-die-auf-oeffentliche-strassen-ragen\/\" class=\"more-link\"><span class=\"screen-reader-text\">\u201eStr\u00e4ucher, die auf \u00f6ffentliche Stra\u00dfen ragen\u201c<\/span> weiterlesen<\/a><\/p>\n","protected":false},"author":15,"featured_media":0,"comment_status":"closed","ping_status":"open","sticky":false,"template":"","format":"standard","meta":{"footnotes":""},"categories":[1],"tags":[435,434,433],"class_list":["post-5178","post","type-post","status-publish","format-standard","hentry","category-allgemein","tag-eigentuemer","tag-strasse","tag-strauch"],"yoast_head":"<!-- This site is optimized with the Yoast SEO Premium plugin v27.4 (Yoast SEO v27.5) - https:\/\/yoast.com\/product\/yoast-seo-premium-wordpress\/ -->\n<title>Str\u00e4ucher, die auf \u00f6ffentliche Stra\u00dfen ragen - Online-Nebenkostenabrechnung mit WISO Vermieter-Web<\/title>\n<meta name=\"robots\" content=\"noindex, nofollow\" \/>\n<meta property=\"og:locale\" content=\"de_DE\" \/>\n<meta property=\"og:type\" content=\"article\" \/>\n<meta property=\"og:title\" content=\"Str\u00e4ucher, die auf \u00f6ffentliche Stra\u00dfen ragen\" \/>\n<meta property=\"og:description\" content=\"Der Eigent\u00fcmer von Str\u00e4ucher oder B\u00e4umen, deren \u00c4ste auf \u00f6ffentliche Stra\u00dfen ragen, muss diesen \u00dcberhang entfernen. Kommt er dieser Verpflichtung nicht nach, kann die zust\u00e4ndige Beh\u00f6rde die Zweige auf Kosten des Eigent\u00fcmers entfernen lassen. Dies entschied das Verwaltungsgericht Mainz in einem Urteil vom 21.02.2018 (Aktenzeichen 3 K 363\/17.MZ). In dem Verfahren ging es um \u00c4ste &hellip; \u201eStr\u00e4ucher, die auf \u00f6ffentliche Stra\u00dfen ragen\u201c weiterlesen\" \/>\n<meta property=\"og:url\" content=\"https:\/\/www.buhl.de\/vermieter-web\/straeucher-die-auf-oeffentliche-strassen-ragen\/\" \/>\n<meta property=\"og:site_name\" content=\"Online-Nebenkostenabrechnung mit WISO Vermieter-Web\" \/>\n<meta property=\"article:published_time\" content=\"2018-03-07T08:17:55+00:00\" \/>\n<meta property=\"article:modified_time\" content=\"2018-08-07T11:23:37+00:00\" \/>\n<meta name=\"author\" content=\"Hartmut Fischer\" \/>\n<meta name=\"twitter:card\" content=\"summary_large_image\" \/>\n<meta name=\"twitter:label1\" content=\"Verfasst von\" \/>\n\t<meta name=\"twitter:data1\" content=\"Hartmut Fischer\" \/>\n\t<meta name=\"twitter:label2\" content=\"Gesch\u00e4tzte Lesezeit\" \/>\n\t<meta name=\"twitter:data2\" content=\"1\u00a0Minute\" \/>\n<script type=\"application\/ld+json\" class=\"yoast-schema-graph\">{\"@context\":\"https:\\\/\\\/schema.org\",\"@graph\":[{\"@type\":\"Article\",\"@id\":\"https:\\\/\\\/www.buhl.de\\\/vermieter-web\\\/straeucher-die-auf-oeffentliche-strassen-ragen\\\/#article\",\"isPartOf\":{\"@id\":\"https:\\\/\\\/www.buhl.de\\\/vermieter-web\\\/straeucher-die-auf-oeffentliche-strassen-ragen\\\/\"},\"author\":{\"name\":\"Hartmut Fischer\",\"@id\":\"https:\\\/\\\/www.buhl.de\\\/vermieter-web\\\/#\\\/schema\\\/person\\\/82903e1cb04eb553382702d503991b4f\"},\"headline\":\"Str\u00e4ucher, die auf \u00f6ffentliche Stra\u00dfen ragen\",\"datePublished\":\"2018-03-07T08:17:55+00:00\",\"dateModified\":\"2018-08-07T11:23:37+00:00\",\"mainEntityOfPage\":{\"@id\":\"https:\\\/\\\/www.buhl.de\\\/vermieter-web\\\/straeucher-die-auf-oeffentliche-strassen-ragen\\\/\"},\"wordCount\":270,\"keywords\":[\"Eigent\u00fcmer\",\"Stra\u00dfe\",\"Strauch\"],\"inLanguage\":\"de\"},{\"@type\":\"WebPage\",\"@id\":\"https:\\\/\\\/www.buhl.de\\\/vermieter-web\\\/straeucher-die-auf-oeffentliche-strassen-ragen\\\/\",\"url\":\"https:\\\/\\\/www.buhl.de\\\/vermieter-web\\\/straeucher-die-auf-oeffentliche-strassen-ragen\\\/\",\"name\":\"Str\u00e4ucher, die auf \u00f6ffentliche Stra\u00dfen ragen - Online-Nebenkostenabrechnung mit WISO Vermieter-Web\",\"isPartOf\":{\"@id\":\"https:\\\/\\\/www.buhl.de\\\/vermieter-web\\\/#website\"},\"datePublished\":\"2018-03-07T08:17:55+00:00\",\"dateModified\":\"2018-08-07T11:23:37+00:00\",\"author\":{\"@id\":\"https:\\\/\\\/www.buhl.de\\\/vermieter-web\\\/#\\\/schema\\\/person\\\/82903e1cb04eb553382702d503991b4f\"},\"breadcrumb\":{\"@id\":\"https:\\\/\\\/www.buhl.de\\\/vermieter-web\\\/straeucher-die-auf-oeffentliche-strassen-ragen\\\/#breadcrumb\"},\"inLanguage\":\"de\",\"potentialAction\":[{\"@type\":\"ReadAction\",\"target\":[\"https:\\\/\\\/www.buhl.de\\\/vermieter-web\\\/straeucher-die-auf-oeffentliche-strassen-ragen\\\/\"]}]},{\"@type\":\"BreadcrumbList\",\"@id\":\"https:\\\/\\\/www.buhl.de\\\/vermieter-web\\\/straeucher-die-auf-oeffentliche-strassen-ragen\\\/#breadcrumb\",\"itemListElement\":[{\"@type\":\"ListItem\",\"position\":1,\"name\":\"Startseite\",\"item\":\"https:\\\/\\\/www.buhl.de\\\/vermieter-web\\\/\"},{\"@type\":\"ListItem\",\"position\":2,\"name\":\"Str\u00e4ucher, die auf \u00f6ffentliche Stra\u00dfen ragen\"}]},{\"@type\":\"WebSite\",\"@id\":\"https:\\\/\\\/www.buhl.de\\\/vermieter-web\\\/#website\",\"url\":\"https:\\\/\\\/www.buhl.de\\\/vermieter-web\\\/\",\"name\":\"Online-Nebenkostenabrechnung mit WISO Vermieter-Web\",\"description\":\"\",\"potentialAction\":[{\"@type\":\"SearchAction\",\"target\":{\"@type\":\"EntryPoint\",\"urlTemplate\":\"https:\\\/\\\/www.buhl.de\\\/vermieter-web\\\/?s={search_term_string}\"},\"query-input\":{\"@type\":\"PropertyValueSpecification\",\"valueRequired\":true,\"valueName\":\"search_term_string\"}}],\"inLanguage\":\"de\"},{\"@type\":\"Person\",\"@id\":\"https:\\\/\\\/www.buhl.de\\\/vermieter-web\\\/#\\\/schema\\\/person\\\/82903e1cb04eb553382702d503991b4f\",\"name\":\"Hartmut Fischer\"}]}<\/script>\n<!-- \/ Yoast SEO Premium plugin. -->","yoast_head_json":{"title":"Str\u00e4ucher, die auf \u00f6ffentliche Stra\u00dfen ragen - Online-Nebenkostenabrechnung mit WISO Vermieter-Web","robots":{"index":"noindex","follow":"nofollow"},"og_locale":"de_DE","og_type":"article","og_title":"Str\u00e4ucher, die auf \u00f6ffentliche Stra\u00dfen ragen","og_description":"Der Eigent\u00fcmer von Str\u00e4ucher oder B\u00e4umen, deren \u00c4ste auf \u00f6ffentliche Stra\u00dfen ragen, muss diesen \u00dcberhang entfernen. Kommt er dieser Verpflichtung nicht nach, kann die zust\u00e4ndige Beh\u00f6rde die Zweige auf Kosten des Eigent\u00fcmers entfernen lassen. Dies entschied das Verwaltungsgericht Mainz in einem Urteil vom 21.02.2018 (Aktenzeichen 3 K 363\/17.MZ). In dem Verfahren ging es um \u00c4ste &hellip; \u201eStr\u00e4ucher, die auf \u00f6ffentliche Stra\u00dfen ragen\u201c weiterlesen","og_url":"https:\/\/www.buhl.de\/vermieter-web\/straeucher-die-auf-oeffentliche-strassen-ragen\/","og_site_name":"Online-Nebenkostenabrechnung mit WISO Vermieter-Web","article_published_time":"2018-03-07T08:17:55+00:00","article_modified_time":"2018-08-07T11:23:37+00:00","author":"Hartmut Fischer","twitter_card":"summary_large_image","twitter_misc":{"Verfasst von":"Hartmut Fischer","Gesch\u00e4tzte Lesezeit":"1\u00a0Minute"},"schema":{"@context":"https:\/\/schema.org","@graph":[{"@type":"Article","@id":"https:\/\/www.buhl.de\/vermieter-web\/straeucher-die-auf-oeffentliche-strassen-ragen\/#article","isPartOf":{"@id":"https:\/\/www.buhl.de\/vermieter-web\/straeucher-die-auf-oeffentliche-strassen-ragen\/"},"author":{"name":"Hartmut Fischer","@id":"https:\/\/www.buhl.de\/vermieter-web\/#\/schema\/person\/82903e1cb04eb553382702d503991b4f"},"headline":"Str\u00e4ucher, die auf \u00f6ffentliche Stra\u00dfen ragen","datePublished":"2018-03-07T08:17:55+00:00","dateModified":"2018-08-07T11:23:37+00:00","mainEntityOfPage":{"@id":"https:\/\/www.buhl.de\/vermieter-web\/straeucher-die-auf-oeffentliche-strassen-ragen\/"},"wordCount":270,"keywords":["Eigent\u00fcmer","Stra\u00dfe","Strauch"],"inLanguage":"de"},{"@type":"WebPage","@id":"https:\/\/www.buhl.de\/vermieter-web\/straeucher-die-auf-oeffentliche-strassen-ragen\/","url":"https:\/\/www.buhl.de\/vermieter-web\/straeucher-die-auf-oeffentliche-strassen-ragen\/","name":"Str\u00e4ucher, die auf \u00f6ffentliche Stra\u00dfen ragen - Online-Nebenkostenabrechnung mit WISO Vermieter-Web","isPartOf":{"@id":"https:\/\/www.buhl.de\/vermieter-web\/#website"},"datePublished":"2018-03-07T08:17:55+00:00","dateModified":"2018-08-07T11:23:37+00:00","author":{"@id":"https:\/\/www.buhl.de\/vermieter-web\/#\/schema\/person\/82903e1cb04eb553382702d503991b4f"},"breadcrumb":{"@id":"https:\/\/www.buhl.de\/vermieter-web\/straeucher-die-auf-oeffentliche-strassen-ragen\/#breadcrumb"},"inLanguage":"de","potentialAction":[{"@type":"ReadAction","target":["https:\/\/www.buhl.de\/vermieter-web\/straeucher-die-auf-oeffentliche-strassen-ragen\/"]}]},{"@type":"BreadcrumbList","@id":"https:\/\/www.buhl.de\/vermieter-web\/straeucher-die-auf-oeffentliche-strassen-ragen\/#breadcrumb","itemListElement":[{"@type":"ListItem","position":1,"name":"Startseite","item":"https:\/\/www.buhl.de\/vermieter-web\/"},{"@type":"ListItem","position":2,"name":"Str\u00e4ucher, die auf \u00f6ffentliche Stra\u00dfen ragen"}]},{"@type":"WebSite","@id":"https:\/\/www.buhl.de\/vermieter-web\/#website","url":"https:\/\/www.buhl.de\/vermieter-web\/","name":"Online-Nebenkostenabrechnung mit WISO Vermieter-Web","description":"","potentialAction":[{"@type":"SearchAction","target":{"@type":"EntryPoint","urlTemplate":"https:\/\/www.buhl.de\/vermieter-web\/?s={search_term_string}"},"query-input":{"@type":"PropertyValueSpecification","valueRequired":true,"valueName":"search_term_string"}}],"inLanguage":"de"},{"@type":"Person","@id":"https:\/\/www.buhl.de\/vermieter-web\/#\/schema\/person\/82903e1cb04eb553382702d503991b4f","name":"Hartmut Fischer"}]}},"_links":{"self":[{"href":"https:\/\/www.buhl.de\/vermieter-web\/wp-json\/wp\/v2\/posts\/5178","targetHints":{"allow":["GET"]}}],"collection":[{"href":"https:\/\/www.buhl.de\/vermieter-web\/wp-json\/wp\/v2\/posts"}],"about":[{"href":"https:\/\/www.buhl.de\/vermieter-web\/wp-json\/wp\/v2\/types\/post"}],"author":[{"embeddable":true,"href":"https:\/\/www.buhl.de\/vermieter-web\/wp-json\/wp\/v2\/users\/15"}],"replies":[{"embeddable":true,"href":"https:\/\/www.buhl.de\/vermieter-web\/wp-json\/wp\/v2\/comments?post=5178"}],"version-history":[{"count":2,"href":"https:\/\/www.buhl.de\/vermieter-web\/wp-json\/wp\/v2\/posts\/5178\/revisions"}],"predecessor-version":[{"id":7722,"href":"https:\/\/www.buhl.de\/vermieter-web\/wp-json\/wp\/v2\/posts\/5178\/revisions\/7722"}],"wp:attachment":[{"href":"https:\/\/www.buhl.de\/vermieter-web\/wp-json\/wp\/v2\/media?parent=5178"}],"wp:term":[{"taxonomy":"category","embeddable":true,"href":"https:\/\/www.buhl.de\/vermieter-web\/wp-json\/wp\/v2\/categories?post=5178"},{"taxonomy":"post_tag","embeddable":true,"href":"https:\/\/www.buhl.de\/vermieter-web\/wp-json\/wp\/v2\/tags?post=5178"}],"curies":[{"name":"wp","href":"https:\/\/api.w.org\/{rel}","templated":true}]}}