{"id":6470,"date":"2018-07-23T06:03:39","date_gmt":"2018-07-23T04:03:39","guid":{"rendered":"https:\/\/www.buhl.de\/wiso-vermieter\/?p=6470"},"modified":"2018-08-07T14:57:09","modified_gmt":"2018-08-07T12:57:09","slug":"bewegliches-ist-grunderwerbssteuerfrei","status":"publish","type":"post","link":"https:\/\/www.buhl.de\/vermieter-web\/bewegliches-ist-grunderwerbssteuerfrei\/","title":{"rendered":"Bewegliches ist grunderwerbssteuerfrei"},"content":{"rendered":"<p><strong>Bewegliche Gegenst\u00e4nde, die mit einer Immobilie verkauft werden, sind nicht grunderwerbsteuerpflichtig. Der hierf\u00fcr angesetzte Verkaufspreis muss allerdings realistisch sein. Dies hat das Finanzgericht K\u00f6ln in einem Urteil vom 08.11.2017 festgestellt (Aktenzeichen 5 K 2938\/16).<\/strong><\/p>\n<p>In dem Verfahren ging es um eine Immobilie, die f\u00fcr 392.500 Euro verkauft wurde und deren Kaufvertrag 9.500 Euro als Kosten f\u00fcr eine Einbauk\u00fcche und Markisen ausgewiesen wurden. Der Fiskus wollte den Betrag f\u00fcr die beweglichen Teile in seiner H\u00f6he nicht anerkennen und erhob auf die Gesamtsumme des Kaufvertrages Grunderwerbsteuer. Die Finanzbeh\u00f6rde vertrat die Ansicht, dass der Betrag von 9.500 Euro lediglich angesetzt wurde, um Grunderwerbsteuer zu sparen.<\/p>\n<p>Der K\u00e4ufer klagte und war vor dem Finanzgericht K\u00f6ln erfolgreich. Die Richter hielten daran fest, dass die angegebenen Kosten im Kaufvertrag f\u00fcr die Grunderwerbsteuer verbindlich seien. Dies zumindest solange, bis das Finanzamt nachgewiesen habe, dass die Kosten f\u00fcr bewegliche Teile der Immobilie unrealistisch hoch angesetzt seien. In seiner Begr\u00fcndung wies das Finanzgericht darauf hin, dass zur Feststellung eines realistischen Preises die amtlichen Abschreibungstabellen nicht zugrunde gelegt werden k\u00f6nnten. Auch auf Verkaufsplattformen im Internet recherchierte Preise seien hier kein verbindlicher Ma\u00dfstab. f\u00fcr gebrauchte und ausgebaute\u00a0Gegenst\u00e4ndegeforderten Preise als Vergleichsma\u00dfstab geeignet.<\/p>\n","protected":false},"excerpt":{"rendered":"<p>Bewegliche Gegenst\u00e4nde, die mit einer Immobilie verkauft werden, sind nicht grunderwerbsteuerpflichtig. Der hierf\u00fcr angesetzte Verkaufspreis muss allerdings realistisch sein. Dies hat das Finanzgericht K\u00f6ln in einem Urteil vom 08.11.2017 festgestellt (Aktenzeichen 5 K 2938\/16). In dem Verfahren ging es um eine Immobilie, die f\u00fcr 392.500 Euro verkauft wurde und deren Kaufvertrag 9.500 Euro als Kosten &hellip; <\/p>\n<p class=\"link-more\"><a href=\"https:\/\/www.buhl.de\/vermieter-web\/bewegliches-ist-grunderwerbssteuerfrei\/\" class=\"more-link\"><span class=\"screen-reader-text\">\u201eBewegliches ist grunderwerbssteuerfrei\u201c<\/span> weiterlesen<\/a><\/p>\n","protected":false},"author":15,"featured_media":8844,"comment_status":"closed","ping_status":"closed","sticky":false,"template":"","format":"standard","meta":{"footnotes":""},"categories":[1],"tags":[667,668,652],"class_list":["post-6470","post","type-post","status-publish","format-standard","has-post-thumbnail","hentry","category-allgemein","tag-finanzgericht","tag-grunderwerbssteuer","tag-immobilie"],"yoast_head":"<!-- This site is optimized with the Yoast SEO Premium plugin v27.4 (Yoast SEO v27.5) - https:\/\/yoast.com\/product\/yoast-seo-premium-wordpress\/ -->\n<title>Bewegliches ist grunderwerbssteuerfrei - Online-Nebenkostenabrechnung mit WISO Vermieter-Web<\/title>\n<meta name=\"robots\" content=\"noindex, nofollow\" \/>\n<meta property=\"og:locale\" content=\"de_DE\" \/>\n<meta property=\"og:type\" content=\"article\" \/>\n<meta property=\"og:title\" content=\"Bewegliches ist grunderwerbssteuerfrei\" \/>\n<meta property=\"og:description\" content=\"Bewegliche Gegenst\u00e4nde, die mit einer Immobilie verkauft werden, sind nicht grunderwerbsteuerpflichtig. Der hierf\u00fcr angesetzte Verkaufspreis muss allerdings realistisch sein. Dies hat das Finanzgericht K\u00f6ln in einem Urteil vom 08.11.2017 festgestellt (Aktenzeichen 5 K 2938\/16). In dem Verfahren ging es um eine Immobilie, die f\u00fcr 392.500 Euro verkauft wurde und deren Kaufvertrag 9.500 Euro als Kosten &hellip; \u201eBewegliches ist grunderwerbssteuerfrei\u201c weiterlesen\" \/>\n<meta property=\"og:url\" content=\"https:\/\/www.buhl.de\/vermieter-web\/bewegliches-ist-grunderwerbssteuerfrei\/\" \/>\n<meta property=\"og:site_name\" content=\"Online-Nebenkostenabrechnung mit WISO Vermieter-Web\" \/>\n<meta property=\"article:published_time\" content=\"2018-07-23T04:03:39+00:00\" \/>\n<meta property=\"article:modified_time\" content=\"2018-08-07T12:57:09+00:00\" \/>\n<meta property=\"og:image\" content=\"https:\/\/www.buhl.de\/vermieter-web\/wp-content\/uploads\/sites\/33\/2018\/07\/Bewegliches_ist_grunderwerbssteuerfrei.jpg\" \/>\n\t<meta property=\"og:image:width\" content=\"800\" \/>\n\t<meta property=\"og:image:height\" content=\"400\" \/>\n\t<meta property=\"og:image:type\" content=\"image\/jpeg\" \/>\n<meta name=\"author\" content=\"Hartmut Fischer\" \/>\n<meta name=\"twitter:card\" content=\"summary_large_image\" \/>\n<meta name=\"twitter:label1\" content=\"Verfasst von\" \/>\n\t<meta name=\"twitter:data1\" content=\"Hartmut Fischer\" \/>\n\t<meta name=\"twitter:label2\" content=\"Gesch\u00e4tzte Lesezeit\" \/>\n\t<meta name=\"twitter:data2\" content=\"1\u00a0Minute\" \/>\n<script type=\"application\/ld+json\" class=\"yoast-schema-graph\">{\"@context\":\"https:\\\/\\\/schema.org\",\"@graph\":[{\"@type\":\"Article\",\"@id\":\"https:\\\/\\\/www.buhl.de\\\/vermieter-web\\\/bewegliches-ist-grunderwerbssteuerfrei\\\/#article\",\"isPartOf\":{\"@id\":\"https:\\\/\\\/www.buhl.de\\\/vermieter-web\\\/bewegliches-ist-grunderwerbssteuerfrei\\\/\"},\"author\":{\"name\":\"Hartmut Fischer\",\"@id\":\"https:\\\/\\\/www.buhl.de\\\/vermieter-web\\\/#\\\/schema\\\/person\\\/82903e1cb04eb553382702d503991b4f\"},\"headline\":\"Bewegliches ist grunderwerbssteuerfrei\",\"datePublished\":\"2018-07-23T04:03:39+00:00\",\"dateModified\":\"2018-08-07T12:57:09+00:00\",\"mainEntityOfPage\":{\"@id\":\"https:\\\/\\\/www.buhl.de\\\/vermieter-web\\\/bewegliches-ist-grunderwerbssteuerfrei\\\/\"},\"wordCount\":207,\"image\":{\"@id\":\"https:\\\/\\\/www.buhl.de\\\/vermieter-web\\\/bewegliches-ist-grunderwerbssteuerfrei\\\/#primaryimage\"},\"thumbnailUrl\":\"https:\\\/\\\/www.buhl.de\\\/vermieter-web\\\/wp-content\\\/uploads\\\/sites\\\/33\\\/2018\\\/07\\\/Bewegliches_ist_grunderwerbssteuerfrei.jpg\",\"keywords\":[\"Finanzgericht\",\"Grunderwerbssteuer\",\"Immobilie\"],\"inLanguage\":\"de\"},{\"@type\":\"WebPage\",\"@id\":\"https:\\\/\\\/www.buhl.de\\\/vermieter-web\\\/bewegliches-ist-grunderwerbssteuerfrei\\\/\",\"url\":\"https:\\\/\\\/www.buhl.de\\\/vermieter-web\\\/bewegliches-ist-grunderwerbssteuerfrei\\\/\",\"name\":\"Bewegliches ist grunderwerbssteuerfrei - Online-Nebenkostenabrechnung mit WISO Vermieter-Web\",\"isPartOf\":{\"@id\":\"https:\\\/\\\/www.buhl.de\\\/vermieter-web\\\/#website\"},\"primaryImageOfPage\":{\"@id\":\"https:\\\/\\\/www.buhl.de\\\/vermieter-web\\\/bewegliches-ist-grunderwerbssteuerfrei\\\/#primaryimage\"},\"image\":{\"@id\":\"https:\\\/\\\/www.buhl.de\\\/vermieter-web\\\/bewegliches-ist-grunderwerbssteuerfrei\\\/#primaryimage\"},\"thumbnailUrl\":\"https:\\\/\\\/www.buhl.de\\\/vermieter-web\\\/wp-content\\\/uploads\\\/sites\\\/33\\\/2018\\\/07\\\/Bewegliches_ist_grunderwerbssteuerfrei.jpg\",\"datePublished\":\"2018-07-23T04:03:39+00:00\",\"dateModified\":\"2018-08-07T12:57:09+00:00\",\"author\":{\"@id\":\"https:\\\/\\\/www.buhl.de\\\/vermieter-web\\\/#\\\/schema\\\/person\\\/82903e1cb04eb553382702d503991b4f\"},\"breadcrumb\":{\"@id\":\"https:\\\/\\\/www.buhl.de\\\/vermieter-web\\\/bewegliches-ist-grunderwerbssteuerfrei\\\/#breadcrumb\"},\"inLanguage\":\"de\",\"potentialAction\":[{\"@type\":\"ReadAction\",\"target\":[\"https:\\\/\\\/www.buhl.de\\\/vermieter-web\\\/bewegliches-ist-grunderwerbssteuerfrei\\\/\"]}]},{\"@type\":\"ImageObject\",\"inLanguage\":\"de\",\"@id\":\"https:\\\/\\\/www.buhl.de\\\/vermieter-web\\\/bewegliches-ist-grunderwerbssteuerfrei\\\/#primaryimage\",\"url\":\"https:\\\/\\\/www.buhl.de\\\/vermieter-web\\\/wp-content\\\/uploads\\\/sites\\\/33\\\/2018\\\/07\\\/Bewegliches_ist_grunderwerbssteuerfrei.jpg\",\"contentUrl\":\"https:\\\/\\\/www.buhl.de\\\/vermieter-web\\\/wp-content\\\/uploads\\\/sites\\\/33\\\/2018\\\/07\\\/Bewegliches_ist_grunderwerbssteuerfrei.jpg\",\"width\":800,\"height\":400,\"caption\":\"Nahaufnahme Nahaufnahme Richter schlagen Hammer\"},{\"@type\":\"BreadcrumbList\",\"@id\":\"https:\\\/\\\/www.buhl.de\\\/vermieter-web\\\/bewegliches-ist-grunderwerbssteuerfrei\\\/#breadcrumb\",\"itemListElement\":[{\"@type\":\"ListItem\",\"position\":1,\"name\":\"Startseite\",\"item\":\"https:\\\/\\\/www.buhl.de\\\/vermieter-web\\\/\"},{\"@type\":\"ListItem\",\"position\":2,\"name\":\"Bewegliches ist grunderwerbssteuerfrei\"}]},{\"@type\":\"WebSite\",\"@id\":\"https:\\\/\\\/www.buhl.de\\\/vermieter-web\\\/#website\",\"url\":\"https:\\\/\\\/www.buhl.de\\\/vermieter-web\\\/\",\"name\":\"Online-Nebenkostenabrechnung mit WISO Vermieter-Web\",\"description\":\"\",\"potentialAction\":[{\"@type\":\"SearchAction\",\"target\":{\"@type\":\"EntryPoint\",\"urlTemplate\":\"https:\\\/\\\/www.buhl.de\\\/vermieter-web\\\/?s={search_term_string}\"},\"query-input\":{\"@type\":\"PropertyValueSpecification\",\"valueRequired\":true,\"valueName\":\"search_term_string\"}}],\"inLanguage\":\"de\"},{\"@type\":\"Person\",\"@id\":\"https:\\\/\\\/www.buhl.de\\\/vermieter-web\\\/#\\\/schema\\\/person\\\/82903e1cb04eb553382702d503991b4f\",\"name\":\"Hartmut Fischer\"}]}<\/script>\n<!-- \/ Yoast SEO Premium plugin. -->","yoast_head_json":{"title":"Bewegliches ist grunderwerbssteuerfrei - Online-Nebenkostenabrechnung mit WISO Vermieter-Web","robots":{"index":"noindex","follow":"nofollow"},"og_locale":"de_DE","og_type":"article","og_title":"Bewegliches ist grunderwerbssteuerfrei","og_description":"Bewegliche Gegenst\u00e4nde, die mit einer Immobilie verkauft werden, sind nicht grunderwerbsteuerpflichtig. Der hierf\u00fcr angesetzte Verkaufspreis muss allerdings realistisch sein. Dies hat das Finanzgericht K\u00f6ln in einem Urteil vom 08.11.2017 festgestellt (Aktenzeichen 5 K 2938\/16). In dem Verfahren ging es um eine Immobilie, die f\u00fcr 392.500 Euro verkauft wurde und deren Kaufvertrag 9.500 Euro als Kosten &hellip; \u201eBewegliches ist grunderwerbssteuerfrei\u201c weiterlesen","og_url":"https:\/\/www.buhl.de\/vermieter-web\/bewegliches-ist-grunderwerbssteuerfrei\/","og_site_name":"Online-Nebenkostenabrechnung mit WISO Vermieter-Web","article_published_time":"2018-07-23T04:03:39+00:00","article_modified_time":"2018-08-07T12:57:09+00:00","og_image":[{"width":800,"height":400,"url":"https:\/\/www.buhl.de\/vermieter-web\/wp-content\/uploads\/sites\/33\/2018\/07\/Bewegliches_ist_grunderwerbssteuerfrei.jpg","type":"image\/jpeg"}],"author":"Hartmut Fischer","twitter_card":"summary_large_image","twitter_misc":{"Verfasst von":"Hartmut Fischer","Gesch\u00e4tzte Lesezeit":"1\u00a0Minute"},"schema":{"@context":"https:\/\/schema.org","@graph":[{"@type":"Article","@id":"https:\/\/www.buhl.de\/vermieter-web\/bewegliches-ist-grunderwerbssteuerfrei\/#article","isPartOf":{"@id":"https:\/\/www.buhl.de\/vermieter-web\/bewegliches-ist-grunderwerbssteuerfrei\/"},"author":{"name":"Hartmut Fischer","@id":"https:\/\/www.buhl.de\/vermieter-web\/#\/schema\/person\/82903e1cb04eb553382702d503991b4f"},"headline":"Bewegliches ist grunderwerbssteuerfrei","datePublished":"2018-07-23T04:03:39+00:00","dateModified":"2018-08-07T12:57:09+00:00","mainEntityOfPage":{"@id":"https:\/\/www.buhl.de\/vermieter-web\/bewegliches-ist-grunderwerbssteuerfrei\/"},"wordCount":207,"image":{"@id":"https:\/\/www.buhl.de\/vermieter-web\/bewegliches-ist-grunderwerbssteuerfrei\/#primaryimage"},"thumbnailUrl":"https:\/\/www.buhl.de\/vermieter-web\/wp-content\/uploads\/sites\/33\/2018\/07\/Bewegliches_ist_grunderwerbssteuerfrei.jpg","keywords":["Finanzgericht","Grunderwerbssteuer","Immobilie"],"inLanguage":"de"},{"@type":"WebPage","@id":"https:\/\/www.buhl.de\/vermieter-web\/bewegliches-ist-grunderwerbssteuerfrei\/","url":"https:\/\/www.buhl.de\/vermieter-web\/bewegliches-ist-grunderwerbssteuerfrei\/","name":"Bewegliches ist grunderwerbssteuerfrei - Online-Nebenkostenabrechnung mit WISO Vermieter-Web","isPartOf":{"@id":"https:\/\/www.buhl.de\/vermieter-web\/#website"},"primaryImageOfPage":{"@id":"https:\/\/www.buhl.de\/vermieter-web\/bewegliches-ist-grunderwerbssteuerfrei\/#primaryimage"},"image":{"@id":"https:\/\/www.buhl.de\/vermieter-web\/bewegliches-ist-grunderwerbssteuerfrei\/#primaryimage"},"thumbnailUrl":"https:\/\/www.buhl.de\/vermieter-web\/wp-content\/uploads\/sites\/33\/2018\/07\/Bewegliches_ist_grunderwerbssteuerfrei.jpg","datePublished":"2018-07-23T04:03:39+00:00","dateModified":"2018-08-07T12:57:09+00:00","author":{"@id":"https:\/\/www.buhl.de\/vermieter-web\/#\/schema\/person\/82903e1cb04eb553382702d503991b4f"},"breadcrumb":{"@id":"https:\/\/www.buhl.de\/vermieter-web\/bewegliches-ist-grunderwerbssteuerfrei\/#breadcrumb"},"inLanguage":"de","potentialAction":[{"@type":"ReadAction","target":["https:\/\/www.buhl.de\/vermieter-web\/bewegliches-ist-grunderwerbssteuerfrei\/"]}]},{"@type":"ImageObject","inLanguage":"de","@id":"https:\/\/www.buhl.de\/vermieter-web\/bewegliches-ist-grunderwerbssteuerfrei\/#primaryimage","url":"https:\/\/www.buhl.de\/vermieter-web\/wp-content\/uploads\/sites\/33\/2018\/07\/Bewegliches_ist_grunderwerbssteuerfrei.jpg","contentUrl":"https:\/\/www.buhl.de\/vermieter-web\/wp-content\/uploads\/sites\/33\/2018\/07\/Bewegliches_ist_grunderwerbssteuerfrei.jpg","width":800,"height":400,"caption":"Nahaufnahme Nahaufnahme Richter schlagen Hammer"},{"@type":"BreadcrumbList","@id":"https:\/\/www.buhl.de\/vermieter-web\/bewegliches-ist-grunderwerbssteuerfrei\/#breadcrumb","itemListElement":[{"@type":"ListItem","position":1,"name":"Startseite","item":"https:\/\/www.buhl.de\/vermieter-web\/"},{"@type":"ListItem","position":2,"name":"Bewegliches ist grunderwerbssteuerfrei"}]},{"@type":"WebSite","@id":"https:\/\/www.buhl.de\/vermieter-web\/#website","url":"https:\/\/www.buhl.de\/vermieter-web\/","name":"Online-Nebenkostenabrechnung mit WISO Vermieter-Web","description":"","potentialAction":[{"@type":"SearchAction","target":{"@type":"EntryPoint","urlTemplate":"https:\/\/www.buhl.de\/vermieter-web\/?s={search_term_string}"},"query-input":{"@type":"PropertyValueSpecification","valueRequired":true,"valueName":"search_term_string"}}],"inLanguage":"de"},{"@type":"Person","@id":"https:\/\/www.buhl.de\/vermieter-web\/#\/schema\/person\/82903e1cb04eb553382702d503991b4f","name":"Hartmut Fischer"}]}},"_links":{"self":[{"href":"https:\/\/www.buhl.de\/vermieter-web\/wp-json\/wp\/v2\/posts\/6470","targetHints":{"allow":["GET"]}}],"collection":[{"href":"https:\/\/www.buhl.de\/vermieter-web\/wp-json\/wp\/v2\/posts"}],"about":[{"href":"https:\/\/www.buhl.de\/vermieter-web\/wp-json\/wp\/v2\/types\/post"}],"author":[{"embeddable":true,"href":"https:\/\/www.buhl.de\/vermieter-web\/wp-json\/wp\/v2\/users\/15"}],"replies":[{"embeddable":true,"href":"https:\/\/www.buhl.de\/vermieter-web\/wp-json\/wp\/v2\/comments?post=6470"}],"version-history":[{"count":1,"href":"https:\/\/www.buhl.de\/vermieter-web\/wp-json\/wp\/v2\/posts\/6470\/revisions"}],"predecessor-version":[{"id":6503,"href":"https:\/\/www.buhl.de\/vermieter-web\/wp-json\/wp\/v2\/posts\/6470\/revisions\/6503"}],"wp:featuredmedia":[{"embeddable":true,"href":"https:\/\/www.buhl.de\/vermieter-web\/wp-json\/wp\/v2\/media\/8844"}],"wp:attachment":[{"href":"https:\/\/www.buhl.de\/vermieter-web\/wp-json\/wp\/v2\/media?parent=6470"}],"wp:term":[{"taxonomy":"category","embeddable":true,"href":"https:\/\/www.buhl.de\/vermieter-web\/wp-json\/wp\/v2\/categories?post=6470"},{"taxonomy":"post_tag","embeddable":true,"href":"https:\/\/www.buhl.de\/vermieter-web\/wp-json\/wp\/v2\/tags?post=6470"}],"curies":[{"name":"wp","href":"https:\/\/api.w.org\/{rel}","templated":true}]}}