{"id":6472,"date":"2018-07-27T06:27:00","date_gmt":"2018-07-27T04:27:00","guid":{"rendered":"https:\/\/www.buhl.de\/wiso-vermieter\/?p=6472"},"modified":"2018-08-07T14:47:18","modified_gmt":"2018-08-07T12:47:18","slug":"verletzung-des-mieters-wer-haftet","status":"publish","type":"post","link":"https:\/\/www.buhl.de\/vermieter-web\/verletzung-des-mieters-wer-haftet\/","title":{"rendered":"Verletzung des Mieters \u2013 wer haftet?"},"content":{"rendered":"<p><strong>Ein Vermieter haftet bei einer Verletzung durch einen Mietmangel (hier Herunterfallen des Rollos) nur dann, wenn ein direkter Zusammenhang zwischen dem Mangel und der Verletzung besteht. Das entschied das Landgericht N\u00fcrnberg F\u00fcrth am 18.07.2018\u00a0(Aktenzeichen 7\u00a0S\u00a05872\/17).<\/strong><\/p>\n<p>In dem Verfahren ging es um den Sturz eines Mieters, f\u00fcr den er den Vermieter haftbar machen wollte. Der Mieter hatte eine Doppelhaush\u00e4lfte angemietet und bereits beim Vermieter moniert, dass ein Rollladen schwerg\u00e4ngig sei.<\/p>\n<p>Nach einiger Zeit sauste das Rollo aus einer H\u00f6he von \u00fcber 2 Metern nach unten. Durch den dabei entstehenden L\u00e4rm erschreckte sich der Mieter derart, dass er auf einer Au\u00dfentreppe stolperte. Erst im letzten Moment konnte er an einer S\u00e4ule Halt finden und so einen Sturz vermeiden. Dies f\u00fchrte aber zu einer schweren Verletzung am Handgelenk. Es kam unter Anderem zu einem Knorpelschaden\u00a0und einem Teilb\u00e4nderriss.<\/p>\n<p>Der Mieter verlangte nun vom Vermieter Schmerzensgeld und Schadenersatz f\u00fcr Haushaltsf\u00fchrungskosten in H\u00f6he von insgesamt 62.000 \u20ac. Da sich der Vermieter weigerte zu zahlen, klagte der Mieter vor dem zust\u00e4ndigen Amtsgericht. Dor wurde die Klage jedoch abgewiesen. Zum einen bezweifelte das Gericht, ob der Vermieter einer Verletzung der Verkehrssicherungspflicht schuldig geworden sei, weil die Reparatur des Rollos erst zu einem sp\u00e4teren Zeitpunkt erfolgte. Dar\u00fcber hinaus sei aber der Sturz auf ein allgemeines Lebensrisiko zur\u00fcckzuf\u00fchren. Laute Ger\u00e4usche geh\u00f6rten nach Meinung des Gerichts zur allgemeinen Lebenswirklichkeit. Ein Erschrecken aufgrund solcher Ger\u00e4usche sei deshalb dem Risikobereich des Mieters zuzurechnen.<\/p>\n<p>Auch mit der Berufung vor dem Landgericht N\u00fcrnberg-F\u00fcrth konnte sich der Mieter nicht durchsetzen. Auch hier sahen die Richter keinen direkten Zusammenhang zwischen einer Pflichtverletzung des Vermieters und der Verletzung des Mieters. Der Vermieter habe zwar einen Mietmangel zu beseitigen. Die Verletzung sei aber nicht direkt durch das heruntergefallene Rollo entstanden. Erschrecken und eine dadurch ausgel\u00f6ste \u00dcberreaktion sei aber einem eventuell bestehenden Mietmangel nicht direkt zurechenbar, sondern m\u00fcsse als allgemeines Lebensrisiko angesehen werden. Nur wenn der Mieter direkt durch das herabst\u00fcrzende Rollo gesch\u00e4digt worden w\u00e4re, k\u00f6nne von einer Haftung des Vermieters ausgegangen werden.<\/p>\n","protected":false},"excerpt":{"rendered":"<p>Ein Vermieter haftet bei einer Verletzung durch einen Mietmangel (hier Herunterfallen des Rollos) nur dann, wenn ein direkter Zusammenhang zwischen dem Mangel und der Verletzung besteht. Das entschied das Landgericht N\u00fcrnberg F\u00fcrth am 18.07.2018\u00a0(Aktenzeichen 7\u00a0S\u00a05872\/17). In dem Verfahren ging es um den Sturz eines Mieters, f\u00fcr den er den Vermieter haftbar machen wollte. Der Mieter &hellip; <\/p>\n<p class=\"link-more\"><a href=\"https:\/\/www.buhl.de\/vermieter-web\/verletzung-des-mieters-wer-haftet\/\" class=\"more-link\"><span class=\"screen-reader-text\">\u201eVerletzung des Mieters \u2013 wer haftet?\u201c<\/span> weiterlesen<\/a><\/p>\n","protected":false},"author":15,"featured_media":8840,"comment_status":"closed","ping_status":"closed","sticky":false,"template":"","format":"standard","meta":{"footnotes":""},"categories":[1],"tags":[465,664,663],"class_list":["post-6472","post","type-post","status-publish","format-standard","has-post-thumbnail","hentry","category-allgemein","tag-haftung","tag-mietmangel","tag-verletzung"],"yoast_head":"<!-- This site is optimized with the Yoast SEO Premium plugin v27.4 (Yoast SEO v27.5) - https:\/\/yoast.com\/product\/yoast-seo-premium-wordpress\/ -->\n<title>Verletzung des Mieters \u2013 wer haftet? - Online-Nebenkostenabrechnung mit WISO Vermieter-Web<\/title>\n<meta name=\"robots\" content=\"noindex, nofollow\" \/>\n<meta property=\"og:locale\" content=\"de_DE\" \/>\n<meta property=\"og:type\" content=\"article\" \/>\n<meta property=\"og:title\" content=\"Verletzung des Mieters \u2013 wer haftet?\" \/>\n<meta property=\"og:description\" content=\"Ein Vermieter haftet bei einer Verletzung durch einen Mietmangel (hier Herunterfallen des Rollos) nur dann, wenn ein direkter Zusammenhang zwischen dem Mangel und der Verletzung besteht. Das entschied das Landgericht N\u00fcrnberg F\u00fcrth am 18.07.2018\u00a0(Aktenzeichen 7\u00a0S\u00a05872\/17). In dem Verfahren ging es um den Sturz eines Mieters, f\u00fcr den er den Vermieter haftbar machen wollte. Der Mieter &hellip; \u201eVerletzung des Mieters \u2013 wer haftet?\u201c weiterlesen\" \/>\n<meta property=\"og:url\" content=\"https:\/\/www.buhl.de\/vermieter-web\/verletzung-des-mieters-wer-haftet\/\" \/>\n<meta property=\"og:site_name\" content=\"Online-Nebenkostenabrechnung mit WISO Vermieter-Web\" \/>\n<meta property=\"article:published_time\" content=\"2018-07-27T04:27:00+00:00\" \/>\n<meta property=\"article:modified_time\" content=\"2018-08-07T12:47:18+00:00\" \/>\n<meta property=\"og:image\" content=\"https:\/\/www.buhl.de\/vermieter-web\/wp-content\/uploads\/sites\/33\/2018\/07\/Verletzung_des_Mieters_wer_haftet.jpg\" \/>\n\t<meta property=\"og:image:width\" content=\"800\" \/>\n\t<meta property=\"og:image:height\" content=\"400\" \/>\n\t<meta property=\"og:image:type\" content=\"image\/jpeg\" \/>\n<meta name=\"author\" content=\"Hartmut Fischer\" \/>\n<meta name=\"twitter:card\" content=\"summary_large_image\" \/>\n<meta name=\"twitter:label1\" content=\"Verfasst von\" \/>\n\t<meta name=\"twitter:data1\" content=\"Hartmut Fischer\" \/>\n\t<meta name=\"twitter:label2\" content=\"Gesch\u00e4tzte Lesezeit\" \/>\n\t<meta name=\"twitter:data2\" content=\"2\u00a0Minuten\" \/>\n<script type=\"application\/ld+json\" class=\"yoast-schema-graph\">{\"@context\":\"https:\\\/\\\/schema.org\",\"@graph\":[{\"@type\":\"Article\",\"@id\":\"https:\\\/\\\/www.buhl.de\\\/vermieter-web\\\/verletzung-des-mieters-wer-haftet\\\/#article\",\"isPartOf\":{\"@id\":\"https:\\\/\\\/www.buhl.de\\\/vermieter-web\\\/verletzung-des-mieters-wer-haftet\\\/\"},\"author\":{\"name\":\"Hartmut Fischer\",\"@id\":\"https:\\\/\\\/www.buhl.de\\\/vermieter-web\\\/#\\\/schema\\\/person\\\/82903e1cb04eb553382702d503991b4f\"},\"headline\":\"Verletzung des Mieters \u2013 wer haftet?\",\"datePublished\":\"2018-07-27T04:27:00+00:00\",\"dateModified\":\"2018-08-07T12:47:18+00:00\",\"mainEntityOfPage\":{\"@id\":\"https:\\\/\\\/www.buhl.de\\\/vermieter-web\\\/verletzung-des-mieters-wer-haftet\\\/\"},\"wordCount\":356,\"image\":{\"@id\":\"https:\\\/\\\/www.buhl.de\\\/vermieter-web\\\/verletzung-des-mieters-wer-haftet\\\/#primaryimage\"},\"thumbnailUrl\":\"https:\\\/\\\/www.buhl.de\\\/vermieter-web\\\/wp-content\\\/uploads\\\/sites\\\/33\\\/2018\\\/07\\\/Verletzung_des_Mieters_wer_haftet.jpg\",\"keywords\":[\"Haftung\",\"Mietmangel\",\"Verletzung\"],\"inLanguage\":\"de\"},{\"@type\":\"WebPage\",\"@id\":\"https:\\\/\\\/www.buhl.de\\\/vermieter-web\\\/verletzung-des-mieters-wer-haftet\\\/\",\"url\":\"https:\\\/\\\/www.buhl.de\\\/vermieter-web\\\/verletzung-des-mieters-wer-haftet\\\/\",\"name\":\"Verletzung des Mieters \u2013 wer haftet? - Online-Nebenkostenabrechnung mit WISO Vermieter-Web\",\"isPartOf\":{\"@id\":\"https:\\\/\\\/www.buhl.de\\\/vermieter-web\\\/#website\"},\"primaryImageOfPage\":{\"@id\":\"https:\\\/\\\/www.buhl.de\\\/vermieter-web\\\/verletzung-des-mieters-wer-haftet\\\/#primaryimage\"},\"image\":{\"@id\":\"https:\\\/\\\/www.buhl.de\\\/vermieter-web\\\/verletzung-des-mieters-wer-haftet\\\/#primaryimage\"},\"thumbnailUrl\":\"https:\\\/\\\/www.buhl.de\\\/vermieter-web\\\/wp-content\\\/uploads\\\/sites\\\/33\\\/2018\\\/07\\\/Verletzung_des_Mieters_wer_haftet.jpg\",\"datePublished\":\"2018-07-27T04:27:00+00:00\",\"dateModified\":\"2018-08-07T12:47:18+00:00\",\"author\":{\"@id\":\"https:\\\/\\\/www.buhl.de\\\/vermieter-web\\\/#\\\/schema\\\/person\\\/82903e1cb04eb553382702d503991b4f\"},\"breadcrumb\":{\"@id\":\"https:\\\/\\\/www.buhl.de\\\/vermieter-web\\\/verletzung-des-mieters-wer-haftet\\\/#breadcrumb\"},\"inLanguage\":\"de\",\"potentialAction\":[{\"@type\":\"ReadAction\",\"target\":[\"https:\\\/\\\/www.buhl.de\\\/vermieter-web\\\/verletzung-des-mieters-wer-haftet\\\/\"]}]},{\"@type\":\"ImageObject\",\"inLanguage\":\"de\",\"@id\":\"https:\\\/\\\/www.buhl.de\\\/vermieter-web\\\/verletzung-des-mieters-wer-haftet\\\/#primaryimage\",\"url\":\"https:\\\/\\\/www.buhl.de\\\/vermieter-web\\\/wp-content\\\/uploads\\\/sites\\\/33\\\/2018\\\/07\\\/Verletzung_des_Mieters_wer_haftet.jpg\",\"contentUrl\":\"https:\\\/\\\/www.buhl.de\\\/vermieter-web\\\/wp-content\\\/uploads\\\/sites\\\/33\\\/2018\\\/07\\\/Verletzung_des_Mieters_wer_haftet.jpg\",\"width\":800,\"height\":400,\"caption\":\"Ein \u00e4lterer Herr ist in der Wohnung die Treppen gefallen und liegt auf dem Boden\"},{\"@type\":\"BreadcrumbList\",\"@id\":\"https:\\\/\\\/www.buhl.de\\\/vermieter-web\\\/verletzung-des-mieters-wer-haftet\\\/#breadcrumb\",\"itemListElement\":[{\"@type\":\"ListItem\",\"position\":1,\"name\":\"Startseite\",\"item\":\"https:\\\/\\\/www.buhl.de\\\/vermieter-web\\\/\"},{\"@type\":\"ListItem\",\"position\":2,\"name\":\"Verletzung des Mieters \u2013 wer haftet?\"}]},{\"@type\":\"WebSite\",\"@id\":\"https:\\\/\\\/www.buhl.de\\\/vermieter-web\\\/#website\",\"url\":\"https:\\\/\\\/www.buhl.de\\\/vermieter-web\\\/\",\"name\":\"Online-Nebenkostenabrechnung mit WISO Vermieter-Web\",\"description\":\"\",\"potentialAction\":[{\"@type\":\"SearchAction\",\"target\":{\"@type\":\"EntryPoint\",\"urlTemplate\":\"https:\\\/\\\/www.buhl.de\\\/vermieter-web\\\/?s={search_term_string}\"},\"query-input\":{\"@type\":\"PropertyValueSpecification\",\"valueRequired\":true,\"valueName\":\"search_term_string\"}}],\"inLanguage\":\"de\"},{\"@type\":\"Person\",\"@id\":\"https:\\\/\\\/www.buhl.de\\\/vermieter-web\\\/#\\\/schema\\\/person\\\/82903e1cb04eb553382702d503991b4f\",\"name\":\"Hartmut Fischer\"}]}<\/script>\n<!-- \/ Yoast SEO Premium plugin. -->","yoast_head_json":{"title":"Verletzung des Mieters \u2013 wer haftet? - Online-Nebenkostenabrechnung mit WISO Vermieter-Web","robots":{"index":"noindex","follow":"nofollow"},"og_locale":"de_DE","og_type":"article","og_title":"Verletzung des Mieters \u2013 wer haftet?","og_description":"Ein Vermieter haftet bei einer Verletzung durch einen Mietmangel (hier Herunterfallen des Rollos) nur dann, wenn ein direkter Zusammenhang zwischen dem Mangel und der Verletzung besteht. Das entschied das Landgericht N\u00fcrnberg F\u00fcrth am 18.07.2018\u00a0(Aktenzeichen 7\u00a0S\u00a05872\/17). In dem Verfahren ging es um den Sturz eines Mieters, f\u00fcr den er den Vermieter haftbar machen wollte. Der Mieter &hellip; \u201eVerletzung des Mieters \u2013 wer haftet?\u201c weiterlesen","og_url":"https:\/\/www.buhl.de\/vermieter-web\/verletzung-des-mieters-wer-haftet\/","og_site_name":"Online-Nebenkostenabrechnung mit WISO Vermieter-Web","article_published_time":"2018-07-27T04:27:00+00:00","article_modified_time":"2018-08-07T12:47:18+00:00","og_image":[{"width":800,"height":400,"url":"https:\/\/www.buhl.de\/vermieter-web\/wp-content\/uploads\/sites\/33\/2018\/07\/Verletzung_des_Mieters_wer_haftet.jpg","type":"image\/jpeg"}],"author":"Hartmut Fischer","twitter_card":"summary_large_image","twitter_misc":{"Verfasst von":"Hartmut Fischer","Gesch\u00e4tzte Lesezeit":"2\u00a0Minuten"},"schema":{"@context":"https:\/\/schema.org","@graph":[{"@type":"Article","@id":"https:\/\/www.buhl.de\/vermieter-web\/verletzung-des-mieters-wer-haftet\/#article","isPartOf":{"@id":"https:\/\/www.buhl.de\/vermieter-web\/verletzung-des-mieters-wer-haftet\/"},"author":{"name":"Hartmut Fischer","@id":"https:\/\/www.buhl.de\/vermieter-web\/#\/schema\/person\/82903e1cb04eb553382702d503991b4f"},"headline":"Verletzung des Mieters \u2013 wer haftet?","datePublished":"2018-07-27T04:27:00+00:00","dateModified":"2018-08-07T12:47:18+00:00","mainEntityOfPage":{"@id":"https:\/\/www.buhl.de\/vermieter-web\/verletzung-des-mieters-wer-haftet\/"},"wordCount":356,"image":{"@id":"https:\/\/www.buhl.de\/vermieter-web\/verletzung-des-mieters-wer-haftet\/#primaryimage"},"thumbnailUrl":"https:\/\/www.buhl.de\/vermieter-web\/wp-content\/uploads\/sites\/33\/2018\/07\/Verletzung_des_Mieters_wer_haftet.jpg","keywords":["Haftung","Mietmangel","Verletzung"],"inLanguage":"de"},{"@type":"WebPage","@id":"https:\/\/www.buhl.de\/vermieter-web\/verletzung-des-mieters-wer-haftet\/","url":"https:\/\/www.buhl.de\/vermieter-web\/verletzung-des-mieters-wer-haftet\/","name":"Verletzung des Mieters \u2013 wer haftet? - Online-Nebenkostenabrechnung mit WISO Vermieter-Web","isPartOf":{"@id":"https:\/\/www.buhl.de\/vermieter-web\/#website"},"primaryImageOfPage":{"@id":"https:\/\/www.buhl.de\/vermieter-web\/verletzung-des-mieters-wer-haftet\/#primaryimage"},"image":{"@id":"https:\/\/www.buhl.de\/vermieter-web\/verletzung-des-mieters-wer-haftet\/#primaryimage"},"thumbnailUrl":"https:\/\/www.buhl.de\/vermieter-web\/wp-content\/uploads\/sites\/33\/2018\/07\/Verletzung_des_Mieters_wer_haftet.jpg","datePublished":"2018-07-27T04:27:00+00:00","dateModified":"2018-08-07T12:47:18+00:00","author":{"@id":"https:\/\/www.buhl.de\/vermieter-web\/#\/schema\/person\/82903e1cb04eb553382702d503991b4f"},"breadcrumb":{"@id":"https:\/\/www.buhl.de\/vermieter-web\/verletzung-des-mieters-wer-haftet\/#breadcrumb"},"inLanguage":"de","potentialAction":[{"@type":"ReadAction","target":["https:\/\/www.buhl.de\/vermieter-web\/verletzung-des-mieters-wer-haftet\/"]}]},{"@type":"ImageObject","inLanguage":"de","@id":"https:\/\/www.buhl.de\/vermieter-web\/verletzung-des-mieters-wer-haftet\/#primaryimage","url":"https:\/\/www.buhl.de\/vermieter-web\/wp-content\/uploads\/sites\/33\/2018\/07\/Verletzung_des_Mieters_wer_haftet.jpg","contentUrl":"https:\/\/www.buhl.de\/vermieter-web\/wp-content\/uploads\/sites\/33\/2018\/07\/Verletzung_des_Mieters_wer_haftet.jpg","width":800,"height":400,"caption":"Ein \u00e4lterer Herr ist in der Wohnung die Treppen gefallen und liegt auf dem Boden"},{"@type":"BreadcrumbList","@id":"https:\/\/www.buhl.de\/vermieter-web\/verletzung-des-mieters-wer-haftet\/#breadcrumb","itemListElement":[{"@type":"ListItem","position":1,"name":"Startseite","item":"https:\/\/www.buhl.de\/vermieter-web\/"},{"@type":"ListItem","position":2,"name":"Verletzung des Mieters \u2013 wer haftet?"}]},{"@type":"WebSite","@id":"https:\/\/www.buhl.de\/vermieter-web\/#website","url":"https:\/\/www.buhl.de\/vermieter-web\/","name":"Online-Nebenkostenabrechnung mit WISO Vermieter-Web","description":"","potentialAction":[{"@type":"SearchAction","target":{"@type":"EntryPoint","urlTemplate":"https:\/\/www.buhl.de\/vermieter-web\/?s={search_term_string}"},"query-input":{"@type":"PropertyValueSpecification","valueRequired":true,"valueName":"search_term_string"}}],"inLanguage":"de"},{"@type":"Person","@id":"https:\/\/www.buhl.de\/vermieter-web\/#\/schema\/person\/82903e1cb04eb553382702d503991b4f","name":"Hartmut Fischer"}]}},"_links":{"self":[{"href":"https:\/\/www.buhl.de\/vermieter-web\/wp-json\/wp\/v2\/posts\/6472","targetHints":{"allow":["GET"]}}],"collection":[{"href":"https:\/\/www.buhl.de\/vermieter-web\/wp-json\/wp\/v2\/posts"}],"about":[{"href":"https:\/\/www.buhl.de\/vermieter-web\/wp-json\/wp\/v2\/types\/post"}],"author":[{"embeddable":true,"href":"https:\/\/www.buhl.de\/vermieter-web\/wp-json\/wp\/v2\/users\/15"}],"replies":[{"embeddable":true,"href":"https:\/\/www.buhl.de\/vermieter-web\/wp-json\/wp\/v2\/comments?post=6472"}],"version-history":[{"count":2,"href":"https:\/\/www.buhl.de\/vermieter-web\/wp-json\/wp\/v2\/posts\/6472\/revisions"}],"predecessor-version":[{"id":8841,"href":"https:\/\/www.buhl.de\/vermieter-web\/wp-json\/wp\/v2\/posts\/6472\/revisions\/8841"}],"wp:featuredmedia":[{"embeddable":true,"href":"https:\/\/www.buhl.de\/vermieter-web\/wp-json\/wp\/v2\/media\/8840"}],"wp:attachment":[{"href":"https:\/\/www.buhl.de\/vermieter-web\/wp-json\/wp\/v2\/media?parent=6472"}],"wp:term":[{"taxonomy":"category","embeddable":true,"href":"https:\/\/www.buhl.de\/vermieter-web\/wp-json\/wp\/v2\/categories?post=6472"},{"taxonomy":"post_tag","embeddable":true,"href":"https:\/\/www.buhl.de\/vermieter-web\/wp-json\/wp\/v2\/tags?post=6472"}],"curies":[{"name":"wp","href":"https:\/\/api.w.org\/{rel}","templated":true}]}}